{"id":30562,"date":"2025-12-07T09:20:56","date_gmt":"2025-12-07T12:20:56","guid":{"rendered":"https:\/\/sulsc.com\/?p=30562"},"modified":"2025-12-07T09:21:43","modified_gmt":"2025-12-07T12:21:43","slug":"violencia-domestica-em-armazem-homem-e-preso-apos-agredir-companheira","status":"publish","type":"post","link":"https:\/\/sulsc.com\/index.php\/2025\/12\/07\/violencia-domestica-em-armazem-homem-e-preso-apos-agredir-companheira\/","title":{"rendered":"Viol\u00eancia Dom\u00e9stica em Armaz\u00e9m: Homem \u00e9 preso ap\u00f3s agredir companheira"},"content":{"rendered":"<p><span dir=\"auto\" style=\"vertical-align: inherit;\"><span dir=\"auto\" style=\"vertical-align: inherit;\">Na tarde de ontem (6), \u00e0s 17h37, a Pol\u00edcia Militar de Armaz\u00e9m foi acionada via COPOM para atender uma ocorr\u00eancia de viol\u00eancia dom\u00e9stica no bairro S\u00e3o Francisco. Ao chegar ao local, a ocorr\u00eancia encontrou uma v\u00edtima, uma mulher de 41 anos, visivelmente machucada, com hematomas pelo rosto e pesco\u00e7o.<\/span><\/span><\/p>\n<div id=\"metaslider-id-25573\" style=\"width: 100%;\" class=\"ml-slider-3-99-0 metaslider metaslider-flex metaslider-25573 ml-slider has-onhover-arrows ms-theme-default-base has-dots-nav\" role=\"region\" aria-label=\"Meio\" data-width=\"1200\">\n    <div id=\"metaslider_container_25573\">\n        <div id=\"metaslider_25573\">\n            <ul class='slides'>\n                <li style=\"display: block; width: 100%;\" class=\"slide-25684 ms-image \" aria-roledescription=\"slide\" data-date=\"2025-07-24 07:55:40\"><img src=\"https:\/\/sulsc.com\/wp-content\/uploads\/2025\/07\/Marr-2-1000x166.jpg\" height=\"200\" width=\"1200\" alt=\"\" class=\"slider-25573 slide-25684 msDefaultImage\" title=\"Marr 2\" \/><\/li>\n                <li style=\"display: none; width: 100%;\" class=\"slide-32412 ms-image \" aria-roledescription=\"slide\" data-date=\"2026-02-18 13:59:46\"><img src=\"https:\/\/sulsc.com\/wp-content\/uploads\/2026\/02\/40dc1580-cad5-4867-bc58-c4243821ad38-1000x166.jpeg\" height=\"200\" width=\"1200\" alt=\"\" class=\"slider-25573 slide-32412 msDefaultImage\" title=\"40dc1580-cad5-4867-bc58-c4243821ad38\" \/><\/li>\n                <li style=\"display: none; width: 100%;\" class=\"slide-32766 ms-image \" aria-roledescription=\"slide\" data-date=\"2026-03-03 17:22:59\"><img src=\"https:\/\/sulsc.com\/wp-content\/uploads\/2026\/03\/271ce739-f268-41c5-8051-3de1a1750359-1000x166.jpeg\" height=\"200\" width=\"1200\" alt=\"\" class=\"slider-25573 slide-32766 msDefaultImage\" title=\"271ce739-f268-41c5-8051-3de1a1750359\" \/><\/li>\n            <\/ul>\n        <\/div>\n        \n    <\/div>\n<\/div>\n<p><span dir=\"auto\" style=\"vertical-align: inherit;\"><span dir=\"auto\" style=\"vertical-align: inherit;\">A mulher relatou que havia sido agredida com socos no rosto por seu companheiro, de 37 anos, e que j\u00e1 vinha sofrendo agress\u00f5es h\u00e1 algum tempo. O agressor admitiu ter agredido a companheira, justificando que reagiu a uma suposta agress\u00e3o dela.<\/span><\/span><\/p>\n<p><span dir=\"auto\" style=\"vertical-align: inherit;\"><span dir=\"auto\" style=\"vertical-align: inherit;\">Diante das les\u00f5es constatadas, a pol\u00edcia deu voz de pris\u00e3o ao autor, que resistiu e aceitou a deten\u00e7\u00e3o, dificultando a a\u00e7\u00e3o dos policiais. Foi necess\u00e1rio o uso de algemas para controlar a situa\u00e7\u00e3o. Ambos os envolvidos foram encaminhados \u00e0 Delegacia para os procedimentos legais cab\u00edveis.<\/span><\/span><\/p>\n<p><img fetchpriority=\"high\" decoding=\"async\" class=\"aligncenter size-full wp-image-9529\" src=\"http:\/\/sulsc.com\/wp-content\/uploads\/2024\/03\/Agressao-Mulher.jpg\" alt=\"\" width=\"786\" height=\"524\" srcset=\"https:\/\/sulsc.com\/wp-content\/uploads\/2024\/03\/Agressao-Mulher.jpg 786w, https:\/\/sulsc.com\/wp-content\/uploads\/2024\/03\/Agressao-Mulher-300x200.jpg 300w, https:\/\/sulsc.com\/wp-content\/uploads\/2024\/03\/Agressao-Mulher-768x512.jpg 768w\" sizes=\"(max-width: 786px) 100vw, 786px\" \/><\/p>\n<p><span dir=\"auto\" style=\"vertical-align: inherit;\"><span dir=\"auto\" style=\"vertical-align: inherit;\">Imagem\/Freepik<\/span><\/span><\/p>\n","protected":false},"excerpt":{"rendered":"<p>Na tarde de ontem (6), \u00e0s 17h37, a Pol\u00edcia Militar de Armaz\u00e9m foi acionada via COPOM para atender uma ocorr\u00eancia de viol\u00eancia dom\u00e9stica no bairro S\u00e3o Francisco. Ao chegar ao local, a ocorr\u00eancia encontrou uma v\u00edtima, uma mulher de 41 anos, visivelmente machucada, com hematomas pelo rosto e pesco\u00e7o. A mulher relatou que havia sido &hellip;<\/p>\n<p class=\"read-more\"> <a class=\"\" href=\"https:\/\/sulsc.com\/index.php\/2025\/12\/07\/violencia-domestica-em-armazem-homem-e-preso-apos-agredir-companheira\/\"> <span class=\"screen-reader-text\">Viol\u00eancia Dom\u00e9stica em Armaz\u00e9m: Homem \u00e9 preso ap\u00f3s agredir companheira<\/span> Read More &raquo;<\/a><\/p>\n","protected":false},"author":3,"featured_media":9529,"comment_status":"open","ping_status":"open","sticky":false,"template":"","format":"standard","meta":{"site-sidebar-layout":"default","site-content-layout":"","ast-site-content-layout":"default","site-content-style":"default","site-sidebar-style":"default","ast-global-header-display":"","ast-banner-title-visibility":"","ast-main-header-display":"","ast-hfb-above-header-display":"","ast-hfb-below-header-display":"","ast-hfb-mobile-header-display":"","site-post-title":"","ast-breadcrumbs-content":"","ast-featured-img":"","footer-sml-layout":"","theme-transparent-header-meta":"default","adv-header-id-meta":"","stick-header-meta":"","header-above-stick-meta":"","header-main-stick-meta":"","header-below-stick-meta":"","astra-migrate-meta-layouts":"set","footnotes":""},"categories":[1],"tags":[],"yoast_head":"<!-- This site is optimized with the Yoast SEO plugin v21.4 - https:\/\/yoast.com\/wordpress\/plugins\/seo\/ -->\n<title>Viol\u00eancia Dom\u00e9stica em Armaz\u00e9m: Homem \u00e9 preso ap\u00f3s agredir companheira -<\/title>\n<meta name=\"robots\" content=\"index, follow, max-snippet:-1, max-image-preview:large, max-video-preview:-1\" \/>\n<link rel=\"canonical\" href=\"https:\/\/sulsc.com\/index.php\/2025\/12\/07\/violencia-domestica-em-armazem-homem-e-preso-apos-agredir-companheira\/\" \/>\n<meta property=\"og:locale\" content=\"en_US\" \/>\n<meta property=\"og:type\" content=\"article\" \/>\n<meta property=\"og:title\" content=\"Viol\u00eancia Dom\u00e9stica em Armaz\u00e9m: Homem \u00e9 preso ap\u00f3s agredir companheira -\" \/>\n<meta property=\"og:description\" content=\"Na tarde de ontem (6), \u00e0s 17h37, a Pol\u00edcia Militar de Armaz\u00e9m foi acionada via COPOM para atender uma ocorr\u00eancia de viol\u00eancia dom\u00e9stica no bairro S\u00e3o Francisco. Ao chegar ao local, a ocorr\u00eancia encontrou uma v\u00edtima, uma mulher de 41 anos, visivelmente machucada, com hematomas pelo rosto e pesco\u00e7o. A mulher relatou que havia sido &hellip; Viol\u00eancia Dom\u00e9stica em Armaz\u00e9m: Homem \u00e9 preso ap\u00f3s agredir companheira Read More &raquo;\" \/>\n<meta property=\"og:url\" content=\"https:\/\/sulsc.com\/index.php\/2025\/12\/07\/violencia-domestica-em-armazem-homem-e-preso-apos-agredir-companheira\/\" \/>\n<meta property=\"article:author\" content=\"https:\/\/www.facebook.com\/profile.php?id=61559278119680\" \/>\n<meta property=\"article:published_time\" content=\"2025-12-07T12:20:56+00:00\" \/>\n<meta property=\"article:modified_time\" content=\"2025-12-07T12:21:43+00:00\" \/>\n<meta property=\"og:image\" content=\"http:\/\/sulsc.com\/wp-content\/uploads\/2024\/03\/Agressao-Mulher.jpg\" \/>\n\t<meta property=\"og:image:width\" content=\"786\" \/>\n\t<meta property=\"og:image:height\" content=\"524\" \/>\n\t<meta property=\"og:image:type\" content=\"image\/jpeg\" \/>\n<meta name=\"author\" content=\"Reda\u00e7\u00e3o Sul SC\" \/>\n<meta name=\"twitter:card\" content=\"summary_large_image\" \/>\n<meta name=\"twitter:creator\" content=\"@https:\/\/twitter.com\/PortalSulSC\" \/>\n<meta name=\"twitter:label1\" content=\"Written by\" \/>\n\t<meta name=\"twitter:data1\" content=\"Reda\u00e7\u00e3o Sul SC\" \/>\n\t<meta name=\"twitter:label2\" content=\"Est. reading time\" \/>\n\t<meta name=\"twitter:data2\" content=\"1 minute\" \/>\n<script type=\"application\/ld+json\" class=\"yoast-schema-graph\">{\"@context\":\"https:\/\/schema.org\",\"@graph\":[{\"@type\":\"WebPage\",\"@id\":\"https:\/\/sulsc.com\/index.php\/2025\/12\/07\/violencia-domestica-em-armazem-homem-e-preso-apos-agredir-companheira\/\",\"url\":\"https:\/\/sulsc.com\/index.php\/2025\/12\/07\/violencia-domestica-em-armazem-homem-e-preso-apos-agredir-companheira\/\",\"name\":\"Viol\u00eancia Dom\u00e9stica em Armaz\u00e9m: Homem \u00e9 preso ap\u00f3s agredir companheira -\",\"isPartOf\":{\"@id\":\"https:\/\/sulsc.com\/#website\"},\"datePublished\":\"2025-12-07T12:20:56+00:00\",\"dateModified\":\"2025-12-07T12:21:43+00:00\",\"author\":{\"@id\":\"https:\/\/sulsc.com\/#\/schema\/person\/84d2fc571684f6248ba83092f07750a3\"},\"breadcrumb\":{\"@id\":\"https:\/\/sulsc.com\/index.php\/2025\/12\/07\/violencia-domestica-em-armazem-homem-e-preso-apos-agredir-companheira\/#breadcrumb\"},\"inLanguage\":\"en-US\",\"potentialAction\":[{\"@type\":\"ReadAction\",\"target\":[\"https:\/\/sulsc.com\/index.php\/2025\/12\/07\/violencia-domestica-em-armazem-homem-e-preso-apos-agredir-companheira\/\"]}]},{\"@type\":\"BreadcrumbList\",\"@id\":\"https:\/\/sulsc.com\/index.php\/2025\/12\/07\/violencia-domestica-em-armazem-homem-e-preso-apos-agredir-companheira\/#breadcrumb\",\"itemListElement\":[{\"@type\":\"ListItem\",\"position\":1,\"name\":\"In\u00edcio\",\"item\":\"https:\/\/sulsc.com\/\"},{\"@type\":\"ListItem\",\"position\":2,\"name\":\"Viol\u00eancia Dom\u00e9stica em Armaz\u00e9m: Homem \u00e9 preso ap\u00f3s agredir companheira\"}]},{\"@type\":\"WebSite\",\"@id\":\"https:\/\/sulsc.com\/#website\",\"url\":\"https:\/\/sulsc.com\/\",\"name\":\"\",\"description\":\"\",\"potentialAction\":[{\"@type\":\"SearchAction\",\"target\":{\"@type\":\"EntryPoint\",\"urlTemplate\":\"https:\/\/sulsc.com\/?s={search_term_string}\"},\"query-input\":\"required name=search_term_string\"}],\"inLanguage\":\"en-US\"},{\"@type\":\"Person\",\"@id\":\"https:\/\/sulsc.com\/#\/schema\/person\/84d2fc571684f6248ba83092f07750a3\",\"name\":\"Reda\u00e7\u00e3o Sul SC\",\"image\":{\"@type\":\"ImageObject\",\"inLanguage\":\"en-US\",\"@id\":\"https:\/\/sulsc.com\/#\/schema\/person\/image\/e08d7fe2cc4ed596372063bbe852b8d0\",\"url\":\"https:\/\/sulsc.com\/wp-content\/uploads\/2023\/09\/redacao.png\",\"contentUrl\":\"https:\/\/sulsc.com\/wp-content\/uploads\/2023\/09\/redacao.png\",\"caption\":\"Reda\u00e7\u00e3o Sul SC\"},\"description\":\"Foco em um jornalismo imparcial, voltado \u00e0 qualidade dos seus conte\u00fados e, assim, levar informa\u00e7\u00e3o de valor que agregue \u00e0 vida dos leitores. Esta \u00e9 grande miss\u00e3o do Portal de Not\u00edcias Sul SC. N\u00e3o \u00e9 quantidade que muda o mundo, sempre foi e seguir\u00e1 sendo qualidade!\",\"sameAs\":[\"https:\/\/sulsc.com\/\",\"https:\/\/www.facebook.com\/profile.php?id=61559278119680\",\"https:\/\/www.instagram.com\/sulscportal\/?hl=pt-br\",\"https:\/\/twitter.com\/https:\/\/twitter.com\/PortalSulSC\",\"https:\/\/www.youtube.com\/channel\/UCv_BE8GeySluDov2n8qhVmw\"],\"url\":\"https:\/\/sulsc.com\/index.php\/author\/redacao\/\"}]}<\/script>\n<!-- \/ Yoast SEO plugin. -->","yoast_head_json":{"title":"Viol\u00eancia Dom\u00e9stica em Armaz\u00e9m: Homem \u00e9 preso ap\u00f3s agredir companheira -","robots":{"index":"index","follow":"follow","max-snippet":"max-snippet:-1","max-image-preview":"max-image-preview:large","max-video-preview":"max-video-preview:-1"},"canonical":"https:\/\/sulsc.com\/index.php\/2025\/12\/07\/violencia-domestica-em-armazem-homem-e-preso-apos-agredir-companheira\/","og_locale":"en_US","og_type":"article","og_title":"Viol\u00eancia Dom\u00e9stica em Armaz\u00e9m: Homem \u00e9 preso ap\u00f3s agredir companheira -","og_description":"Na tarde de ontem (6), \u00e0s 17h37, a Pol\u00edcia Militar de Armaz\u00e9m foi acionada via COPOM para atender uma ocorr\u00eancia de viol\u00eancia dom\u00e9stica no bairro S\u00e3o Francisco. Ao chegar ao local, a ocorr\u00eancia encontrou uma v\u00edtima, uma mulher de 41 anos, visivelmente machucada, com hematomas pelo rosto e pesco\u00e7o. A mulher relatou que havia sido &hellip; Viol\u00eancia Dom\u00e9stica em Armaz\u00e9m: Homem \u00e9 preso ap\u00f3s agredir companheira Read More &raquo;","og_url":"https:\/\/sulsc.com\/index.php\/2025\/12\/07\/violencia-domestica-em-armazem-homem-e-preso-apos-agredir-companheira\/","article_author":"https:\/\/www.facebook.com\/profile.php?id=61559278119680","article_published_time":"2025-12-07T12:20:56+00:00","article_modified_time":"2025-12-07T12:21:43+00:00","og_image":[{"width":786,"height":524,"url":"http:\/\/sulsc.com\/wp-content\/uploads\/2024\/03\/Agressao-Mulher.jpg","type":"image\/jpeg"}],"author":"Reda\u00e7\u00e3o Sul SC","twitter_card":"summary_large_image","twitter_creator":"@https:\/\/twitter.com\/PortalSulSC","twitter_misc":{"Written by":"Reda\u00e7\u00e3o Sul SC","Est. reading time":"1 minute"},"schema":{"@context":"https:\/\/schema.org","@graph":[{"@type":"WebPage","@id":"https:\/\/sulsc.com\/index.php\/2025\/12\/07\/violencia-domestica-em-armazem-homem-e-preso-apos-agredir-companheira\/","url":"https:\/\/sulsc.com\/index.php\/2025\/12\/07\/violencia-domestica-em-armazem-homem-e-preso-apos-agredir-companheira\/","name":"Viol\u00eancia Dom\u00e9stica em Armaz\u00e9m: Homem \u00e9 preso ap\u00f3s agredir companheira -","isPartOf":{"@id":"https:\/\/sulsc.com\/#website"},"datePublished":"2025-12-07T12:20:56+00:00","dateModified":"2025-12-07T12:21:43+00:00","author":{"@id":"https:\/\/sulsc.com\/#\/schema\/person\/84d2fc571684f6248ba83092f07750a3"},"breadcrumb":{"@id":"https:\/\/sulsc.com\/index.php\/2025\/12\/07\/violencia-domestica-em-armazem-homem-e-preso-apos-agredir-companheira\/#breadcrumb"},"inLanguage":"en-US","potentialAction":[{"@type":"ReadAction","target":["https:\/\/sulsc.com\/index.php\/2025\/12\/07\/violencia-domestica-em-armazem-homem-e-preso-apos-agredir-companheira\/"]}]},{"@type":"BreadcrumbList","@id":"https:\/\/sulsc.com\/index.php\/2025\/12\/07\/violencia-domestica-em-armazem-homem-e-preso-apos-agredir-companheira\/#breadcrumb","itemListElement":[{"@type":"ListItem","position":1,"name":"In\u00edcio","item":"https:\/\/sulsc.com\/"},{"@type":"ListItem","position":2,"name":"Viol\u00eancia Dom\u00e9stica em Armaz\u00e9m: Homem \u00e9 preso ap\u00f3s agredir companheira"}]},{"@type":"WebSite","@id":"https:\/\/sulsc.com\/#website","url":"https:\/\/sulsc.com\/","name":"","description":"","potentialAction":[{"@type":"SearchAction","target":{"@type":"EntryPoint","urlTemplate":"https:\/\/sulsc.com\/?s={search_term_string}"},"query-input":"required name=search_term_string"}],"inLanguage":"en-US"},{"@type":"Person","@id":"https:\/\/sulsc.com\/#\/schema\/person\/84d2fc571684f6248ba83092f07750a3","name":"Reda\u00e7\u00e3o Sul SC","image":{"@type":"ImageObject","inLanguage":"en-US","@id":"https:\/\/sulsc.com\/#\/schema\/person\/image\/e08d7fe2cc4ed596372063bbe852b8d0","url":"https:\/\/sulsc.com\/wp-content\/uploads\/2023\/09\/redacao.png","contentUrl":"https:\/\/sulsc.com\/wp-content\/uploads\/2023\/09\/redacao.png","caption":"Reda\u00e7\u00e3o Sul SC"},"description":"Foco em um jornalismo imparcial, voltado \u00e0 qualidade dos seus conte\u00fados e, assim, levar informa\u00e7\u00e3o de valor que agregue \u00e0 vida dos leitores. Esta \u00e9 grande miss\u00e3o do Portal de Not\u00edcias Sul SC. N\u00e3o \u00e9 quantidade que muda o mundo, sempre foi e seguir\u00e1 sendo qualidade!","sameAs":["https:\/\/sulsc.com\/","https:\/\/www.facebook.com\/profile.php?id=61559278119680","https:\/\/www.instagram.com\/sulscportal\/?hl=pt-br","https:\/\/twitter.com\/https:\/\/twitter.com\/PortalSulSC","https:\/\/www.youtube.com\/channel\/UCv_BE8GeySluDov2n8qhVmw"],"url":"https:\/\/sulsc.com\/index.php\/author\/redacao\/"}]}},"authors":[],"_links":{"self":[{"href":"https:\/\/sulsc.com\/index.php\/wp-json\/wp\/v2\/posts\/30562"}],"collection":[{"href":"https:\/\/sulsc.com\/index.php\/wp-json\/wp\/v2\/posts"}],"about":[{"href":"https:\/\/sulsc.com\/index.php\/wp-json\/wp\/v2\/types\/post"}],"author":[{"embeddable":true,"href":"https:\/\/sulsc.com\/index.php\/wp-json\/wp\/v2\/users\/3"}],"replies":[{"embeddable":true,"href":"https:\/\/sulsc.com\/index.php\/wp-json\/wp\/v2\/comments?post=30562"}],"version-history":[{"count":2,"href":"https:\/\/sulsc.com\/index.php\/wp-json\/wp\/v2\/posts\/30562\/revisions"}],"predecessor-version":[{"id":30564,"href":"https:\/\/sulsc.com\/index.php\/wp-json\/wp\/v2\/posts\/30562\/revisions\/30564"}],"wp:featuredmedia":[{"embeddable":true,"href":"https:\/\/sulsc.com\/index.php\/wp-json\/wp\/v2\/media\/9529"}],"wp:attachment":[{"href":"https:\/\/sulsc.com\/index.php\/wp-json\/wp\/v2\/media?parent=30562"}],"wp:term":[{"taxonomy":"category","embeddable":true,"href":"https:\/\/sulsc.com\/index.php\/wp-json\/wp\/v2\/categories?post=30562"},{"taxonomy":"post_tag","embeddable":true,"href":"https:\/\/sulsc.com\/index.php\/wp-json\/wp\/v2\/tags?post=30562"}],"curies":[{"name":"wp","href":"https:\/\/api.w.org\/{rel}","templated":true}]}}