{"id":30569,"date":"2025-12-08T07:02:40","date_gmt":"2025-12-08T10:02:40","guid":{"rendered":"https:\/\/sulsc.com\/?p=30569"},"modified":"2025-12-08T07:02:40","modified_gmt":"2025-12-08T10:02:40","slug":"perturbacao-do-sossego-em-tubarao-venezuelano-e-detido-apos-ignorar-ordem-da-pm","status":"publish","type":"post","link":"https:\/\/sulsc.com\/index.php\/2025\/12\/08\/perturbacao-do-sossego-em-tubarao-venezuelano-e-detido-apos-ignorar-ordem-da-pm\/","title":{"rendered":"Perturba\u00e7\u00e3o do sossego em Tubar\u00e3o: Venezuelano \u00e9 detido ap\u00f3s ignorar ordem da PM"},"content":{"rendered":"<p>Na tarde deste domingo (7), por volta das 16h42, a Pol\u00edcia Militar de Tubar\u00e3o foi acionada para atender uma ocorr\u00eancia de perturba\u00e7\u00e3o do sossego no centro da cidade. Ao chegar ao local, a guarni\u00e7\u00e3o constatou um volume sonoro excessivo vindo do interior de uma resid\u00eancia. O autor, um venezuelano, foi orientado pelos policiais a desligar o equipamento de som, sendo informado sobre a contraven\u00e7\u00e3o penal de perturba\u00e7\u00e3o do sossego, conforme o artigo 65 da Lei de Contraven\u00e7\u00f5es Penais (LCP).<\/p>\n<div id=\"metaslider-id-25573\" style=\"width: 100%;\" class=\"ml-slider-3-99-0 metaslider metaslider-flex metaslider-25573 ml-slider has-onhover-arrows ms-theme-default-base has-dots-nav\" role=\"region\" aria-label=\"Meio\" data-width=\"1200\">\n    <div id=\"metaslider_container_25573\">\n        <div id=\"metaslider_25573\">\n            <ul class='slides'>\n                <li style=\"display: block; width: 100%;\" class=\"slide-25684 ms-image \" aria-roledescription=\"slide\" data-date=\"2025-07-24 07:55:40\"><img src=\"https:\/\/sulsc.com\/wp-content\/uploads\/2025\/07\/Marr-2-1000x166.jpg\" height=\"200\" width=\"1200\" alt=\"\" class=\"slider-25573 slide-25684 msDefaultImage\" title=\"Marr 2\" \/><\/li>\n                <li style=\"display: none; width: 100%;\" class=\"slide-32412 ms-image \" aria-roledescription=\"slide\" data-date=\"2026-02-18 13:59:46\"><img src=\"https:\/\/sulsc.com\/wp-content\/uploads\/2026\/02\/40dc1580-cad5-4867-bc58-c4243821ad38-1000x166.jpeg\" height=\"200\" width=\"1200\" alt=\"\" class=\"slider-25573 slide-32412 msDefaultImage\" title=\"40dc1580-cad5-4867-bc58-c4243821ad38\" \/><\/li>\n                <li style=\"display: none; width: 100%;\" class=\"slide-32766 ms-image \" aria-roledescription=\"slide\" data-date=\"2026-03-03 17:22:59\"><img src=\"https:\/\/sulsc.com\/wp-content\/uploads\/2026\/03\/271ce739-f268-41c5-8051-3de1a1750359-1000x166.jpeg\" height=\"200\" width=\"1200\" alt=\"\" class=\"slider-25573 slide-32766 msDefaultImage\" title=\"271ce739-f268-41c5-8051-3de1a1750359\" \/><\/li>\n            <\/ul>\n        <\/div>\n        \n    <\/div>\n<\/div>\n<p>Inicialmente, o homem adotou uma postura debochada e recusou-se a cumprir a ordem. Ap\u00f3s v\u00e1rias orienta\u00e7\u00f5es, ele finalmente desligou o som, encerrando a ocorr\u00eancia sem pris\u00f5es naquele momento. No entanto, a situa\u00e7\u00e3o se agravou quando, poucos minutos depois, uma nova den\u00fancia foi recebida, informando que o autor havia religado o som em um volume ainda mais alto e estava proferindo gritos.<\/p>\n<p>Diante da reincid\u00eancia, a guarni\u00e7\u00e3o retornou ao local e, para cessar a perturba\u00e7\u00e3o, os policiais realizaram o ingresso for\u00e7ado no im\u00f3vel, utilizando o emprego progressivo da for\u00e7a f\u00edsica e t\u00e9cnicas de imobiliza\u00e7\u00e3o. O autor foi preso e o equipamento de som foi recolhido para as provid\u00eancias cab\u00edveis.<\/p>\n<p><img fetchpriority=\"high\" decoding=\"async\" class=\"aligncenter size-full wp-image-24479\" src=\"http:\/\/sulsc.com\/wp-content\/uploads\/2025\/06\/PM-2.jpg\" alt=\"\" width=\"1080\" height=\"691\" srcset=\"https:\/\/sulsc.com\/wp-content\/uploads\/2025\/06\/PM-2.jpg 1080w, https:\/\/sulsc.com\/wp-content\/uploads\/2025\/06\/PM-2-300x192.jpg 300w, https:\/\/sulsc.com\/wp-content\/uploads\/2025\/06\/PM-2-1024x655.jpg 1024w, https:\/\/sulsc.com\/wp-content\/uploads\/2025\/06\/PM-2-768x491.jpg 768w\" sizes=\"(max-width: 1080px) 100vw, 1080px\" \/><\/p>\n<p>PMSC\/Divulga\u00e7\u00e3o\/SulSC<\/p>\n","protected":false},"excerpt":{"rendered":"<p>Na tarde deste domingo (7), por volta das 16h42, a Pol\u00edcia Militar de Tubar\u00e3o foi acionada para atender uma ocorr\u00eancia de perturba\u00e7\u00e3o do sossego no centro da cidade. Ao chegar ao local, a guarni\u00e7\u00e3o constatou um volume sonoro excessivo vindo do interior de uma resid\u00eancia. O autor, um venezuelano, foi orientado pelos policiais a desligar &hellip;<\/p>\n<p class=\"read-more\"> <a class=\"\" href=\"https:\/\/sulsc.com\/index.php\/2025\/12\/08\/perturbacao-do-sossego-em-tubarao-venezuelano-e-detido-apos-ignorar-ordem-da-pm\/\"> <span class=\"screen-reader-text\">Perturba\u00e7\u00e3o do sossego em Tubar\u00e3o: Venezuelano \u00e9 detido ap\u00f3s ignorar ordem da PM<\/span> Read More &raquo;<\/a><\/p>\n","protected":false},"author":3,"featured_media":23378,"comment_status":"open","ping_status":"open","sticky":false,"template":"","format":"standard","meta":{"site-sidebar-layout":"default","site-content-layout":"","ast-site-content-layout":"default","site-content-style":"default","site-sidebar-style":"default","ast-global-header-display":"","ast-banner-title-visibility":"","ast-main-header-display":"","ast-hfb-above-header-display":"","ast-hfb-below-header-display":"","ast-hfb-mobile-header-display":"","site-post-title":"","ast-breadcrumbs-content":"","ast-featured-img":"","footer-sml-layout":"","theme-transparent-header-meta":"default","adv-header-id-meta":"","stick-header-meta":"","header-above-stick-meta":"","header-main-stick-meta":"","header-below-stick-meta":"","astra-migrate-meta-layouts":"set","footnotes":""},"categories":[2231,1,8,21,12],"tags":[2273,521],"yoast_head":"<!-- This site is optimized with the Yoast SEO plugin v21.4 - https:\/\/yoast.com\/wordpress\/plugins\/seo\/ -->\n<title>Perturba\u00e7\u00e3o do sossego em Tubar\u00e3o: Venezuelano \u00e9 detido ap\u00f3s ignorar ordem da PM -<\/title>\n<meta name=\"robots\" content=\"index, follow, max-snippet:-1, max-image-preview:large, max-video-preview:-1\" \/>\n<link rel=\"canonical\" href=\"https:\/\/sulsc.com\/index.php\/2025\/12\/08\/perturbacao-do-sossego-em-tubarao-venezuelano-e-detido-apos-ignorar-ordem-da-pm\/\" \/>\n<meta property=\"og:locale\" content=\"en_US\" \/>\n<meta property=\"og:type\" content=\"article\" \/>\n<meta property=\"og:title\" content=\"Perturba\u00e7\u00e3o do sossego em Tubar\u00e3o: Venezuelano \u00e9 detido ap\u00f3s ignorar ordem da PM -\" \/>\n<meta property=\"og:description\" content=\"Na tarde deste domingo (7), por volta das 16h42, a Pol\u00edcia Militar de Tubar\u00e3o foi acionada para atender uma ocorr\u00eancia de perturba\u00e7\u00e3o do sossego no centro da cidade. Ao chegar ao local, a guarni\u00e7\u00e3o constatou um volume sonoro excessivo vindo do interior de uma resid\u00eancia. O autor, um venezuelano, foi orientado pelos policiais a desligar &hellip; Perturba\u00e7\u00e3o do sossego em Tubar\u00e3o: Venezuelano \u00e9 detido ap\u00f3s ignorar ordem da PM Read More &raquo;\" \/>\n<meta property=\"og:url\" content=\"https:\/\/sulsc.com\/index.php\/2025\/12\/08\/perturbacao-do-sossego-em-tubarao-venezuelano-e-detido-apos-ignorar-ordem-da-pm\/\" \/>\n<meta property=\"article:author\" content=\"https:\/\/www.facebook.com\/profile.php?id=61559278119680\" \/>\n<meta property=\"article:published_time\" content=\"2025-12-08T10:02:40+00:00\" \/>\n<meta property=\"og:image\" content=\"http:\/\/sulsc.com\/wp-content\/uploads\/2025\/05\/PM-3.jpg\" \/>\n\t<meta property=\"og:image:width\" content=\"1080\" \/>\n\t<meta property=\"og:image:height\" content=\"680\" \/>\n\t<meta property=\"og:image:type\" content=\"image\/jpeg\" \/>\n<meta name=\"author\" content=\"Reda\u00e7\u00e3o Sul SC\" \/>\n<meta name=\"twitter:card\" content=\"summary_large_image\" \/>\n<meta name=\"twitter:creator\" content=\"@https:\/\/twitter.com\/PortalSulSC\" \/>\n<meta name=\"twitter:label1\" content=\"Written by\" \/>\n\t<meta name=\"twitter:data1\" content=\"Reda\u00e7\u00e3o Sul SC\" \/>\n\t<meta name=\"twitter:label2\" content=\"Est. reading time\" \/>\n\t<meta name=\"twitter:data2\" content=\"2 minutes\" \/>\n<script type=\"application\/ld+json\" class=\"yoast-schema-graph\">{\"@context\":\"https:\/\/schema.org\",\"@graph\":[{\"@type\":\"WebPage\",\"@id\":\"https:\/\/sulsc.com\/index.php\/2025\/12\/08\/perturbacao-do-sossego-em-tubarao-venezuelano-e-detido-apos-ignorar-ordem-da-pm\/\",\"url\":\"https:\/\/sulsc.com\/index.php\/2025\/12\/08\/perturbacao-do-sossego-em-tubarao-venezuelano-e-detido-apos-ignorar-ordem-da-pm\/\",\"name\":\"Perturba\u00e7\u00e3o do sossego em Tubar\u00e3o: Venezuelano \u00e9 detido ap\u00f3s ignorar ordem da PM -\",\"isPartOf\":{\"@id\":\"https:\/\/sulsc.com\/#website\"},\"datePublished\":\"2025-12-08T10:02:40+00:00\",\"dateModified\":\"2025-12-08T10:02:40+00:00\",\"author\":{\"@id\":\"https:\/\/sulsc.com\/#\/schema\/person\/84d2fc571684f6248ba83092f07750a3\"},\"breadcrumb\":{\"@id\":\"https:\/\/sulsc.com\/index.php\/2025\/12\/08\/perturbacao-do-sossego-em-tubarao-venezuelano-e-detido-apos-ignorar-ordem-da-pm\/#breadcrumb\"},\"inLanguage\":\"en-US\",\"potentialAction\":[{\"@type\":\"ReadAction\",\"target\":[\"https:\/\/sulsc.com\/index.php\/2025\/12\/08\/perturbacao-do-sossego-em-tubarao-venezuelano-e-detido-apos-ignorar-ordem-da-pm\/\"]}]},{\"@type\":\"BreadcrumbList\",\"@id\":\"https:\/\/sulsc.com\/index.php\/2025\/12\/08\/perturbacao-do-sossego-em-tubarao-venezuelano-e-detido-apos-ignorar-ordem-da-pm\/#breadcrumb\",\"itemListElement\":[{\"@type\":\"ListItem\",\"position\":1,\"name\":\"In\u00edcio\",\"item\":\"https:\/\/sulsc.com\/\"},{\"@type\":\"ListItem\",\"position\":2,\"name\":\"Perturba\u00e7\u00e3o do sossego em Tubar\u00e3o: Venezuelano \u00e9 detido ap\u00f3s ignorar ordem da PM\"}]},{\"@type\":\"WebSite\",\"@id\":\"https:\/\/sulsc.com\/#website\",\"url\":\"https:\/\/sulsc.com\/\",\"name\":\"\",\"description\":\"\",\"potentialAction\":[{\"@type\":\"SearchAction\",\"target\":{\"@type\":\"EntryPoint\",\"urlTemplate\":\"https:\/\/sulsc.com\/?s={search_term_string}\"},\"query-input\":\"required name=search_term_string\"}],\"inLanguage\":\"en-US\"},{\"@type\":\"Person\",\"@id\":\"https:\/\/sulsc.com\/#\/schema\/person\/84d2fc571684f6248ba83092f07750a3\",\"name\":\"Reda\u00e7\u00e3o Sul SC\",\"image\":{\"@type\":\"ImageObject\",\"inLanguage\":\"en-US\",\"@id\":\"https:\/\/sulsc.com\/#\/schema\/person\/image\/e08d7fe2cc4ed596372063bbe852b8d0\",\"url\":\"https:\/\/sulsc.com\/wp-content\/uploads\/2023\/09\/redacao.png\",\"contentUrl\":\"https:\/\/sulsc.com\/wp-content\/uploads\/2023\/09\/redacao.png\",\"caption\":\"Reda\u00e7\u00e3o Sul SC\"},\"description\":\"Foco em um jornalismo imparcial, voltado \u00e0 qualidade dos seus conte\u00fados e, assim, levar informa\u00e7\u00e3o de valor que agregue \u00e0 vida dos leitores. Esta \u00e9 grande miss\u00e3o do Portal de Not\u00edcias Sul SC. N\u00e3o \u00e9 quantidade que muda o mundo, sempre foi e seguir\u00e1 sendo qualidade!\",\"sameAs\":[\"https:\/\/sulsc.com\/\",\"https:\/\/www.facebook.com\/profile.php?id=61559278119680\",\"https:\/\/www.instagram.com\/sulscportal\/?hl=pt-br\",\"https:\/\/twitter.com\/https:\/\/twitter.com\/PortalSulSC\",\"https:\/\/www.youtube.com\/channel\/UCv_BE8GeySluDov2n8qhVmw\"],\"url\":\"https:\/\/sulsc.com\/index.php\/author\/redacao\/\"}]}<\/script>\n<!-- \/ Yoast SEO plugin. -->","yoast_head_json":{"title":"Perturba\u00e7\u00e3o do sossego em Tubar\u00e3o: Venezuelano \u00e9 detido ap\u00f3s ignorar ordem da PM -","robots":{"index":"index","follow":"follow","max-snippet":"max-snippet:-1","max-image-preview":"max-image-preview:large","max-video-preview":"max-video-preview:-1"},"canonical":"https:\/\/sulsc.com\/index.php\/2025\/12\/08\/perturbacao-do-sossego-em-tubarao-venezuelano-e-detido-apos-ignorar-ordem-da-pm\/","og_locale":"en_US","og_type":"article","og_title":"Perturba\u00e7\u00e3o do sossego em Tubar\u00e3o: Venezuelano \u00e9 detido ap\u00f3s ignorar ordem da PM -","og_description":"Na tarde deste domingo (7), por volta das 16h42, a Pol\u00edcia Militar de Tubar\u00e3o foi acionada para atender uma ocorr\u00eancia de perturba\u00e7\u00e3o do sossego no centro da cidade. Ao chegar ao local, a guarni\u00e7\u00e3o constatou um volume sonoro excessivo vindo do interior de uma resid\u00eancia. O autor, um venezuelano, foi orientado pelos policiais a desligar &hellip; Perturba\u00e7\u00e3o do sossego em Tubar\u00e3o: Venezuelano \u00e9 detido ap\u00f3s ignorar ordem da PM Read More &raquo;","og_url":"https:\/\/sulsc.com\/index.php\/2025\/12\/08\/perturbacao-do-sossego-em-tubarao-venezuelano-e-detido-apos-ignorar-ordem-da-pm\/","article_author":"https:\/\/www.facebook.com\/profile.php?id=61559278119680","article_published_time":"2025-12-08T10:02:40+00:00","og_image":[{"width":1080,"height":680,"url":"http:\/\/sulsc.com\/wp-content\/uploads\/2025\/05\/PM-3.jpg","type":"image\/jpeg"}],"author":"Reda\u00e7\u00e3o Sul SC","twitter_card":"summary_large_image","twitter_creator":"@https:\/\/twitter.com\/PortalSulSC","twitter_misc":{"Written by":"Reda\u00e7\u00e3o Sul SC","Est. reading time":"2 minutes"},"schema":{"@context":"https:\/\/schema.org","@graph":[{"@type":"WebPage","@id":"https:\/\/sulsc.com\/index.php\/2025\/12\/08\/perturbacao-do-sossego-em-tubarao-venezuelano-e-detido-apos-ignorar-ordem-da-pm\/","url":"https:\/\/sulsc.com\/index.php\/2025\/12\/08\/perturbacao-do-sossego-em-tubarao-venezuelano-e-detido-apos-ignorar-ordem-da-pm\/","name":"Perturba\u00e7\u00e3o do sossego em Tubar\u00e3o: Venezuelano \u00e9 detido ap\u00f3s ignorar ordem da PM -","isPartOf":{"@id":"https:\/\/sulsc.com\/#website"},"datePublished":"2025-12-08T10:02:40+00:00","dateModified":"2025-12-08T10:02:40+00:00","author":{"@id":"https:\/\/sulsc.com\/#\/schema\/person\/84d2fc571684f6248ba83092f07750a3"},"breadcrumb":{"@id":"https:\/\/sulsc.com\/index.php\/2025\/12\/08\/perturbacao-do-sossego-em-tubarao-venezuelano-e-detido-apos-ignorar-ordem-da-pm\/#breadcrumb"},"inLanguage":"en-US","potentialAction":[{"@type":"ReadAction","target":["https:\/\/sulsc.com\/index.php\/2025\/12\/08\/perturbacao-do-sossego-em-tubarao-venezuelano-e-detido-apos-ignorar-ordem-da-pm\/"]}]},{"@type":"BreadcrumbList","@id":"https:\/\/sulsc.com\/index.php\/2025\/12\/08\/perturbacao-do-sossego-em-tubarao-venezuelano-e-detido-apos-ignorar-ordem-da-pm\/#breadcrumb","itemListElement":[{"@type":"ListItem","position":1,"name":"In\u00edcio","item":"https:\/\/sulsc.com\/"},{"@type":"ListItem","position":2,"name":"Perturba\u00e7\u00e3o do sossego em Tubar\u00e3o: Venezuelano \u00e9 detido ap\u00f3s ignorar ordem da PM"}]},{"@type":"WebSite","@id":"https:\/\/sulsc.com\/#website","url":"https:\/\/sulsc.com\/","name":"","description":"","potentialAction":[{"@type":"SearchAction","target":{"@type":"EntryPoint","urlTemplate":"https:\/\/sulsc.com\/?s={search_term_string}"},"query-input":"required name=search_term_string"}],"inLanguage":"en-US"},{"@type":"Person","@id":"https:\/\/sulsc.com\/#\/schema\/person\/84d2fc571684f6248ba83092f07750a3","name":"Reda\u00e7\u00e3o Sul SC","image":{"@type":"ImageObject","inLanguage":"en-US","@id":"https:\/\/sulsc.com\/#\/schema\/person\/image\/e08d7fe2cc4ed596372063bbe852b8d0","url":"https:\/\/sulsc.com\/wp-content\/uploads\/2023\/09\/redacao.png","contentUrl":"https:\/\/sulsc.com\/wp-content\/uploads\/2023\/09\/redacao.png","caption":"Reda\u00e7\u00e3o Sul SC"},"description":"Foco em um jornalismo imparcial, voltado \u00e0 qualidade dos seus conte\u00fados e, assim, levar informa\u00e7\u00e3o de valor que agregue \u00e0 vida dos leitores. Esta \u00e9 grande miss\u00e3o do Portal de Not\u00edcias Sul SC. N\u00e3o \u00e9 quantidade que muda o mundo, sempre foi e seguir\u00e1 sendo qualidade!","sameAs":["https:\/\/sulsc.com\/","https:\/\/www.facebook.com\/profile.php?id=61559278119680","https:\/\/www.instagram.com\/sulscportal\/?hl=pt-br","https:\/\/twitter.com\/https:\/\/twitter.com\/PortalSulSC","https:\/\/www.youtube.com\/channel\/UCv_BE8GeySluDov2n8qhVmw"],"url":"https:\/\/sulsc.com\/index.php\/author\/redacao\/"}]}},"authors":[],"_links":{"self":[{"href":"https:\/\/sulsc.com\/index.php\/wp-json\/wp\/v2\/posts\/30569"}],"collection":[{"href":"https:\/\/sulsc.com\/index.php\/wp-json\/wp\/v2\/posts"}],"about":[{"href":"https:\/\/sulsc.com\/index.php\/wp-json\/wp\/v2\/types\/post"}],"author":[{"embeddable":true,"href":"https:\/\/sulsc.com\/index.php\/wp-json\/wp\/v2\/users\/3"}],"replies":[{"embeddable":true,"href":"https:\/\/sulsc.com\/index.php\/wp-json\/wp\/v2\/comments?post=30569"}],"version-history":[{"count":1,"href":"https:\/\/sulsc.com\/index.php\/wp-json\/wp\/v2\/posts\/30569\/revisions"}],"predecessor-version":[{"id":30570,"href":"https:\/\/sulsc.com\/index.php\/wp-json\/wp\/v2\/posts\/30569\/revisions\/30570"}],"wp:featuredmedia":[{"embeddable":true,"href":"https:\/\/sulsc.com\/index.php\/wp-json\/wp\/v2\/media\/23378"}],"wp:attachment":[{"href":"https:\/\/sulsc.com\/index.php\/wp-json\/wp\/v2\/media?parent=30569"}],"wp:term":[{"taxonomy":"category","embeddable":true,"href":"https:\/\/sulsc.com\/index.php\/wp-json\/wp\/v2\/categories?post=30569"},{"taxonomy":"post_tag","embeddable":true,"href":"https:\/\/sulsc.com\/index.php\/wp-json\/wp\/v2\/tags?post=30569"}],"curies":[{"name":"wp","href":"https:\/\/api.w.org\/{rel}","templated":true}]}}