{"id":30571,"date":"2025-12-08T07:18:30","date_gmt":"2025-12-08T10:18:30","guid":{"rendered":"https:\/\/sulsc.com\/?p=30571"},"modified":"2025-12-08T07:20:32","modified_gmt":"2025-12-08T10:20:32","slug":"evite-transtorno-no-transito-confira-o-cronograma-de-obras-desta-semana-e-divulgado-pela-saneamento-tubarao","status":"publish","type":"post","link":"https:\/\/sulsc.com\/index.php\/2025\/12\/08\/evite-transtorno-no-transito-confira-o-cronograma-de-obras-desta-semana-e-divulgado-pela-saneamento-tubarao\/","title":{"rendered":"Evite transtorno no transito, confira o cronograma de obras desta semana divulgado pela Saneamento Tubar\u00e3o"},"content":{"rendered":"<p><span dir=\"auto\" style=\"vertical-align: inherit;\"><span dir=\"auto\" style=\"vertical-align: inherit;\">A Tubar\u00e3o Saneamento divulga aos motoristas o cronograma das obras que ser\u00e3o realizadas nesta semana entre segunda (8) e s\u00e1bado a domingo (14), na Cidade Azul. Vale ressaltar que em caso de chuva ou outras interfer\u00eancias, a programa\u00e7\u00e3o poder\u00e1 sofrer altera\u00e7\u00f5es.<\/span><\/span><\/p>\n<div id=\"metaslider-id-25573\" style=\"width: 100%;\" class=\"ml-slider-3-99-0 metaslider metaslider-flex metaslider-25573 ml-slider has-onhover-arrows ms-theme-default-base has-dots-nav\" role=\"region\" aria-label=\"Meio\" data-width=\"1200\">\n    <div id=\"metaslider_container_25573\">\n        <div id=\"metaslider_25573\">\n            <ul class='slides'>\n                <li style=\"display: block; width: 100%;\" class=\"slide-25684 ms-image \" aria-roledescription=\"slide\" data-date=\"2025-07-24 07:55:40\"><img src=\"https:\/\/sulsc.com\/wp-content\/uploads\/2025\/07\/Marr-2-1000x166.jpg\" height=\"200\" width=\"1200\" alt=\"\" class=\"slider-25573 slide-25684 msDefaultImage\" title=\"Marr 2\" \/><\/li>\n                <li style=\"display: none; width: 100%;\" class=\"slide-32412 ms-image \" aria-roledescription=\"slide\" data-date=\"2026-02-18 13:59:46\"><img src=\"https:\/\/sulsc.com\/wp-content\/uploads\/2026\/02\/40dc1580-cad5-4867-bc58-c4243821ad38-1000x166.jpeg\" height=\"200\" width=\"1200\" alt=\"\" class=\"slider-25573 slide-32412 msDefaultImage\" title=\"40dc1580-cad5-4867-bc58-c4243821ad38\" \/><\/li>\n                <li style=\"display: none; width: 100%;\" class=\"slide-32766 ms-image \" aria-roledescription=\"slide\" data-date=\"2026-03-03 17:22:59\"><img src=\"https:\/\/sulsc.com\/wp-content\/uploads\/2026\/03\/271ce739-f268-41c5-8051-3de1a1750359-1000x166.jpeg\" height=\"200\" width=\"1200\" alt=\"\" class=\"slider-25573 slide-32766 msDefaultImage\" title=\"271ce739-f268-41c5-8051-3de1a1750359\" \/><\/li>\n            <\/ul>\n        <\/div>\n        \n    <\/div>\n<\/div>\n<p><span dir=\"auto\" style=\"vertical-align: inherit;\"><span dir=\"auto\" style=\"vertical-align: inherit;\">Para evitar os desvios no tr\u00e2nsito, al\u00e9m do uso de placas de sinaliza\u00e7\u00e3o, a Concession\u00e1ria compartilha as informa\u00e7\u00f5es de rotas com os aplicativos de localiza\u00e7\u00e3o por GPS: Waze e Google Maps. \u201cPara usar, n\u00e3o h\u00e1 costume, basta tra\u00e7ar a localiza\u00e7\u00e3o desejada. Se houver interven\u00e7\u00e3o da Tubar\u00e3o Saneamento no caminho, o pr\u00f3prio aplicativo indicar\u00e1 outro percurso com tempo semelhante ao inicial\u201d, explica o diretor Marcelo Matos.<\/span><\/span><\/p>\n<p><img fetchpriority=\"high\" decoding=\"async\" class=\"size-full wp-image-30573\" src=\"http:\/\/sulsc.com\/wp-content\/uploads\/2025\/12\/2307.i518.020.F.m005.c9.construction-scaled.jpg\" alt=\"\" width=\"2560\" height=\"2560\" srcset=\"https:\/\/sulsc.com\/wp-content\/uploads\/2025\/12\/2307.i518.020.F.m005.c9.construction-scaled.jpg 2560w, https:\/\/sulsc.com\/wp-content\/uploads\/2025\/12\/2307.i518.020.F.m005.c9.construction-300x300.jpg 300w, https:\/\/sulsc.com\/wp-content\/uploads\/2025\/12\/2307.i518.020.F.m005.c9.construction-1024x1024.jpg 1024w, https:\/\/sulsc.com\/wp-content\/uploads\/2025\/12\/2307.i518.020.F.m005.c9.construction-150x150.jpg 150w, https:\/\/sulsc.com\/wp-content\/uploads\/2025\/12\/2307.i518.020.F.m005.c9.construction-768x768.jpg 768w, https:\/\/sulsc.com\/wp-content\/uploads\/2025\/12\/2307.i518.020.F.m005.c9.construction-1536x1536.jpg 1536w, https:\/\/sulsc.com\/wp-content\/uploads\/2025\/12\/2307.i518.020.F.m005.c9.construction-2048x2048.jpg 2048w\" sizes=\"(max-width: 2560px) 100vw, 2560px\" \/><\/p>\n<p><span dir=\"auto\" style=\"vertical-align: inherit;\"><span dir=\"auto\" style=\"vertical-align: inherit;\">Imagem\/Freepik<\/span><\/span><\/p>\n<p><strong><span dir=\"auto\" style=\"vertical-align: inherit;\"><span dir=\"auto\" style=\"vertical-align: inherit;\">Em Oficinas<\/span><\/span><\/strong><span dir=\"auto\" style=\"vertical-align: inherit;\"><span dir=\"auto\" style=\"vertical-align: inherit;\"> , as obras ser\u00e3o realizadas nas ruas Pedro Gomes de Carvalho, Pedro de Souza Lima, Manoel L. Alves, dos Ferrovi\u00e1rios, Manoel Emerick, Herm\u00ednio de Menezes e \u00c2ngelo Zamparetti.<\/span><\/span><\/p>\n<p><strong><span dir=\"auto\" style=\"vertical-align: inherit;\"><span dir=\"auto\" style=\"vertical-align: inherit;\">J\u00e1 na localidade de Santo Ant\u00f4nio de P\u00e1dua,<\/span><\/span><\/strong><span dir=\"auto\" style=\"vertical-align: inherit;\"><span dir=\"auto\" style=\"vertical-align: inherit;\"> os trabalhos ocorreram nas ruas Bernardino Antunes Teixeira, Vereador Adolfo Machado, Julio Boppr\u00e9 e Jos\u00e9 Nicolau de Carvalho.<\/span><\/span><\/p>\n<p><span dir=\"auto\" style=\"vertical-align: inherit;\"><span dir=\"auto\" style=\"vertical-align: inherit;\">A Concession\u00e1ria orienta que, para mais informa\u00e7\u00f5es ou em caso de d\u00favidas, o cliente pode fazer contato via WhatsApp <\/span><\/span><strong><span dir=\"auto\" style=\"vertical-align: inherit;\"><span dir=\"auto\" style=\"vertical-align: inherit;\">(48) 99168-5827, pelos telefones 0800 648 9596 e (48) 3052-7400,<\/span><\/span><\/strong><span dir=\"auto\" style=\"vertical-align: inherit;\"><span dir=\"auto\" style=\"vertical-align: inherit;\"> ou no site da institui\u00e7\u00e3o.<\/span><\/span><\/p>\n","protected":false},"excerpt":{"rendered":"<p>A Tubar\u00e3o Saneamento divulga aos motoristas o cronograma das obras que ser\u00e3o realizadas nesta semana entre segunda (8) e s\u00e1bado a domingo (14), na Cidade Azul. Vale ressaltar que em caso de chuva ou outras interfer\u00eancias, a programa\u00e7\u00e3o poder\u00e1 sofrer altera\u00e7\u00f5es. Para evitar os desvios no tr\u00e2nsito, al\u00e9m do uso de placas de sinaliza\u00e7\u00e3o, a &hellip;<\/p>\n<p class=\"read-more\"> <a class=\"\" href=\"https:\/\/sulsc.com\/index.php\/2025\/12\/08\/evite-transtorno-no-transito-confira-o-cronograma-de-obras-desta-semana-e-divulgado-pela-saneamento-tubarao\/\"> <span class=\"screen-reader-text\">Evite transtorno no transito, confira o cronograma de obras desta semana divulgado pela Saneamento Tubar\u00e3o<\/span> Read More &raquo;<\/a><\/p>\n","protected":false},"author":3,"featured_media":30573,"comment_status":"open","ping_status":"open","sticky":false,"template":"","format":"standard","meta":{"site-sidebar-layout":"default","site-content-layout":"","ast-site-content-layout":"default","site-content-style":"default","site-sidebar-style":"default","ast-global-header-display":"","ast-banner-title-visibility":"","ast-main-header-display":"","ast-hfb-above-header-display":"","ast-hfb-below-header-display":"","ast-hfb-mobile-header-display":"","site-post-title":"","ast-breadcrumbs-content":"","ast-featured-img":"","footer-sml-layout":"","theme-transparent-header-meta":"default","adv-header-id-meta":"","stick-header-meta":"","header-above-stick-meta":"","header-main-stick-meta":"","header-below-stick-meta":"","astra-migrate-meta-layouts":"set","footnotes":""},"categories":[2354,1,14,21,12],"tags":[312],"yoast_head":"<!-- This site is optimized with the Yoast SEO plugin v21.4 - https:\/\/yoast.com\/wordpress\/plugins\/seo\/ -->\n<title>Evite transtorno no transito, confira o cronograma de obras desta semana divulgado pela Saneamento Tubar\u00e3o -<\/title>\n<meta name=\"robots\" content=\"index, follow, max-snippet:-1, max-image-preview:large, max-video-preview:-1\" \/>\n<link rel=\"canonical\" href=\"https:\/\/sulsc.com\/index.php\/2025\/12\/08\/evite-transtorno-no-transito-confira-o-cronograma-de-obras-desta-semana-e-divulgado-pela-saneamento-tubarao\/\" \/>\n<meta property=\"og:locale\" content=\"en_US\" \/>\n<meta property=\"og:type\" content=\"article\" \/>\n<meta property=\"og:title\" content=\"Evite transtorno no transito, confira o cronograma de obras desta semana divulgado pela Saneamento Tubar\u00e3o -\" \/>\n<meta property=\"og:description\" content=\"A Tubar\u00e3o Saneamento divulga aos motoristas o cronograma das obras que ser\u00e3o realizadas nesta semana entre segunda (8) e s\u00e1bado a domingo (14), na Cidade Azul. Vale ressaltar que em caso de chuva ou outras interfer\u00eancias, a programa\u00e7\u00e3o poder\u00e1 sofrer altera\u00e7\u00f5es. Para evitar os desvios no tr\u00e2nsito, al\u00e9m do uso de placas de sinaliza\u00e7\u00e3o, a &hellip; Evite transtorno no transito, confira o cronograma de obras desta semana divulgado pela Saneamento Tubar\u00e3o Read More &raquo;\" \/>\n<meta property=\"og:url\" content=\"https:\/\/sulsc.com\/index.php\/2025\/12\/08\/evite-transtorno-no-transito-confira-o-cronograma-de-obras-desta-semana-e-divulgado-pela-saneamento-tubarao\/\" \/>\n<meta property=\"article:author\" content=\"https:\/\/www.facebook.com\/profile.php?id=61559278119680\" \/>\n<meta property=\"article:published_time\" content=\"2025-12-08T10:18:30+00:00\" \/>\n<meta property=\"article:modified_time\" content=\"2025-12-08T10:20:32+00:00\" \/>\n<meta property=\"og:image\" content=\"http:\/\/sulsc.com\/wp-content\/uploads\/2025\/12\/2307.i518.020.F.m005.c9.construction-scaled.jpg\" \/>\n\t<meta property=\"og:image:width\" content=\"2560\" \/>\n\t<meta property=\"og:image:height\" content=\"2560\" \/>\n\t<meta property=\"og:image:type\" content=\"image\/jpeg\" \/>\n<meta name=\"author\" content=\"Reda\u00e7\u00e3o Sul SC\" \/>\n<meta name=\"twitter:card\" content=\"summary_large_image\" \/>\n<meta name=\"twitter:creator\" content=\"@https:\/\/twitter.com\/PortalSulSC\" \/>\n<meta name=\"twitter:label1\" content=\"Written by\" \/>\n\t<meta name=\"twitter:data1\" content=\"Reda\u00e7\u00e3o Sul SC\" \/>\n\t<meta name=\"twitter:label2\" content=\"Est. reading time\" \/>\n\t<meta name=\"twitter:data2\" content=\"2 minutes\" \/>\n<script type=\"application\/ld+json\" class=\"yoast-schema-graph\">{\"@context\":\"https:\/\/schema.org\",\"@graph\":[{\"@type\":\"WebPage\",\"@id\":\"https:\/\/sulsc.com\/index.php\/2025\/12\/08\/evite-transtorno-no-transito-confira-o-cronograma-de-obras-desta-semana-e-divulgado-pela-saneamento-tubarao\/\",\"url\":\"https:\/\/sulsc.com\/index.php\/2025\/12\/08\/evite-transtorno-no-transito-confira-o-cronograma-de-obras-desta-semana-e-divulgado-pela-saneamento-tubarao\/\",\"name\":\"Evite transtorno no transito, confira o cronograma de obras desta semana divulgado pela Saneamento Tubar\u00e3o -\",\"isPartOf\":{\"@id\":\"https:\/\/sulsc.com\/#website\"},\"datePublished\":\"2025-12-08T10:18:30+00:00\",\"dateModified\":\"2025-12-08T10:20:32+00:00\",\"author\":{\"@id\":\"https:\/\/sulsc.com\/#\/schema\/person\/84d2fc571684f6248ba83092f07750a3\"},\"breadcrumb\":{\"@id\":\"https:\/\/sulsc.com\/index.php\/2025\/12\/08\/evite-transtorno-no-transito-confira-o-cronograma-de-obras-desta-semana-e-divulgado-pela-saneamento-tubarao\/#breadcrumb\"},\"inLanguage\":\"en-US\",\"potentialAction\":[{\"@type\":\"ReadAction\",\"target\":[\"https:\/\/sulsc.com\/index.php\/2025\/12\/08\/evite-transtorno-no-transito-confira-o-cronograma-de-obras-desta-semana-e-divulgado-pela-saneamento-tubarao\/\"]}]},{\"@type\":\"BreadcrumbList\",\"@id\":\"https:\/\/sulsc.com\/index.php\/2025\/12\/08\/evite-transtorno-no-transito-confira-o-cronograma-de-obras-desta-semana-e-divulgado-pela-saneamento-tubarao\/#breadcrumb\",\"itemListElement\":[{\"@type\":\"ListItem\",\"position\":1,\"name\":\"In\u00edcio\",\"item\":\"https:\/\/sulsc.com\/\"},{\"@type\":\"ListItem\",\"position\":2,\"name\":\"Evite transtorno no transito, confira o cronograma de obras desta semana divulgado pela Saneamento Tubar\u00e3o\"}]},{\"@type\":\"WebSite\",\"@id\":\"https:\/\/sulsc.com\/#website\",\"url\":\"https:\/\/sulsc.com\/\",\"name\":\"\",\"description\":\"\",\"potentialAction\":[{\"@type\":\"SearchAction\",\"target\":{\"@type\":\"EntryPoint\",\"urlTemplate\":\"https:\/\/sulsc.com\/?s={search_term_string}\"},\"query-input\":\"required name=search_term_string\"}],\"inLanguage\":\"en-US\"},{\"@type\":\"Person\",\"@id\":\"https:\/\/sulsc.com\/#\/schema\/person\/84d2fc571684f6248ba83092f07750a3\",\"name\":\"Reda\u00e7\u00e3o Sul SC\",\"image\":{\"@type\":\"ImageObject\",\"inLanguage\":\"en-US\",\"@id\":\"https:\/\/sulsc.com\/#\/schema\/person\/image\/e08d7fe2cc4ed596372063bbe852b8d0\",\"url\":\"https:\/\/sulsc.com\/wp-content\/uploads\/2023\/09\/redacao.png\",\"contentUrl\":\"https:\/\/sulsc.com\/wp-content\/uploads\/2023\/09\/redacao.png\",\"caption\":\"Reda\u00e7\u00e3o Sul SC\"},\"description\":\"Foco em um jornalismo imparcial, voltado \u00e0 qualidade dos seus conte\u00fados e, assim, levar informa\u00e7\u00e3o de valor que agregue \u00e0 vida dos leitores. Esta \u00e9 grande miss\u00e3o do Portal de Not\u00edcias Sul SC. N\u00e3o \u00e9 quantidade que muda o mundo, sempre foi e seguir\u00e1 sendo qualidade!\",\"sameAs\":[\"https:\/\/sulsc.com\/\",\"https:\/\/www.facebook.com\/profile.php?id=61559278119680\",\"https:\/\/www.instagram.com\/sulscportal\/?hl=pt-br\",\"https:\/\/twitter.com\/https:\/\/twitter.com\/PortalSulSC\",\"https:\/\/www.youtube.com\/channel\/UCv_BE8GeySluDov2n8qhVmw\"],\"url\":\"https:\/\/sulsc.com\/index.php\/author\/redacao\/\"}]}<\/script>\n<!-- \/ Yoast SEO plugin. -->","yoast_head_json":{"title":"Evite transtorno no transito, confira o cronograma de obras desta semana divulgado pela Saneamento Tubar\u00e3o -","robots":{"index":"index","follow":"follow","max-snippet":"max-snippet:-1","max-image-preview":"max-image-preview:large","max-video-preview":"max-video-preview:-1"},"canonical":"https:\/\/sulsc.com\/index.php\/2025\/12\/08\/evite-transtorno-no-transito-confira-o-cronograma-de-obras-desta-semana-e-divulgado-pela-saneamento-tubarao\/","og_locale":"en_US","og_type":"article","og_title":"Evite transtorno no transito, confira o cronograma de obras desta semana divulgado pela Saneamento Tubar\u00e3o -","og_description":"A Tubar\u00e3o Saneamento divulga aos motoristas o cronograma das obras que ser\u00e3o realizadas nesta semana entre segunda (8) e s\u00e1bado a domingo (14), na Cidade Azul. Vale ressaltar que em caso de chuva ou outras interfer\u00eancias, a programa\u00e7\u00e3o poder\u00e1 sofrer altera\u00e7\u00f5es. Para evitar os desvios no tr\u00e2nsito, al\u00e9m do uso de placas de sinaliza\u00e7\u00e3o, a &hellip; Evite transtorno no transito, confira o cronograma de obras desta semana divulgado pela Saneamento Tubar\u00e3o Read More &raquo;","og_url":"https:\/\/sulsc.com\/index.php\/2025\/12\/08\/evite-transtorno-no-transito-confira-o-cronograma-de-obras-desta-semana-e-divulgado-pela-saneamento-tubarao\/","article_author":"https:\/\/www.facebook.com\/profile.php?id=61559278119680","article_published_time":"2025-12-08T10:18:30+00:00","article_modified_time":"2025-12-08T10:20:32+00:00","og_image":[{"width":2560,"height":2560,"url":"http:\/\/sulsc.com\/wp-content\/uploads\/2025\/12\/2307.i518.020.F.m005.c9.construction-scaled.jpg","type":"image\/jpeg"}],"author":"Reda\u00e7\u00e3o Sul SC","twitter_card":"summary_large_image","twitter_creator":"@https:\/\/twitter.com\/PortalSulSC","twitter_misc":{"Written by":"Reda\u00e7\u00e3o Sul SC","Est. reading time":"2 minutes"},"schema":{"@context":"https:\/\/schema.org","@graph":[{"@type":"WebPage","@id":"https:\/\/sulsc.com\/index.php\/2025\/12\/08\/evite-transtorno-no-transito-confira-o-cronograma-de-obras-desta-semana-e-divulgado-pela-saneamento-tubarao\/","url":"https:\/\/sulsc.com\/index.php\/2025\/12\/08\/evite-transtorno-no-transito-confira-o-cronograma-de-obras-desta-semana-e-divulgado-pela-saneamento-tubarao\/","name":"Evite transtorno no transito, confira o cronograma de obras desta semana divulgado pela Saneamento Tubar\u00e3o -","isPartOf":{"@id":"https:\/\/sulsc.com\/#website"},"datePublished":"2025-12-08T10:18:30+00:00","dateModified":"2025-12-08T10:20:32+00:00","author":{"@id":"https:\/\/sulsc.com\/#\/schema\/person\/84d2fc571684f6248ba83092f07750a3"},"breadcrumb":{"@id":"https:\/\/sulsc.com\/index.php\/2025\/12\/08\/evite-transtorno-no-transito-confira-o-cronograma-de-obras-desta-semana-e-divulgado-pela-saneamento-tubarao\/#breadcrumb"},"inLanguage":"en-US","potentialAction":[{"@type":"ReadAction","target":["https:\/\/sulsc.com\/index.php\/2025\/12\/08\/evite-transtorno-no-transito-confira-o-cronograma-de-obras-desta-semana-e-divulgado-pela-saneamento-tubarao\/"]}]},{"@type":"BreadcrumbList","@id":"https:\/\/sulsc.com\/index.php\/2025\/12\/08\/evite-transtorno-no-transito-confira-o-cronograma-de-obras-desta-semana-e-divulgado-pela-saneamento-tubarao\/#breadcrumb","itemListElement":[{"@type":"ListItem","position":1,"name":"In\u00edcio","item":"https:\/\/sulsc.com\/"},{"@type":"ListItem","position":2,"name":"Evite transtorno no transito, confira o cronograma de obras desta semana divulgado pela Saneamento Tubar\u00e3o"}]},{"@type":"WebSite","@id":"https:\/\/sulsc.com\/#website","url":"https:\/\/sulsc.com\/","name":"","description":"","potentialAction":[{"@type":"SearchAction","target":{"@type":"EntryPoint","urlTemplate":"https:\/\/sulsc.com\/?s={search_term_string}"},"query-input":"required name=search_term_string"}],"inLanguage":"en-US"},{"@type":"Person","@id":"https:\/\/sulsc.com\/#\/schema\/person\/84d2fc571684f6248ba83092f07750a3","name":"Reda\u00e7\u00e3o Sul SC","image":{"@type":"ImageObject","inLanguage":"en-US","@id":"https:\/\/sulsc.com\/#\/schema\/person\/image\/e08d7fe2cc4ed596372063bbe852b8d0","url":"https:\/\/sulsc.com\/wp-content\/uploads\/2023\/09\/redacao.png","contentUrl":"https:\/\/sulsc.com\/wp-content\/uploads\/2023\/09\/redacao.png","caption":"Reda\u00e7\u00e3o Sul SC"},"description":"Foco em um jornalismo imparcial, voltado \u00e0 qualidade dos seus conte\u00fados e, assim, levar informa\u00e7\u00e3o de valor que agregue \u00e0 vida dos leitores. Esta \u00e9 grande miss\u00e3o do Portal de Not\u00edcias Sul SC. N\u00e3o \u00e9 quantidade que muda o mundo, sempre foi e seguir\u00e1 sendo qualidade!","sameAs":["https:\/\/sulsc.com\/","https:\/\/www.facebook.com\/profile.php?id=61559278119680","https:\/\/www.instagram.com\/sulscportal\/?hl=pt-br","https:\/\/twitter.com\/https:\/\/twitter.com\/PortalSulSC","https:\/\/www.youtube.com\/channel\/UCv_BE8GeySluDov2n8qhVmw"],"url":"https:\/\/sulsc.com\/index.php\/author\/redacao\/"}]}},"authors":[],"_links":{"self":[{"href":"https:\/\/sulsc.com\/index.php\/wp-json\/wp\/v2\/posts\/30571"}],"collection":[{"href":"https:\/\/sulsc.com\/index.php\/wp-json\/wp\/v2\/posts"}],"about":[{"href":"https:\/\/sulsc.com\/index.php\/wp-json\/wp\/v2\/types\/post"}],"author":[{"embeddable":true,"href":"https:\/\/sulsc.com\/index.php\/wp-json\/wp\/v2\/users\/3"}],"replies":[{"embeddable":true,"href":"https:\/\/sulsc.com\/index.php\/wp-json\/wp\/v2\/comments?post=30571"}],"version-history":[{"count":3,"href":"https:\/\/sulsc.com\/index.php\/wp-json\/wp\/v2\/posts\/30571\/revisions"}],"predecessor-version":[{"id":30576,"href":"https:\/\/sulsc.com\/index.php\/wp-json\/wp\/v2\/posts\/30571\/revisions\/30576"}],"wp:featuredmedia":[{"embeddable":true,"href":"https:\/\/sulsc.com\/index.php\/wp-json\/wp\/v2\/media\/30573"}],"wp:attachment":[{"href":"https:\/\/sulsc.com\/index.php\/wp-json\/wp\/v2\/media?parent=30571"}],"wp:term":[{"taxonomy":"category","embeddable":true,"href":"https:\/\/sulsc.com\/index.php\/wp-json\/wp\/v2\/categories?post=30571"},{"taxonomy":"post_tag","embeddable":true,"href":"https:\/\/sulsc.com\/index.php\/wp-json\/wp\/v2\/tags?post=30571"}],"curies":[{"name":"wp","href":"https:\/\/api.w.org\/{rel}","templated":true}]}}