{"id":30605,"date":"2025-12-08T13:00:12","date_gmt":"2025-12-08T16:00:12","guid":{"rendered":"https:\/\/sulsc.com\/?p=30605"},"modified":"2025-12-08T12:14:10","modified_gmt":"2025-12-08T15:14:10","slug":"em-palhoca-15-tonelada-de-carne-impropria-para-consumo-humano-e-apreendida","status":"publish","type":"post","link":"https:\/\/sulsc.com\/index.php\/2025\/12\/08\/em-palhoca-15-tonelada-de-carne-impropria-para-consumo-humano-e-apreendida\/","title":{"rendered":"Em Palho\u00e7a: 1,5 tonelada de carne impr\u00f3pria para consumo humano \u00e9 apreendida"},"content":{"rendered":"<p>Policiais rodovi\u00e1rios federais flagraram cerca de 1,5 tonelada de carnes transportadas de forma irregular na BR-101, em Palho\u00e7a, na manh\u00e3 de s\u00e1bado (6). A carga, destinada a um supermercado em S\u00e3o Jos\u00e9, foi considerada impr\u00f3pria para consumo humano pela Vigil\u00e2ncia Sanit\u00e1ria Estadual.<\/p>\n<p>Durante a fiscaliza\u00e7\u00e3o ao caminh\u00e3o-ba\u00fa, os policiais verificaram que o utilit\u00e1rio transportava 25 caixas de carnes diversas sem refrigera\u00e7\u00e3o adequada. A Vigil\u00e2ncia Sanit\u00e1ria foi acionada e compareceu \u00e0 Unidade Operacional da PRF em Palho\u00e7a para analisar o material.<\/p>\n<div id=\"metaslider-id-25573\" style=\"width: 100%;\" class=\"ml-slider-3-99-0 metaslider metaslider-flex metaslider-25573 ml-slider has-onhover-arrows ms-theme-default-base has-dots-nav\" role=\"region\" aria-label=\"Meio\" data-width=\"1200\">\n    <div id=\"metaslider_container_25573\">\n        <div id=\"metaslider_25573\">\n            <ul class='slides'>\n                <li style=\"display: block; width: 100%;\" class=\"slide-25684 ms-image \" aria-roledescription=\"slide\" data-date=\"2025-07-24 07:55:40\"><img src=\"https:\/\/sulsc.com\/wp-content\/uploads\/2025\/07\/Marr-2-1000x166.jpg\" height=\"200\" width=\"1200\" alt=\"\" class=\"slider-25573 slide-25684 msDefaultImage\" title=\"Marr 2\" \/><\/li>\n                <li style=\"display: none; width: 100%;\" class=\"slide-32412 ms-image \" aria-roledescription=\"slide\" data-date=\"2026-02-18 13:59:46\"><img src=\"https:\/\/sulsc.com\/wp-content\/uploads\/2026\/02\/40dc1580-cad5-4867-bc58-c4243821ad38-1000x166.jpeg\" height=\"200\" width=\"1200\" alt=\"\" class=\"slider-25573 slide-32412 msDefaultImage\" title=\"40dc1580-cad5-4867-bc58-c4243821ad38\" \/><\/li>\n                <li style=\"display: none; width: 100%;\" class=\"slide-32766 ms-image \" aria-roledescription=\"slide\" data-date=\"2026-03-03 17:22:59\"><img src=\"https:\/\/sulsc.com\/wp-content\/uploads\/2026\/03\/271ce739-f268-41c5-8051-3de1a1750359-1000x166.jpeg\" height=\"200\" width=\"1200\" alt=\"\" class=\"slider-25573 slide-32766 msDefaultImage\" title=\"271ce739-f268-41c5-8051-3de1a1750359\" \/><\/li>\n            <\/ul>\n        <\/div>\n        \n    <\/div>\n<\/div>\n<p>Ap\u00f3s a avalia\u00e7\u00e3o, a equipe t\u00e9cnica constatou que a temperatura da carga estava entre 12 e 18\u00b0C, em desacordo com as normas sanit\u00e1rias para o transporte de alimentos perec\u00edveis, que determinam 5\u00b0C como temperatura m\u00e1xima para este produto. Al\u00e9m disso, n\u00e3o havia gelo e caixas de isopor para manter a temperatura da carne at\u00e9 o destino.<\/p>\n<p>O \u00f3rg\u00e3o sanit\u00e1rio determinou a apreens\u00e3o imediata e a destrui\u00e7\u00e3o da carne, que ser\u00e1 inutilizada por uma empresa especializada.<\/p>\n<p><img fetchpriority=\"high\" decoding=\"async\" class=\"alignnone size-full wp-image-30606\" src=\"http:\/\/sulsc.com\/wp-content\/uploads\/2025\/12\/WhatsApp-Image-2025-12-08-at-10.37.16.jpeg\" alt=\"\" width=\"1188\" height=\"835\" srcset=\"https:\/\/sulsc.com\/wp-content\/uploads\/2025\/12\/WhatsApp-Image-2025-12-08-at-10.37.16.jpeg 1188w, https:\/\/sulsc.com\/wp-content\/uploads\/2025\/12\/WhatsApp-Image-2025-12-08-at-10.37.16-300x211.jpeg 300w, https:\/\/sulsc.com\/wp-content\/uploads\/2025\/12\/WhatsApp-Image-2025-12-08-at-10.37.16-1024x720.jpeg 1024w, https:\/\/sulsc.com\/wp-content\/uploads\/2025\/12\/WhatsApp-Image-2025-12-08-at-10.37.16-768x540.jpeg 768w\" sizes=\"(max-width: 1188px) 100vw, 1188px\" \/><\/p>\n","protected":false},"excerpt":{"rendered":"<p>Policiais rodovi\u00e1rios federais flagraram cerca de 1,5 tonelada de carnes transportadas de forma irregular na BR-101, em Palho\u00e7a, na manh\u00e3 de s\u00e1bado (6). A carga, destinada a um supermercado em S\u00e3o Jos\u00e9, foi considerada impr\u00f3pria para consumo humano pela Vigil\u00e2ncia Sanit\u00e1ria Estadual. Durante a fiscaliza\u00e7\u00e3o ao caminh\u00e3o-ba\u00fa, os policiais verificaram que o utilit\u00e1rio transportava 25 &hellip;<\/p>\n<p class=\"read-more\"> <a class=\"\" href=\"https:\/\/sulsc.com\/index.php\/2025\/12\/08\/em-palhoca-15-tonelada-de-carne-impropria-para-consumo-humano-e-apreendida\/\"> <span class=\"screen-reader-text\">Em Palho\u00e7a: 1,5 tonelada de carne impr\u00f3pria para consumo humano \u00e9 apreendida<\/span> Read More &raquo;<\/a><\/p>\n","protected":false},"author":3,"featured_media":30606,"comment_status":"open","ping_status":"open","sticky":false,"template":"","format":"standard","meta":{"site-sidebar-layout":"default","site-content-layout":"","ast-site-content-layout":"default","site-content-style":"default","site-sidebar-style":"default","ast-global-header-display":"","ast-banner-title-visibility":"","ast-main-header-display":"","ast-hfb-above-header-display":"","ast-hfb-below-header-display":"","ast-hfb-mobile-header-display":"","site-post-title":"","ast-breadcrumbs-content":"","ast-featured-img":"","footer-sml-layout":"","theme-transparent-header-meta":"default","adv-header-id-meta":"","stick-header-meta":"","header-above-stick-meta":"","header-main-stick-meta":"","header-below-stick-meta":"","astra-migrate-meta-layouts":"set","footnotes":""},"categories":[8,12],"tags":[],"yoast_head":"<!-- This site is optimized with the Yoast SEO plugin v21.4 - https:\/\/yoast.com\/wordpress\/plugins\/seo\/ -->\n<title>Em Palho\u00e7a: 1,5 tonelada de carne impr\u00f3pria para consumo humano \u00e9 apreendida -<\/title>\n<meta name=\"robots\" content=\"index, follow, max-snippet:-1, max-image-preview:large, max-video-preview:-1\" \/>\n<link rel=\"canonical\" href=\"https:\/\/sulsc.com\/index.php\/2025\/12\/08\/em-palhoca-15-tonelada-de-carne-impropria-para-consumo-humano-e-apreendida\/\" \/>\n<meta property=\"og:locale\" content=\"en_US\" \/>\n<meta property=\"og:type\" content=\"article\" \/>\n<meta property=\"og:title\" content=\"Em Palho\u00e7a: 1,5 tonelada de carne impr\u00f3pria para consumo humano \u00e9 apreendida -\" \/>\n<meta property=\"og:description\" content=\"Policiais rodovi\u00e1rios federais flagraram cerca de 1,5 tonelada de carnes transportadas de forma irregular na BR-101, em Palho\u00e7a, na manh\u00e3 de s\u00e1bado (6). A carga, destinada a um supermercado em S\u00e3o Jos\u00e9, foi considerada impr\u00f3pria para consumo humano pela Vigil\u00e2ncia Sanit\u00e1ria Estadual. Durante a fiscaliza\u00e7\u00e3o ao caminh\u00e3o-ba\u00fa, os policiais verificaram que o utilit\u00e1rio transportava 25 &hellip; Em Palho\u00e7a: 1,5 tonelada de carne impr\u00f3pria para consumo humano \u00e9 apreendida Read More &raquo;\" \/>\n<meta property=\"og:url\" content=\"https:\/\/sulsc.com\/index.php\/2025\/12\/08\/em-palhoca-15-tonelada-de-carne-impropria-para-consumo-humano-e-apreendida\/\" \/>\n<meta property=\"article:author\" content=\"https:\/\/www.facebook.com\/profile.php?id=61559278119680\" \/>\n<meta property=\"article:published_time\" content=\"2025-12-08T16:00:12+00:00\" \/>\n<meta property=\"article:modified_time\" content=\"2025-12-08T15:14:10+00:00\" \/>\n<meta property=\"og:image\" content=\"https:\/\/sulsc.com\/wp-content\/uploads\/2025\/12\/WhatsApp-Image-2025-12-08-at-10.37.16.jpeg\" \/>\n\t<meta property=\"og:image:width\" content=\"1188\" \/>\n\t<meta property=\"og:image:height\" content=\"835\" \/>\n\t<meta property=\"og:image:type\" content=\"image\/jpeg\" \/>\n<meta name=\"author\" content=\"Reda\u00e7\u00e3o Sul SC\" \/>\n<meta name=\"twitter:card\" content=\"summary_large_image\" \/>\n<meta name=\"twitter:creator\" content=\"@https:\/\/twitter.com\/PortalSulSC\" \/>\n<meta name=\"twitter:label1\" content=\"Written by\" \/>\n\t<meta name=\"twitter:data1\" content=\"Reda\u00e7\u00e3o Sul SC\" \/>\n\t<meta name=\"twitter:label2\" content=\"Est. reading time\" \/>\n\t<meta name=\"twitter:data2\" content=\"1 minute\" \/>\n<script type=\"application\/ld+json\" class=\"yoast-schema-graph\">{\"@context\":\"https:\/\/schema.org\",\"@graph\":[{\"@type\":\"WebPage\",\"@id\":\"https:\/\/sulsc.com\/index.php\/2025\/12\/08\/em-palhoca-15-tonelada-de-carne-impropria-para-consumo-humano-e-apreendida\/\",\"url\":\"https:\/\/sulsc.com\/index.php\/2025\/12\/08\/em-palhoca-15-tonelada-de-carne-impropria-para-consumo-humano-e-apreendida\/\",\"name\":\"Em Palho\u00e7a: 1,5 tonelada de carne impr\u00f3pria para consumo humano \u00e9 apreendida -\",\"isPartOf\":{\"@id\":\"https:\/\/sulsc.com\/#website\"},\"datePublished\":\"2025-12-08T16:00:12+00:00\",\"dateModified\":\"2025-12-08T15:14:10+00:00\",\"author\":{\"@id\":\"https:\/\/sulsc.com\/#\/schema\/person\/84d2fc571684f6248ba83092f07750a3\"},\"breadcrumb\":{\"@id\":\"https:\/\/sulsc.com\/index.php\/2025\/12\/08\/em-palhoca-15-tonelada-de-carne-impropria-para-consumo-humano-e-apreendida\/#breadcrumb\"},\"inLanguage\":\"en-US\",\"potentialAction\":[{\"@type\":\"ReadAction\",\"target\":[\"https:\/\/sulsc.com\/index.php\/2025\/12\/08\/em-palhoca-15-tonelada-de-carne-impropria-para-consumo-humano-e-apreendida\/\"]}]},{\"@type\":\"BreadcrumbList\",\"@id\":\"https:\/\/sulsc.com\/index.php\/2025\/12\/08\/em-palhoca-15-tonelada-de-carne-impropria-para-consumo-humano-e-apreendida\/#breadcrumb\",\"itemListElement\":[{\"@type\":\"ListItem\",\"position\":1,\"name\":\"In\u00edcio\",\"item\":\"https:\/\/sulsc.com\/\"},{\"@type\":\"ListItem\",\"position\":2,\"name\":\"Em Palho\u00e7a: 1,5 tonelada de carne impr\u00f3pria para consumo humano \u00e9 apreendida\"}]},{\"@type\":\"WebSite\",\"@id\":\"https:\/\/sulsc.com\/#website\",\"url\":\"https:\/\/sulsc.com\/\",\"name\":\"\",\"description\":\"\",\"potentialAction\":[{\"@type\":\"SearchAction\",\"target\":{\"@type\":\"EntryPoint\",\"urlTemplate\":\"https:\/\/sulsc.com\/?s={search_term_string}\"},\"query-input\":\"required name=search_term_string\"}],\"inLanguage\":\"en-US\"},{\"@type\":\"Person\",\"@id\":\"https:\/\/sulsc.com\/#\/schema\/person\/84d2fc571684f6248ba83092f07750a3\",\"name\":\"Reda\u00e7\u00e3o Sul SC\",\"image\":{\"@type\":\"ImageObject\",\"inLanguage\":\"en-US\",\"@id\":\"https:\/\/sulsc.com\/#\/schema\/person\/image\/e08d7fe2cc4ed596372063bbe852b8d0\",\"url\":\"https:\/\/sulsc.com\/wp-content\/uploads\/2023\/09\/redacao.png\",\"contentUrl\":\"https:\/\/sulsc.com\/wp-content\/uploads\/2023\/09\/redacao.png\",\"caption\":\"Reda\u00e7\u00e3o Sul SC\"},\"description\":\"Foco em um jornalismo imparcial, voltado \u00e0 qualidade dos seus conte\u00fados e, assim, levar informa\u00e7\u00e3o de valor que agregue \u00e0 vida dos leitores. Esta \u00e9 grande miss\u00e3o do Portal de Not\u00edcias Sul SC. N\u00e3o \u00e9 quantidade que muda o mundo, sempre foi e seguir\u00e1 sendo qualidade!\",\"sameAs\":[\"https:\/\/sulsc.com\/\",\"https:\/\/www.facebook.com\/profile.php?id=61559278119680\",\"https:\/\/www.instagram.com\/sulscportal\/?hl=pt-br\",\"https:\/\/twitter.com\/https:\/\/twitter.com\/PortalSulSC\",\"https:\/\/www.youtube.com\/channel\/UCv_BE8GeySluDov2n8qhVmw\"],\"url\":\"https:\/\/sulsc.com\/index.php\/author\/redacao\/\"}]}<\/script>\n<!-- \/ Yoast SEO plugin. -->","yoast_head_json":{"title":"Em Palho\u00e7a: 1,5 tonelada de carne impr\u00f3pria para consumo humano \u00e9 apreendida -","robots":{"index":"index","follow":"follow","max-snippet":"max-snippet:-1","max-image-preview":"max-image-preview:large","max-video-preview":"max-video-preview:-1"},"canonical":"https:\/\/sulsc.com\/index.php\/2025\/12\/08\/em-palhoca-15-tonelada-de-carne-impropria-para-consumo-humano-e-apreendida\/","og_locale":"en_US","og_type":"article","og_title":"Em Palho\u00e7a: 1,5 tonelada de carne impr\u00f3pria para consumo humano \u00e9 apreendida -","og_description":"Policiais rodovi\u00e1rios federais flagraram cerca de 1,5 tonelada de carnes transportadas de forma irregular na BR-101, em Palho\u00e7a, na manh\u00e3 de s\u00e1bado (6). A carga, destinada a um supermercado em S\u00e3o Jos\u00e9, foi considerada impr\u00f3pria para consumo humano pela Vigil\u00e2ncia Sanit\u00e1ria Estadual. Durante a fiscaliza\u00e7\u00e3o ao caminh\u00e3o-ba\u00fa, os policiais verificaram que o utilit\u00e1rio transportava 25 &hellip; Em Palho\u00e7a: 1,5 tonelada de carne impr\u00f3pria para consumo humano \u00e9 apreendida Read More &raquo;","og_url":"https:\/\/sulsc.com\/index.php\/2025\/12\/08\/em-palhoca-15-tonelada-de-carne-impropria-para-consumo-humano-e-apreendida\/","article_author":"https:\/\/www.facebook.com\/profile.php?id=61559278119680","article_published_time":"2025-12-08T16:00:12+00:00","article_modified_time":"2025-12-08T15:14:10+00:00","og_image":[{"width":1188,"height":835,"url":"https:\/\/sulsc.com\/wp-content\/uploads\/2025\/12\/WhatsApp-Image-2025-12-08-at-10.37.16.jpeg","type":"image\/jpeg"}],"author":"Reda\u00e7\u00e3o Sul SC","twitter_card":"summary_large_image","twitter_creator":"@https:\/\/twitter.com\/PortalSulSC","twitter_misc":{"Written by":"Reda\u00e7\u00e3o Sul SC","Est. reading time":"1 minute"},"schema":{"@context":"https:\/\/schema.org","@graph":[{"@type":"WebPage","@id":"https:\/\/sulsc.com\/index.php\/2025\/12\/08\/em-palhoca-15-tonelada-de-carne-impropria-para-consumo-humano-e-apreendida\/","url":"https:\/\/sulsc.com\/index.php\/2025\/12\/08\/em-palhoca-15-tonelada-de-carne-impropria-para-consumo-humano-e-apreendida\/","name":"Em Palho\u00e7a: 1,5 tonelada de carne impr\u00f3pria para consumo humano \u00e9 apreendida -","isPartOf":{"@id":"https:\/\/sulsc.com\/#website"},"datePublished":"2025-12-08T16:00:12+00:00","dateModified":"2025-12-08T15:14:10+00:00","author":{"@id":"https:\/\/sulsc.com\/#\/schema\/person\/84d2fc571684f6248ba83092f07750a3"},"breadcrumb":{"@id":"https:\/\/sulsc.com\/index.php\/2025\/12\/08\/em-palhoca-15-tonelada-de-carne-impropria-para-consumo-humano-e-apreendida\/#breadcrumb"},"inLanguage":"en-US","potentialAction":[{"@type":"ReadAction","target":["https:\/\/sulsc.com\/index.php\/2025\/12\/08\/em-palhoca-15-tonelada-de-carne-impropria-para-consumo-humano-e-apreendida\/"]}]},{"@type":"BreadcrumbList","@id":"https:\/\/sulsc.com\/index.php\/2025\/12\/08\/em-palhoca-15-tonelada-de-carne-impropria-para-consumo-humano-e-apreendida\/#breadcrumb","itemListElement":[{"@type":"ListItem","position":1,"name":"In\u00edcio","item":"https:\/\/sulsc.com\/"},{"@type":"ListItem","position":2,"name":"Em Palho\u00e7a: 1,5 tonelada de carne impr\u00f3pria para consumo humano \u00e9 apreendida"}]},{"@type":"WebSite","@id":"https:\/\/sulsc.com\/#website","url":"https:\/\/sulsc.com\/","name":"","description":"","potentialAction":[{"@type":"SearchAction","target":{"@type":"EntryPoint","urlTemplate":"https:\/\/sulsc.com\/?s={search_term_string}"},"query-input":"required name=search_term_string"}],"inLanguage":"en-US"},{"@type":"Person","@id":"https:\/\/sulsc.com\/#\/schema\/person\/84d2fc571684f6248ba83092f07750a3","name":"Reda\u00e7\u00e3o Sul SC","image":{"@type":"ImageObject","inLanguage":"en-US","@id":"https:\/\/sulsc.com\/#\/schema\/person\/image\/e08d7fe2cc4ed596372063bbe852b8d0","url":"https:\/\/sulsc.com\/wp-content\/uploads\/2023\/09\/redacao.png","contentUrl":"https:\/\/sulsc.com\/wp-content\/uploads\/2023\/09\/redacao.png","caption":"Reda\u00e7\u00e3o Sul SC"},"description":"Foco em um jornalismo imparcial, voltado \u00e0 qualidade dos seus conte\u00fados e, assim, levar informa\u00e7\u00e3o de valor que agregue \u00e0 vida dos leitores. Esta \u00e9 grande miss\u00e3o do Portal de Not\u00edcias Sul SC. N\u00e3o \u00e9 quantidade que muda o mundo, sempre foi e seguir\u00e1 sendo qualidade!","sameAs":["https:\/\/sulsc.com\/","https:\/\/www.facebook.com\/profile.php?id=61559278119680","https:\/\/www.instagram.com\/sulscportal\/?hl=pt-br","https:\/\/twitter.com\/https:\/\/twitter.com\/PortalSulSC","https:\/\/www.youtube.com\/channel\/UCv_BE8GeySluDov2n8qhVmw"],"url":"https:\/\/sulsc.com\/index.php\/author\/redacao\/"}]}},"authors":[],"_links":{"self":[{"href":"https:\/\/sulsc.com\/index.php\/wp-json\/wp\/v2\/posts\/30605"}],"collection":[{"href":"https:\/\/sulsc.com\/index.php\/wp-json\/wp\/v2\/posts"}],"about":[{"href":"https:\/\/sulsc.com\/index.php\/wp-json\/wp\/v2\/types\/post"}],"author":[{"embeddable":true,"href":"https:\/\/sulsc.com\/index.php\/wp-json\/wp\/v2\/users\/3"}],"replies":[{"embeddable":true,"href":"https:\/\/sulsc.com\/index.php\/wp-json\/wp\/v2\/comments?post=30605"}],"version-history":[{"count":1,"href":"https:\/\/sulsc.com\/index.php\/wp-json\/wp\/v2\/posts\/30605\/revisions"}],"predecessor-version":[{"id":30607,"href":"https:\/\/sulsc.com\/index.php\/wp-json\/wp\/v2\/posts\/30605\/revisions\/30607"}],"wp:featuredmedia":[{"embeddable":true,"href":"https:\/\/sulsc.com\/index.php\/wp-json\/wp\/v2\/media\/30606"}],"wp:attachment":[{"href":"https:\/\/sulsc.com\/index.php\/wp-json\/wp\/v2\/media?parent=30605"}],"wp:term":[{"taxonomy":"category","embeddable":true,"href":"https:\/\/sulsc.com\/index.php\/wp-json\/wp\/v2\/categories?post=30605"},{"taxonomy":"post_tag","embeddable":true,"href":"https:\/\/sulsc.com\/index.php\/wp-json\/wp\/v2\/tags?post=30605"}],"curies":[{"name":"wp","href":"https:\/\/api.w.org\/{rel}","templated":true}]}}