{"id":3061,"date":"2023-10-30T09:00:35","date_gmt":"2023-10-30T12:00:35","guid":{"rendered":"https:\/\/sulsc.com\/?p=3061"},"modified":"2023-10-30T08:42:11","modified_gmt":"2023-10-30T11:42:11","slug":"corpo-de-modelo-catarinense-que-estava-desaparecido-e-encontrado-em-sp","status":"publish","type":"post","link":"https:\/\/sulsc.com\/index.php\/2023\/10\/30\/corpo-de-modelo-catarinense-que-estava-desaparecido-e-encontrado-em-sp\/","title":{"rendered":"Corpo de modelo catarinense que estava desaparecido \u00e9 encontrado em SP"},"content":{"rendered":"<p>O corpo do modelo e ator Ricardo C\u00e9sar Merini, de 37 anos, foi encontrado e identificado pela pol\u00edcia de S\u00e3o Paulo. Ele estava pr\u00f3ximo ao Terminal Bandeira, no Centro, no dia 22, e identificado neste s\u00e1bado (28) pelo Instituto de Identifica\u00e7\u00e3o Ricardo Gumbleton Daunt (IIRGD) ap\u00f3s encaminhamento das digitais dactilosc\u00f3picas coletadas pelo IML.<\/p>\n<p>O ator estava desaparecido desde o dia 21, quando foi visto pela \u00faltima vez no bairro da Bela Vista, regi\u00e3o central. Ricardo tinha acabado de chegar de Chapec\u00f3 (SC) e saiu de casa para se encontrar com um amigo.\u00a0A fam\u00edlia foi chamada para fazer o reconhecimento e reclama da demora entre o momento em que ele foi encontrado, dia 22, e quando foi informada a respeito, na sexta (27).<\/p>\n<p>Segundo o Boletim de Ocorr\u00eancia, o corpo de um homem branco, aparentando 30 anos, foi encontrado pr\u00f3ximo ao Viaduto Doutor Eusebio Stevaux, no Centro, com sinais de suic\u00eddio. Uma ambul\u00e2ncia do Samu confirmou a morte. O corpo foi encaminhado ao IML Central sem identifica\u00e7\u00e3o. A causa da morte, de acordo com o m\u00e9dico legista, foi traumatismo craniano.\u00a0As impress\u00f5es digitais foram coletadas por agentes do IML e encaminhadas ao IIRGD para que fosse feita a identifica\u00e7\u00e3o.<\/p>\n<p>Paralelamente, a partir das informa\u00e7\u00f5es do Samu, investigadores do DHPP compareceram ao IML e encontraram bastante semelhan\u00e7a com o desaparecido. De acordo com a apura\u00e7\u00e3o da TV Globo, eles pediram, ent\u00e3o, ao IIRGD, uma consulta, e a identidade da v\u00edtima foi obtida.<\/p>\n<p>Uma amiga do ator contou como foram as \u00faltimas a\u00e7\u00f5es de Ricardo. Segundo Fernanda, &#8220;ele saiu de casa no s\u00e1bado \u00e0 noite depois de chegar do aeroporto. Chegou de uma viagem e se arrumou para encontrar com um amigo que estava a uns minutos dele a p\u00e9 de onde ele mora. Ele saiu a p\u00e9, mas n\u00e3o chegou nesse amigo. Eles estavam se falando por mensagem, mas n\u00e3o mandou mais informa\u00e7\u00e3o&#8221;, afirmou.<\/p>\n<p>Ela disse que o celular do modelo foi localizado em uma favela, e a pol\u00edcia havia sido informada. A fam\u00edlia de Ricardo \u00e9 de Santa Catarina e estava na capital para acompanhar as buscas.<\/p>\n<p><img fetchpriority=\"high\" decoding=\"async\" class=\"alignnone size-large wp-image-3063\" src=\"http:\/\/sulsc.com\/wp-content\/uploads\/2023\/10\/modelo-2-905x1024.webp\" alt=\"\" width=\"905\" height=\"1024\" srcset=\"https:\/\/sulsc.com\/wp-content\/uploads\/2023\/10\/modelo-2-905x1024.webp 905w, https:\/\/sulsc.com\/wp-content\/uploads\/2023\/10\/modelo-2-265x300.webp 265w, https:\/\/sulsc.com\/wp-content\/uploads\/2023\/10\/modelo-2-768x869.webp 768w, https:\/\/sulsc.com\/wp-content\/uploads\/2023\/10\/modelo-2.webp 984w\" sizes=\"(max-width: 905px) 100vw, 905px\" \/><\/p>\n<p>&nbsp;<\/p>\n<p>Fonte: G1<\/p>\n","protected":false},"excerpt":{"rendered":"<p>O corpo do modelo e ator Ricardo C\u00e9sar Merini, de 37 anos, foi encontrado e identificado pela pol\u00edcia de S\u00e3o Paulo. Ele estava pr\u00f3ximo ao Terminal Bandeira, no Centro, no dia 22, e identificado neste s\u00e1bado (28) pelo Instituto de Identifica\u00e7\u00e3o Ricardo Gumbleton Daunt (IIRGD) ap\u00f3s encaminhamento das digitais dactilosc\u00f3picas coletadas pelo IML. O ator &hellip;<\/p>\n<p class=\"read-more\"> <a class=\"\" href=\"https:\/\/sulsc.com\/index.php\/2023\/10\/30\/corpo-de-modelo-catarinense-que-estava-desaparecido-e-encontrado-em-sp\/\"> <span class=\"screen-reader-text\">Corpo de modelo catarinense que estava desaparecido \u00e9 encontrado em SP<\/span> Read More &raquo;<\/a><\/p>\n","protected":false},"author":3,"featured_media":3062,"comment_status":"open","ping_status":"open","sticky":false,"template":"","format":"standard","meta":{"site-sidebar-layout":"default","site-content-layout":"","ast-site-content-layout":"default","site-content-style":"default","site-sidebar-style":"default","ast-global-header-display":"","ast-banner-title-visibility":"","ast-main-header-display":"","ast-hfb-above-header-display":"","ast-hfb-below-header-display":"","ast-hfb-mobile-header-display":"","site-post-title":"","ast-breadcrumbs-content":"","ast-featured-img":"","footer-sml-layout":"","theme-transparent-header-meta":"default","adv-header-id-meta":"","stick-header-meta":"","header-above-stick-meta":"","header-main-stick-meta":"","header-below-stick-meta":"","astra-migrate-meta-layouts":"set","footnotes":""},"categories":[8],"tags":[],"yoast_head":"<!-- This site is optimized with the Yoast SEO plugin v21.4 - https:\/\/yoast.com\/wordpress\/plugins\/seo\/ -->\n<title>Corpo de modelo catarinense que estava desaparecido \u00e9 encontrado em SP -<\/title>\n<meta name=\"robots\" content=\"index, follow, max-snippet:-1, max-image-preview:large, max-video-preview:-1\" \/>\n<link rel=\"canonical\" href=\"https:\/\/sulsc.com\/index.php\/2023\/10\/30\/corpo-de-modelo-catarinense-que-estava-desaparecido-e-encontrado-em-sp\/\" \/>\n<meta property=\"og:locale\" content=\"en_US\" \/>\n<meta property=\"og:type\" content=\"article\" \/>\n<meta property=\"og:title\" content=\"Corpo de modelo catarinense que estava desaparecido \u00e9 encontrado em SP -\" \/>\n<meta property=\"og:description\" content=\"O corpo do modelo e ator Ricardo C\u00e9sar Merini, de 37 anos, foi encontrado e identificado pela pol\u00edcia de S\u00e3o Paulo. Ele estava pr\u00f3ximo ao Terminal Bandeira, no Centro, no dia 22, e identificado neste s\u00e1bado (28) pelo Instituto de Identifica\u00e7\u00e3o Ricardo Gumbleton Daunt (IIRGD) ap\u00f3s encaminhamento das digitais dactilosc\u00f3picas coletadas pelo IML. O ator &hellip; Corpo de modelo catarinense que estava desaparecido \u00e9 encontrado em SP Read More &raquo;\" \/>\n<meta property=\"og:url\" content=\"https:\/\/sulsc.com\/index.php\/2023\/10\/30\/corpo-de-modelo-catarinense-que-estava-desaparecido-e-encontrado-em-sp\/\" \/>\n<meta property=\"article:author\" content=\"https:\/\/www.facebook.com\/profile.php?id=61559278119680\" \/>\n<meta property=\"article:published_time\" content=\"2023-10-30T12:00:35+00:00\" \/>\n<meta property=\"article:modified_time\" content=\"2023-10-30T11:42:11+00:00\" \/>\n<meta property=\"og:image\" content=\"https:\/\/sulsc.com\/wp-content\/uploads\/2023\/10\/1698331346435703.webp\" \/>\n\t<meta property=\"og:image:width\" content=\"984\" \/>\n\t<meta property=\"og:image:height\" content=\"571\" \/>\n\t<meta property=\"og:image:type\" content=\"image\/webp\" \/>\n<meta name=\"author\" content=\"Reda\u00e7\u00e3o Sul SC\" \/>\n<meta name=\"twitter:card\" content=\"summary_large_image\" \/>\n<meta name=\"twitter:creator\" content=\"@https:\/\/twitter.com\/PortalSulSC\" \/>\n<meta name=\"twitter:label1\" content=\"Written by\" \/>\n\t<meta name=\"twitter:data1\" content=\"Reda\u00e7\u00e3o Sul SC\" \/>\n\t<meta name=\"twitter:label2\" content=\"Est. reading time\" \/>\n\t<meta name=\"twitter:data2\" content=\"3 minutes\" \/>\n<script type=\"application\/ld+json\" class=\"yoast-schema-graph\">{\"@context\":\"https:\/\/schema.org\",\"@graph\":[{\"@type\":\"WebPage\",\"@id\":\"https:\/\/sulsc.com\/index.php\/2023\/10\/30\/corpo-de-modelo-catarinense-que-estava-desaparecido-e-encontrado-em-sp\/\",\"url\":\"https:\/\/sulsc.com\/index.php\/2023\/10\/30\/corpo-de-modelo-catarinense-que-estava-desaparecido-e-encontrado-em-sp\/\",\"name\":\"Corpo de modelo catarinense que estava desaparecido \u00e9 encontrado em SP -\",\"isPartOf\":{\"@id\":\"https:\/\/sulsc.com\/#website\"},\"datePublished\":\"2023-10-30T12:00:35+00:00\",\"dateModified\":\"2023-10-30T11:42:11+00:00\",\"author\":{\"@id\":\"https:\/\/sulsc.com\/#\/schema\/person\/84d2fc571684f6248ba83092f07750a3\"},\"breadcrumb\":{\"@id\":\"https:\/\/sulsc.com\/index.php\/2023\/10\/30\/corpo-de-modelo-catarinense-que-estava-desaparecido-e-encontrado-em-sp\/#breadcrumb\"},\"inLanguage\":\"en-US\",\"potentialAction\":[{\"@type\":\"ReadAction\",\"target\":[\"https:\/\/sulsc.com\/index.php\/2023\/10\/30\/corpo-de-modelo-catarinense-que-estava-desaparecido-e-encontrado-em-sp\/\"]}]},{\"@type\":\"BreadcrumbList\",\"@id\":\"https:\/\/sulsc.com\/index.php\/2023\/10\/30\/corpo-de-modelo-catarinense-que-estava-desaparecido-e-encontrado-em-sp\/#breadcrumb\",\"itemListElement\":[{\"@type\":\"ListItem\",\"position\":1,\"name\":\"In\u00edcio\",\"item\":\"https:\/\/sulsc.com\/\"},{\"@type\":\"ListItem\",\"position\":2,\"name\":\"Corpo de modelo catarinense que estava desaparecido \u00e9 encontrado em SP\"}]},{\"@type\":\"WebSite\",\"@id\":\"https:\/\/sulsc.com\/#website\",\"url\":\"https:\/\/sulsc.com\/\",\"name\":\"\",\"description\":\"\",\"potentialAction\":[{\"@type\":\"SearchAction\",\"target\":{\"@type\":\"EntryPoint\",\"urlTemplate\":\"https:\/\/sulsc.com\/?s={search_term_string}\"},\"query-input\":\"required name=search_term_string\"}],\"inLanguage\":\"en-US\"},{\"@type\":\"Person\",\"@id\":\"https:\/\/sulsc.com\/#\/schema\/person\/84d2fc571684f6248ba83092f07750a3\",\"name\":\"Reda\u00e7\u00e3o Sul SC\",\"image\":{\"@type\":\"ImageObject\",\"inLanguage\":\"en-US\",\"@id\":\"https:\/\/sulsc.com\/#\/schema\/person\/image\/e08d7fe2cc4ed596372063bbe852b8d0\",\"url\":\"https:\/\/sulsc.com\/wp-content\/uploads\/2023\/09\/redacao.png\",\"contentUrl\":\"https:\/\/sulsc.com\/wp-content\/uploads\/2023\/09\/redacao.png\",\"caption\":\"Reda\u00e7\u00e3o Sul SC\"},\"description\":\"Foco em um jornalismo imparcial, voltado \u00e0 qualidade dos seus conte\u00fados e, assim, levar informa\u00e7\u00e3o de valor que agregue \u00e0 vida dos leitores. Esta \u00e9 grande miss\u00e3o do Portal de Not\u00edcias Sul SC. N\u00e3o \u00e9 quantidade que muda o mundo, sempre foi e seguir\u00e1 sendo qualidade!\",\"sameAs\":[\"https:\/\/sulsc.com\/\",\"https:\/\/www.facebook.com\/profile.php?id=61559278119680\",\"https:\/\/www.instagram.com\/sulscportal\/?hl=pt-br\",\"https:\/\/twitter.com\/https:\/\/twitter.com\/PortalSulSC\",\"https:\/\/www.youtube.com\/channel\/UCv_BE8GeySluDov2n8qhVmw\"],\"url\":\"https:\/\/sulsc.com\/index.php\/author\/redacao\/\"}]}<\/script>\n<!-- \/ Yoast SEO plugin. -->","yoast_head_json":{"title":"Corpo de modelo catarinense que estava desaparecido \u00e9 encontrado em SP -","robots":{"index":"index","follow":"follow","max-snippet":"max-snippet:-1","max-image-preview":"max-image-preview:large","max-video-preview":"max-video-preview:-1"},"canonical":"https:\/\/sulsc.com\/index.php\/2023\/10\/30\/corpo-de-modelo-catarinense-que-estava-desaparecido-e-encontrado-em-sp\/","og_locale":"en_US","og_type":"article","og_title":"Corpo de modelo catarinense que estava desaparecido \u00e9 encontrado em SP -","og_description":"O corpo do modelo e ator Ricardo C\u00e9sar Merini, de 37 anos, foi encontrado e identificado pela pol\u00edcia de S\u00e3o Paulo. Ele estava pr\u00f3ximo ao Terminal Bandeira, no Centro, no dia 22, e identificado neste s\u00e1bado (28) pelo Instituto de Identifica\u00e7\u00e3o Ricardo Gumbleton Daunt (IIRGD) ap\u00f3s encaminhamento das digitais dactilosc\u00f3picas coletadas pelo IML. O ator &hellip; Corpo de modelo catarinense que estava desaparecido \u00e9 encontrado em SP Read More &raquo;","og_url":"https:\/\/sulsc.com\/index.php\/2023\/10\/30\/corpo-de-modelo-catarinense-que-estava-desaparecido-e-encontrado-em-sp\/","article_author":"https:\/\/www.facebook.com\/profile.php?id=61559278119680","article_published_time":"2023-10-30T12:00:35+00:00","article_modified_time":"2023-10-30T11:42:11+00:00","og_image":[{"width":984,"height":571,"url":"https:\/\/sulsc.com\/wp-content\/uploads\/2023\/10\/1698331346435703.webp","type":"image\/webp"}],"author":"Reda\u00e7\u00e3o Sul SC","twitter_card":"summary_large_image","twitter_creator":"@https:\/\/twitter.com\/PortalSulSC","twitter_misc":{"Written by":"Reda\u00e7\u00e3o Sul SC","Est. reading time":"3 minutes"},"schema":{"@context":"https:\/\/schema.org","@graph":[{"@type":"WebPage","@id":"https:\/\/sulsc.com\/index.php\/2023\/10\/30\/corpo-de-modelo-catarinense-que-estava-desaparecido-e-encontrado-em-sp\/","url":"https:\/\/sulsc.com\/index.php\/2023\/10\/30\/corpo-de-modelo-catarinense-que-estava-desaparecido-e-encontrado-em-sp\/","name":"Corpo de modelo catarinense que estava desaparecido \u00e9 encontrado em SP -","isPartOf":{"@id":"https:\/\/sulsc.com\/#website"},"datePublished":"2023-10-30T12:00:35+00:00","dateModified":"2023-10-30T11:42:11+00:00","author":{"@id":"https:\/\/sulsc.com\/#\/schema\/person\/84d2fc571684f6248ba83092f07750a3"},"breadcrumb":{"@id":"https:\/\/sulsc.com\/index.php\/2023\/10\/30\/corpo-de-modelo-catarinense-que-estava-desaparecido-e-encontrado-em-sp\/#breadcrumb"},"inLanguage":"en-US","potentialAction":[{"@type":"ReadAction","target":["https:\/\/sulsc.com\/index.php\/2023\/10\/30\/corpo-de-modelo-catarinense-que-estava-desaparecido-e-encontrado-em-sp\/"]}]},{"@type":"BreadcrumbList","@id":"https:\/\/sulsc.com\/index.php\/2023\/10\/30\/corpo-de-modelo-catarinense-que-estava-desaparecido-e-encontrado-em-sp\/#breadcrumb","itemListElement":[{"@type":"ListItem","position":1,"name":"In\u00edcio","item":"https:\/\/sulsc.com\/"},{"@type":"ListItem","position":2,"name":"Corpo de modelo catarinense que estava desaparecido \u00e9 encontrado em SP"}]},{"@type":"WebSite","@id":"https:\/\/sulsc.com\/#website","url":"https:\/\/sulsc.com\/","name":"","description":"","potentialAction":[{"@type":"SearchAction","target":{"@type":"EntryPoint","urlTemplate":"https:\/\/sulsc.com\/?s={search_term_string}"},"query-input":"required name=search_term_string"}],"inLanguage":"en-US"},{"@type":"Person","@id":"https:\/\/sulsc.com\/#\/schema\/person\/84d2fc571684f6248ba83092f07750a3","name":"Reda\u00e7\u00e3o Sul SC","image":{"@type":"ImageObject","inLanguage":"en-US","@id":"https:\/\/sulsc.com\/#\/schema\/person\/image\/e08d7fe2cc4ed596372063bbe852b8d0","url":"https:\/\/sulsc.com\/wp-content\/uploads\/2023\/09\/redacao.png","contentUrl":"https:\/\/sulsc.com\/wp-content\/uploads\/2023\/09\/redacao.png","caption":"Reda\u00e7\u00e3o Sul SC"},"description":"Foco em um jornalismo imparcial, voltado \u00e0 qualidade dos seus conte\u00fados e, assim, levar informa\u00e7\u00e3o de valor que agregue \u00e0 vida dos leitores. Esta \u00e9 grande miss\u00e3o do Portal de Not\u00edcias Sul SC. N\u00e3o \u00e9 quantidade que muda o mundo, sempre foi e seguir\u00e1 sendo qualidade!","sameAs":["https:\/\/sulsc.com\/","https:\/\/www.facebook.com\/profile.php?id=61559278119680","https:\/\/www.instagram.com\/sulscportal\/?hl=pt-br","https:\/\/twitter.com\/https:\/\/twitter.com\/PortalSulSC","https:\/\/www.youtube.com\/channel\/UCv_BE8GeySluDov2n8qhVmw"],"url":"https:\/\/sulsc.com\/index.php\/author\/redacao\/"}]}},"authors":[],"_links":{"self":[{"href":"https:\/\/sulsc.com\/index.php\/wp-json\/wp\/v2\/posts\/3061"}],"collection":[{"href":"https:\/\/sulsc.com\/index.php\/wp-json\/wp\/v2\/posts"}],"about":[{"href":"https:\/\/sulsc.com\/index.php\/wp-json\/wp\/v2\/types\/post"}],"author":[{"embeddable":true,"href":"https:\/\/sulsc.com\/index.php\/wp-json\/wp\/v2\/users\/3"}],"replies":[{"embeddable":true,"href":"https:\/\/sulsc.com\/index.php\/wp-json\/wp\/v2\/comments?post=3061"}],"version-history":[{"count":1,"href":"https:\/\/sulsc.com\/index.php\/wp-json\/wp\/v2\/posts\/3061\/revisions"}],"predecessor-version":[{"id":3064,"href":"https:\/\/sulsc.com\/index.php\/wp-json\/wp\/v2\/posts\/3061\/revisions\/3064"}],"wp:featuredmedia":[{"embeddable":true,"href":"https:\/\/sulsc.com\/index.php\/wp-json\/wp\/v2\/media\/3062"}],"wp:attachment":[{"href":"https:\/\/sulsc.com\/index.php\/wp-json\/wp\/v2\/media?parent=3061"}],"wp:term":[{"taxonomy":"category","embeddable":true,"href":"https:\/\/sulsc.com\/index.php\/wp-json\/wp\/v2\/categories?post=3061"},{"taxonomy":"post_tag","embeddable":true,"href":"https:\/\/sulsc.com\/index.php\/wp-json\/wp\/v2\/tags?post=3061"}],"curies":[{"name":"wp","href":"https:\/\/api.w.org\/{rel}","templated":true}]}}