{"id":30612,"date":"2025-12-08T13:22:29","date_gmt":"2025-12-08T16:22:29","guid":{"rendered":"https:\/\/sulsc.com\/?p=30612"},"modified":"2025-12-08T13:22:29","modified_gmt":"2025-12-08T16:22:29","slug":"praca-da-bandeira-em-capivari-de-baixo-recebe-locomotiva-a-vapor-restaurada-pela-ferrovia-tereza-cristina-de-tubarao","status":"publish","type":"post","link":"https:\/\/sulsc.com\/index.php\/2025\/12\/08\/praca-da-bandeira-em-capivari-de-baixo-recebe-locomotiva-a-vapor-restaurada-pela-ferrovia-tereza-cristina-de-tubarao\/","title":{"rendered":"Pra\u00e7a da Bandeira em Capivari de Baixo recebe locomotiva a vapor restaurada pela Ferrovia Tereza Cristina de Tubar\u00e3o"},"content":{"rendered":"<p>A Pra\u00e7a da Bandeira de Capivari de Baixo conta com mais uma atra\u00e7\u00e3o dez da \u00faltima sexta-feira (5). A pra\u00e7a recebeu a m\u00e1quina locomotiva a vapor n\u00famero 1871 totalmente restaurada. O restauro foi executado pela Ferrovia Teresa Cristina (FTC) e a Diamante Gera\u00e7\u00e3o de Energia patrocinou o transporte que foi feito por uma empresa especializada. A m\u00e1quina foi retirada da Pra\u00e7a England, na Avenida Nilton Augusto Sachetti, no dia 14 de novembro, e levada para a oficina central da FTC, em Tubar\u00e3o, para o restauro.<\/p>\n<div id=\"metaslider-id-25573\" style=\"width: 100%;\" class=\"ml-slider-3-99-0 metaslider metaslider-flex metaslider-25573 ml-slider has-onhover-arrows ms-theme-default-base has-dots-nav\" role=\"region\" aria-label=\"Meio\" data-width=\"1200\">\n    <div id=\"metaslider_container_25573\">\n        <div id=\"metaslider_25573\">\n            <ul class='slides'>\n                <li style=\"display: block; width: 100%;\" class=\"slide-25684 ms-image \" aria-roledescription=\"slide\" data-date=\"2025-07-24 07:55:40\"><img src=\"https:\/\/sulsc.com\/wp-content\/uploads\/2025\/07\/Marr-2-1000x166.jpg\" height=\"200\" width=\"1200\" alt=\"\" class=\"slider-25573 slide-25684 msDefaultImage\" title=\"Marr 2\" \/><\/li>\n                <li style=\"display: none; width: 100%;\" class=\"slide-32412 ms-image \" aria-roledescription=\"slide\" data-date=\"2026-02-18 13:59:46\"><img src=\"https:\/\/sulsc.com\/wp-content\/uploads\/2026\/02\/40dc1580-cad5-4867-bc58-c4243821ad38-1000x166.jpeg\" height=\"200\" width=\"1200\" alt=\"\" class=\"slider-25573 slide-32412 msDefaultImage\" title=\"40dc1580-cad5-4867-bc58-c4243821ad38\" \/><\/li>\n                <li style=\"display: none; width: 100%;\" class=\"slide-32766 ms-image \" aria-roledescription=\"slide\" data-date=\"2026-03-03 17:22:59\"><img src=\"https:\/\/sulsc.com\/wp-content\/uploads\/2026\/03\/271ce739-f268-41c5-8051-3de1a1750359-1000x166.jpeg\" height=\"200\" width=\"1200\" alt=\"\" class=\"slider-25573 slide-32766 msDefaultImage\" title=\"271ce739-f268-41c5-8051-3de1a1750359\" \/><\/li>\n            <\/ul>\n        <\/div>\n        \n    <\/div>\n<\/div>\n<p>Na manh\u00e3 desta segunda-feira (8), uma equipe da Secretaria de Infraestrutura iniciaram o trabalho de pintura da base onde ela foi colocada e a instala\u00e7\u00e3o de decora\u00e7\u00e3o natalina.<\/p>\n<p>Segundo a muse\u00f3loga Silvana Silva de Souza, do Museu Ferrovi\u00e1rio de Tubar\u00e3o, a locomotiva n\u00famero 1871 \u00e9 uma maquina para manobras, de pequeno porte, fabricada pela empresa inglesa Manning Wardle Company, mesma fabricante de duas outras locomotivas a vapor: uma, de manobra, classe 0-6-0 ST, n\u00ba 2, de 1916, localizada no Museu Ferrovi\u00e1rio de Tubar\u00e3o e a locomotiva a vapor, manobreira, classe 0-6-0 ST, n\u00ba 3, de 1916, localizado no Parque Diamante + Energia, em Capivari de Baixo. Ambas pertencem ao acervo do Museu Ferrovi\u00e1rio de Tubar\u00e3o.<\/p>\n<p><img fetchpriority=\"high\" decoding=\"async\" class=\"aligncenter size-full wp-image-30613\" src=\"http:\/\/sulsc.com\/wp-content\/uploads\/2025\/12\/5e972119-4e46-4ab6-8f0d-1cac4faab2ed.jpeg\" alt=\"\" width=\"1080\" height=\"1271\" srcset=\"https:\/\/sulsc.com\/wp-content\/uploads\/2025\/12\/5e972119-4e46-4ab6-8f0d-1cac4faab2ed.jpeg 1080w, https:\/\/sulsc.com\/wp-content\/uploads\/2025\/12\/5e972119-4e46-4ab6-8f0d-1cac4faab2ed-255x300.jpeg 255w, https:\/\/sulsc.com\/wp-content\/uploads\/2025\/12\/5e972119-4e46-4ab6-8f0d-1cac4faab2ed-870x1024.jpeg 870w, https:\/\/sulsc.com\/wp-content\/uploads\/2025\/12\/5e972119-4e46-4ab6-8f0d-1cac4faab2ed-768x904.jpeg 768w\" sizes=\"(max-width: 1080px) 100vw, 1080px\" \/><\/p>\n<p>Divulga\u00e7\u00e3o\/SulSC<\/p>\n<p>De acordo com Silvana, ao contr\u00e1rio do que se sup\u00f5e, o n\u00famero 1871 n\u00e3o \u00e9 o ano de fabrica\u00e7\u00e3o da m\u00e1quina j\u00e1 que, de acordo com sua pesquisa, as m\u00e1quinas desta empresa, trazidas ao Brasil, teriam sido fabricadas entre 1912 e 1916. Segundo Silvana, o n\u00famero estampado na lateral provavelmente tem rela\u00e7\u00e3o com a numera\u00e7\u00e3o de patrim\u00f4nio da m\u00e1quina.<br \/>\nEsta locomotiva, pertencente \u00e0 prefeitura de Capivari de Baixo foi restaurada pela FTC em 2018, quando se encontrava no p\u00e1tio da Secretaria de Infraestrutura (Obras). Depois de restaurada tamb\u00e9m pela FTC, ganhou nova casa, coberta e cercada, at\u00e9 o \u00faltimo dia 14 de novembro.<\/p>\n","protected":false},"excerpt":{"rendered":"<p>A Pra\u00e7a da Bandeira de Capivari de Baixo conta com mais uma atra\u00e7\u00e3o dez da \u00faltima sexta-feira (5). A pra\u00e7a recebeu a m\u00e1quina locomotiva a vapor n\u00famero 1871 totalmente restaurada. O restauro foi executado pela Ferrovia Teresa Cristina (FTC) e a Diamante Gera\u00e7\u00e3o de Energia patrocinou o transporte que foi feito por uma empresa especializada. &hellip;<\/p>\n<p class=\"read-more\"> <a class=\"\" href=\"https:\/\/sulsc.com\/index.php\/2025\/12\/08\/praca-da-bandeira-em-capivari-de-baixo-recebe-locomotiva-a-vapor-restaurada-pela-ferrovia-tereza-cristina-de-tubarao\/\"> <span class=\"screen-reader-text\">Pra\u00e7a da Bandeira em Capivari de Baixo recebe locomotiva a vapor restaurada pela Ferrovia Tereza Cristina de Tubar\u00e3o<\/span> Read More &raquo;<\/a><\/p>\n","protected":false},"author":3,"featured_media":30613,"comment_status":"open","ping_status":"open","sticky":false,"template":"","format":"standard","meta":{"site-sidebar-layout":"default","site-content-layout":"","ast-site-content-layout":"default","site-content-style":"default","site-sidebar-style":"default","ast-global-header-display":"","ast-banner-title-visibility":"","ast-main-header-display":"","ast-hfb-above-header-display":"","ast-hfb-below-header-display":"","ast-hfb-mobile-header-display":"","site-post-title":"","ast-breadcrumbs-content":"","ast-featured-img":"","footer-sml-layout":"","theme-transparent-header-meta":"default","adv-header-id-meta":"","stick-header-meta":"","header-above-stick-meta":"","header-main-stick-meta":"","header-below-stick-meta":"","astra-migrate-meta-layouts":"set","footnotes":""},"categories":[2231,42,1,14,12],"tags":[104],"yoast_head":"<!-- This site is optimized with the Yoast SEO plugin v21.4 - https:\/\/yoast.com\/wordpress\/plugins\/seo\/ -->\n<title>Pra\u00e7a da Bandeira em Capivari de Baixo recebe locomotiva a vapor restaurada pela Ferrovia Tereza Cristina de Tubar\u00e3o -<\/title>\n<meta name=\"robots\" content=\"index, follow, max-snippet:-1, max-image-preview:large, max-video-preview:-1\" \/>\n<link rel=\"canonical\" href=\"https:\/\/sulsc.com\/index.php\/2025\/12\/08\/praca-da-bandeira-em-capivari-de-baixo-recebe-locomotiva-a-vapor-restaurada-pela-ferrovia-tereza-cristina-de-tubarao\/\" \/>\n<meta property=\"og:locale\" content=\"en_US\" \/>\n<meta property=\"og:type\" content=\"article\" \/>\n<meta property=\"og:title\" content=\"Pra\u00e7a da Bandeira em Capivari de Baixo recebe locomotiva a vapor restaurada pela Ferrovia Tereza Cristina de Tubar\u00e3o -\" \/>\n<meta property=\"og:description\" content=\"A Pra\u00e7a da Bandeira de Capivari de Baixo conta com mais uma atra\u00e7\u00e3o dez da \u00faltima sexta-feira (5). A pra\u00e7a recebeu a m\u00e1quina locomotiva a vapor n\u00famero 1871 totalmente restaurada. O restauro foi executado pela Ferrovia Teresa Cristina (FTC) e a Diamante Gera\u00e7\u00e3o de Energia patrocinou o transporte que foi feito por uma empresa especializada. &hellip; Pra\u00e7a da Bandeira em Capivari de Baixo recebe locomotiva a vapor restaurada pela Ferrovia Tereza Cristina de Tubar\u00e3o Read More &raquo;\" \/>\n<meta property=\"og:url\" content=\"https:\/\/sulsc.com\/index.php\/2025\/12\/08\/praca-da-bandeira-em-capivari-de-baixo-recebe-locomotiva-a-vapor-restaurada-pela-ferrovia-tereza-cristina-de-tubarao\/\" \/>\n<meta property=\"article:author\" content=\"https:\/\/www.facebook.com\/profile.php?id=61559278119680\" \/>\n<meta property=\"article:published_time\" content=\"2025-12-08T16:22:29+00:00\" \/>\n<meta property=\"og:image\" content=\"http:\/\/sulsc.com\/wp-content\/uploads\/2025\/12\/5e972119-4e46-4ab6-8f0d-1cac4faab2ed.jpeg\" \/>\n\t<meta property=\"og:image:width\" content=\"1080\" \/>\n\t<meta property=\"og:image:height\" content=\"1271\" \/>\n\t<meta property=\"og:image:type\" content=\"image\/jpeg\" \/>\n<meta name=\"author\" content=\"Reda\u00e7\u00e3o Sul SC\" \/>\n<meta name=\"twitter:card\" content=\"summary_large_image\" \/>\n<meta name=\"twitter:creator\" content=\"@https:\/\/twitter.com\/PortalSulSC\" \/>\n<meta name=\"twitter:label1\" content=\"Written by\" \/>\n\t<meta name=\"twitter:data1\" content=\"Reda\u00e7\u00e3o Sul SC\" \/>\n\t<meta name=\"twitter:label2\" content=\"Est. reading time\" \/>\n\t<meta name=\"twitter:data2\" content=\"2 minutes\" \/>\n<script type=\"application\/ld+json\" class=\"yoast-schema-graph\">{\"@context\":\"https:\/\/schema.org\",\"@graph\":[{\"@type\":\"WebPage\",\"@id\":\"https:\/\/sulsc.com\/index.php\/2025\/12\/08\/praca-da-bandeira-em-capivari-de-baixo-recebe-locomotiva-a-vapor-restaurada-pela-ferrovia-tereza-cristina-de-tubarao\/\",\"url\":\"https:\/\/sulsc.com\/index.php\/2025\/12\/08\/praca-da-bandeira-em-capivari-de-baixo-recebe-locomotiva-a-vapor-restaurada-pela-ferrovia-tereza-cristina-de-tubarao\/\",\"name\":\"Pra\u00e7a da Bandeira em Capivari de Baixo recebe locomotiva a vapor restaurada pela Ferrovia Tereza Cristina de Tubar\u00e3o -\",\"isPartOf\":{\"@id\":\"https:\/\/sulsc.com\/#website\"},\"datePublished\":\"2025-12-08T16:22:29+00:00\",\"dateModified\":\"2025-12-08T16:22:29+00:00\",\"author\":{\"@id\":\"https:\/\/sulsc.com\/#\/schema\/person\/84d2fc571684f6248ba83092f07750a3\"},\"breadcrumb\":{\"@id\":\"https:\/\/sulsc.com\/index.php\/2025\/12\/08\/praca-da-bandeira-em-capivari-de-baixo-recebe-locomotiva-a-vapor-restaurada-pela-ferrovia-tereza-cristina-de-tubarao\/#breadcrumb\"},\"inLanguage\":\"en-US\",\"potentialAction\":[{\"@type\":\"ReadAction\",\"target\":[\"https:\/\/sulsc.com\/index.php\/2025\/12\/08\/praca-da-bandeira-em-capivari-de-baixo-recebe-locomotiva-a-vapor-restaurada-pela-ferrovia-tereza-cristina-de-tubarao\/\"]}]},{\"@type\":\"BreadcrumbList\",\"@id\":\"https:\/\/sulsc.com\/index.php\/2025\/12\/08\/praca-da-bandeira-em-capivari-de-baixo-recebe-locomotiva-a-vapor-restaurada-pela-ferrovia-tereza-cristina-de-tubarao\/#breadcrumb\",\"itemListElement\":[{\"@type\":\"ListItem\",\"position\":1,\"name\":\"In\u00edcio\",\"item\":\"https:\/\/sulsc.com\/\"},{\"@type\":\"ListItem\",\"position\":2,\"name\":\"Pra\u00e7a da Bandeira em Capivari de Baixo recebe locomotiva a vapor restaurada pela Ferrovia Tereza Cristina de Tubar\u00e3o\"}]},{\"@type\":\"WebSite\",\"@id\":\"https:\/\/sulsc.com\/#website\",\"url\":\"https:\/\/sulsc.com\/\",\"name\":\"\",\"description\":\"\",\"potentialAction\":[{\"@type\":\"SearchAction\",\"target\":{\"@type\":\"EntryPoint\",\"urlTemplate\":\"https:\/\/sulsc.com\/?s={search_term_string}\"},\"query-input\":\"required name=search_term_string\"}],\"inLanguage\":\"en-US\"},{\"@type\":\"Person\",\"@id\":\"https:\/\/sulsc.com\/#\/schema\/person\/84d2fc571684f6248ba83092f07750a3\",\"name\":\"Reda\u00e7\u00e3o Sul SC\",\"image\":{\"@type\":\"ImageObject\",\"inLanguage\":\"en-US\",\"@id\":\"https:\/\/sulsc.com\/#\/schema\/person\/image\/e08d7fe2cc4ed596372063bbe852b8d0\",\"url\":\"https:\/\/sulsc.com\/wp-content\/uploads\/2023\/09\/redacao.png\",\"contentUrl\":\"https:\/\/sulsc.com\/wp-content\/uploads\/2023\/09\/redacao.png\",\"caption\":\"Reda\u00e7\u00e3o Sul SC\"},\"description\":\"Foco em um jornalismo imparcial, voltado \u00e0 qualidade dos seus conte\u00fados e, assim, levar informa\u00e7\u00e3o de valor que agregue \u00e0 vida dos leitores. Esta \u00e9 grande miss\u00e3o do Portal de Not\u00edcias Sul SC. N\u00e3o \u00e9 quantidade que muda o mundo, sempre foi e seguir\u00e1 sendo qualidade!\",\"sameAs\":[\"https:\/\/sulsc.com\/\",\"https:\/\/www.facebook.com\/profile.php?id=61559278119680\",\"https:\/\/www.instagram.com\/sulscportal\/?hl=pt-br\",\"https:\/\/twitter.com\/https:\/\/twitter.com\/PortalSulSC\",\"https:\/\/www.youtube.com\/channel\/UCv_BE8GeySluDov2n8qhVmw\"],\"url\":\"https:\/\/sulsc.com\/index.php\/author\/redacao\/\"}]}<\/script>\n<!-- \/ Yoast SEO plugin. -->","yoast_head_json":{"title":"Pra\u00e7a da Bandeira em Capivari de Baixo recebe locomotiva a vapor restaurada pela Ferrovia Tereza Cristina de Tubar\u00e3o -","robots":{"index":"index","follow":"follow","max-snippet":"max-snippet:-1","max-image-preview":"max-image-preview:large","max-video-preview":"max-video-preview:-1"},"canonical":"https:\/\/sulsc.com\/index.php\/2025\/12\/08\/praca-da-bandeira-em-capivari-de-baixo-recebe-locomotiva-a-vapor-restaurada-pela-ferrovia-tereza-cristina-de-tubarao\/","og_locale":"en_US","og_type":"article","og_title":"Pra\u00e7a da Bandeira em Capivari de Baixo recebe locomotiva a vapor restaurada pela Ferrovia Tereza Cristina de Tubar\u00e3o -","og_description":"A Pra\u00e7a da Bandeira de Capivari de Baixo conta com mais uma atra\u00e7\u00e3o dez da \u00faltima sexta-feira (5). A pra\u00e7a recebeu a m\u00e1quina locomotiva a vapor n\u00famero 1871 totalmente restaurada. O restauro foi executado pela Ferrovia Teresa Cristina (FTC) e a Diamante Gera\u00e7\u00e3o de Energia patrocinou o transporte que foi feito por uma empresa especializada. &hellip; Pra\u00e7a da Bandeira em Capivari de Baixo recebe locomotiva a vapor restaurada pela Ferrovia Tereza Cristina de Tubar\u00e3o Read More &raquo;","og_url":"https:\/\/sulsc.com\/index.php\/2025\/12\/08\/praca-da-bandeira-em-capivari-de-baixo-recebe-locomotiva-a-vapor-restaurada-pela-ferrovia-tereza-cristina-de-tubarao\/","article_author":"https:\/\/www.facebook.com\/profile.php?id=61559278119680","article_published_time":"2025-12-08T16:22:29+00:00","og_image":[{"width":1080,"height":1271,"url":"http:\/\/sulsc.com\/wp-content\/uploads\/2025\/12\/5e972119-4e46-4ab6-8f0d-1cac4faab2ed.jpeg","type":"image\/jpeg"}],"author":"Reda\u00e7\u00e3o Sul SC","twitter_card":"summary_large_image","twitter_creator":"@https:\/\/twitter.com\/PortalSulSC","twitter_misc":{"Written by":"Reda\u00e7\u00e3o Sul SC","Est. reading time":"2 minutes"},"schema":{"@context":"https:\/\/schema.org","@graph":[{"@type":"WebPage","@id":"https:\/\/sulsc.com\/index.php\/2025\/12\/08\/praca-da-bandeira-em-capivari-de-baixo-recebe-locomotiva-a-vapor-restaurada-pela-ferrovia-tereza-cristina-de-tubarao\/","url":"https:\/\/sulsc.com\/index.php\/2025\/12\/08\/praca-da-bandeira-em-capivari-de-baixo-recebe-locomotiva-a-vapor-restaurada-pela-ferrovia-tereza-cristina-de-tubarao\/","name":"Pra\u00e7a da Bandeira em Capivari de Baixo recebe locomotiva a vapor restaurada pela Ferrovia Tereza Cristina de Tubar\u00e3o -","isPartOf":{"@id":"https:\/\/sulsc.com\/#website"},"datePublished":"2025-12-08T16:22:29+00:00","dateModified":"2025-12-08T16:22:29+00:00","author":{"@id":"https:\/\/sulsc.com\/#\/schema\/person\/84d2fc571684f6248ba83092f07750a3"},"breadcrumb":{"@id":"https:\/\/sulsc.com\/index.php\/2025\/12\/08\/praca-da-bandeira-em-capivari-de-baixo-recebe-locomotiva-a-vapor-restaurada-pela-ferrovia-tereza-cristina-de-tubarao\/#breadcrumb"},"inLanguage":"en-US","potentialAction":[{"@type":"ReadAction","target":["https:\/\/sulsc.com\/index.php\/2025\/12\/08\/praca-da-bandeira-em-capivari-de-baixo-recebe-locomotiva-a-vapor-restaurada-pela-ferrovia-tereza-cristina-de-tubarao\/"]}]},{"@type":"BreadcrumbList","@id":"https:\/\/sulsc.com\/index.php\/2025\/12\/08\/praca-da-bandeira-em-capivari-de-baixo-recebe-locomotiva-a-vapor-restaurada-pela-ferrovia-tereza-cristina-de-tubarao\/#breadcrumb","itemListElement":[{"@type":"ListItem","position":1,"name":"In\u00edcio","item":"https:\/\/sulsc.com\/"},{"@type":"ListItem","position":2,"name":"Pra\u00e7a da Bandeira em Capivari de Baixo recebe locomotiva a vapor restaurada pela Ferrovia Tereza Cristina de Tubar\u00e3o"}]},{"@type":"WebSite","@id":"https:\/\/sulsc.com\/#website","url":"https:\/\/sulsc.com\/","name":"","description":"","potentialAction":[{"@type":"SearchAction","target":{"@type":"EntryPoint","urlTemplate":"https:\/\/sulsc.com\/?s={search_term_string}"},"query-input":"required name=search_term_string"}],"inLanguage":"en-US"},{"@type":"Person","@id":"https:\/\/sulsc.com\/#\/schema\/person\/84d2fc571684f6248ba83092f07750a3","name":"Reda\u00e7\u00e3o Sul SC","image":{"@type":"ImageObject","inLanguage":"en-US","@id":"https:\/\/sulsc.com\/#\/schema\/person\/image\/e08d7fe2cc4ed596372063bbe852b8d0","url":"https:\/\/sulsc.com\/wp-content\/uploads\/2023\/09\/redacao.png","contentUrl":"https:\/\/sulsc.com\/wp-content\/uploads\/2023\/09\/redacao.png","caption":"Reda\u00e7\u00e3o Sul SC"},"description":"Foco em um jornalismo imparcial, voltado \u00e0 qualidade dos seus conte\u00fados e, assim, levar informa\u00e7\u00e3o de valor que agregue \u00e0 vida dos leitores. Esta \u00e9 grande miss\u00e3o do Portal de Not\u00edcias Sul SC. N\u00e3o \u00e9 quantidade que muda o mundo, sempre foi e seguir\u00e1 sendo qualidade!","sameAs":["https:\/\/sulsc.com\/","https:\/\/www.facebook.com\/profile.php?id=61559278119680","https:\/\/www.instagram.com\/sulscportal\/?hl=pt-br","https:\/\/twitter.com\/https:\/\/twitter.com\/PortalSulSC","https:\/\/www.youtube.com\/channel\/UCv_BE8GeySluDov2n8qhVmw"],"url":"https:\/\/sulsc.com\/index.php\/author\/redacao\/"}]}},"authors":[],"_links":{"self":[{"href":"https:\/\/sulsc.com\/index.php\/wp-json\/wp\/v2\/posts\/30612"}],"collection":[{"href":"https:\/\/sulsc.com\/index.php\/wp-json\/wp\/v2\/posts"}],"about":[{"href":"https:\/\/sulsc.com\/index.php\/wp-json\/wp\/v2\/types\/post"}],"author":[{"embeddable":true,"href":"https:\/\/sulsc.com\/index.php\/wp-json\/wp\/v2\/users\/3"}],"replies":[{"embeddable":true,"href":"https:\/\/sulsc.com\/index.php\/wp-json\/wp\/v2\/comments?post=30612"}],"version-history":[{"count":1,"href":"https:\/\/sulsc.com\/index.php\/wp-json\/wp\/v2\/posts\/30612\/revisions"}],"predecessor-version":[{"id":30614,"href":"https:\/\/sulsc.com\/index.php\/wp-json\/wp\/v2\/posts\/30612\/revisions\/30614"}],"wp:featuredmedia":[{"embeddable":true,"href":"https:\/\/sulsc.com\/index.php\/wp-json\/wp\/v2\/media\/30613"}],"wp:attachment":[{"href":"https:\/\/sulsc.com\/index.php\/wp-json\/wp\/v2\/media?parent=30612"}],"wp:term":[{"taxonomy":"category","embeddable":true,"href":"https:\/\/sulsc.com\/index.php\/wp-json\/wp\/v2\/categories?post=30612"},{"taxonomy":"post_tag","embeddable":true,"href":"https:\/\/sulsc.com\/index.php\/wp-json\/wp\/v2\/tags?post=30612"}],"curies":[{"name":"wp","href":"https:\/\/api.w.org\/{rel}","templated":true}]}}