{"id":30618,"date":"2025-12-08T16:25:16","date_gmt":"2025-12-08T19:25:16","guid":{"rendered":"https:\/\/sulsc.com\/?p=30618"},"modified":"2025-12-08T16:27:02","modified_gmt":"2025-12-08T19:27:02","slug":"criciuma-natal-do-centenario-abertura-acontece-nesta-segunda-feira-8-na-praca-nereu-ramos","status":"publish","type":"post","link":"https:\/\/sulsc.com\/index.php\/2025\/12\/08\/criciuma-natal-do-centenario-abertura-acontece-nesta-segunda-feira-8-na-praca-nereu-ramos\/","title":{"rendered":"Crici\u00fama Natal do Centen\u00e1rio: abertura acontece nesta segunda-feira (8) na Pra\u00e7a Nereu Ramos"},"content":{"rendered":"<p><span dir=\"auto\" style=\"vertical-align: inherit;\"><span dir=\"auto\" style=\"vertical-align: inherit;\">Nesta segunda-feira (8) a partir das 20h a Magia do Natal contar\u00e1 com a Pra\u00e7a Nereu Ramos em Crici\u00fama. A abertura oficial do \u201cNatal do Centen\u00e1rio\u201d, com o tradicional desfile natalino na rua Coronel Pedro Benedet, acompanhado da chegada do Papai Noel, no Centro. Para abrir a programa\u00e7\u00e3o da noite, o projeto \u201cA Pra\u00e7a \u00e9 Nossa: Jovens Talentos da M\u00fasica\u201d subir\u00e1 ao palco \u00e0s 19 horas, com a apresenta\u00e7\u00e3o de can\u00e7\u00f5es natalinas. Neste ano, as atra\u00e7\u00f5es ser\u00e3o alusivas aos 100 anos de emancipa\u00e7\u00e3o pol\u00edtico-administrativa da cidade.<\/span><\/span><\/p>\n<p><span dir=\"auto\" style=\"vertical-align: inherit;\"><span dir=\"auto\" style=\"vertical-align: inherit;\">Segundo o prefeito Wagner Espindola <\/span><\/span><strong><span dir=\"auto\" style=\"vertical-align: inherit;\"><span dir=\"auto\" style=\"vertical-align: inherit;\">\u201c <\/span><\/span><\/strong><span dir=\"auto\" style=\"vertical-align: inherit;\"><span dir=\"auto\" style=\"vertical-align: inherit;\">hoje se inicia um dos momentos mais esperados do ano. A abertura do Natal transforma o Centro em um espa\u00e7o de encontro das fam\u00edlias<\/span><\/span><span dir=\"auto\" style=\"vertical-align: inherit;\"><span dir=\"auto\" style=\"vertical-align: inherit;\">, <\/span><\/span><span dir=\"auto\" style=\"vertical-align: inherit;\"><span dir=\"auto\" style=\"vertical-align: inherit;\">de<\/span><\/span><span dir=\"auto\" style=\"vertical-align: inherit;\"><span dir=\"auto\" style=\"vertical-align: inherit;\"> celebra\u00e7\u00e3o e de encanto. Preparamos uma noite especial para marcar o in\u00edcio dessa programa\u00e7\u00e3o que une tradi\u00e7\u00e3o, emo\u00e7\u00e3o e o esp\u00edrito dos 100 anos de emancipa\u00e7\u00e3o da nossa cidade<\/span><span dir=\"auto\" style=\"vertical-align: inherit;\">.<strong>&#8220;<\/strong><\/span><\/span><\/p>\n<div id=\"metaslider-id-25573\" style=\"width: 100%;\" class=\"ml-slider-3-99-0 metaslider metaslider-flex metaslider-25573 ml-slider has-onhover-arrows ms-theme-default-base has-dots-nav\" role=\"region\" aria-label=\"Meio\" data-width=\"1200\">\n    <div id=\"metaslider_container_25573\">\n        <div id=\"metaslider_25573\">\n            <ul class='slides'>\n                <li style=\"display: block; width: 100%;\" class=\"slide-25684 ms-image \" aria-roledescription=\"slide\" data-date=\"2025-07-24 07:55:40\"><img src=\"https:\/\/sulsc.com\/wp-content\/uploads\/2025\/07\/Marr-2-1000x166.jpg\" height=\"200\" width=\"1200\" alt=\"\" class=\"slider-25573 slide-25684 msDefaultImage\" title=\"Marr 2\" \/><\/li>\n                <li style=\"display: none; width: 100%;\" class=\"slide-32412 ms-image \" aria-roledescription=\"slide\" data-date=\"2026-02-18 13:59:46\"><img src=\"https:\/\/sulsc.com\/wp-content\/uploads\/2026\/02\/40dc1580-cad5-4867-bc58-c4243821ad38-1000x166.jpeg\" height=\"200\" width=\"1200\" alt=\"\" class=\"slider-25573 slide-32412 msDefaultImage\" title=\"40dc1580-cad5-4867-bc58-c4243821ad38\" \/><\/li>\n                <li style=\"display: none; width: 100%;\" class=\"slide-32766 ms-image \" aria-roledescription=\"slide\" data-date=\"2026-03-03 17:22:59\"><img src=\"https:\/\/sulsc.com\/wp-content\/uploads\/2026\/03\/271ce739-f268-41c5-8051-3de1a1750359-1000x166.jpeg\" height=\"200\" width=\"1200\" alt=\"\" class=\"slider-25573 slide-32766 msDefaultImage\" title=\"271ce739-f268-41c5-8051-3de1a1750359\" \/><\/li>\n            <\/ul>\n        <\/div>\n        \n    <\/div>\n<\/div>\n<p><span dir=\"auto\" style=\"vertical-align: inherit;\"><span dir=\"auto\" style=\"vertical-align: inherit;\">O desfile tem\u00e1tico ser\u00e1 formado por estudantes das Escolas Municipais de Educa\u00e7\u00e3o B\u00e1sica (EMEBs) e dos Clubes de M\u00e3es da Associa\u00e7\u00e3o Feminina de Assist\u00eancia Social de Crici\u00fama (Afasc). Quem encantar\u00e1 o p\u00fablico ser\u00e3o as bandas das EMEBs Marechal Rondon e Oswaldo H\u00fclse, do projeto \u201cA Pra\u00e7a \u00e9 Nossa: Jovens Talentos da M\u00fasica\u201d. Ao longo do m\u00eas, a atra\u00e7\u00e3o percorrer\u00e1 diversos bairros da cidade, levando magia e encanto aos moradores. A programa\u00e7\u00e3o natalina tamb\u00e9m conta com o apoio da C\u00e2mara de Dirigentes Lojistas (CDL) de Crici\u00fama.<\/span><\/span><\/p>\n<p><strong><span dir=\"auto\" style=\"vertical-align: inherit;\"><span dir=\"auto\" style=\"vertical-align: inherit;\">atra\u00e7\u00f5es na Pra\u00e7a Nereu Ramos<\/span><\/span><\/strong><\/p>\n<p><span dir=\"auto\" style=\"vertical-align: inherit;\"><span dir=\"auto\" style=\"vertical-align: inherit;\">A Pra\u00e7a Nereu Ramos ser\u00e1 o principal ponto de encontro das celebra\u00e7\u00f5es de Natal. O espa\u00e7o recebeu uma roda-gigante, brinquedos gratuitos para as crian\u00e7as, carrinho de choque e ter\u00e1 um palco com atra\u00e7\u00f5es di\u00e1rias entre os dias 9 e 24 de dezembro. Na rua Jo\u00e3o Pessoa, at\u00e9 o encontro com a rua Santo Ant\u00f4nio, ser\u00e1 instalada a \u201cRua da Neve\u201d, onde m\u00e1quinas especiais v\u00e3o simular a queda da neve, criando um cen\u00e1rio l\u00fadico para as crian\u00e7as.<\/span><\/span><\/p>\n<p><span dir=\"auto\" style=\"vertical-align: inherit;\"><span dir=\"auto\" style=\"vertical-align: inherit;\">As \u00e1rvores da pra\u00e7a e outros pontos da cidade tamb\u00e9m foram decoradas com pe\u00e7as artesanais produzidas pelos Clubes de M\u00e3es da Afasc, inspiradas no projeto \u201cEntre Pontos e Ramos\u201d, que utiliza t\u00e9cnicas de tric\u00f4, croch\u00ea e wire bombing para revestir troncos e galhos com n\u00facleos e texturas.<\/span><\/span><\/p>\n<p><img fetchpriority=\"high\" decoding=\"async\" class=\"aligncenter size-full wp-image-30619\" src=\"http:\/\/sulsc.com\/wp-content\/uploads\/2025\/12\/Natal_do_Centenario_Praca_Nereu_Ramos_sera_palco_da_abertura_das_celebracoes_em_Criciuma_nesta_segunda_1.jpeg\" alt=\"\" width=\"2560\" height=\"1706\" srcset=\"https:\/\/sulsc.com\/wp-content\/uploads\/2025\/12\/Natal_do_Centenario_Praca_Nereu_Ramos_sera_palco_da_abertura_das_celebracoes_em_Criciuma_nesta_segunda_1.jpeg 2560w, https:\/\/sulsc.com\/wp-content\/uploads\/2025\/12\/Natal_do_Centenario_Praca_Nereu_Ramos_sera_palco_da_abertura_das_celebracoes_em_Criciuma_nesta_segunda_1-300x200.jpeg 300w, https:\/\/sulsc.com\/wp-content\/uploads\/2025\/12\/Natal_do_Centenario_Praca_Nereu_Ramos_sera_palco_da_abertura_das_celebracoes_em_Criciuma_nesta_segunda_1-1024x682.jpeg 1024w, https:\/\/sulsc.com\/wp-content\/uploads\/2025\/12\/Natal_do_Centenario_Praca_Nereu_Ramos_sera_palco_da_abertura_das_celebracoes_em_Criciuma_nesta_segunda_1-768x512.jpeg 768w, https:\/\/sulsc.com\/wp-content\/uploads\/2025\/12\/Natal_do_Centenario_Praca_Nereu_Ramos_sera_palco_da_abertura_das_celebracoes_em_Criciuma_nesta_segunda_1-1536x1024.jpeg 1536w, https:\/\/sulsc.com\/wp-content\/uploads\/2025\/12\/Natal_do_Centenario_Praca_Nereu_Ramos_sera_palco_da_abertura_das_celebracoes_em_Criciuma_nesta_segunda_1-2048x1365.jpeg 2048w\" sizes=\"(max-width: 2560px) 100vw, 2560px\" \/><\/p>\n<p><span dir=\"auto\" style=\"vertical-align: inherit;\"><span dir=\"auto\" style=\"vertical-align: inherit;\">Divulga\u00e7\u00e3o\/SulSC<\/span><\/span><\/p>\n<p><strong><span dir=\"auto\" style=\"vertical-align: inherit;\"><span dir=\"auto\" style=\"vertical-align: inherit;\">Confira a programa\u00e7\u00e3o de Natal no palco da Pra\u00e7a Nereu Ramos:<\/span><\/span><\/strong><\/p>\n<p><span dir=\"auto\" style=\"vertical-align: inherit;\"><span dir=\"auto\" style=\"vertical-align: inherit;\">12\/09, 20h \u2013 Coral Show Crian\u00e7a Feliz;<\/span><\/span><\/p>\n<p><span dir=\"auto\" style=\"vertical-align: inherit;\"><span dir=\"auto\" style=\"vertical-align: inherit;\">12\/10, 20h \u2013 Cultura Soul Escola de Dan\u00e7a;<\/span><\/span><\/p>\n<p><span dir=\"auto\" style=\"vertical-align: inherit;\"><span dir=\"auto\" style=\"vertical-align: inherit;\">12\/11, 20h \u2013 Scarpatti Est\u00fadio de Dan\u00e7a;<\/span><\/span><\/p>\n<p><span dir=\"auto\" style=\"vertical-align: inherit;\"><span dir=\"auto\" style=\"vertical-align: inherit;\">12\/12, 20h \u2013 Sesc Escola;<\/span><\/span><\/p>\n<p><span dir=\"auto\" style=\"vertical-align: inherit;\"><span dir=\"auto\" style=\"vertical-align: inherit;\">15\/12, 20h \u2013 Orquestra Assembleia de Deus;<\/span><\/span><\/p>\n<p><span dir=\"auto\" style=\"vertical-align: inherit;\"><span dir=\"auto\" style=\"vertical-align: inherit;\">17\/12, 20h \u2013 Banda dos Duendes;<\/span><\/span><\/p>\n<p><span dir=\"auto\" style=\"vertical-align: inherit;\"><span dir=\"auto\" style=\"vertical-align: inherit;\">24\/12, 20h \u2013 Coral Show Crian\u00e7a Feliz.<\/span><\/span><\/p>\n<p><strong><span dir=\"auto\" style=\"vertical-align: inherit;\"><span dir=\"auto\" style=\"vertical-align: inherit;\">Confira a programa\u00e7\u00e3o dos Desfiles de Natal 2025:<\/span><\/span><\/strong><\/p>\n<p><span dir=\"auto\" style=\"vertical-align: inherit;\"><span dir=\"auto\" style=\"vertical-align: inherit;\">12\/08, 20h \u2013 Centro: Abertura oficial do Natal na Rua Cel. Pedro Benedet at\u00e9 a Pra\u00e7a Nereu Ramos;<\/span><\/span><\/p>\n<p><span dir=\"auto\" style=\"vertical-align: inherit;\"><span dir=\"auto\" style=\"vertical-align: inherit;\">12\/09, 20h \u2013 Bairro Santa Luzia;<\/span><\/span><\/p>\n<p><span dir=\"auto\" style=\"vertical-align: inherit;\"><span dir=\"auto\" style=\"vertical-align: inherit;\">12\/10, 20h \u2013 Bairro S\u00e3o Luiz;<\/span><\/span><\/p>\n<p><span dir=\"auto\" style=\"vertical-align: inherit;\"><span dir=\"auto\" style=\"vertical-align: inherit;\">12\/11, 20h \u2013 Bairro Quarta Linha;<\/span><\/span><\/p>\n<p><span dir=\"auto\" style=\"vertical-align: inherit;\"><span dir=\"auto\" style=\"vertical-align: inherit;\">12\/12, 20h \u2013 Distrito de Rio Maina;<\/span><\/span><\/p>\n<p><span dir=\"auto\" style=\"vertical-align: inherit;\"><span dir=\"auto\" style=\"vertical-align: inherit;\">13\/12, 10h \u2013 Segundo desfile no Centro;<\/span><\/span><\/p>\n<p><span dir=\"auto\" style=\"vertical-align: inherit;\"><span dir=\"auto\" style=\"vertical-align: inherit;\">15\/12, 20h \u2013 Bairro Pr\u00f3spera;<\/span><\/span><\/p>\n<p><span dir=\"auto\" style=\"vertical-align: inherit;\"><span dir=\"auto\" style=\"vertical-align: inherit;\">16\/12, 20h \u2013 Bairro Pinheirinho.<\/span><\/span><\/p>\n","protected":false},"excerpt":{"rendered":"<p>Nesta segunda-feira (8) a partir das 20h a Magia do Natal contar\u00e1 com a Pra\u00e7a Nereu Ramos em Crici\u00fama. A abertura oficial do \u201cNatal do Centen\u00e1rio\u201d, com o tradicional desfile natalino na rua Coronel Pedro Benedet, acompanhado da chegada do Papai Noel, no Centro. Para abrir a programa\u00e7\u00e3o da noite, o projeto \u201cA Pra\u00e7a \u00e9 &hellip;<\/p>\n<p class=\"read-more\"> <a class=\"\" href=\"https:\/\/sulsc.com\/index.php\/2025\/12\/08\/criciuma-natal-do-centenario-abertura-acontece-nesta-segunda-feira-8-na-praca-nereu-ramos\/\"> <span class=\"screen-reader-text\">Crici\u00fama Natal do Centen\u00e1rio: abertura acontece nesta segunda-feira (8) na Pra\u00e7a Nereu Ramos<\/span> Read More &raquo;<\/a><\/p>\n","protected":false},"author":3,"featured_media":30619,"comment_status":"open","ping_status":"open","sticky":false,"template":"","format":"standard","meta":{"site-sidebar-layout":"default","site-content-layout":"","ast-site-content-layout":"default","site-content-style":"default","site-sidebar-style":"default","ast-global-header-display":"","ast-banner-title-visibility":"","ast-main-header-display":"","ast-hfb-above-header-display":"","ast-hfb-below-header-display":"","ast-hfb-mobile-header-display":"","site-post-title":"","ast-breadcrumbs-content":"","ast-featured-img":"","footer-sml-layout":"","theme-transparent-header-meta":"default","adv-header-id-meta":"","stick-header-meta":"","header-above-stick-meta":"","header-main-stick-meta":"","header-below-stick-meta":"","astra-migrate-meta-layouts":"set","footnotes":""},"categories":[2354,23,18,1,14,12],"tags":[2268],"yoast_head":"<!-- This site is optimized with the Yoast SEO plugin v21.4 - https:\/\/yoast.com\/wordpress\/plugins\/seo\/ -->\n<title>Crici\u00fama Natal do Centen\u00e1rio: abertura acontece nesta segunda-feira (8) na Pra\u00e7a Nereu Ramos -<\/title>\n<meta name=\"robots\" content=\"index, follow, max-snippet:-1, max-image-preview:large, max-video-preview:-1\" \/>\n<link rel=\"canonical\" href=\"https:\/\/sulsc.com\/index.php\/2025\/12\/08\/criciuma-natal-do-centenario-abertura-acontece-nesta-segunda-feira-8-na-praca-nereu-ramos\/\" \/>\n<meta property=\"og:locale\" content=\"en_US\" \/>\n<meta property=\"og:type\" content=\"article\" \/>\n<meta property=\"og:title\" content=\"Crici\u00fama Natal do Centen\u00e1rio: abertura acontece nesta segunda-feira (8) na Pra\u00e7a Nereu Ramos -\" \/>\n<meta property=\"og:description\" content=\"Nesta segunda-feira (8) a partir das 20h a Magia do Natal contar\u00e1 com a Pra\u00e7a Nereu Ramos em Crici\u00fama. A abertura oficial do \u201cNatal do Centen\u00e1rio\u201d, com o tradicional desfile natalino na rua Coronel Pedro Benedet, acompanhado da chegada do Papai Noel, no Centro. Para abrir a programa\u00e7\u00e3o da noite, o projeto \u201cA Pra\u00e7a \u00e9 &hellip; Crici\u00fama Natal do Centen\u00e1rio: abertura acontece nesta segunda-feira (8) na Pra\u00e7a Nereu Ramos Read More &raquo;\" \/>\n<meta property=\"og:url\" content=\"https:\/\/sulsc.com\/index.php\/2025\/12\/08\/criciuma-natal-do-centenario-abertura-acontece-nesta-segunda-feira-8-na-praca-nereu-ramos\/\" \/>\n<meta property=\"article:author\" content=\"https:\/\/www.facebook.com\/profile.php?id=61559278119680\" \/>\n<meta property=\"article:published_time\" content=\"2025-12-08T19:25:16+00:00\" \/>\n<meta property=\"article:modified_time\" content=\"2025-12-08T19:27:02+00:00\" \/>\n<meta property=\"og:image\" content=\"http:\/\/sulsc.com\/wp-content\/uploads\/2025\/12\/Natal_do_Centenario_Praca_Nereu_Ramos_sera_palco_da_abertura_das_celebracoes_em_Criciuma_nesta_segunda_1.jpeg\" \/>\n\t<meta property=\"og:image:width\" content=\"2560\" \/>\n\t<meta property=\"og:image:height\" content=\"1706\" \/>\n\t<meta property=\"og:image:type\" content=\"image\/jpeg\" \/>\n<meta name=\"author\" content=\"Reda\u00e7\u00e3o Sul SC\" \/>\n<meta name=\"twitter:card\" content=\"summary_large_image\" \/>\n<meta name=\"twitter:creator\" content=\"@https:\/\/twitter.com\/PortalSulSC\" \/>\n<meta name=\"twitter:label1\" content=\"Written by\" \/>\n\t<meta name=\"twitter:data1\" content=\"Reda\u00e7\u00e3o Sul SC\" \/>\n\t<meta name=\"twitter:label2\" content=\"Est. reading time\" \/>\n\t<meta name=\"twitter:data2\" content=\"3 minutes\" \/>\n<script type=\"application\/ld+json\" class=\"yoast-schema-graph\">{\"@context\":\"https:\/\/schema.org\",\"@graph\":[{\"@type\":\"WebPage\",\"@id\":\"https:\/\/sulsc.com\/index.php\/2025\/12\/08\/criciuma-natal-do-centenario-abertura-acontece-nesta-segunda-feira-8-na-praca-nereu-ramos\/\",\"url\":\"https:\/\/sulsc.com\/index.php\/2025\/12\/08\/criciuma-natal-do-centenario-abertura-acontece-nesta-segunda-feira-8-na-praca-nereu-ramos\/\",\"name\":\"Crici\u00fama Natal do Centen\u00e1rio: abertura acontece nesta segunda-feira (8) na Pra\u00e7a Nereu Ramos -\",\"isPartOf\":{\"@id\":\"https:\/\/sulsc.com\/#website\"},\"datePublished\":\"2025-12-08T19:25:16+00:00\",\"dateModified\":\"2025-12-08T19:27:02+00:00\",\"author\":{\"@id\":\"https:\/\/sulsc.com\/#\/schema\/person\/84d2fc571684f6248ba83092f07750a3\"},\"breadcrumb\":{\"@id\":\"https:\/\/sulsc.com\/index.php\/2025\/12\/08\/criciuma-natal-do-centenario-abertura-acontece-nesta-segunda-feira-8-na-praca-nereu-ramos\/#breadcrumb\"},\"inLanguage\":\"en-US\",\"potentialAction\":[{\"@type\":\"ReadAction\",\"target\":[\"https:\/\/sulsc.com\/index.php\/2025\/12\/08\/criciuma-natal-do-centenario-abertura-acontece-nesta-segunda-feira-8-na-praca-nereu-ramos\/\"]}]},{\"@type\":\"BreadcrumbList\",\"@id\":\"https:\/\/sulsc.com\/index.php\/2025\/12\/08\/criciuma-natal-do-centenario-abertura-acontece-nesta-segunda-feira-8-na-praca-nereu-ramos\/#breadcrumb\",\"itemListElement\":[{\"@type\":\"ListItem\",\"position\":1,\"name\":\"In\u00edcio\",\"item\":\"https:\/\/sulsc.com\/\"},{\"@type\":\"ListItem\",\"position\":2,\"name\":\"Crici\u00fama Natal do Centen\u00e1rio: abertura acontece nesta segunda-feira (8) na Pra\u00e7a Nereu Ramos\"}]},{\"@type\":\"WebSite\",\"@id\":\"https:\/\/sulsc.com\/#website\",\"url\":\"https:\/\/sulsc.com\/\",\"name\":\"\",\"description\":\"\",\"potentialAction\":[{\"@type\":\"SearchAction\",\"target\":{\"@type\":\"EntryPoint\",\"urlTemplate\":\"https:\/\/sulsc.com\/?s={search_term_string}\"},\"query-input\":\"required name=search_term_string\"}],\"inLanguage\":\"en-US\"},{\"@type\":\"Person\",\"@id\":\"https:\/\/sulsc.com\/#\/schema\/person\/84d2fc571684f6248ba83092f07750a3\",\"name\":\"Reda\u00e7\u00e3o Sul SC\",\"image\":{\"@type\":\"ImageObject\",\"inLanguage\":\"en-US\",\"@id\":\"https:\/\/sulsc.com\/#\/schema\/person\/image\/e08d7fe2cc4ed596372063bbe852b8d0\",\"url\":\"https:\/\/sulsc.com\/wp-content\/uploads\/2023\/09\/redacao.png\",\"contentUrl\":\"https:\/\/sulsc.com\/wp-content\/uploads\/2023\/09\/redacao.png\",\"caption\":\"Reda\u00e7\u00e3o Sul SC\"},\"description\":\"Foco em um jornalismo imparcial, voltado \u00e0 qualidade dos seus conte\u00fados e, assim, levar informa\u00e7\u00e3o de valor que agregue \u00e0 vida dos leitores. Esta \u00e9 grande miss\u00e3o do Portal de Not\u00edcias Sul SC. N\u00e3o \u00e9 quantidade que muda o mundo, sempre foi e seguir\u00e1 sendo qualidade!\",\"sameAs\":[\"https:\/\/sulsc.com\/\",\"https:\/\/www.facebook.com\/profile.php?id=61559278119680\",\"https:\/\/www.instagram.com\/sulscportal\/?hl=pt-br\",\"https:\/\/twitter.com\/https:\/\/twitter.com\/PortalSulSC\",\"https:\/\/www.youtube.com\/channel\/UCv_BE8GeySluDov2n8qhVmw\"],\"url\":\"https:\/\/sulsc.com\/index.php\/author\/redacao\/\"}]}<\/script>\n<!-- \/ Yoast SEO plugin. -->","yoast_head_json":{"title":"Crici\u00fama Natal do Centen\u00e1rio: abertura acontece nesta segunda-feira (8) na Pra\u00e7a Nereu Ramos -","robots":{"index":"index","follow":"follow","max-snippet":"max-snippet:-1","max-image-preview":"max-image-preview:large","max-video-preview":"max-video-preview:-1"},"canonical":"https:\/\/sulsc.com\/index.php\/2025\/12\/08\/criciuma-natal-do-centenario-abertura-acontece-nesta-segunda-feira-8-na-praca-nereu-ramos\/","og_locale":"en_US","og_type":"article","og_title":"Crici\u00fama Natal do Centen\u00e1rio: abertura acontece nesta segunda-feira (8) na Pra\u00e7a Nereu Ramos -","og_description":"Nesta segunda-feira (8) a partir das 20h a Magia do Natal contar\u00e1 com a Pra\u00e7a Nereu Ramos em Crici\u00fama. A abertura oficial do \u201cNatal do Centen\u00e1rio\u201d, com o tradicional desfile natalino na rua Coronel Pedro Benedet, acompanhado da chegada do Papai Noel, no Centro. Para abrir a programa\u00e7\u00e3o da noite, o projeto \u201cA Pra\u00e7a \u00e9 &hellip; Crici\u00fama Natal do Centen\u00e1rio: abertura acontece nesta segunda-feira (8) na Pra\u00e7a Nereu Ramos Read More &raquo;","og_url":"https:\/\/sulsc.com\/index.php\/2025\/12\/08\/criciuma-natal-do-centenario-abertura-acontece-nesta-segunda-feira-8-na-praca-nereu-ramos\/","article_author":"https:\/\/www.facebook.com\/profile.php?id=61559278119680","article_published_time":"2025-12-08T19:25:16+00:00","article_modified_time":"2025-12-08T19:27:02+00:00","og_image":[{"width":2560,"height":1706,"url":"http:\/\/sulsc.com\/wp-content\/uploads\/2025\/12\/Natal_do_Centenario_Praca_Nereu_Ramos_sera_palco_da_abertura_das_celebracoes_em_Criciuma_nesta_segunda_1.jpeg","type":"image\/jpeg"}],"author":"Reda\u00e7\u00e3o Sul SC","twitter_card":"summary_large_image","twitter_creator":"@https:\/\/twitter.com\/PortalSulSC","twitter_misc":{"Written by":"Reda\u00e7\u00e3o Sul SC","Est. reading time":"3 minutes"},"schema":{"@context":"https:\/\/schema.org","@graph":[{"@type":"WebPage","@id":"https:\/\/sulsc.com\/index.php\/2025\/12\/08\/criciuma-natal-do-centenario-abertura-acontece-nesta-segunda-feira-8-na-praca-nereu-ramos\/","url":"https:\/\/sulsc.com\/index.php\/2025\/12\/08\/criciuma-natal-do-centenario-abertura-acontece-nesta-segunda-feira-8-na-praca-nereu-ramos\/","name":"Crici\u00fama Natal do Centen\u00e1rio: abertura acontece nesta segunda-feira (8) na Pra\u00e7a Nereu Ramos -","isPartOf":{"@id":"https:\/\/sulsc.com\/#website"},"datePublished":"2025-12-08T19:25:16+00:00","dateModified":"2025-12-08T19:27:02+00:00","author":{"@id":"https:\/\/sulsc.com\/#\/schema\/person\/84d2fc571684f6248ba83092f07750a3"},"breadcrumb":{"@id":"https:\/\/sulsc.com\/index.php\/2025\/12\/08\/criciuma-natal-do-centenario-abertura-acontece-nesta-segunda-feira-8-na-praca-nereu-ramos\/#breadcrumb"},"inLanguage":"en-US","potentialAction":[{"@type":"ReadAction","target":["https:\/\/sulsc.com\/index.php\/2025\/12\/08\/criciuma-natal-do-centenario-abertura-acontece-nesta-segunda-feira-8-na-praca-nereu-ramos\/"]}]},{"@type":"BreadcrumbList","@id":"https:\/\/sulsc.com\/index.php\/2025\/12\/08\/criciuma-natal-do-centenario-abertura-acontece-nesta-segunda-feira-8-na-praca-nereu-ramos\/#breadcrumb","itemListElement":[{"@type":"ListItem","position":1,"name":"In\u00edcio","item":"https:\/\/sulsc.com\/"},{"@type":"ListItem","position":2,"name":"Crici\u00fama Natal do Centen\u00e1rio: abertura acontece nesta segunda-feira (8) na Pra\u00e7a Nereu Ramos"}]},{"@type":"WebSite","@id":"https:\/\/sulsc.com\/#website","url":"https:\/\/sulsc.com\/","name":"","description":"","potentialAction":[{"@type":"SearchAction","target":{"@type":"EntryPoint","urlTemplate":"https:\/\/sulsc.com\/?s={search_term_string}"},"query-input":"required name=search_term_string"}],"inLanguage":"en-US"},{"@type":"Person","@id":"https:\/\/sulsc.com\/#\/schema\/person\/84d2fc571684f6248ba83092f07750a3","name":"Reda\u00e7\u00e3o Sul SC","image":{"@type":"ImageObject","inLanguage":"en-US","@id":"https:\/\/sulsc.com\/#\/schema\/person\/image\/e08d7fe2cc4ed596372063bbe852b8d0","url":"https:\/\/sulsc.com\/wp-content\/uploads\/2023\/09\/redacao.png","contentUrl":"https:\/\/sulsc.com\/wp-content\/uploads\/2023\/09\/redacao.png","caption":"Reda\u00e7\u00e3o Sul SC"},"description":"Foco em um jornalismo imparcial, voltado \u00e0 qualidade dos seus conte\u00fados e, assim, levar informa\u00e7\u00e3o de valor que agregue \u00e0 vida dos leitores. Esta \u00e9 grande miss\u00e3o do Portal de Not\u00edcias Sul SC. N\u00e3o \u00e9 quantidade que muda o mundo, sempre foi e seguir\u00e1 sendo qualidade!","sameAs":["https:\/\/sulsc.com\/","https:\/\/www.facebook.com\/profile.php?id=61559278119680","https:\/\/www.instagram.com\/sulscportal\/?hl=pt-br","https:\/\/twitter.com\/https:\/\/twitter.com\/PortalSulSC","https:\/\/www.youtube.com\/channel\/UCv_BE8GeySluDov2n8qhVmw"],"url":"https:\/\/sulsc.com\/index.php\/author\/redacao\/"}]}},"authors":[],"_links":{"self":[{"href":"https:\/\/sulsc.com\/index.php\/wp-json\/wp\/v2\/posts\/30618"}],"collection":[{"href":"https:\/\/sulsc.com\/index.php\/wp-json\/wp\/v2\/posts"}],"about":[{"href":"https:\/\/sulsc.com\/index.php\/wp-json\/wp\/v2\/types\/post"}],"author":[{"embeddable":true,"href":"https:\/\/sulsc.com\/index.php\/wp-json\/wp\/v2\/users\/3"}],"replies":[{"embeddable":true,"href":"https:\/\/sulsc.com\/index.php\/wp-json\/wp\/v2\/comments?post=30618"}],"version-history":[{"count":3,"href":"https:\/\/sulsc.com\/index.php\/wp-json\/wp\/v2\/posts\/30618\/revisions"}],"predecessor-version":[{"id":30622,"href":"https:\/\/sulsc.com\/index.php\/wp-json\/wp\/v2\/posts\/30618\/revisions\/30622"}],"wp:featuredmedia":[{"embeddable":true,"href":"https:\/\/sulsc.com\/index.php\/wp-json\/wp\/v2\/media\/30619"}],"wp:attachment":[{"href":"https:\/\/sulsc.com\/index.php\/wp-json\/wp\/v2\/media?parent=30618"}],"wp:term":[{"taxonomy":"category","embeddable":true,"href":"https:\/\/sulsc.com\/index.php\/wp-json\/wp\/v2\/categories?post=30618"},{"taxonomy":"post_tag","embeddable":true,"href":"https:\/\/sulsc.com\/index.php\/wp-json\/wp\/v2\/tags?post=30618"}],"curies":[{"name":"wp","href":"https:\/\/api.w.org\/{rel}","templated":true}]}}