{"id":30625,"date":"2025-12-08T18:21:17","date_gmt":"2025-12-08T21:21:17","guid":{"rendered":"https:\/\/sulsc.com\/?p=30625"},"modified":"2025-12-08T18:21:17","modified_gmt":"2025-12-08T21:21:17","slug":"aulas-sao-suspensas-na-rede-estadual-por-medida-de-seguranca-ciclone-extratropical-deve-afetar-sc-a-partir-desta-segunda-feira8","status":"publish","type":"post","link":"https:\/\/sulsc.com\/index.php\/2025\/12\/08\/aulas-sao-suspensas-na-rede-estadual-por-medida-de-seguranca-ciclone-extratropical-deve-afetar-sc-a-partir-desta-segunda-feira8\/","title":{"rendered":"Aulas s\u00e3o suspensas na rede estadual por medida de seguran\u00e7a, ciclone extratropical deve afetar SC a partir desta segunda-feira(8)"},"content":{"rendered":"<p>Um ciclone extratropical deve afetar Santa Catarina entre esta segunda-feira (08) e quarta-feira (10), trazendo mudan\u00e7as significativas nas condi\u00e7\u00f5es do tempo no estado. A intensidade dos impactos depender\u00e1 da posi\u00e7\u00e3o e das condi\u00e7\u00f5es atmosf\u00e9ricas associadas ao fen\u00f4meno, por isso, \u00e9 importante que os moradores estejam cientes dos riscos espec\u00edficos de sua regi\u00e3o e tomem as precau\u00e7\u00f5es necess\u00e1rias.<\/p>\n<p>Na sexta-feira, 12, a forma\u00e7\u00e3o de um novo sistema de baixa press\u00e3o entre o Paraguai e o oeste da Regi\u00e3o Sul, volta a deixar o tempo inst\u00e1vel, com condi\u00e7\u00f5es para temporais com chuva pontualmente intensa.<\/p>\n<p><img fetchpriority=\"high\" decoding=\"async\" class=\"aligncenter size-full wp-image-30626\" src=\"http:\/\/sulsc.com\/wp-content\/uploads\/2025\/12\/WhatsApp-Image-2025-12-08-at-14.28.09.jpeg\" alt=\"\" width=\"584\" height=\"389\" srcset=\"https:\/\/sulsc.com\/wp-content\/uploads\/2025\/12\/WhatsApp-Image-2025-12-08-at-14.28.09.jpeg 584w, https:\/\/sulsc.com\/wp-content\/uploads\/2025\/12\/WhatsApp-Image-2025-12-08-at-14.28.09-300x200.jpeg 300w\" sizes=\"(max-width: 584px) 100vw, 584px\" \/><\/p>\n<p>Divulga\u00e7\u00e3o\/SulSC<\/p>\n<p>O Governo de Santa Catarina, por meio da Secretaria de Estado da Educa\u00e7\u00e3o (SED), informa que, em virtude dos alertas da Secretaria de Estado da Prote\u00e7\u00e3o e Defesa Civil e a t\u00edtulo de preven\u00e7\u00e3o, sejam suspensas as aulas nas escolas estaduais nas regi\u00f5es com \u00e1reas em laranja (alto risco) e vermelho (muito alto), conforme a imagem acima.<\/p>\n<p>Desta forma, as aulas do turno vespertino e noturno est\u00e3o suspensas nas \u00e1reas em laranja nesta segunda-feira, 8, e nas \u00e1reas em laranja e vermelho nos turnos matutino e vespertino na ter\u00e7a-feira, 9. A medida j\u00e1 foi comunicada \u00e0s Coordenadorias Regionais de Ensino pela SED.<\/p>\n<div id=\"metaslider-id-25573\" style=\"width: 100%;\" class=\"ml-slider-3-99-0 metaslider metaslider-flex metaslider-25573 ml-slider has-onhover-arrows ms-theme-default-base has-dots-nav\" role=\"region\" aria-label=\"Meio\" data-width=\"1200\">\n    <div id=\"metaslider_container_25573\">\n        <div id=\"metaslider_25573\">\n            <ul class='slides'>\n                <li style=\"display: block; width: 100%;\" class=\"slide-25684 ms-image \" aria-roledescription=\"slide\" data-date=\"2025-07-24 07:55:40\"><img src=\"https:\/\/sulsc.com\/wp-content\/uploads\/2025\/07\/Marr-2-1000x166.jpg\" height=\"200\" width=\"1200\" alt=\"\" class=\"slider-25573 slide-25684 msDefaultImage\" title=\"Marr 2\" \/><\/li>\n                <li style=\"display: none; width: 100%;\" class=\"slide-32412 ms-image \" aria-roledescription=\"slide\" data-date=\"2026-02-18 13:59:46\"><img src=\"https:\/\/sulsc.com\/wp-content\/uploads\/2026\/02\/40dc1580-cad5-4867-bc58-c4243821ad38-1000x166.jpeg\" height=\"200\" width=\"1200\" alt=\"\" class=\"slider-25573 slide-32412 msDefaultImage\" title=\"40dc1580-cad5-4867-bc58-c4243821ad38\" \/><\/li>\n                <li style=\"display: none; width: 100%;\" class=\"slide-32766 ms-image \" aria-roledescription=\"slide\" data-date=\"2026-03-03 17:22:59\"><img src=\"https:\/\/sulsc.com\/wp-content\/uploads\/2026\/03\/271ce739-f268-41c5-8051-3de1a1750359-1000x166.jpeg\" height=\"200\" width=\"1200\" alt=\"\" class=\"slider-25573 slide-32766 msDefaultImage\" title=\"271ce739-f268-41c5-8051-3de1a1750359\" \/><\/li>\n            <\/ul>\n        <\/div>\n        \n    <\/div>\n<\/div>\n<p><strong>A partir de segunda-feira (08),<\/strong> a aproxima\u00e7\u00e3o do ciclone come\u00e7a a afetar o estado. O dia come\u00e7a com sol e temperaturas elevadas, mas com o avan\u00e7o da nebulosidade, o risco de temporais aumenta. Na tarde de segunda-feira, o Oeste catarinense j\u00e1 dever\u00e1 enfrentar chuvas intensas, ventos fortes e poss\u00edvel queda de granizo. A partir da\u00ed, o fen\u00f4meno avan\u00e7a para as regi\u00f5es do Grande Oeste e Planalto Norte, onde o risco de alagamentos, enxurradas, destelhamentos e danos \u00e0 rede el\u00e9trica ser\u00e1 alto. Nas regi\u00f5es do Planalto Sul e Vale do Itaja\u00ed, o risco \u00e9 moderado, e no litoral os temporais ser\u00e3o mais isolados, com baixo risco.<\/p>\n<p><strong>Ter\u00e7a-feira (09),<\/strong> o ciclone passa pelo estado, mantendo o tempo fechado e com chuvas fortes desde a madrugada. A previs\u00e3o \u00e9 de que o risco seja alto em todas as regi\u00f5es, incluindo o litoral, devido \u00e0 possibilidade de alagamentos e enxurradas. Com o tempo mais fechado, as temperaturas caem para cerca de 20\u00b0C. Durante a tarde, o vento se intensifica nas regi\u00f5es costeiras, com rajadas de at\u00e9 80 km\/h, podendo causar danos, como quedas de \u00e1rvores e destelhamentos. A agita\u00e7\u00e3o mar\u00edtima tamb\u00e9m aumenta, com ondas de at\u00e9 3 metros entre a Grande Florian\u00f3polis e o Litoral Sul.<\/p>\n<p><strong>Quarta-feira (10),<\/strong> o ciclone se afasta para alto mar e a instabilidade perde for\u00e7a. No entanto, o vento aumenta, com rajadas entre 60 e 80km\/h na maior parte das regi\u00f5es. Nas \u00e1reas mais costeiras e serranas essas rajadas podem chegar aos 100 km\/h em alguns momentos. Neste dia, ainda s\u00e3o esperadas pancadas de chuva r\u00e1pidas, mas o risco de ocorr\u00eancias diminui.<\/p>\n<p><strong>Mar,<\/strong> fica agitado ao longo da quarta e quinta-feira, 11, com risco de ressaca e ondas entre 3,0 m e 3,5 m, com picos de at\u00e9 4,0 m em alto mar no Litoral Sul. Na quinta, entretanto, n\u00e3o h\u00e1 mais condi\u00e7\u00e3o para chuva e o vento passa a soprar de sudeste.<\/p>\n<p>De acordo com meteorologistas da Prote\u00e7\u00e3o e Defesa Civil de Santa Catarina e da Epagri\/Ciram, o ciclone extratropical previsto para esta semana \u00e9 considerado at\u00edpico por se desenvolver em per\u00edodo mais quente do ano e por se formar muito pr\u00f3ximo da costa, entre Santa Catarina e o Rio Grande do Sul.<\/p>\n<p><img decoding=\"async\" class=\"aligncenter size-full wp-image-30627\" src=\"http:\/\/sulsc.com\/wp-content\/uploads\/2025\/12\/52666873462-2048x1419-1-800x445-1.jpg\" alt=\"\" width=\"800\" height=\"445\" srcset=\"https:\/\/sulsc.com\/wp-content\/uploads\/2025\/12\/52666873462-2048x1419-1-800x445-1.jpg 800w, https:\/\/sulsc.com\/wp-content\/uploads\/2025\/12\/52666873462-2048x1419-1-800x445-1-300x167.jpg 300w, https:\/\/sulsc.com\/wp-content\/uploads\/2025\/12\/52666873462-2048x1419-1-800x445-1-768x427.jpg 768w\" sizes=\"(max-width: 800px) 100vw, 800px\" \/><\/p>\n<p>Divulga\u00e7\u00e3o\/SulSC<\/p>\n<p><strong>Prote\u00e7\u00e3o e Defesa Civil recomenda<\/strong><\/p>\n<p>Diante do cen\u00e1rio de chuva intensa e volumosa, a Secretaria da Prote\u00e7\u00e3o e Defesa Civil alerta para condi\u00e7\u00f5es de fragiliza\u00e7\u00e3o do solo e risco de deslizamentos. O risco geol\u00f3gico est\u00e1 presente em diversas regi\u00f5es do estado, contudo, torna-se modedado na regi\u00e3o da Grande Florian\u00f3polis e no Litoral Sul. Por isso, recomenda-se aten\u00e7\u00e3o especial \u00e0s \u00e1reas de encosta, taludes rodovi\u00e1rios e locais previamente mapeados como \u00e1reas de risco.<\/p>\n<p>Al\u00e9m disso, mantenha-se em local abrigado em caso de temporais, longe de janelas e objetos que possam ser arremessados. Evite tamb\u00e9m transitar pr\u00f3ximo de \u00e1rvores, placas, muros e postes de energia. Jamais, atravesse ruas alagadas ou pontes e pontilh\u00f5es submersos.<\/p>\n","protected":false},"excerpt":{"rendered":"<p>Um ciclone extratropical deve afetar Santa Catarina entre esta segunda-feira (08) e quarta-feira (10), trazendo mudan\u00e7as significativas nas condi\u00e7\u00f5es do tempo no estado. A intensidade dos impactos depender\u00e1 da posi\u00e7\u00e3o e das condi\u00e7\u00f5es atmosf\u00e9ricas associadas ao fen\u00f4meno, por isso, \u00e9 importante que os moradores estejam cientes dos riscos espec\u00edficos de sua regi\u00e3o e tomem as &hellip;<\/p>\n<p class=\"read-more\"> <a class=\"\" href=\"https:\/\/sulsc.com\/index.php\/2025\/12\/08\/aulas-sao-suspensas-na-rede-estadual-por-medida-de-seguranca-ciclone-extratropical-deve-afetar-sc-a-partir-desta-segunda-feira8\/\"> <span class=\"screen-reader-text\">Aulas s\u00e3o suspensas na rede estadual por medida de seguran\u00e7a, ciclone extratropical deve afetar SC a partir desta segunda-feira(8)<\/span> Read More &raquo;<\/a><\/p>\n","protected":false},"author":3,"featured_media":13893,"comment_status":"open","ping_status":"open","sticky":false,"template":"","format":"standard","meta":{"site-sidebar-layout":"default","site-content-layout":"","ast-site-content-layout":"default","site-content-style":"default","site-sidebar-style":"default","ast-global-header-display":"","ast-banner-title-visibility":"","ast-main-header-display":"","ast-hfb-above-header-display":"","ast-hfb-below-header-display":"","ast-hfb-mobile-header-display":"","site-post-title":"","ast-breadcrumbs-content":"","ast-featured-img":"","footer-sml-layout":"","theme-transparent-header-meta":"default","adv-header-id-meta":"","stick-header-meta":"","header-above-stick-meta":"","header-main-stick-meta":"","header-below-stick-meta":"","astra-migrate-meta-layouts":"set","footnotes":""},"categories":[2354,2231,2321,1,14,38,12],"tags":[169],"yoast_head":"<!-- This site is optimized with the Yoast SEO plugin v21.4 - https:\/\/yoast.com\/wordpress\/plugins\/seo\/ -->\n<title>Aulas s\u00e3o suspensas na rede estadual por medida de seguran\u00e7a, ciclone extratropical deve afetar SC a partir desta segunda-feira(8) -<\/title>\n<meta name=\"robots\" content=\"index, follow, max-snippet:-1, max-image-preview:large, max-video-preview:-1\" \/>\n<link rel=\"canonical\" href=\"https:\/\/sulsc.com\/index.php\/2025\/12\/08\/aulas-sao-suspensas-na-rede-estadual-por-medida-de-seguranca-ciclone-extratropical-deve-afetar-sc-a-partir-desta-segunda-feira8\/\" \/>\n<meta property=\"og:locale\" content=\"en_US\" \/>\n<meta property=\"og:type\" content=\"article\" \/>\n<meta property=\"og:title\" content=\"Aulas s\u00e3o suspensas na rede estadual por medida de seguran\u00e7a, ciclone extratropical deve afetar SC a partir desta segunda-feira(8) -\" \/>\n<meta property=\"og:description\" content=\"Um ciclone extratropical deve afetar Santa Catarina entre esta segunda-feira (08) e quarta-feira (10), trazendo mudan\u00e7as significativas nas condi\u00e7\u00f5es do tempo no estado. A intensidade dos impactos depender\u00e1 da posi\u00e7\u00e3o e das condi\u00e7\u00f5es atmosf\u00e9ricas associadas ao fen\u00f4meno, por isso, \u00e9 importante que os moradores estejam cientes dos riscos espec\u00edficos de sua regi\u00e3o e tomem as &hellip; Aulas s\u00e3o suspensas na rede estadual por medida de seguran\u00e7a, ciclone extratropical deve afetar SC a partir desta segunda-feira(8) Read More &raquo;\" \/>\n<meta property=\"og:url\" content=\"https:\/\/sulsc.com\/index.php\/2025\/12\/08\/aulas-sao-suspensas-na-rede-estadual-por-medida-de-seguranca-ciclone-extratropical-deve-afetar-sc-a-partir-desta-segunda-feira8\/\" \/>\n<meta property=\"article:author\" content=\"https:\/\/www.facebook.com\/profile.php?id=61559278119680\" \/>\n<meta property=\"article:published_time\" content=\"2025-12-08T21:21:17+00:00\" \/>\n<meta property=\"og:image\" content=\"http:\/\/sulsc.com\/wp-content\/uploads\/2024\/06\/educa.jpeg\" \/>\n\t<meta property=\"og:image:width\" content=\"620\" \/>\n\t<meta property=\"og:image:height\" content=\"413\" \/>\n\t<meta property=\"og:image:type\" content=\"image\/jpeg\" \/>\n<meta name=\"author\" content=\"Reda\u00e7\u00e3o Sul SC\" \/>\n<meta name=\"twitter:card\" content=\"summary_large_image\" \/>\n<meta name=\"twitter:creator\" content=\"@https:\/\/twitter.com\/PortalSulSC\" \/>\n<meta name=\"twitter:label1\" content=\"Written by\" \/>\n\t<meta name=\"twitter:data1\" content=\"Reda\u00e7\u00e3o Sul SC\" \/>\n\t<meta name=\"twitter:label2\" content=\"Est. reading time\" \/>\n\t<meta name=\"twitter:data2\" content=\"4 minutes\" \/>\n<script type=\"application\/ld+json\" class=\"yoast-schema-graph\">{\"@context\":\"https:\/\/schema.org\",\"@graph\":[{\"@type\":\"WebPage\",\"@id\":\"https:\/\/sulsc.com\/index.php\/2025\/12\/08\/aulas-sao-suspensas-na-rede-estadual-por-medida-de-seguranca-ciclone-extratropical-deve-afetar-sc-a-partir-desta-segunda-feira8\/\",\"url\":\"https:\/\/sulsc.com\/index.php\/2025\/12\/08\/aulas-sao-suspensas-na-rede-estadual-por-medida-de-seguranca-ciclone-extratropical-deve-afetar-sc-a-partir-desta-segunda-feira8\/\",\"name\":\"Aulas s\u00e3o suspensas na rede estadual por medida de seguran\u00e7a, ciclone extratropical deve afetar SC a partir desta segunda-feira(8) -\",\"isPartOf\":{\"@id\":\"https:\/\/sulsc.com\/#website\"},\"datePublished\":\"2025-12-08T21:21:17+00:00\",\"dateModified\":\"2025-12-08T21:21:17+00:00\",\"author\":{\"@id\":\"https:\/\/sulsc.com\/#\/schema\/person\/84d2fc571684f6248ba83092f07750a3\"},\"breadcrumb\":{\"@id\":\"https:\/\/sulsc.com\/index.php\/2025\/12\/08\/aulas-sao-suspensas-na-rede-estadual-por-medida-de-seguranca-ciclone-extratropical-deve-afetar-sc-a-partir-desta-segunda-feira8\/#breadcrumb\"},\"inLanguage\":\"en-US\",\"potentialAction\":[{\"@type\":\"ReadAction\",\"target\":[\"https:\/\/sulsc.com\/index.php\/2025\/12\/08\/aulas-sao-suspensas-na-rede-estadual-por-medida-de-seguranca-ciclone-extratropical-deve-afetar-sc-a-partir-desta-segunda-feira8\/\"]}]},{\"@type\":\"BreadcrumbList\",\"@id\":\"https:\/\/sulsc.com\/index.php\/2025\/12\/08\/aulas-sao-suspensas-na-rede-estadual-por-medida-de-seguranca-ciclone-extratropical-deve-afetar-sc-a-partir-desta-segunda-feira8\/#breadcrumb\",\"itemListElement\":[{\"@type\":\"ListItem\",\"position\":1,\"name\":\"In\u00edcio\",\"item\":\"https:\/\/sulsc.com\/\"},{\"@type\":\"ListItem\",\"position\":2,\"name\":\"Aulas s\u00e3o suspensas na rede estadual por medida de seguran\u00e7a, ciclone extratropical deve afetar SC a partir desta segunda-feira(8)\"}]},{\"@type\":\"WebSite\",\"@id\":\"https:\/\/sulsc.com\/#website\",\"url\":\"https:\/\/sulsc.com\/\",\"name\":\"\",\"description\":\"\",\"potentialAction\":[{\"@type\":\"SearchAction\",\"target\":{\"@type\":\"EntryPoint\",\"urlTemplate\":\"https:\/\/sulsc.com\/?s={search_term_string}\"},\"query-input\":\"required name=search_term_string\"}],\"inLanguage\":\"en-US\"},{\"@type\":\"Person\",\"@id\":\"https:\/\/sulsc.com\/#\/schema\/person\/84d2fc571684f6248ba83092f07750a3\",\"name\":\"Reda\u00e7\u00e3o Sul SC\",\"image\":{\"@type\":\"ImageObject\",\"inLanguage\":\"en-US\",\"@id\":\"https:\/\/sulsc.com\/#\/schema\/person\/image\/e08d7fe2cc4ed596372063bbe852b8d0\",\"url\":\"https:\/\/sulsc.com\/wp-content\/uploads\/2023\/09\/redacao.png\",\"contentUrl\":\"https:\/\/sulsc.com\/wp-content\/uploads\/2023\/09\/redacao.png\",\"caption\":\"Reda\u00e7\u00e3o Sul SC\"},\"description\":\"Foco em um jornalismo imparcial, voltado \u00e0 qualidade dos seus conte\u00fados e, assim, levar informa\u00e7\u00e3o de valor que agregue \u00e0 vida dos leitores. Esta \u00e9 grande miss\u00e3o do Portal de Not\u00edcias Sul SC. N\u00e3o \u00e9 quantidade que muda o mundo, sempre foi e seguir\u00e1 sendo qualidade!\",\"sameAs\":[\"https:\/\/sulsc.com\/\",\"https:\/\/www.facebook.com\/profile.php?id=61559278119680\",\"https:\/\/www.instagram.com\/sulscportal\/?hl=pt-br\",\"https:\/\/twitter.com\/https:\/\/twitter.com\/PortalSulSC\",\"https:\/\/www.youtube.com\/channel\/UCv_BE8GeySluDov2n8qhVmw\"],\"url\":\"https:\/\/sulsc.com\/index.php\/author\/redacao\/\"}]}<\/script>\n<!-- \/ Yoast SEO plugin. -->","yoast_head_json":{"title":"Aulas s\u00e3o suspensas na rede estadual por medida de seguran\u00e7a, ciclone extratropical deve afetar SC a partir desta segunda-feira(8) -","robots":{"index":"index","follow":"follow","max-snippet":"max-snippet:-1","max-image-preview":"max-image-preview:large","max-video-preview":"max-video-preview:-1"},"canonical":"https:\/\/sulsc.com\/index.php\/2025\/12\/08\/aulas-sao-suspensas-na-rede-estadual-por-medida-de-seguranca-ciclone-extratropical-deve-afetar-sc-a-partir-desta-segunda-feira8\/","og_locale":"en_US","og_type":"article","og_title":"Aulas s\u00e3o suspensas na rede estadual por medida de seguran\u00e7a, ciclone extratropical deve afetar SC a partir desta segunda-feira(8) -","og_description":"Um ciclone extratropical deve afetar Santa Catarina entre esta segunda-feira (08) e quarta-feira (10), trazendo mudan\u00e7as significativas nas condi\u00e7\u00f5es do tempo no estado. A intensidade dos impactos depender\u00e1 da posi\u00e7\u00e3o e das condi\u00e7\u00f5es atmosf\u00e9ricas associadas ao fen\u00f4meno, por isso, \u00e9 importante que os moradores estejam cientes dos riscos espec\u00edficos de sua regi\u00e3o e tomem as &hellip; Aulas s\u00e3o suspensas na rede estadual por medida de seguran\u00e7a, ciclone extratropical deve afetar SC a partir desta segunda-feira(8) Read More &raquo;","og_url":"https:\/\/sulsc.com\/index.php\/2025\/12\/08\/aulas-sao-suspensas-na-rede-estadual-por-medida-de-seguranca-ciclone-extratropical-deve-afetar-sc-a-partir-desta-segunda-feira8\/","article_author":"https:\/\/www.facebook.com\/profile.php?id=61559278119680","article_published_time":"2025-12-08T21:21:17+00:00","og_image":[{"width":620,"height":413,"url":"http:\/\/sulsc.com\/wp-content\/uploads\/2024\/06\/educa.jpeg","type":"image\/jpeg"}],"author":"Reda\u00e7\u00e3o Sul SC","twitter_card":"summary_large_image","twitter_creator":"@https:\/\/twitter.com\/PortalSulSC","twitter_misc":{"Written by":"Reda\u00e7\u00e3o Sul SC","Est. reading time":"4 minutes"},"schema":{"@context":"https:\/\/schema.org","@graph":[{"@type":"WebPage","@id":"https:\/\/sulsc.com\/index.php\/2025\/12\/08\/aulas-sao-suspensas-na-rede-estadual-por-medida-de-seguranca-ciclone-extratropical-deve-afetar-sc-a-partir-desta-segunda-feira8\/","url":"https:\/\/sulsc.com\/index.php\/2025\/12\/08\/aulas-sao-suspensas-na-rede-estadual-por-medida-de-seguranca-ciclone-extratropical-deve-afetar-sc-a-partir-desta-segunda-feira8\/","name":"Aulas s\u00e3o suspensas na rede estadual por medida de seguran\u00e7a, ciclone extratropical deve afetar SC a partir desta segunda-feira(8) -","isPartOf":{"@id":"https:\/\/sulsc.com\/#website"},"datePublished":"2025-12-08T21:21:17+00:00","dateModified":"2025-12-08T21:21:17+00:00","author":{"@id":"https:\/\/sulsc.com\/#\/schema\/person\/84d2fc571684f6248ba83092f07750a3"},"breadcrumb":{"@id":"https:\/\/sulsc.com\/index.php\/2025\/12\/08\/aulas-sao-suspensas-na-rede-estadual-por-medida-de-seguranca-ciclone-extratropical-deve-afetar-sc-a-partir-desta-segunda-feira8\/#breadcrumb"},"inLanguage":"en-US","potentialAction":[{"@type":"ReadAction","target":["https:\/\/sulsc.com\/index.php\/2025\/12\/08\/aulas-sao-suspensas-na-rede-estadual-por-medida-de-seguranca-ciclone-extratropical-deve-afetar-sc-a-partir-desta-segunda-feira8\/"]}]},{"@type":"BreadcrumbList","@id":"https:\/\/sulsc.com\/index.php\/2025\/12\/08\/aulas-sao-suspensas-na-rede-estadual-por-medida-de-seguranca-ciclone-extratropical-deve-afetar-sc-a-partir-desta-segunda-feira8\/#breadcrumb","itemListElement":[{"@type":"ListItem","position":1,"name":"In\u00edcio","item":"https:\/\/sulsc.com\/"},{"@type":"ListItem","position":2,"name":"Aulas s\u00e3o suspensas na rede estadual por medida de seguran\u00e7a, ciclone extratropical deve afetar SC a partir desta segunda-feira(8)"}]},{"@type":"WebSite","@id":"https:\/\/sulsc.com\/#website","url":"https:\/\/sulsc.com\/","name":"","description":"","potentialAction":[{"@type":"SearchAction","target":{"@type":"EntryPoint","urlTemplate":"https:\/\/sulsc.com\/?s={search_term_string}"},"query-input":"required name=search_term_string"}],"inLanguage":"en-US"},{"@type":"Person","@id":"https:\/\/sulsc.com\/#\/schema\/person\/84d2fc571684f6248ba83092f07750a3","name":"Reda\u00e7\u00e3o Sul SC","image":{"@type":"ImageObject","inLanguage":"en-US","@id":"https:\/\/sulsc.com\/#\/schema\/person\/image\/e08d7fe2cc4ed596372063bbe852b8d0","url":"https:\/\/sulsc.com\/wp-content\/uploads\/2023\/09\/redacao.png","contentUrl":"https:\/\/sulsc.com\/wp-content\/uploads\/2023\/09\/redacao.png","caption":"Reda\u00e7\u00e3o Sul SC"},"description":"Foco em um jornalismo imparcial, voltado \u00e0 qualidade dos seus conte\u00fados e, assim, levar informa\u00e7\u00e3o de valor que agregue \u00e0 vida dos leitores. Esta \u00e9 grande miss\u00e3o do Portal de Not\u00edcias Sul SC. N\u00e3o \u00e9 quantidade que muda o mundo, sempre foi e seguir\u00e1 sendo qualidade!","sameAs":["https:\/\/sulsc.com\/","https:\/\/www.facebook.com\/profile.php?id=61559278119680","https:\/\/www.instagram.com\/sulscportal\/?hl=pt-br","https:\/\/twitter.com\/https:\/\/twitter.com\/PortalSulSC","https:\/\/www.youtube.com\/channel\/UCv_BE8GeySluDov2n8qhVmw"],"url":"https:\/\/sulsc.com\/index.php\/author\/redacao\/"}]}},"authors":[],"_links":{"self":[{"href":"https:\/\/sulsc.com\/index.php\/wp-json\/wp\/v2\/posts\/30625"}],"collection":[{"href":"https:\/\/sulsc.com\/index.php\/wp-json\/wp\/v2\/posts"}],"about":[{"href":"https:\/\/sulsc.com\/index.php\/wp-json\/wp\/v2\/types\/post"}],"author":[{"embeddable":true,"href":"https:\/\/sulsc.com\/index.php\/wp-json\/wp\/v2\/users\/3"}],"replies":[{"embeddable":true,"href":"https:\/\/sulsc.com\/index.php\/wp-json\/wp\/v2\/comments?post=30625"}],"version-history":[{"count":1,"href":"https:\/\/sulsc.com\/index.php\/wp-json\/wp\/v2\/posts\/30625\/revisions"}],"predecessor-version":[{"id":30628,"href":"https:\/\/sulsc.com\/index.php\/wp-json\/wp\/v2\/posts\/30625\/revisions\/30628"}],"wp:featuredmedia":[{"embeddable":true,"href":"https:\/\/sulsc.com\/index.php\/wp-json\/wp\/v2\/media\/13893"}],"wp:attachment":[{"href":"https:\/\/sulsc.com\/index.php\/wp-json\/wp\/v2\/media?parent=30625"}],"wp:term":[{"taxonomy":"category","embeddable":true,"href":"https:\/\/sulsc.com\/index.php\/wp-json\/wp\/v2\/categories?post=30625"},{"taxonomy":"post_tag","embeddable":true,"href":"https:\/\/sulsc.com\/index.php\/wp-json\/wp\/v2\/tags?post=30625"}],"curies":[{"name":"wp","href":"https:\/\/api.w.org\/{rel}","templated":true}]}}