{"id":30644,"date":"2025-12-09T09:32:06","date_gmt":"2025-12-09T12:32:06","guid":{"rendered":"https:\/\/sulsc.com\/?p=30644"},"modified":"2025-12-09T09:32:44","modified_gmt":"2025-12-09T12:32:44","slug":"projeto-de-lei-referente-a-cotas-raciais-tem-votacao-rejeitada-sobre-manifestacoes-e-protestos-no-legislativo-tubaronense","status":"publish","type":"post","link":"https:\/\/sulsc.com\/index.php\/2025\/12\/09\/projeto-de-lei-referente-a-cotas-raciais-tem-votacao-rejeitada-sobre-manifestacoes-e-protestos-no-legislativo-tubaronense\/","title":{"rendered":"Projeto de Lei referente a cotas raciais tem vota\u00e7\u00e3o rejeitada sobre manifesta\u00e7\u00f5es e protestos no legislativo tubaronense"},"content":{"rendered":"<p><span dir=\"auto\" style=\"vertical-align: inherit;\"><span dir=\"auto\" style=\"vertical-align: inherit;\"><span dir=\"auto\" style=\"vertical-align: inherit;\"><span dir=\"auto\" style=\"vertical-align: inherit;\">O Projeto de Lei Ordin\u00e1ria N\u00ba 0057\/2025, que propunha uma reserva de 20% das vagas em concursos p\u00fablicos municipais para pessoas autodeclaradas negras em Tubar\u00e3o, foi rejeitado em sua primeira vota\u00e7\u00e3o na se\u00e7\u00e3o da C\u00e2mara de Vereadores na noite desta segunda-feira (8).<\/span><\/span><\/span><\/span><\/p>\n<div id=\"metaslider-id-25573\" style=\"width: 100%;\" class=\"ml-slider-3-99-0 metaslider metaslider-flex metaslider-25573 ml-slider has-onhover-arrows ms-theme-default-base has-dots-nav\" role=\"region\" aria-label=\"Meio\" data-width=\"1200\">\n    <div id=\"metaslider_container_25573\">\n        <div id=\"metaslider_25573\">\n            <ul class='slides'>\n                <li style=\"display: block; width: 100%;\" class=\"slide-25684 ms-image \" aria-roledescription=\"slide\" data-date=\"2025-07-24 07:55:40\"><img src=\"https:\/\/sulsc.com\/wp-content\/uploads\/2025\/07\/Marr-2-1000x166.jpg\" height=\"200\" width=\"1200\" alt=\"\" class=\"slider-25573 slide-25684 msDefaultImage\" title=\"Marr 2\" \/><\/li>\n                <li style=\"display: none; width: 100%;\" class=\"slide-32412 ms-image \" aria-roledescription=\"slide\" data-date=\"2026-02-18 13:59:46\"><img src=\"https:\/\/sulsc.com\/wp-content\/uploads\/2026\/02\/40dc1580-cad5-4867-bc58-c4243821ad38-1000x166.jpeg\" height=\"200\" width=\"1200\" alt=\"\" class=\"slider-25573 slide-32412 msDefaultImage\" title=\"40dc1580-cad5-4867-bc58-c4243821ad38\" \/><\/li>\n                <li style=\"display: none; width: 100%;\" class=\"slide-32766 ms-image \" aria-roledescription=\"slide\" data-date=\"2026-03-03 17:22:59\"><img src=\"https:\/\/sulsc.com\/wp-content\/uploads\/2026\/03\/271ce739-f268-41c5-8051-3de1a1750359-1000x166.jpeg\" height=\"200\" width=\"1200\" alt=\"\" class=\"slider-25573 slide-32766 msDefaultImage\" title=\"271ce739-f268-41c5-8051-3de1a1750359\" \/><\/li>\n            <\/ul>\n        <\/div>\n        \n    <\/div>\n<\/div>\n<p><span dir=\"auto\" style=\"vertical-align: inherit;\"><span dir=\"auto\" style=\"vertical-align: inherit;\"><span dir=\"auto\" style=\"vertical-align: inherit;\"><span dir=\"auto\" style=\"vertical-align: inherit;\">A vota\u00e7\u00e3o terminou com um placar de 10 votos contr\u00e1rios e apenas 4 votos declarados, confirmando a abrang\u00eancia de que a mat\u00e9ria n\u00e3o encontraria respaldo majorit\u00e1rio no Legislativo.<\/span><\/span><\/span><\/span><\/p>\n<p><span dir=\"auto\" style=\"vertical-align: inherit;\"><span dir=\"auto\" style=\"vertical-align: inherit;\"><span dir=\"auto\" style=\"vertical-align: inherit;\"><span dir=\"auto\" style=\"vertical-align: inherit;\">A inclus\u00e3o do material, que buscava promover a diversidade e corrigir desigualdades hist\u00f3ricas, foi corrigida no arquivamento imediato do Projeto de Lei.<\/span><\/span><\/span><\/span><\/p>\n<p><img fetchpriority=\"high\" decoding=\"async\" class=\"aligncenter size-full wp-image-30642\" src=\"http:\/\/sulsc.com\/wp-content\/uploads\/2025\/12\/IMG_9295-1-scaled.jpg\" alt=\"\" width=\"2560\" height=\"1920\" srcset=\"https:\/\/sulsc.com\/wp-content\/uploads\/2025\/12\/IMG_9295-1-scaled.jpg 2560w, https:\/\/sulsc.com\/wp-content\/uploads\/2025\/12\/IMG_9295-1-300x225.jpg 300w, https:\/\/sulsc.com\/wp-content\/uploads\/2025\/12\/IMG_9295-1-1024x768.jpg 1024w, https:\/\/sulsc.com\/wp-content\/uploads\/2025\/12\/IMG_9295-1-768x576.jpg 768w, https:\/\/sulsc.com\/wp-content\/uploads\/2025\/12\/IMG_9295-1-1536x1152.jpg 1536w, https:\/\/sulsc.com\/wp-content\/uploads\/2025\/12\/IMG_9295-1-2048x1536.jpg 2048w\" sizes=\"(max-width: 2560px) 100vw, 2560px\" \/><\/p>\n<p>Fotos: SulSC<\/p>\n<p><strong><span dir=\"auto\" style=\"vertical-align: inherit;\"><span dir=\"auto\" style=\"vertical-align: inherit;\"><span dir=\"auto\" style=\"vertical-align: inherit;\"><span dir=\"auto\" style=\"vertical-align: inherit;\">Tens\u00e3o no Plen\u00e1rio e Acusa\u00e7\u00f5es de Racismo<\/span><\/span><\/span><\/span><\/strong><\/p>\n<p><span dir=\"auto\" style=\"vertical-align: inherit;\"><span dir=\"auto\" style=\"vertical-align: inherit;\"><span dir=\"auto\" style=\"vertical-align: inherit;\"><span dir=\"auto\" style=\"vertical-align: inherit;\">O clima durante a vota\u00e7\u00e3o foi de grande tens\u00e3o, com a placa se manifestando a cada voto. A rejei\u00e7\u00e3o do projeto foi seguida de gritos de protesto no plen\u00e1rio. Segundo relatos de pessoas que estavam no plen\u00e1rio da casa, vereadores que votaram contra a proposta foram chamados de &#8220;racistas&#8221; pelo p\u00fablico presente.<\/span><\/span><\/span><\/span><\/p>\n<p><span dir=\"auto\" style=\"vertical-align: inherit;\"><span dir=\"auto\" style=\"vertical-align: inherit;\"><span dir=\"auto\" style=\"vertical-align: inherit;\"><span dir=\"auto\" style=\"vertical-align: inherit;\">O autor do projeto, Vereador Matheus Roetger Madeira, e os outros tr\u00eas parlamentares desenvolvidos, argumentaram que a reserva de vagas seria um passo fundamental para combater o racismo estrutural e garantir a representatividade da popula\u00e7\u00e3o negra no funcionalismo p\u00fablico de Tubar\u00e3o.<\/span><\/span><\/span><\/span><\/p>\n","protected":false},"excerpt":{"rendered":"<p>O Projeto de Lei Ordin\u00e1ria N\u00ba 0057\/2025, que propunha uma reserva de 20% das vagas em concursos p\u00fablicos municipais para pessoas autodeclaradas negras em Tubar\u00e3o, foi rejeitado em sua primeira vota\u00e7\u00e3o na se\u00e7\u00e3o da C\u00e2mara de Vereadores na noite desta segunda-feira (8). A vota\u00e7\u00e3o terminou com um placar de 10 votos contr\u00e1rios e apenas 4 &hellip;<\/p>\n<p class=\"read-more\"> <a class=\"\" href=\"https:\/\/sulsc.com\/index.php\/2025\/12\/09\/projeto-de-lei-referente-a-cotas-raciais-tem-votacao-rejeitada-sobre-manifestacoes-e-protestos-no-legislativo-tubaronense\/\"> <span class=\"screen-reader-text\">Projeto de Lei referente a cotas raciais tem vota\u00e7\u00e3o rejeitada sobre manifesta\u00e7\u00f5es e protestos no legislativo tubaronense<\/span> Read More &raquo;<\/a><\/p>\n","protected":false},"author":3,"featured_media":30641,"comment_status":"open","ping_status":"open","sticky":false,"template":"","format":"standard","meta":{"site-sidebar-layout":"default","site-content-layout":"","ast-site-content-layout":"default","site-content-style":"default","site-sidebar-style":"default","ast-global-header-display":"","ast-banner-title-visibility":"","ast-main-header-display":"","ast-hfb-above-header-display":"","ast-hfb-below-header-display":"","ast-hfb-mobile-header-display":"","site-post-title":"","ast-breadcrumbs-content":"","ast-featured-img":"","footer-sml-layout":"","theme-transparent-header-meta":"default","adv-header-id-meta":"","stick-header-meta":"","header-above-stick-meta":"","header-main-stick-meta":"","header-below-stick-meta":"","astra-migrate-meta-layouts":"set","footnotes":""},"categories":[2231,1,6,14,21,12],"tags":[1108],"yoast_head":"<!-- This site is optimized with the Yoast SEO plugin v21.4 - https:\/\/yoast.com\/wordpress\/plugins\/seo\/ -->\n<title>Projeto de Lei referente a cotas raciais tem vota\u00e7\u00e3o rejeitada sobre manifesta\u00e7\u00f5es e protestos no legislativo tubaronense -<\/title>\n<meta name=\"robots\" content=\"index, follow, max-snippet:-1, max-image-preview:large, max-video-preview:-1\" \/>\n<link rel=\"canonical\" href=\"https:\/\/sulsc.com\/index.php\/2025\/12\/09\/projeto-de-lei-referente-a-cotas-raciais-tem-votacao-rejeitada-sobre-manifestacoes-e-protestos-no-legislativo-tubaronense\/\" \/>\n<meta property=\"og:locale\" content=\"en_US\" \/>\n<meta property=\"og:type\" content=\"article\" \/>\n<meta property=\"og:title\" content=\"Projeto de Lei referente a cotas raciais tem vota\u00e7\u00e3o rejeitada sobre manifesta\u00e7\u00f5es e protestos no legislativo tubaronense -\" \/>\n<meta property=\"og:description\" content=\"O Projeto de Lei Ordin\u00e1ria N\u00ba 0057\/2025, que propunha uma reserva de 20% das vagas em concursos p\u00fablicos municipais para pessoas autodeclaradas negras em Tubar\u00e3o, foi rejeitado em sua primeira vota\u00e7\u00e3o na se\u00e7\u00e3o da C\u00e2mara de Vereadores na noite desta segunda-feira (8). A vota\u00e7\u00e3o terminou com um placar de 10 votos contr\u00e1rios e apenas 4 &hellip; Projeto de Lei referente a cotas raciais tem vota\u00e7\u00e3o rejeitada sobre manifesta\u00e7\u00f5es e protestos no legislativo tubaronense Read More &raquo;\" \/>\n<meta property=\"og:url\" content=\"https:\/\/sulsc.com\/index.php\/2025\/12\/09\/projeto-de-lei-referente-a-cotas-raciais-tem-votacao-rejeitada-sobre-manifestacoes-e-protestos-no-legislativo-tubaronense\/\" \/>\n<meta property=\"article:author\" content=\"https:\/\/www.facebook.com\/profile.php?id=61559278119680\" \/>\n<meta property=\"article:published_time\" content=\"2025-12-09T12:32:06+00:00\" \/>\n<meta property=\"article:modified_time\" content=\"2025-12-09T12:32:44+00:00\" \/>\n<meta property=\"og:image\" content=\"http:\/\/sulsc.com\/wp-content\/uploads\/2025\/12\/IMG_9295-scaled.jpg\" \/>\n\t<meta property=\"og:image:width\" content=\"2560\" \/>\n\t<meta property=\"og:image:height\" content=\"1920\" \/>\n\t<meta property=\"og:image:type\" content=\"image\/jpeg\" \/>\n<meta name=\"author\" content=\"Reda\u00e7\u00e3o Sul SC\" \/>\n<meta name=\"twitter:card\" content=\"summary_large_image\" \/>\n<meta name=\"twitter:creator\" content=\"@https:\/\/twitter.com\/PortalSulSC\" \/>\n<meta name=\"twitter:label1\" content=\"Written by\" \/>\n\t<meta name=\"twitter:data1\" content=\"Reda\u00e7\u00e3o Sul SC\" \/>\n\t<meta name=\"twitter:label2\" content=\"Est. reading time\" \/>\n\t<meta name=\"twitter:data2\" content=\"2 minutes\" \/>\n<script type=\"application\/ld+json\" class=\"yoast-schema-graph\">{\"@context\":\"https:\/\/schema.org\",\"@graph\":[{\"@type\":\"WebPage\",\"@id\":\"https:\/\/sulsc.com\/index.php\/2025\/12\/09\/projeto-de-lei-referente-a-cotas-raciais-tem-votacao-rejeitada-sobre-manifestacoes-e-protestos-no-legislativo-tubaronense\/\",\"url\":\"https:\/\/sulsc.com\/index.php\/2025\/12\/09\/projeto-de-lei-referente-a-cotas-raciais-tem-votacao-rejeitada-sobre-manifestacoes-e-protestos-no-legislativo-tubaronense\/\",\"name\":\"Projeto de Lei referente a cotas raciais tem vota\u00e7\u00e3o rejeitada sobre manifesta\u00e7\u00f5es e protestos no legislativo tubaronense -\",\"isPartOf\":{\"@id\":\"https:\/\/sulsc.com\/#website\"},\"datePublished\":\"2025-12-09T12:32:06+00:00\",\"dateModified\":\"2025-12-09T12:32:44+00:00\",\"author\":{\"@id\":\"https:\/\/sulsc.com\/#\/schema\/person\/84d2fc571684f6248ba83092f07750a3\"},\"breadcrumb\":{\"@id\":\"https:\/\/sulsc.com\/index.php\/2025\/12\/09\/projeto-de-lei-referente-a-cotas-raciais-tem-votacao-rejeitada-sobre-manifestacoes-e-protestos-no-legislativo-tubaronense\/#breadcrumb\"},\"inLanguage\":\"en-US\",\"potentialAction\":[{\"@type\":\"ReadAction\",\"target\":[\"https:\/\/sulsc.com\/index.php\/2025\/12\/09\/projeto-de-lei-referente-a-cotas-raciais-tem-votacao-rejeitada-sobre-manifestacoes-e-protestos-no-legislativo-tubaronense\/\"]}]},{\"@type\":\"BreadcrumbList\",\"@id\":\"https:\/\/sulsc.com\/index.php\/2025\/12\/09\/projeto-de-lei-referente-a-cotas-raciais-tem-votacao-rejeitada-sobre-manifestacoes-e-protestos-no-legislativo-tubaronense\/#breadcrumb\",\"itemListElement\":[{\"@type\":\"ListItem\",\"position\":1,\"name\":\"In\u00edcio\",\"item\":\"https:\/\/sulsc.com\/\"},{\"@type\":\"ListItem\",\"position\":2,\"name\":\"Projeto de Lei referente a cotas raciais tem vota\u00e7\u00e3o rejeitada sobre manifesta\u00e7\u00f5es e protestos no legislativo tubaronense\"}]},{\"@type\":\"WebSite\",\"@id\":\"https:\/\/sulsc.com\/#website\",\"url\":\"https:\/\/sulsc.com\/\",\"name\":\"\",\"description\":\"\",\"potentialAction\":[{\"@type\":\"SearchAction\",\"target\":{\"@type\":\"EntryPoint\",\"urlTemplate\":\"https:\/\/sulsc.com\/?s={search_term_string}\"},\"query-input\":\"required name=search_term_string\"}],\"inLanguage\":\"en-US\"},{\"@type\":\"Person\",\"@id\":\"https:\/\/sulsc.com\/#\/schema\/person\/84d2fc571684f6248ba83092f07750a3\",\"name\":\"Reda\u00e7\u00e3o Sul SC\",\"image\":{\"@type\":\"ImageObject\",\"inLanguage\":\"en-US\",\"@id\":\"https:\/\/sulsc.com\/#\/schema\/person\/image\/e08d7fe2cc4ed596372063bbe852b8d0\",\"url\":\"https:\/\/sulsc.com\/wp-content\/uploads\/2023\/09\/redacao.png\",\"contentUrl\":\"https:\/\/sulsc.com\/wp-content\/uploads\/2023\/09\/redacao.png\",\"caption\":\"Reda\u00e7\u00e3o Sul SC\"},\"description\":\"Foco em um jornalismo imparcial, voltado \u00e0 qualidade dos seus conte\u00fados e, assim, levar informa\u00e7\u00e3o de valor que agregue \u00e0 vida dos leitores. Esta \u00e9 grande miss\u00e3o do Portal de Not\u00edcias Sul SC. N\u00e3o \u00e9 quantidade que muda o mundo, sempre foi e seguir\u00e1 sendo qualidade!\",\"sameAs\":[\"https:\/\/sulsc.com\/\",\"https:\/\/www.facebook.com\/profile.php?id=61559278119680\",\"https:\/\/www.instagram.com\/sulscportal\/?hl=pt-br\",\"https:\/\/twitter.com\/https:\/\/twitter.com\/PortalSulSC\",\"https:\/\/www.youtube.com\/channel\/UCv_BE8GeySluDov2n8qhVmw\"],\"url\":\"https:\/\/sulsc.com\/index.php\/author\/redacao\/\"}]}<\/script>\n<!-- \/ Yoast SEO plugin. -->","yoast_head_json":{"title":"Projeto de Lei referente a cotas raciais tem vota\u00e7\u00e3o rejeitada sobre manifesta\u00e7\u00f5es e protestos no legislativo tubaronense -","robots":{"index":"index","follow":"follow","max-snippet":"max-snippet:-1","max-image-preview":"max-image-preview:large","max-video-preview":"max-video-preview:-1"},"canonical":"https:\/\/sulsc.com\/index.php\/2025\/12\/09\/projeto-de-lei-referente-a-cotas-raciais-tem-votacao-rejeitada-sobre-manifestacoes-e-protestos-no-legislativo-tubaronense\/","og_locale":"en_US","og_type":"article","og_title":"Projeto de Lei referente a cotas raciais tem vota\u00e7\u00e3o rejeitada sobre manifesta\u00e7\u00f5es e protestos no legislativo tubaronense -","og_description":"O Projeto de Lei Ordin\u00e1ria N\u00ba 0057\/2025, que propunha uma reserva de 20% das vagas em concursos p\u00fablicos municipais para pessoas autodeclaradas negras em Tubar\u00e3o, foi rejeitado em sua primeira vota\u00e7\u00e3o na se\u00e7\u00e3o da C\u00e2mara de Vereadores na noite desta segunda-feira (8). A vota\u00e7\u00e3o terminou com um placar de 10 votos contr\u00e1rios e apenas 4 &hellip; Projeto de Lei referente a cotas raciais tem vota\u00e7\u00e3o rejeitada sobre manifesta\u00e7\u00f5es e protestos no legislativo tubaronense Read More &raquo;","og_url":"https:\/\/sulsc.com\/index.php\/2025\/12\/09\/projeto-de-lei-referente-a-cotas-raciais-tem-votacao-rejeitada-sobre-manifestacoes-e-protestos-no-legislativo-tubaronense\/","article_author":"https:\/\/www.facebook.com\/profile.php?id=61559278119680","article_published_time":"2025-12-09T12:32:06+00:00","article_modified_time":"2025-12-09T12:32:44+00:00","og_image":[{"width":2560,"height":1920,"url":"http:\/\/sulsc.com\/wp-content\/uploads\/2025\/12\/IMG_9295-scaled.jpg","type":"image\/jpeg"}],"author":"Reda\u00e7\u00e3o Sul SC","twitter_card":"summary_large_image","twitter_creator":"@https:\/\/twitter.com\/PortalSulSC","twitter_misc":{"Written by":"Reda\u00e7\u00e3o Sul SC","Est. reading time":"2 minutes"},"schema":{"@context":"https:\/\/schema.org","@graph":[{"@type":"WebPage","@id":"https:\/\/sulsc.com\/index.php\/2025\/12\/09\/projeto-de-lei-referente-a-cotas-raciais-tem-votacao-rejeitada-sobre-manifestacoes-e-protestos-no-legislativo-tubaronense\/","url":"https:\/\/sulsc.com\/index.php\/2025\/12\/09\/projeto-de-lei-referente-a-cotas-raciais-tem-votacao-rejeitada-sobre-manifestacoes-e-protestos-no-legislativo-tubaronense\/","name":"Projeto de Lei referente a cotas raciais tem vota\u00e7\u00e3o rejeitada sobre manifesta\u00e7\u00f5es e protestos no legislativo tubaronense -","isPartOf":{"@id":"https:\/\/sulsc.com\/#website"},"datePublished":"2025-12-09T12:32:06+00:00","dateModified":"2025-12-09T12:32:44+00:00","author":{"@id":"https:\/\/sulsc.com\/#\/schema\/person\/84d2fc571684f6248ba83092f07750a3"},"breadcrumb":{"@id":"https:\/\/sulsc.com\/index.php\/2025\/12\/09\/projeto-de-lei-referente-a-cotas-raciais-tem-votacao-rejeitada-sobre-manifestacoes-e-protestos-no-legislativo-tubaronense\/#breadcrumb"},"inLanguage":"en-US","potentialAction":[{"@type":"ReadAction","target":["https:\/\/sulsc.com\/index.php\/2025\/12\/09\/projeto-de-lei-referente-a-cotas-raciais-tem-votacao-rejeitada-sobre-manifestacoes-e-protestos-no-legislativo-tubaronense\/"]}]},{"@type":"BreadcrumbList","@id":"https:\/\/sulsc.com\/index.php\/2025\/12\/09\/projeto-de-lei-referente-a-cotas-raciais-tem-votacao-rejeitada-sobre-manifestacoes-e-protestos-no-legislativo-tubaronense\/#breadcrumb","itemListElement":[{"@type":"ListItem","position":1,"name":"In\u00edcio","item":"https:\/\/sulsc.com\/"},{"@type":"ListItem","position":2,"name":"Projeto de Lei referente a cotas raciais tem vota\u00e7\u00e3o rejeitada sobre manifesta\u00e7\u00f5es e protestos no legislativo tubaronense"}]},{"@type":"WebSite","@id":"https:\/\/sulsc.com\/#website","url":"https:\/\/sulsc.com\/","name":"","description":"","potentialAction":[{"@type":"SearchAction","target":{"@type":"EntryPoint","urlTemplate":"https:\/\/sulsc.com\/?s={search_term_string}"},"query-input":"required name=search_term_string"}],"inLanguage":"en-US"},{"@type":"Person","@id":"https:\/\/sulsc.com\/#\/schema\/person\/84d2fc571684f6248ba83092f07750a3","name":"Reda\u00e7\u00e3o Sul SC","image":{"@type":"ImageObject","inLanguage":"en-US","@id":"https:\/\/sulsc.com\/#\/schema\/person\/image\/e08d7fe2cc4ed596372063bbe852b8d0","url":"https:\/\/sulsc.com\/wp-content\/uploads\/2023\/09\/redacao.png","contentUrl":"https:\/\/sulsc.com\/wp-content\/uploads\/2023\/09\/redacao.png","caption":"Reda\u00e7\u00e3o Sul SC"},"description":"Foco em um jornalismo imparcial, voltado \u00e0 qualidade dos seus conte\u00fados e, assim, levar informa\u00e7\u00e3o de valor que agregue \u00e0 vida dos leitores. Esta \u00e9 grande miss\u00e3o do Portal de Not\u00edcias Sul SC. N\u00e3o \u00e9 quantidade que muda o mundo, sempre foi e seguir\u00e1 sendo qualidade!","sameAs":["https:\/\/sulsc.com\/","https:\/\/www.facebook.com\/profile.php?id=61559278119680","https:\/\/www.instagram.com\/sulscportal\/?hl=pt-br","https:\/\/twitter.com\/https:\/\/twitter.com\/PortalSulSC","https:\/\/www.youtube.com\/channel\/UCv_BE8GeySluDov2n8qhVmw"],"url":"https:\/\/sulsc.com\/index.php\/author\/redacao\/"}]}},"authors":[],"_links":{"self":[{"href":"https:\/\/sulsc.com\/index.php\/wp-json\/wp\/v2\/posts\/30644"}],"collection":[{"href":"https:\/\/sulsc.com\/index.php\/wp-json\/wp\/v2\/posts"}],"about":[{"href":"https:\/\/sulsc.com\/index.php\/wp-json\/wp\/v2\/types\/post"}],"author":[{"embeddable":true,"href":"https:\/\/sulsc.com\/index.php\/wp-json\/wp\/v2\/users\/3"}],"replies":[{"embeddable":true,"href":"https:\/\/sulsc.com\/index.php\/wp-json\/wp\/v2\/comments?post=30644"}],"version-history":[{"count":2,"href":"https:\/\/sulsc.com\/index.php\/wp-json\/wp\/v2\/posts\/30644\/revisions"}],"predecessor-version":[{"id":30653,"href":"https:\/\/sulsc.com\/index.php\/wp-json\/wp\/v2\/posts\/30644\/revisions\/30653"}],"wp:featuredmedia":[{"embeddable":true,"href":"https:\/\/sulsc.com\/index.php\/wp-json\/wp\/v2\/media\/30641"}],"wp:attachment":[{"href":"https:\/\/sulsc.com\/index.php\/wp-json\/wp\/v2\/media?parent=30644"}],"wp:term":[{"taxonomy":"category","embeddable":true,"href":"https:\/\/sulsc.com\/index.php\/wp-json\/wp\/v2\/categories?post=30644"},{"taxonomy":"post_tag","embeddable":true,"href":"https:\/\/sulsc.com\/index.php\/wp-json\/wp\/v2\/tags?post=30644"}],"curies":[{"name":"wp","href":"https:\/\/api.w.org\/{rel}","templated":true}]}}