{"id":30646,"date":"2025-12-09T08:31:23","date_gmt":"2025-12-09T11:31:23","guid":{"rendered":"https:\/\/sulsc.com\/?p=30646"},"modified":"2025-12-09T10:14:02","modified_gmt":"2025-12-09T13:14:02","slug":"ciclone-extratropical-traz-chuvas-intensas-e-temporais-para-sc-nesta-terca-feira-9","status":"publish","type":"post","link":"https:\/\/sulsc.com\/index.php\/2025\/12\/09\/ciclone-extratropical-traz-chuvas-intensas-e-temporais-para-sc-nesta-terca-feira-9\/","title":{"rendered":"Ciclone extratropical traz chuvas intensas e temporais para SC nesta ter\u00e7a feira (9)"},"content":{"rendered":"<p><span dir=\"auto\" style=\"vertical-align: inherit;\"><span dir=\"auto\" style=\"vertical-align: inherit;\">Forma\u00e7\u00e3o de um Ciclone Extratropical sobre o RS nesta ter\u00e7a-feira (9), deixa o dia com chuva persistente e por vezes intensa na maioria das regi\u00f5es catarinenses, especialmente nas \u00e1reas litor\u00e2neas e \u00e1reas serranas pr\u00f3ximas. Ao longo do dia, al\u00e9m da chuva intensa, persistente e por vezes acompanhada de raios com elevados acumulados em curtos per\u00edodos de tempo, tamb\u00e9m h\u00e1 condi\u00e7\u00f5es para temporais isolados com vendavais e granizo pelo estado.<\/span><\/span><\/p>\n<p><img fetchpriority=\"high\" decoding=\"async\" class=\"aligncenter size-full wp-image-30647\" src=\"http:\/\/sulsc.com\/wp-content\/uploads\/2025\/12\/image-206-1005x1024-1.png\" alt=\"\" width=\"1005\" height=\"1024\" srcset=\"https:\/\/sulsc.com\/wp-content\/uploads\/2025\/12\/image-206-1005x1024-1.png 1005w, https:\/\/sulsc.com\/wp-content\/uploads\/2025\/12\/image-206-1005x1024-1-294x300.png 294w, https:\/\/sulsc.com\/wp-content\/uploads\/2025\/12\/image-206-1005x1024-1-768x783.png 768w\" sizes=\"(max-width: 1005px) 100vw, 1005px\" \/><\/p>\n<p><strong><span dir=\"auto\" style=\"vertical-align: inherit;\"><span dir=\"auto\" style=\"vertical-align: inherit;\">&#8220;O risco<\/span><\/span><\/strong><span dir=\"auto\" style=\"vertical-align: inherit;\"><span dir=\"auto\" style=\"vertical-align: inherit;\"> varia entre <\/span><\/span><strong><span dir=\"auto\" style=\"vertical-align: inherit;\"><span dir=\"auto\" style=\"vertical-align: inherit;\">moderado a muito alto<\/span><\/span><\/strong><span dir=\"auto\" style=\"vertical-align: inherit;\"><span dir=\"auto\" style=\"vertical-align: inherit;\"> para ocorr\u00eancias associadas a alagamentos e enxarradas, moderado a alto para destelhamentos, queda de galhos e \u00e1rvores e danos na rede el\u00e9trica e moderado para penetra\u00e7\u00e3o. <\/span><\/span><strong><span dir=\"auto\" style=\"vertical-align: inherit;\"><span dir=\"auto\" style=\"vertical-align: inherit;\">&#8220;<\/span><\/span><\/strong><\/p>\n<p><strong><span dir=\"auto\" style=\"vertical-align: inherit;\"><span dir=\"auto\" style=\"vertical-align: inherit;\">Temperaturas<\/span><\/span><\/strong><\/p>\n<p><span dir=\"auto\" style=\"vertical-align: inherit;\"><span dir=\"auto\" style=\"vertical-align: inherit;\">As temperaturas m\u00e1ximas variam entre 23\u00b0C e 27\u00b0C na maioria das regi\u00f5es.<\/span><\/span><\/p>\n<p><img decoding=\"async\" class=\"aligncenter size-full wp-image-30648\" src=\"http:\/\/sulsc.com\/wp-content\/uploads\/2025\/12\/image-188-1024x703-1.png\" alt=\"\" width=\"1024\" height=\"703\" srcset=\"https:\/\/sulsc.com\/wp-content\/uploads\/2025\/12\/image-188-1024x703-1.png 1024w, https:\/\/sulsc.com\/wp-content\/uploads\/2025\/12\/image-188-1024x703-1-300x206.png 300w, https:\/\/sulsc.com\/wp-content\/uploads\/2025\/12\/image-188-1024x703-1-768x527.png 768w\" sizes=\"(max-width: 1024px) 100vw, 1024px\" \/><\/p>\n<p><img decoding=\"async\" class=\"aligncenter size-full wp-image-22836\" src=\"http:\/\/sulsc.com\/wp-content\/uploads\/2025\/04\/Tempo-2.png\" alt=\"\" width=\"1024\" height=\"189\" srcset=\"https:\/\/sulsc.com\/wp-content\/uploads\/2025\/04\/Tempo-2.png 1024w, https:\/\/sulsc.com\/wp-content\/uploads\/2025\/04\/Tempo-2-300x55.png 300w, https:\/\/sulsc.com\/wp-content\/uploads\/2025\/04\/Tempo-2-768x142.png 768w\" sizes=\"(max-width: 1024px) 100vw, 1024px\" \/><\/p>\n<p><strong><span dir=\"auto\" style=\"vertical-align: inherit;\"><span dir=\"auto\" style=\"vertical-align: inherit;\">Ventos:<\/span><\/span><\/strong><span dir=\"auto\" style=\"vertical-align: inherit;\"><span dir=\"auto\" style=\"vertical-align: inherit;\"> \u00a0 ser\u00e3o do quadrante nordeste tamb\u00e9m se intensificar\u00e3o ao longo do dia na costa com rajadas entre 55 e 75 km\/h com valores pontualmente maiores no Litoral Sul.<\/span><\/span><\/p>\n<p><strong><span dir=\"auto\" style=\"vertical-align: inherit;\"><span dir=\"auto\" style=\"vertical-align: inherit;\">Sistema predominante:<\/span><\/span><\/strong><span dir=\"auto\" style=\"vertical-align: inherit;\"><span dir=\"auto\" style=\"vertical-align: inherit;\"> ciclone extratropical, com centro no litoral do RS e SC.<\/span><\/span><\/p>\n<div id=\"metaslider-id-25573\" style=\"width: 100%;\" class=\"ml-slider-3-99-0 metaslider metaslider-flex metaslider-25573 ml-slider has-onhover-arrows ms-theme-default-base has-dots-nav\" role=\"region\" aria-label=\"Meio\" data-width=\"1200\">\n    <div id=\"metaslider_container_25573\">\n        <div id=\"metaslider_25573\">\n            <ul class='slides'>\n                <li style=\"display: block; width: 100%;\" class=\"slide-25684 ms-image \" aria-roledescription=\"slide\" data-date=\"2025-07-24 07:55:40\"><img src=\"https:\/\/sulsc.com\/wp-content\/uploads\/2025\/07\/Marr-2-1000x166.jpg\" height=\"200\" width=\"1200\" alt=\"\" class=\"slider-25573 slide-25684 msDefaultImage\" title=\"Marr 2\" \/><\/li>\n                <li style=\"display: none; width: 100%;\" class=\"slide-32412 ms-image \" aria-roledescription=\"slide\" data-date=\"2026-02-18 13:59:46\"><img src=\"https:\/\/sulsc.com\/wp-content\/uploads\/2026\/02\/40dc1580-cad5-4867-bc58-c4243821ad38-1000x166.jpeg\" height=\"200\" width=\"1200\" alt=\"\" class=\"slider-25573 slide-32412 msDefaultImage\" title=\"40dc1580-cad5-4867-bc58-c4243821ad38\" \/><\/li>\n                <li style=\"display: none; width: 100%;\" class=\"slide-32766 ms-image \" aria-roledescription=\"slide\" data-date=\"2026-03-03 17:22:59\"><img src=\"https:\/\/sulsc.com\/wp-content\/uploads\/2026\/03\/271ce739-f268-41c5-8051-3de1a1750359-1000x166.jpeg\" height=\"200\" width=\"1200\" alt=\"\" class=\"slider-25573 slide-32766 msDefaultImage\" title=\"271ce739-f268-41c5-8051-3de1a1750359\" \/><\/li>\n            <\/ul>\n        <\/div>\n        \n    <\/div>\n<\/div>\n<p><strong><span dir=\"auto\" style=\"vertical-align: inherit;\"><span dir=\"auto\" style=\"vertical-align: inherit;\">Amanh\u00e3 quarta-feira (10),<\/span><\/span><\/strong><span dir=\"auto\" style=\"vertical-align: inherit;\"><span dir=\"auto\" style=\"vertical-align: inherit;\"> o Ciclone Extratropical se aprofunda sobre o pr\u00f3ximo mar da costa do RS e Uruguai, intensificando os ventos do quadrante oeste em praticamente todas as regi\u00f5es, com rajadas entre 70 e 90 km\/h entre o Meio-Oeste e o Litoral. Nas \u00e1reas serranas pr\u00f3ximas ao Litoral, as rajadas podem ficar pr\u00f3ximas\/acima dos 100 km\/h. O risco varia entre moderado no Oeste a alto\/pontualmente muito alto no centro\/leste do estado para ocorr\u00eancias associadas a destelhamentos, danos na rede el\u00e9trica e queda de galhos e \u00e1rvores. A chuva diminui sobre o estado, mas ainda ocorre em forma de pancadas e temporais isolados, especialmente nas \u00e1reas pr\u00f3ximas ao RS \u2013 incluindo o Grande Oeste, Planalto Sul, Litoral Sul e GRD. Florian\u00f3polis.<\/span><\/span><\/p>\n<p><span dir=\"auto\" style=\"vertical-align: inherit;\"><span dir=\"auto\" style=\"vertical-align: inherit;\">Fontes: Defesa Civil SC\/Epagri-Ciram<\/span><\/span><\/p>\n<p><strong>As charges mais hil\u00e1rias com s\u00f3 encontra aqui no SulSC.]<\/strong><\/p>\n<p><img loading=\"lazy\" decoding=\"async\" class=\"aligncenter size-full wp-image-7347\" src=\"http:\/\/sulsc.com\/wp-content\/uploads\/2024\/01\/charge.jpg\" alt=\"\" width=\"1600\" height=\"1142\" srcset=\"https:\/\/sulsc.com\/wp-content\/uploads\/2024\/01\/charge.jpg 1600w, https:\/\/sulsc.com\/wp-content\/uploads\/2024\/01\/charge-300x214.jpg 300w, https:\/\/sulsc.com\/wp-content\/uploads\/2024\/01\/charge-1024x731.jpg 1024w, https:\/\/sulsc.com\/wp-content\/uploads\/2024\/01\/charge-768x548.jpg 768w, https:\/\/sulsc.com\/wp-content\/uploads\/2024\/01\/charge-1536x1096.jpg 1536w\" sizes=\"(max-width: 1600px) 100vw, 1600px\" \/><\/p>\n<p>&nbsp;<\/p>\n","protected":false},"excerpt":{"rendered":"<p>Forma\u00e7\u00e3o de um Ciclone Extratropical sobre o RS nesta ter\u00e7a-feira (9), deixa o dia com chuva persistente e por vezes intensa na maioria das regi\u00f5es catarinenses, especialmente nas \u00e1reas litor\u00e2neas e \u00e1reas serranas pr\u00f3ximas. Ao longo do dia, al\u00e9m da chuva intensa, persistente e por vezes acompanhada de raios com elevados acumulados em curtos per\u00edodos &hellip;<\/p>\n<p class=\"read-more\"> <a class=\"\" href=\"https:\/\/sulsc.com\/index.php\/2025\/12\/09\/ciclone-extratropical-traz-chuvas-intensas-e-temporais-para-sc-nesta-terca-feira-9\/\"> <span class=\"screen-reader-text\">Ciclone extratropical traz chuvas intensas e temporais para SC nesta ter\u00e7a feira (9)<\/span> Read More &raquo;<\/a><\/p>\n","protected":false},"author":3,"featured_media":28472,"comment_status":"open","ping_status":"open","sticky":false,"template":"","format":"standard","meta":{"site-sidebar-layout":"default","site-content-layout":"","ast-site-content-layout":"default","site-content-style":"default","site-sidebar-style":"default","ast-global-header-display":"","ast-banner-title-visibility":"","ast-main-header-display":"","ast-hfb-above-header-display":"","ast-hfb-below-header-display":"","ast-hfb-mobile-header-display":"","site-post-title":"","ast-breadcrumbs-content":"","ast-featured-img":"","footer-sml-layout":"","theme-transparent-header-meta":"default","adv-header-id-meta":"","stick-header-meta":"","header-above-stick-meta":"","header-main-stick-meta":"","header-below-stick-meta":"","astra-migrate-meta-layouts":"set","footnotes":""},"categories":[2354,2231,1,14,38,12],"tags":[90],"yoast_head":"<!-- This site is optimized with the Yoast SEO plugin v21.4 - https:\/\/yoast.com\/wordpress\/plugins\/seo\/ -->\n<title>Ciclone extratropical traz chuvas intensas e temporais para SC nesta ter\u00e7a feira (9) -<\/title>\n<meta name=\"robots\" content=\"index, follow, max-snippet:-1, max-image-preview:large, max-video-preview:-1\" \/>\n<link rel=\"canonical\" href=\"https:\/\/sulsc.com\/index.php\/2025\/12\/09\/ciclone-extratropical-traz-chuvas-intensas-e-temporais-para-sc-nesta-terca-feira-9\/\" \/>\n<meta property=\"og:locale\" content=\"en_US\" \/>\n<meta property=\"og:type\" content=\"article\" \/>\n<meta property=\"og:title\" content=\"Ciclone extratropical traz chuvas intensas e temporais para SC nesta ter\u00e7a feira (9) -\" \/>\n<meta property=\"og:description\" content=\"Forma\u00e7\u00e3o de um Ciclone Extratropical sobre o RS nesta ter\u00e7a-feira (9), deixa o dia com chuva persistente e por vezes intensa na maioria das regi\u00f5es catarinenses, especialmente nas \u00e1reas litor\u00e2neas e \u00e1reas serranas pr\u00f3ximas. Ao longo do dia, al\u00e9m da chuva intensa, persistente e por vezes acompanhada de raios com elevados acumulados em curtos per\u00edodos &hellip; Ciclone extratropical traz chuvas intensas e temporais para SC nesta ter\u00e7a feira (9) Read More &raquo;\" \/>\n<meta property=\"og:url\" content=\"https:\/\/sulsc.com\/index.php\/2025\/12\/09\/ciclone-extratropical-traz-chuvas-intensas-e-temporais-para-sc-nesta-terca-feira-9\/\" \/>\n<meta property=\"article:author\" content=\"https:\/\/www.facebook.com\/profile.php?id=61559278119680\" \/>\n<meta property=\"article:published_time\" content=\"2025-12-09T11:31:23+00:00\" \/>\n<meta property=\"article:modified_time\" content=\"2025-12-09T13:14:02+00:00\" \/>\n<meta property=\"og:image\" content=\"http:\/\/sulsc.com\/wp-content\/uploads\/2025\/10\/chuva.jpg\" \/>\n\t<meta property=\"og:image:width\" content=\"1500\" \/>\n\t<meta property=\"og:image:height\" content=\"1000\" \/>\n\t<meta property=\"og:image:type\" content=\"image\/jpeg\" \/>\n<meta name=\"author\" content=\"Reda\u00e7\u00e3o Sul SC\" \/>\n<meta name=\"twitter:card\" content=\"summary_large_image\" \/>\n<meta name=\"twitter:creator\" content=\"@https:\/\/twitter.com\/PortalSulSC\" \/>\n<meta name=\"twitter:label1\" content=\"Written by\" \/>\n\t<meta name=\"twitter:data1\" content=\"Reda\u00e7\u00e3o Sul SC\" \/>\n\t<meta name=\"twitter:label2\" content=\"Est. reading time\" \/>\n\t<meta name=\"twitter:data2\" content=\"3 minutes\" \/>\n<script type=\"application\/ld+json\" class=\"yoast-schema-graph\">{\"@context\":\"https:\/\/schema.org\",\"@graph\":[{\"@type\":\"WebPage\",\"@id\":\"https:\/\/sulsc.com\/index.php\/2025\/12\/09\/ciclone-extratropical-traz-chuvas-intensas-e-temporais-para-sc-nesta-terca-feira-9\/\",\"url\":\"https:\/\/sulsc.com\/index.php\/2025\/12\/09\/ciclone-extratropical-traz-chuvas-intensas-e-temporais-para-sc-nesta-terca-feira-9\/\",\"name\":\"Ciclone extratropical traz chuvas intensas e temporais para SC nesta ter\u00e7a feira (9) -\",\"isPartOf\":{\"@id\":\"https:\/\/sulsc.com\/#website\"},\"datePublished\":\"2025-12-09T11:31:23+00:00\",\"dateModified\":\"2025-12-09T13:14:02+00:00\",\"author\":{\"@id\":\"https:\/\/sulsc.com\/#\/schema\/person\/84d2fc571684f6248ba83092f07750a3\"},\"breadcrumb\":{\"@id\":\"https:\/\/sulsc.com\/index.php\/2025\/12\/09\/ciclone-extratropical-traz-chuvas-intensas-e-temporais-para-sc-nesta-terca-feira-9\/#breadcrumb\"},\"inLanguage\":\"en-US\",\"potentialAction\":[{\"@type\":\"ReadAction\",\"target\":[\"https:\/\/sulsc.com\/index.php\/2025\/12\/09\/ciclone-extratropical-traz-chuvas-intensas-e-temporais-para-sc-nesta-terca-feira-9\/\"]}]},{\"@type\":\"BreadcrumbList\",\"@id\":\"https:\/\/sulsc.com\/index.php\/2025\/12\/09\/ciclone-extratropical-traz-chuvas-intensas-e-temporais-para-sc-nesta-terca-feira-9\/#breadcrumb\",\"itemListElement\":[{\"@type\":\"ListItem\",\"position\":1,\"name\":\"In\u00edcio\",\"item\":\"https:\/\/sulsc.com\/\"},{\"@type\":\"ListItem\",\"position\":2,\"name\":\"Ciclone extratropical traz chuvas intensas e temporais para SC nesta ter\u00e7a feira (9)\"}]},{\"@type\":\"WebSite\",\"@id\":\"https:\/\/sulsc.com\/#website\",\"url\":\"https:\/\/sulsc.com\/\",\"name\":\"\",\"description\":\"\",\"potentialAction\":[{\"@type\":\"SearchAction\",\"target\":{\"@type\":\"EntryPoint\",\"urlTemplate\":\"https:\/\/sulsc.com\/?s={search_term_string}\"},\"query-input\":\"required name=search_term_string\"}],\"inLanguage\":\"en-US\"},{\"@type\":\"Person\",\"@id\":\"https:\/\/sulsc.com\/#\/schema\/person\/84d2fc571684f6248ba83092f07750a3\",\"name\":\"Reda\u00e7\u00e3o Sul SC\",\"image\":{\"@type\":\"ImageObject\",\"inLanguage\":\"en-US\",\"@id\":\"https:\/\/sulsc.com\/#\/schema\/person\/image\/e08d7fe2cc4ed596372063bbe852b8d0\",\"url\":\"https:\/\/sulsc.com\/wp-content\/uploads\/2023\/09\/redacao.png\",\"contentUrl\":\"https:\/\/sulsc.com\/wp-content\/uploads\/2023\/09\/redacao.png\",\"caption\":\"Reda\u00e7\u00e3o Sul SC\"},\"description\":\"Foco em um jornalismo imparcial, voltado \u00e0 qualidade dos seus conte\u00fados e, assim, levar informa\u00e7\u00e3o de valor que agregue \u00e0 vida dos leitores. Esta \u00e9 grande miss\u00e3o do Portal de Not\u00edcias Sul SC. N\u00e3o \u00e9 quantidade que muda o mundo, sempre foi e seguir\u00e1 sendo qualidade!\",\"sameAs\":[\"https:\/\/sulsc.com\/\",\"https:\/\/www.facebook.com\/profile.php?id=61559278119680\",\"https:\/\/www.instagram.com\/sulscportal\/?hl=pt-br\",\"https:\/\/twitter.com\/https:\/\/twitter.com\/PortalSulSC\",\"https:\/\/www.youtube.com\/channel\/UCv_BE8GeySluDov2n8qhVmw\"],\"url\":\"https:\/\/sulsc.com\/index.php\/author\/redacao\/\"}]}<\/script>\n<!-- \/ Yoast SEO plugin. -->","yoast_head_json":{"title":"Ciclone extratropical traz chuvas intensas e temporais para SC nesta ter\u00e7a feira (9) -","robots":{"index":"index","follow":"follow","max-snippet":"max-snippet:-1","max-image-preview":"max-image-preview:large","max-video-preview":"max-video-preview:-1"},"canonical":"https:\/\/sulsc.com\/index.php\/2025\/12\/09\/ciclone-extratropical-traz-chuvas-intensas-e-temporais-para-sc-nesta-terca-feira-9\/","og_locale":"en_US","og_type":"article","og_title":"Ciclone extratropical traz chuvas intensas e temporais para SC nesta ter\u00e7a feira (9) -","og_description":"Forma\u00e7\u00e3o de um Ciclone Extratropical sobre o RS nesta ter\u00e7a-feira (9), deixa o dia com chuva persistente e por vezes intensa na maioria das regi\u00f5es catarinenses, especialmente nas \u00e1reas litor\u00e2neas e \u00e1reas serranas pr\u00f3ximas. Ao longo do dia, al\u00e9m da chuva intensa, persistente e por vezes acompanhada de raios com elevados acumulados em curtos per\u00edodos &hellip; Ciclone extratropical traz chuvas intensas e temporais para SC nesta ter\u00e7a feira (9) Read More &raquo;","og_url":"https:\/\/sulsc.com\/index.php\/2025\/12\/09\/ciclone-extratropical-traz-chuvas-intensas-e-temporais-para-sc-nesta-terca-feira-9\/","article_author":"https:\/\/www.facebook.com\/profile.php?id=61559278119680","article_published_time":"2025-12-09T11:31:23+00:00","article_modified_time":"2025-12-09T13:14:02+00:00","og_image":[{"width":1500,"height":1000,"url":"http:\/\/sulsc.com\/wp-content\/uploads\/2025\/10\/chuva.jpg","type":"image\/jpeg"}],"author":"Reda\u00e7\u00e3o Sul SC","twitter_card":"summary_large_image","twitter_creator":"@https:\/\/twitter.com\/PortalSulSC","twitter_misc":{"Written by":"Reda\u00e7\u00e3o Sul SC","Est. reading time":"3 minutes"},"schema":{"@context":"https:\/\/schema.org","@graph":[{"@type":"WebPage","@id":"https:\/\/sulsc.com\/index.php\/2025\/12\/09\/ciclone-extratropical-traz-chuvas-intensas-e-temporais-para-sc-nesta-terca-feira-9\/","url":"https:\/\/sulsc.com\/index.php\/2025\/12\/09\/ciclone-extratropical-traz-chuvas-intensas-e-temporais-para-sc-nesta-terca-feira-9\/","name":"Ciclone extratropical traz chuvas intensas e temporais para SC nesta ter\u00e7a feira (9) -","isPartOf":{"@id":"https:\/\/sulsc.com\/#website"},"datePublished":"2025-12-09T11:31:23+00:00","dateModified":"2025-12-09T13:14:02+00:00","author":{"@id":"https:\/\/sulsc.com\/#\/schema\/person\/84d2fc571684f6248ba83092f07750a3"},"breadcrumb":{"@id":"https:\/\/sulsc.com\/index.php\/2025\/12\/09\/ciclone-extratropical-traz-chuvas-intensas-e-temporais-para-sc-nesta-terca-feira-9\/#breadcrumb"},"inLanguage":"en-US","potentialAction":[{"@type":"ReadAction","target":["https:\/\/sulsc.com\/index.php\/2025\/12\/09\/ciclone-extratropical-traz-chuvas-intensas-e-temporais-para-sc-nesta-terca-feira-9\/"]}]},{"@type":"BreadcrumbList","@id":"https:\/\/sulsc.com\/index.php\/2025\/12\/09\/ciclone-extratropical-traz-chuvas-intensas-e-temporais-para-sc-nesta-terca-feira-9\/#breadcrumb","itemListElement":[{"@type":"ListItem","position":1,"name":"In\u00edcio","item":"https:\/\/sulsc.com\/"},{"@type":"ListItem","position":2,"name":"Ciclone extratropical traz chuvas intensas e temporais para SC nesta ter\u00e7a feira (9)"}]},{"@type":"WebSite","@id":"https:\/\/sulsc.com\/#website","url":"https:\/\/sulsc.com\/","name":"","description":"","potentialAction":[{"@type":"SearchAction","target":{"@type":"EntryPoint","urlTemplate":"https:\/\/sulsc.com\/?s={search_term_string}"},"query-input":"required name=search_term_string"}],"inLanguage":"en-US"},{"@type":"Person","@id":"https:\/\/sulsc.com\/#\/schema\/person\/84d2fc571684f6248ba83092f07750a3","name":"Reda\u00e7\u00e3o Sul SC","image":{"@type":"ImageObject","inLanguage":"en-US","@id":"https:\/\/sulsc.com\/#\/schema\/person\/image\/e08d7fe2cc4ed596372063bbe852b8d0","url":"https:\/\/sulsc.com\/wp-content\/uploads\/2023\/09\/redacao.png","contentUrl":"https:\/\/sulsc.com\/wp-content\/uploads\/2023\/09\/redacao.png","caption":"Reda\u00e7\u00e3o Sul SC"},"description":"Foco em um jornalismo imparcial, voltado \u00e0 qualidade dos seus conte\u00fados e, assim, levar informa\u00e7\u00e3o de valor que agregue \u00e0 vida dos leitores. Esta \u00e9 grande miss\u00e3o do Portal de Not\u00edcias Sul SC. N\u00e3o \u00e9 quantidade que muda o mundo, sempre foi e seguir\u00e1 sendo qualidade!","sameAs":["https:\/\/sulsc.com\/","https:\/\/www.facebook.com\/profile.php?id=61559278119680","https:\/\/www.instagram.com\/sulscportal\/?hl=pt-br","https:\/\/twitter.com\/https:\/\/twitter.com\/PortalSulSC","https:\/\/www.youtube.com\/channel\/UCv_BE8GeySluDov2n8qhVmw"],"url":"https:\/\/sulsc.com\/index.php\/author\/redacao\/"}]}},"authors":[],"_links":{"self":[{"href":"https:\/\/sulsc.com\/index.php\/wp-json\/wp\/v2\/posts\/30646"}],"collection":[{"href":"https:\/\/sulsc.com\/index.php\/wp-json\/wp\/v2\/posts"}],"about":[{"href":"https:\/\/sulsc.com\/index.php\/wp-json\/wp\/v2\/types\/post"}],"author":[{"embeddable":true,"href":"https:\/\/sulsc.com\/index.php\/wp-json\/wp\/v2\/users\/3"}],"replies":[{"embeddable":true,"href":"https:\/\/sulsc.com\/index.php\/wp-json\/wp\/v2\/comments?post=30646"}],"version-history":[{"count":3,"href":"https:\/\/sulsc.com\/index.php\/wp-json\/wp\/v2\/posts\/30646\/revisions"}],"predecessor-version":[{"id":30661,"href":"https:\/\/sulsc.com\/index.php\/wp-json\/wp\/v2\/posts\/30646\/revisions\/30661"}],"wp:featuredmedia":[{"embeddable":true,"href":"https:\/\/sulsc.com\/index.php\/wp-json\/wp\/v2\/media\/28472"}],"wp:attachment":[{"href":"https:\/\/sulsc.com\/index.php\/wp-json\/wp\/v2\/media?parent=30646"}],"wp:term":[{"taxonomy":"category","embeddable":true,"href":"https:\/\/sulsc.com\/index.php\/wp-json\/wp\/v2\/categories?post=30646"},{"taxonomy":"post_tag","embeddable":true,"href":"https:\/\/sulsc.com\/index.php\/wp-json\/wp\/v2\/tags?post=30646"}],"curies":[{"name":"wp","href":"https:\/\/api.w.org\/{rel}","templated":true}]}}