{"id":30662,"date":"2025-12-09T10:32:57","date_gmt":"2025-12-09T13:32:57","guid":{"rendered":"https:\/\/sulsc.com\/?p=30662"},"modified":"2025-12-09T10:32:57","modified_gmt":"2025-12-09T13:32:57","slug":"descarrilamento-de-trem-de-carga-em-criciuma-interdita-rua-miguel-patricio-de-souza","status":"publish","type":"post","link":"https:\/\/sulsc.com\/index.php\/2025\/12\/09\/descarrilamento-de-trem-de-carga-em-criciuma-interdita-rua-miguel-patricio-de-souza\/","title":{"rendered":"Descarrilamento de trem de carga em Crici\u00fama interdita rua Miguel Patr\u00edcio de Souza"},"content":{"rendered":"<p>Trem de carga da Ferrovia Tereza Cristina (FTC) descarrilou na noite dessa segunda-feira, dia 8, no bairro Renascer, em Crici\u00fama. Composto por 38 vag\u00f5es carregados de carv\u00e3o mineral, o ve\u00edculo seguia em dire\u00e7\u00e3o a Tubar\u00e3o quando cinco vag\u00f5es tombaram, resultando na interdi\u00e7\u00e3o total do tr\u00e2nsito na rua Miguel Patr\u00edcio de Souza.<\/p>\n<p>Segundo informa\u00e7\u00f5es fornecidas pela FTC, n\u00e3o houve feridos no incidente. Equipes de t\u00e9cnicos da empresa de guindastes est\u00e3o no local desde as 7h30, avaliando as condi\u00e7\u00f5es operacionais para recolocar os vag\u00f5es na linha f\u00e9rrea. A Concession\u00e1ria j\u00e1 adotou todas as medidas de seguran\u00e7a necess\u00e1rias, incluindo o isolamento da \u00e1rea e a prote\u00e7\u00e3o da carga.<\/p>\n<div id=\"metaslider-id-25573\" style=\"width: 100%;\" class=\"ml-slider-3-99-0 metaslider metaslider-flex metaslider-25573 ml-slider has-onhover-arrows ms-theme-default-base has-dots-nav\" role=\"region\" aria-label=\"Meio\" data-width=\"1200\">\n    <div id=\"metaslider_container_25573\">\n        <div id=\"metaslider_25573\">\n            <ul class='slides'>\n                <li style=\"display: block; width: 100%;\" class=\"slide-25684 ms-image \" aria-roledescription=\"slide\" data-date=\"2025-07-24 07:55:40\"><img src=\"https:\/\/sulsc.com\/wp-content\/uploads\/2025\/07\/Marr-2-1000x166.jpg\" height=\"200\" width=\"1200\" alt=\"\" class=\"slider-25573 slide-25684 msDefaultImage\" title=\"Marr 2\" \/><\/li>\n                <li style=\"display: none; width: 100%;\" class=\"slide-32412 ms-image \" aria-roledescription=\"slide\" data-date=\"2026-02-18 13:59:46\"><img src=\"https:\/\/sulsc.com\/wp-content\/uploads\/2026\/02\/40dc1580-cad5-4867-bc58-c4243821ad38-1000x166.jpeg\" height=\"200\" width=\"1200\" alt=\"\" class=\"slider-25573 slide-32412 msDefaultImage\" title=\"40dc1580-cad5-4867-bc58-c4243821ad38\" \/><\/li>\n                <li style=\"display: none; width: 100%;\" class=\"slide-32766 ms-image \" aria-roledescription=\"slide\" data-date=\"2026-03-03 17:22:59\"><img src=\"https:\/\/sulsc.com\/wp-content\/uploads\/2026\/03\/271ce739-f268-41c5-8051-3de1a1750359-1000x166.jpeg\" height=\"200\" width=\"1200\" alt=\"\" class=\"slider-25573 slide-32766 msDefaultImage\" title=\"271ce739-f268-41c5-8051-3de1a1750359\" \/><\/li>\n            <\/ul>\n        <\/div>\n        \n    <\/div>\n<\/div>\n<p>Al\u00e9m disso, o cruzamento do km-103 da linha tronco, na rua Aristides Amboni, permanece bloqueado. A FTC informou que os servi\u00e7os para normaliza\u00e7\u00e3o do tr\u00e1fego est\u00e3o em andamento e poder\u00e3o ser interrompidos caso as condi\u00e7\u00f5es clim\u00e1ticas, conforme previstas pela Defesa Civil, exijam. A empresa tamb\u00e9m est\u00e1 investigando as poss\u00edveis causas do descarrilamento e continuar\u00e1 a fornecer atualiza\u00e7\u00f5es sobre o progresso dos trabalhos.<\/p>\n<p><img fetchpriority=\"high\" decoding=\"async\" class=\"aligncenter size-full wp-image-30663\" src=\"http:\/\/sulsc.com\/wp-content\/uploads\/2025\/12\/224502.webp\" alt=\"\" width=\"1350\" height=\"900\" srcset=\"https:\/\/sulsc.com\/wp-content\/uploads\/2025\/12\/224502.webp 1350w, https:\/\/sulsc.com\/wp-content\/uploads\/2025\/12\/224502-300x200.webp 300w, https:\/\/sulsc.com\/wp-content\/uploads\/2025\/12\/224502-1024x683.webp 1024w, https:\/\/sulsc.com\/wp-content\/uploads\/2025\/12\/224502-768x512.webp 768w\" sizes=\"(max-width: 1350px) 100vw, 1350px\" \/><\/p>\n<p>Divulga\u00e7\u00e3o\/SulSC<\/p>\n<p><strong>Charges hil\u00e1rias voc\u00ea encontra s\u00f3 no SulSC.<\/strong><\/p>\n<p><img decoding=\"async\" class=\"aligncenter size-full wp-image-7347\" src=\"http:\/\/sulsc.com\/wp-content\/uploads\/2024\/01\/charge.jpg\" alt=\"\" width=\"1600\" height=\"1142\" srcset=\"https:\/\/sulsc.com\/wp-content\/uploads\/2024\/01\/charge.jpg 1600w, https:\/\/sulsc.com\/wp-content\/uploads\/2024\/01\/charge-300x214.jpg 300w, https:\/\/sulsc.com\/wp-content\/uploads\/2024\/01\/charge-1024x731.jpg 1024w, https:\/\/sulsc.com\/wp-content\/uploads\/2024\/01\/charge-768x548.jpg 768w, https:\/\/sulsc.com\/wp-content\/uploads\/2024\/01\/charge-1536x1096.jpg 1536w\" sizes=\"(max-width: 1600px) 100vw, 1600px\" \/><\/p>\n","protected":false},"excerpt":{"rendered":"<p>Trem de carga da Ferrovia Tereza Cristina (FTC) descarrilou na noite dessa segunda-feira, dia 8, no bairro Renascer, em Crici\u00fama. Composto por 38 vag\u00f5es carregados de carv\u00e3o mineral, o ve\u00edculo seguia em dire\u00e7\u00e3o a Tubar\u00e3o quando cinco vag\u00f5es tombaram, resultando na interdi\u00e7\u00e3o total do tr\u00e2nsito na rua Miguel Patr\u00edcio de Souza. Segundo informa\u00e7\u00f5es fornecidas pela &hellip;<\/p>\n<p class=\"read-more\"> <a class=\"\" href=\"https:\/\/sulsc.com\/index.php\/2025\/12\/09\/descarrilamento-de-trem-de-carga-em-criciuma-interdita-rua-miguel-patricio-de-souza\/\"> <span class=\"screen-reader-text\">Descarrilamento de trem de carga em Crici\u00fama interdita rua Miguel Patr\u00edcio de Souza<\/span> Read More &raquo;<\/a><\/p>\n","protected":false},"author":3,"featured_media":30663,"comment_status":"open","ping_status":"open","sticky":false,"template":"","format":"standard","meta":{"site-sidebar-layout":"default","site-content-layout":"","ast-site-content-layout":"default","site-content-style":"default","site-sidebar-style":"default","ast-global-header-display":"","ast-banner-title-visibility":"","ast-main-header-display":"","ast-hfb-above-header-display":"","ast-hfb-below-header-display":"","ast-hfb-mobile-header-display":"","site-post-title":"","ast-breadcrumbs-content":"","ast-featured-img":"","footer-sml-layout":"","theme-transparent-header-meta":"default","adv-header-id-meta":"","stick-header-meta":"","header-above-stick-meta":"","header-main-stick-meta":"","header-below-stick-meta":"","astra-migrate-meta-layouts":"set","footnotes":""},"categories":[2354,23,1,14,2782,12],"tags":[2305],"yoast_head":"<!-- This site is optimized with the Yoast SEO plugin v21.4 - https:\/\/yoast.com\/wordpress\/plugins\/seo\/ -->\n<title>Descarrilamento de trem de carga em Crici\u00fama interdita rua Miguel Patr\u00edcio de Souza -<\/title>\n<meta name=\"robots\" content=\"index, follow, max-snippet:-1, max-image-preview:large, max-video-preview:-1\" \/>\n<link rel=\"canonical\" href=\"https:\/\/sulsc.com\/index.php\/2025\/12\/09\/descarrilamento-de-trem-de-carga-em-criciuma-interdita-rua-miguel-patricio-de-souza\/\" \/>\n<meta property=\"og:locale\" content=\"en_US\" \/>\n<meta property=\"og:type\" content=\"article\" \/>\n<meta property=\"og:title\" content=\"Descarrilamento de trem de carga em Crici\u00fama interdita rua Miguel Patr\u00edcio de Souza -\" \/>\n<meta property=\"og:description\" content=\"Trem de carga da Ferrovia Tereza Cristina (FTC) descarrilou na noite dessa segunda-feira, dia 8, no bairro Renascer, em Crici\u00fama. Composto por 38 vag\u00f5es carregados de carv\u00e3o mineral, o ve\u00edculo seguia em dire\u00e7\u00e3o a Tubar\u00e3o quando cinco vag\u00f5es tombaram, resultando na interdi\u00e7\u00e3o total do tr\u00e2nsito na rua Miguel Patr\u00edcio de Souza. Segundo informa\u00e7\u00f5es fornecidas pela &hellip; Descarrilamento de trem de carga em Crici\u00fama interdita rua Miguel Patr\u00edcio de Souza Read More &raquo;\" \/>\n<meta property=\"og:url\" content=\"https:\/\/sulsc.com\/index.php\/2025\/12\/09\/descarrilamento-de-trem-de-carga-em-criciuma-interdita-rua-miguel-patricio-de-souza\/\" \/>\n<meta property=\"article:author\" content=\"https:\/\/www.facebook.com\/profile.php?id=61559278119680\" \/>\n<meta property=\"article:published_time\" content=\"2025-12-09T13:32:57+00:00\" \/>\n<meta property=\"og:image\" content=\"http:\/\/sulsc.com\/wp-content\/uploads\/2025\/12\/224502.webp\" \/>\n\t<meta property=\"og:image:width\" content=\"1350\" \/>\n\t<meta property=\"og:image:height\" content=\"900\" \/>\n\t<meta property=\"og:image:type\" content=\"image\/webp\" \/>\n<meta name=\"author\" content=\"Reda\u00e7\u00e3o Sul SC\" \/>\n<meta name=\"twitter:card\" content=\"summary_large_image\" \/>\n<meta name=\"twitter:creator\" content=\"@https:\/\/twitter.com\/PortalSulSC\" \/>\n<meta name=\"twitter:label1\" content=\"Written by\" \/>\n\t<meta name=\"twitter:data1\" content=\"Reda\u00e7\u00e3o Sul SC\" \/>\n\t<meta name=\"twitter:label2\" content=\"Est. reading time\" \/>\n\t<meta name=\"twitter:data2\" content=\"2 minutes\" \/>\n<script type=\"application\/ld+json\" class=\"yoast-schema-graph\">{\"@context\":\"https:\/\/schema.org\",\"@graph\":[{\"@type\":\"WebPage\",\"@id\":\"https:\/\/sulsc.com\/index.php\/2025\/12\/09\/descarrilamento-de-trem-de-carga-em-criciuma-interdita-rua-miguel-patricio-de-souza\/\",\"url\":\"https:\/\/sulsc.com\/index.php\/2025\/12\/09\/descarrilamento-de-trem-de-carga-em-criciuma-interdita-rua-miguel-patricio-de-souza\/\",\"name\":\"Descarrilamento de trem de carga em Crici\u00fama interdita rua Miguel Patr\u00edcio de Souza -\",\"isPartOf\":{\"@id\":\"https:\/\/sulsc.com\/#website\"},\"datePublished\":\"2025-12-09T13:32:57+00:00\",\"dateModified\":\"2025-12-09T13:32:57+00:00\",\"author\":{\"@id\":\"https:\/\/sulsc.com\/#\/schema\/person\/84d2fc571684f6248ba83092f07750a3\"},\"breadcrumb\":{\"@id\":\"https:\/\/sulsc.com\/index.php\/2025\/12\/09\/descarrilamento-de-trem-de-carga-em-criciuma-interdita-rua-miguel-patricio-de-souza\/#breadcrumb\"},\"inLanguage\":\"en-US\",\"potentialAction\":[{\"@type\":\"ReadAction\",\"target\":[\"https:\/\/sulsc.com\/index.php\/2025\/12\/09\/descarrilamento-de-trem-de-carga-em-criciuma-interdita-rua-miguel-patricio-de-souza\/\"]}]},{\"@type\":\"BreadcrumbList\",\"@id\":\"https:\/\/sulsc.com\/index.php\/2025\/12\/09\/descarrilamento-de-trem-de-carga-em-criciuma-interdita-rua-miguel-patricio-de-souza\/#breadcrumb\",\"itemListElement\":[{\"@type\":\"ListItem\",\"position\":1,\"name\":\"In\u00edcio\",\"item\":\"https:\/\/sulsc.com\/\"},{\"@type\":\"ListItem\",\"position\":2,\"name\":\"Descarrilamento de trem de carga em Crici\u00fama interdita rua Miguel Patr\u00edcio de Souza\"}]},{\"@type\":\"WebSite\",\"@id\":\"https:\/\/sulsc.com\/#website\",\"url\":\"https:\/\/sulsc.com\/\",\"name\":\"\",\"description\":\"\",\"potentialAction\":[{\"@type\":\"SearchAction\",\"target\":{\"@type\":\"EntryPoint\",\"urlTemplate\":\"https:\/\/sulsc.com\/?s={search_term_string}\"},\"query-input\":\"required name=search_term_string\"}],\"inLanguage\":\"en-US\"},{\"@type\":\"Person\",\"@id\":\"https:\/\/sulsc.com\/#\/schema\/person\/84d2fc571684f6248ba83092f07750a3\",\"name\":\"Reda\u00e7\u00e3o Sul SC\",\"image\":{\"@type\":\"ImageObject\",\"inLanguage\":\"en-US\",\"@id\":\"https:\/\/sulsc.com\/#\/schema\/person\/image\/e08d7fe2cc4ed596372063bbe852b8d0\",\"url\":\"https:\/\/sulsc.com\/wp-content\/uploads\/2023\/09\/redacao.png\",\"contentUrl\":\"https:\/\/sulsc.com\/wp-content\/uploads\/2023\/09\/redacao.png\",\"caption\":\"Reda\u00e7\u00e3o Sul SC\"},\"description\":\"Foco em um jornalismo imparcial, voltado \u00e0 qualidade dos seus conte\u00fados e, assim, levar informa\u00e7\u00e3o de valor que agregue \u00e0 vida dos leitores. Esta \u00e9 grande miss\u00e3o do Portal de Not\u00edcias Sul SC. N\u00e3o \u00e9 quantidade que muda o mundo, sempre foi e seguir\u00e1 sendo qualidade!\",\"sameAs\":[\"https:\/\/sulsc.com\/\",\"https:\/\/www.facebook.com\/profile.php?id=61559278119680\",\"https:\/\/www.instagram.com\/sulscportal\/?hl=pt-br\",\"https:\/\/twitter.com\/https:\/\/twitter.com\/PortalSulSC\",\"https:\/\/www.youtube.com\/channel\/UCv_BE8GeySluDov2n8qhVmw\"],\"url\":\"https:\/\/sulsc.com\/index.php\/author\/redacao\/\"}]}<\/script>\n<!-- \/ Yoast SEO plugin. -->","yoast_head_json":{"title":"Descarrilamento de trem de carga em Crici\u00fama interdita rua Miguel Patr\u00edcio de Souza -","robots":{"index":"index","follow":"follow","max-snippet":"max-snippet:-1","max-image-preview":"max-image-preview:large","max-video-preview":"max-video-preview:-1"},"canonical":"https:\/\/sulsc.com\/index.php\/2025\/12\/09\/descarrilamento-de-trem-de-carga-em-criciuma-interdita-rua-miguel-patricio-de-souza\/","og_locale":"en_US","og_type":"article","og_title":"Descarrilamento de trem de carga em Crici\u00fama interdita rua Miguel Patr\u00edcio de Souza -","og_description":"Trem de carga da Ferrovia Tereza Cristina (FTC) descarrilou na noite dessa segunda-feira, dia 8, no bairro Renascer, em Crici\u00fama. Composto por 38 vag\u00f5es carregados de carv\u00e3o mineral, o ve\u00edculo seguia em dire\u00e7\u00e3o a Tubar\u00e3o quando cinco vag\u00f5es tombaram, resultando na interdi\u00e7\u00e3o total do tr\u00e2nsito na rua Miguel Patr\u00edcio de Souza. Segundo informa\u00e7\u00f5es fornecidas pela &hellip; Descarrilamento de trem de carga em Crici\u00fama interdita rua Miguel Patr\u00edcio de Souza Read More &raquo;","og_url":"https:\/\/sulsc.com\/index.php\/2025\/12\/09\/descarrilamento-de-trem-de-carga-em-criciuma-interdita-rua-miguel-patricio-de-souza\/","article_author":"https:\/\/www.facebook.com\/profile.php?id=61559278119680","article_published_time":"2025-12-09T13:32:57+00:00","og_image":[{"width":1350,"height":900,"url":"http:\/\/sulsc.com\/wp-content\/uploads\/2025\/12\/224502.webp","type":"image\/webp"}],"author":"Reda\u00e7\u00e3o Sul SC","twitter_card":"summary_large_image","twitter_creator":"@https:\/\/twitter.com\/PortalSulSC","twitter_misc":{"Written by":"Reda\u00e7\u00e3o Sul SC","Est. reading time":"2 minutes"},"schema":{"@context":"https:\/\/schema.org","@graph":[{"@type":"WebPage","@id":"https:\/\/sulsc.com\/index.php\/2025\/12\/09\/descarrilamento-de-trem-de-carga-em-criciuma-interdita-rua-miguel-patricio-de-souza\/","url":"https:\/\/sulsc.com\/index.php\/2025\/12\/09\/descarrilamento-de-trem-de-carga-em-criciuma-interdita-rua-miguel-patricio-de-souza\/","name":"Descarrilamento de trem de carga em Crici\u00fama interdita rua Miguel Patr\u00edcio de Souza -","isPartOf":{"@id":"https:\/\/sulsc.com\/#website"},"datePublished":"2025-12-09T13:32:57+00:00","dateModified":"2025-12-09T13:32:57+00:00","author":{"@id":"https:\/\/sulsc.com\/#\/schema\/person\/84d2fc571684f6248ba83092f07750a3"},"breadcrumb":{"@id":"https:\/\/sulsc.com\/index.php\/2025\/12\/09\/descarrilamento-de-trem-de-carga-em-criciuma-interdita-rua-miguel-patricio-de-souza\/#breadcrumb"},"inLanguage":"en-US","potentialAction":[{"@type":"ReadAction","target":["https:\/\/sulsc.com\/index.php\/2025\/12\/09\/descarrilamento-de-trem-de-carga-em-criciuma-interdita-rua-miguel-patricio-de-souza\/"]}]},{"@type":"BreadcrumbList","@id":"https:\/\/sulsc.com\/index.php\/2025\/12\/09\/descarrilamento-de-trem-de-carga-em-criciuma-interdita-rua-miguel-patricio-de-souza\/#breadcrumb","itemListElement":[{"@type":"ListItem","position":1,"name":"In\u00edcio","item":"https:\/\/sulsc.com\/"},{"@type":"ListItem","position":2,"name":"Descarrilamento de trem de carga em Crici\u00fama interdita rua Miguel Patr\u00edcio de Souza"}]},{"@type":"WebSite","@id":"https:\/\/sulsc.com\/#website","url":"https:\/\/sulsc.com\/","name":"","description":"","potentialAction":[{"@type":"SearchAction","target":{"@type":"EntryPoint","urlTemplate":"https:\/\/sulsc.com\/?s={search_term_string}"},"query-input":"required name=search_term_string"}],"inLanguage":"en-US"},{"@type":"Person","@id":"https:\/\/sulsc.com\/#\/schema\/person\/84d2fc571684f6248ba83092f07750a3","name":"Reda\u00e7\u00e3o Sul SC","image":{"@type":"ImageObject","inLanguage":"en-US","@id":"https:\/\/sulsc.com\/#\/schema\/person\/image\/e08d7fe2cc4ed596372063bbe852b8d0","url":"https:\/\/sulsc.com\/wp-content\/uploads\/2023\/09\/redacao.png","contentUrl":"https:\/\/sulsc.com\/wp-content\/uploads\/2023\/09\/redacao.png","caption":"Reda\u00e7\u00e3o Sul SC"},"description":"Foco em um jornalismo imparcial, voltado \u00e0 qualidade dos seus conte\u00fados e, assim, levar informa\u00e7\u00e3o de valor que agregue \u00e0 vida dos leitores. Esta \u00e9 grande miss\u00e3o do Portal de Not\u00edcias Sul SC. N\u00e3o \u00e9 quantidade que muda o mundo, sempre foi e seguir\u00e1 sendo qualidade!","sameAs":["https:\/\/sulsc.com\/","https:\/\/www.facebook.com\/profile.php?id=61559278119680","https:\/\/www.instagram.com\/sulscportal\/?hl=pt-br","https:\/\/twitter.com\/https:\/\/twitter.com\/PortalSulSC","https:\/\/www.youtube.com\/channel\/UCv_BE8GeySluDov2n8qhVmw"],"url":"https:\/\/sulsc.com\/index.php\/author\/redacao\/"}]}},"authors":[],"_links":{"self":[{"href":"https:\/\/sulsc.com\/index.php\/wp-json\/wp\/v2\/posts\/30662"}],"collection":[{"href":"https:\/\/sulsc.com\/index.php\/wp-json\/wp\/v2\/posts"}],"about":[{"href":"https:\/\/sulsc.com\/index.php\/wp-json\/wp\/v2\/types\/post"}],"author":[{"embeddable":true,"href":"https:\/\/sulsc.com\/index.php\/wp-json\/wp\/v2\/users\/3"}],"replies":[{"embeddable":true,"href":"https:\/\/sulsc.com\/index.php\/wp-json\/wp\/v2\/comments?post=30662"}],"version-history":[{"count":1,"href":"https:\/\/sulsc.com\/index.php\/wp-json\/wp\/v2\/posts\/30662\/revisions"}],"predecessor-version":[{"id":30664,"href":"https:\/\/sulsc.com\/index.php\/wp-json\/wp\/v2\/posts\/30662\/revisions\/30664"}],"wp:featuredmedia":[{"embeddable":true,"href":"https:\/\/sulsc.com\/index.php\/wp-json\/wp\/v2\/media\/30663"}],"wp:attachment":[{"href":"https:\/\/sulsc.com\/index.php\/wp-json\/wp\/v2\/media?parent=30662"}],"wp:term":[{"taxonomy":"category","embeddable":true,"href":"https:\/\/sulsc.com\/index.php\/wp-json\/wp\/v2\/categories?post=30662"},{"taxonomy":"post_tag","embeddable":true,"href":"https:\/\/sulsc.com\/index.php\/wp-json\/wp\/v2\/tags?post=30662"}],"curies":[{"name":"wp","href":"https:\/\/api.w.org\/{rel}","templated":true}]}}