{"id":30680,"date":"2025-12-09T13:00:54","date_gmt":"2025-12-09T16:00:54","guid":{"rendered":"https:\/\/sulsc.com\/?p=30680"},"modified":"2025-12-09T12:19:48","modified_gmt":"2025-12-09T15:19:48","slug":"tubarao-e-a-quarta-cidade-com-o-maior-acumulo-de-agua-em-santa-catarina","status":"publish","type":"post","link":"https:\/\/sulsc.com\/index.php\/2025\/12\/09\/tubarao-e-a-quarta-cidade-com-o-maior-acumulo-de-agua-em-santa-catarina\/","title":{"rendered":"Tubar\u00e3o \u00e9 a quarta cidade com o maior ac\u00famulo de \u00e1gua em Santa Catarina"},"content":{"rendered":"<p>Nas \u00faltimas tr\u00eas horas, cidades catarinenses registraram 80 mil\u00edmetros. A Defesa Civil emitiu o monitoramento \u00e0s 9h desta ter\u00e7a-feira (9). Em Crici\u00fama, houve registro de ac\u00famulo de \u00e1gua em algumas localidades, como no Centro e no Pio Corr\u00eaa.<\/p>\n<p>Os maiores volumes de precipita\u00e7\u00e3o foram registrados em S\u00e3o Jos\u00e9 (80,2 mil\u00edmetros), Palho\u00e7a (69,8 mill\u00edmetros) e Florian\u00f3polis (61,2). A quarta cidade com o maior ac\u00famulo \u00e9 do Sul de Santa Catarina. Tubar\u00e3o teve 40 mil\u00edmetros de chuva em tr\u00eas horas.<\/p>\n<div id=\"metaslider-id-25573\" style=\"width: 100%;\" class=\"ml-slider-3-99-0 metaslider metaslider-flex metaslider-25573 ml-slider has-onhover-arrows ms-theme-default-base has-dots-nav\" role=\"region\" aria-label=\"Meio\" data-width=\"1200\">\n    <div id=\"metaslider_container_25573\">\n        <div id=\"metaslider_25573\">\n            <ul class='slides'>\n                <li style=\"display: block; width: 100%;\" class=\"slide-25684 ms-image \" aria-roledescription=\"slide\" data-date=\"2025-07-24 07:55:40\"><img src=\"https:\/\/sulsc.com\/wp-content\/uploads\/2025\/07\/Marr-2-1000x166.jpg\" height=\"200\" width=\"1200\" alt=\"\" class=\"slider-25573 slide-25684 msDefaultImage\" title=\"Marr 2\" \/><\/li>\n                <li style=\"display: none; width: 100%;\" class=\"slide-32412 ms-image \" aria-roledescription=\"slide\" data-date=\"2026-02-18 13:59:46\"><img src=\"https:\/\/sulsc.com\/wp-content\/uploads\/2026\/02\/40dc1580-cad5-4867-bc58-c4243821ad38-1000x166.jpeg\" height=\"200\" width=\"1200\" alt=\"\" class=\"slider-25573 slide-32412 msDefaultImage\" title=\"40dc1580-cad5-4867-bc58-c4243821ad38\" \/><\/li>\n                <li style=\"display: none; width: 100%;\" class=\"slide-32766 ms-image \" aria-roledescription=\"slide\" data-date=\"2026-03-03 17:22:59\"><img src=\"https:\/\/sulsc.com\/wp-content\/uploads\/2026\/03\/271ce739-f268-41c5-8051-3de1a1750359-1000x166.jpeg\" height=\"200\" width=\"1200\" alt=\"\" class=\"slider-25573 slide-32766 msDefaultImage\" title=\"271ce739-f268-41c5-8051-3de1a1750359\" \/><\/li>\n            <\/ul>\n        <\/div>\n        \n    <\/div>\n<\/div>\n<p>Vale ressaltar que o ciclone extratropical em Santa Catarina \u00e9 causado pela intensifica\u00e7\u00e3o de uma \u00e1rea de baixa press\u00e3o atmosf\u00e9rica entre Sul do Paraguai, o Nordeste da Argentina e do Rio Grande do Sul. A Defesa Civil recomenda que\u00a0durante os temporais as pessoas busquem um local abrigado, longe de janelas e objetos que possam ser arremessados.<\/p>\n<p>Al\u00e9m disso, em caso de ventos fortes deve-se evitar transitar e\/ou abrigar-se pr\u00f3ximo de \u00e1rvores, placas, muros e postes de energia. Em caso de chuva intensa com alagamentos, jamais deve-se atravessar ruas alagadas ou pontes e pontilh\u00f5es submersos.<\/p>\n<p><img fetchpriority=\"high\" decoding=\"async\" class=\"alignnone size-full wp-image-815\" src=\"http:\/\/sulsc.com\/wp-content\/uploads\/2023\/09\/chuva.jpeg\" alt=\"\" width=\"659\" height=\"474\" srcset=\"https:\/\/sulsc.com\/wp-content\/uploads\/2023\/09\/chuva.jpeg 659w, https:\/\/sulsc.com\/wp-content\/uploads\/2023\/09\/chuva-300x216.jpeg 300w\" sizes=\"(max-width: 659px) 100vw, 659px\" \/><\/p>\n<p>Fonte: 4Oito<\/p>\n","protected":false},"excerpt":{"rendered":"<p>Nas \u00faltimas tr\u00eas horas, cidades catarinenses registraram 80 mil\u00edmetros. A Defesa Civil emitiu o monitoramento \u00e0s 9h desta ter\u00e7a-feira (9). Em Crici\u00fama, houve registro de ac\u00famulo de \u00e1gua em algumas localidades, como no Centro e no Pio Corr\u00eaa. Os maiores volumes de precipita\u00e7\u00e3o foram registrados em S\u00e3o Jos\u00e9 (80,2 mil\u00edmetros), Palho\u00e7a (69,8 mill\u00edmetros) e Florian\u00f3polis &hellip;<\/p>\n<p class=\"read-more\"> <a class=\"\" href=\"https:\/\/sulsc.com\/index.php\/2025\/12\/09\/tubarao-e-a-quarta-cidade-com-o-maior-acumulo-de-agua-em-santa-catarina\/\"> <span class=\"screen-reader-text\">Tubar\u00e3o \u00e9 a quarta cidade com o maior ac\u00famulo de \u00e1gua em Santa Catarina<\/span> Read More &raquo;<\/a><\/p>\n","protected":false},"author":3,"featured_media":815,"comment_status":"open","ping_status":"open","sticky":false,"template":"","format":"standard","meta":{"site-sidebar-layout":"default","site-content-layout":"","ast-site-content-layout":"default","site-content-style":"default","site-sidebar-style":"default","ast-global-header-display":"","ast-banner-title-visibility":"","ast-main-header-display":"","ast-hfb-above-header-display":"","ast-hfb-below-header-display":"","ast-hfb-mobile-header-display":"","site-post-title":"","ast-breadcrumbs-content":"","ast-featured-img":"","footer-sml-layout":"","theme-transparent-header-meta":"default","adv-header-id-meta":"","stick-header-meta":"","header-above-stick-meta":"","header-main-stick-meta":"","header-below-stick-meta":"","astra-migrate-meta-layouts":"set","footnotes":""},"categories":[8,38,21,12],"tags":[],"yoast_head":"<!-- This site is optimized with the Yoast SEO plugin v21.4 - https:\/\/yoast.com\/wordpress\/plugins\/seo\/ -->\n<title>Tubar\u00e3o \u00e9 a quarta cidade com o maior ac\u00famulo de \u00e1gua em Santa Catarina -<\/title>\n<meta name=\"robots\" content=\"index, follow, max-snippet:-1, max-image-preview:large, max-video-preview:-1\" \/>\n<link rel=\"canonical\" href=\"https:\/\/sulsc.com\/index.php\/2025\/12\/09\/tubarao-e-a-quarta-cidade-com-o-maior-acumulo-de-agua-em-santa-catarina\/\" \/>\n<meta property=\"og:locale\" content=\"en_US\" \/>\n<meta property=\"og:type\" content=\"article\" \/>\n<meta property=\"og:title\" content=\"Tubar\u00e3o \u00e9 a quarta cidade com o maior ac\u00famulo de \u00e1gua em Santa Catarina -\" \/>\n<meta property=\"og:description\" content=\"Nas \u00faltimas tr\u00eas horas, cidades catarinenses registraram 80 mil\u00edmetros. A Defesa Civil emitiu o monitoramento \u00e0s 9h desta ter\u00e7a-feira (9). Em Crici\u00fama, houve registro de ac\u00famulo de \u00e1gua em algumas localidades, como no Centro e no Pio Corr\u00eaa. Os maiores volumes de precipita\u00e7\u00e3o foram registrados em S\u00e3o Jos\u00e9 (80,2 mil\u00edmetros), Palho\u00e7a (69,8 mill\u00edmetros) e Florian\u00f3polis &hellip; Tubar\u00e3o \u00e9 a quarta cidade com o maior ac\u00famulo de \u00e1gua em Santa Catarina Read More &raquo;\" \/>\n<meta property=\"og:url\" content=\"https:\/\/sulsc.com\/index.php\/2025\/12\/09\/tubarao-e-a-quarta-cidade-com-o-maior-acumulo-de-agua-em-santa-catarina\/\" \/>\n<meta property=\"article:author\" content=\"https:\/\/www.facebook.com\/profile.php?id=61559278119680\" \/>\n<meta property=\"article:published_time\" content=\"2025-12-09T16:00:54+00:00\" \/>\n<meta property=\"article:modified_time\" content=\"2025-12-09T15:19:48+00:00\" \/>\n<meta property=\"og:image\" content=\"https:\/\/sulsc.com\/wp-content\/uploads\/2023\/09\/chuva.jpeg\" \/>\n\t<meta property=\"og:image:width\" content=\"659\" \/>\n\t<meta property=\"og:image:height\" content=\"474\" \/>\n\t<meta property=\"og:image:type\" content=\"image\/jpeg\" \/>\n<meta name=\"author\" content=\"Reda\u00e7\u00e3o Sul SC\" \/>\n<meta name=\"twitter:card\" content=\"summary_large_image\" \/>\n<meta name=\"twitter:creator\" content=\"@https:\/\/twitter.com\/PortalSulSC\" \/>\n<meta name=\"twitter:label1\" content=\"Written by\" \/>\n\t<meta name=\"twitter:data1\" content=\"Reda\u00e7\u00e3o Sul SC\" \/>\n\t<meta name=\"twitter:label2\" content=\"Est. reading time\" \/>\n\t<meta name=\"twitter:data2\" content=\"1 minute\" \/>\n<script type=\"application\/ld+json\" class=\"yoast-schema-graph\">{\"@context\":\"https:\/\/schema.org\",\"@graph\":[{\"@type\":\"WebPage\",\"@id\":\"https:\/\/sulsc.com\/index.php\/2025\/12\/09\/tubarao-e-a-quarta-cidade-com-o-maior-acumulo-de-agua-em-santa-catarina\/\",\"url\":\"https:\/\/sulsc.com\/index.php\/2025\/12\/09\/tubarao-e-a-quarta-cidade-com-o-maior-acumulo-de-agua-em-santa-catarina\/\",\"name\":\"Tubar\u00e3o \u00e9 a quarta cidade com o maior ac\u00famulo de \u00e1gua em Santa Catarina -\",\"isPartOf\":{\"@id\":\"https:\/\/sulsc.com\/#website\"},\"datePublished\":\"2025-12-09T16:00:54+00:00\",\"dateModified\":\"2025-12-09T15:19:48+00:00\",\"author\":{\"@id\":\"https:\/\/sulsc.com\/#\/schema\/person\/84d2fc571684f6248ba83092f07750a3\"},\"breadcrumb\":{\"@id\":\"https:\/\/sulsc.com\/index.php\/2025\/12\/09\/tubarao-e-a-quarta-cidade-com-o-maior-acumulo-de-agua-em-santa-catarina\/#breadcrumb\"},\"inLanguage\":\"en-US\",\"potentialAction\":[{\"@type\":\"ReadAction\",\"target\":[\"https:\/\/sulsc.com\/index.php\/2025\/12\/09\/tubarao-e-a-quarta-cidade-com-o-maior-acumulo-de-agua-em-santa-catarina\/\"]}]},{\"@type\":\"BreadcrumbList\",\"@id\":\"https:\/\/sulsc.com\/index.php\/2025\/12\/09\/tubarao-e-a-quarta-cidade-com-o-maior-acumulo-de-agua-em-santa-catarina\/#breadcrumb\",\"itemListElement\":[{\"@type\":\"ListItem\",\"position\":1,\"name\":\"In\u00edcio\",\"item\":\"https:\/\/sulsc.com\/\"},{\"@type\":\"ListItem\",\"position\":2,\"name\":\"Tubar\u00e3o \u00e9 a quarta cidade com o maior ac\u00famulo de \u00e1gua em Santa Catarina\"}]},{\"@type\":\"WebSite\",\"@id\":\"https:\/\/sulsc.com\/#website\",\"url\":\"https:\/\/sulsc.com\/\",\"name\":\"\",\"description\":\"\",\"potentialAction\":[{\"@type\":\"SearchAction\",\"target\":{\"@type\":\"EntryPoint\",\"urlTemplate\":\"https:\/\/sulsc.com\/?s={search_term_string}\"},\"query-input\":\"required name=search_term_string\"}],\"inLanguage\":\"en-US\"},{\"@type\":\"Person\",\"@id\":\"https:\/\/sulsc.com\/#\/schema\/person\/84d2fc571684f6248ba83092f07750a3\",\"name\":\"Reda\u00e7\u00e3o Sul SC\",\"image\":{\"@type\":\"ImageObject\",\"inLanguage\":\"en-US\",\"@id\":\"https:\/\/sulsc.com\/#\/schema\/person\/image\/e08d7fe2cc4ed596372063bbe852b8d0\",\"url\":\"https:\/\/sulsc.com\/wp-content\/uploads\/2023\/09\/redacao.png\",\"contentUrl\":\"https:\/\/sulsc.com\/wp-content\/uploads\/2023\/09\/redacao.png\",\"caption\":\"Reda\u00e7\u00e3o Sul SC\"},\"description\":\"Foco em um jornalismo imparcial, voltado \u00e0 qualidade dos seus conte\u00fados e, assim, levar informa\u00e7\u00e3o de valor que agregue \u00e0 vida dos leitores. Esta \u00e9 grande miss\u00e3o do Portal de Not\u00edcias Sul SC. N\u00e3o \u00e9 quantidade que muda o mundo, sempre foi e seguir\u00e1 sendo qualidade!\",\"sameAs\":[\"https:\/\/sulsc.com\/\",\"https:\/\/www.facebook.com\/profile.php?id=61559278119680\",\"https:\/\/www.instagram.com\/sulscportal\/?hl=pt-br\",\"https:\/\/twitter.com\/https:\/\/twitter.com\/PortalSulSC\",\"https:\/\/www.youtube.com\/channel\/UCv_BE8GeySluDov2n8qhVmw\"],\"url\":\"https:\/\/sulsc.com\/index.php\/author\/redacao\/\"}]}<\/script>\n<!-- \/ Yoast SEO plugin. -->","yoast_head_json":{"title":"Tubar\u00e3o \u00e9 a quarta cidade com o maior ac\u00famulo de \u00e1gua em Santa Catarina -","robots":{"index":"index","follow":"follow","max-snippet":"max-snippet:-1","max-image-preview":"max-image-preview:large","max-video-preview":"max-video-preview:-1"},"canonical":"https:\/\/sulsc.com\/index.php\/2025\/12\/09\/tubarao-e-a-quarta-cidade-com-o-maior-acumulo-de-agua-em-santa-catarina\/","og_locale":"en_US","og_type":"article","og_title":"Tubar\u00e3o \u00e9 a quarta cidade com o maior ac\u00famulo de \u00e1gua em Santa Catarina -","og_description":"Nas \u00faltimas tr\u00eas horas, cidades catarinenses registraram 80 mil\u00edmetros. A Defesa Civil emitiu o monitoramento \u00e0s 9h desta ter\u00e7a-feira (9). Em Crici\u00fama, houve registro de ac\u00famulo de \u00e1gua em algumas localidades, como no Centro e no Pio Corr\u00eaa. Os maiores volumes de precipita\u00e7\u00e3o foram registrados em S\u00e3o Jos\u00e9 (80,2 mil\u00edmetros), Palho\u00e7a (69,8 mill\u00edmetros) e Florian\u00f3polis &hellip; Tubar\u00e3o \u00e9 a quarta cidade com o maior ac\u00famulo de \u00e1gua em Santa Catarina Read More &raquo;","og_url":"https:\/\/sulsc.com\/index.php\/2025\/12\/09\/tubarao-e-a-quarta-cidade-com-o-maior-acumulo-de-agua-em-santa-catarina\/","article_author":"https:\/\/www.facebook.com\/profile.php?id=61559278119680","article_published_time":"2025-12-09T16:00:54+00:00","article_modified_time":"2025-12-09T15:19:48+00:00","og_image":[{"width":659,"height":474,"url":"https:\/\/sulsc.com\/wp-content\/uploads\/2023\/09\/chuva.jpeg","type":"image\/jpeg"}],"author":"Reda\u00e7\u00e3o Sul SC","twitter_card":"summary_large_image","twitter_creator":"@https:\/\/twitter.com\/PortalSulSC","twitter_misc":{"Written by":"Reda\u00e7\u00e3o Sul SC","Est. reading time":"1 minute"},"schema":{"@context":"https:\/\/schema.org","@graph":[{"@type":"WebPage","@id":"https:\/\/sulsc.com\/index.php\/2025\/12\/09\/tubarao-e-a-quarta-cidade-com-o-maior-acumulo-de-agua-em-santa-catarina\/","url":"https:\/\/sulsc.com\/index.php\/2025\/12\/09\/tubarao-e-a-quarta-cidade-com-o-maior-acumulo-de-agua-em-santa-catarina\/","name":"Tubar\u00e3o \u00e9 a quarta cidade com o maior ac\u00famulo de \u00e1gua em Santa Catarina -","isPartOf":{"@id":"https:\/\/sulsc.com\/#website"},"datePublished":"2025-12-09T16:00:54+00:00","dateModified":"2025-12-09T15:19:48+00:00","author":{"@id":"https:\/\/sulsc.com\/#\/schema\/person\/84d2fc571684f6248ba83092f07750a3"},"breadcrumb":{"@id":"https:\/\/sulsc.com\/index.php\/2025\/12\/09\/tubarao-e-a-quarta-cidade-com-o-maior-acumulo-de-agua-em-santa-catarina\/#breadcrumb"},"inLanguage":"en-US","potentialAction":[{"@type":"ReadAction","target":["https:\/\/sulsc.com\/index.php\/2025\/12\/09\/tubarao-e-a-quarta-cidade-com-o-maior-acumulo-de-agua-em-santa-catarina\/"]}]},{"@type":"BreadcrumbList","@id":"https:\/\/sulsc.com\/index.php\/2025\/12\/09\/tubarao-e-a-quarta-cidade-com-o-maior-acumulo-de-agua-em-santa-catarina\/#breadcrumb","itemListElement":[{"@type":"ListItem","position":1,"name":"In\u00edcio","item":"https:\/\/sulsc.com\/"},{"@type":"ListItem","position":2,"name":"Tubar\u00e3o \u00e9 a quarta cidade com o maior ac\u00famulo de \u00e1gua em Santa Catarina"}]},{"@type":"WebSite","@id":"https:\/\/sulsc.com\/#website","url":"https:\/\/sulsc.com\/","name":"","description":"","potentialAction":[{"@type":"SearchAction","target":{"@type":"EntryPoint","urlTemplate":"https:\/\/sulsc.com\/?s={search_term_string}"},"query-input":"required name=search_term_string"}],"inLanguage":"en-US"},{"@type":"Person","@id":"https:\/\/sulsc.com\/#\/schema\/person\/84d2fc571684f6248ba83092f07750a3","name":"Reda\u00e7\u00e3o Sul SC","image":{"@type":"ImageObject","inLanguage":"en-US","@id":"https:\/\/sulsc.com\/#\/schema\/person\/image\/e08d7fe2cc4ed596372063bbe852b8d0","url":"https:\/\/sulsc.com\/wp-content\/uploads\/2023\/09\/redacao.png","contentUrl":"https:\/\/sulsc.com\/wp-content\/uploads\/2023\/09\/redacao.png","caption":"Reda\u00e7\u00e3o Sul SC"},"description":"Foco em um jornalismo imparcial, voltado \u00e0 qualidade dos seus conte\u00fados e, assim, levar informa\u00e7\u00e3o de valor que agregue \u00e0 vida dos leitores. Esta \u00e9 grande miss\u00e3o do Portal de Not\u00edcias Sul SC. N\u00e3o \u00e9 quantidade que muda o mundo, sempre foi e seguir\u00e1 sendo qualidade!","sameAs":["https:\/\/sulsc.com\/","https:\/\/www.facebook.com\/profile.php?id=61559278119680","https:\/\/www.instagram.com\/sulscportal\/?hl=pt-br","https:\/\/twitter.com\/https:\/\/twitter.com\/PortalSulSC","https:\/\/www.youtube.com\/channel\/UCv_BE8GeySluDov2n8qhVmw"],"url":"https:\/\/sulsc.com\/index.php\/author\/redacao\/"}]}},"authors":[],"_links":{"self":[{"href":"https:\/\/sulsc.com\/index.php\/wp-json\/wp\/v2\/posts\/30680"}],"collection":[{"href":"https:\/\/sulsc.com\/index.php\/wp-json\/wp\/v2\/posts"}],"about":[{"href":"https:\/\/sulsc.com\/index.php\/wp-json\/wp\/v2\/types\/post"}],"author":[{"embeddable":true,"href":"https:\/\/sulsc.com\/index.php\/wp-json\/wp\/v2\/users\/3"}],"replies":[{"embeddable":true,"href":"https:\/\/sulsc.com\/index.php\/wp-json\/wp\/v2\/comments?post=30680"}],"version-history":[{"count":1,"href":"https:\/\/sulsc.com\/index.php\/wp-json\/wp\/v2\/posts\/30680\/revisions"}],"predecessor-version":[{"id":30682,"href":"https:\/\/sulsc.com\/index.php\/wp-json\/wp\/v2\/posts\/30680\/revisions\/30682"}],"wp:featuredmedia":[{"embeddable":true,"href":"https:\/\/sulsc.com\/index.php\/wp-json\/wp\/v2\/media\/815"}],"wp:attachment":[{"href":"https:\/\/sulsc.com\/index.php\/wp-json\/wp\/v2\/media?parent=30680"}],"wp:term":[{"taxonomy":"category","embeddable":true,"href":"https:\/\/sulsc.com\/index.php\/wp-json\/wp\/v2\/categories?post=30680"},{"taxonomy":"post_tag","embeddable":true,"href":"https:\/\/sulsc.com\/index.php\/wp-json\/wp\/v2\/tags?post=30680"}],"curies":[{"name":"wp","href":"https:\/\/api.w.org\/{rel}","templated":true}]}}