{"id":30693,"date":"2025-12-09T18:27:45","date_gmt":"2025-12-09T21:27:45","guid":{"rendered":"https:\/\/sulsc.com\/?p=30693"},"modified":"2025-12-09T18:27:45","modified_gmt":"2025-12-09T21:27:45","slug":"racionalizando-por-sabrina-zapelini-minatto-amps-realiza-ultima-reuniao-de-trabalho-do-ano-e-fortalece-presenca-feminina-na-politica-de-sc","status":"publish","type":"post","link":"https:\/\/sulsc.com\/index.php\/2025\/12\/09\/racionalizando-por-sabrina-zapelini-minatto-amps-realiza-ultima-reuniao-de-trabalho-do-ano-e-fortalece-presenca-feminina-na-politica-de-sc\/","title":{"rendered":"Racionalizando por Sabrina Zapelini Minatto &#8211; AMPS realiza \u00faltima reuni\u00e3o de trabalho do ano e fortalece presen\u00e7a feminina na pol\u00edtica de SC"},"content":{"rendered":"<p>A Associa\u00e7\u00e3o das Mulheres Pol\u00edticas do Sul (AMPS) realizou, no s\u00e1bado, dia 06, uma confraterniza\u00e7\u00e3o em Crici\u00fama que reuniu mulheres atuantes na vida p\u00fablica e outras interessadas em participar da pol\u00edtica. O encontro marcou um momento de integra\u00e7\u00e3o, fortalecimento de v\u00ednculos e uni\u00e3o em torno da representatividade feminina.<\/p>\n<p>O evento contou com a presen\u00e7a das vereadoras Bruna Maciel (AMESC), Maria Luiza Darolt (AMREC) e Jadna Bardini (AMUREL), al\u00e9m da pr\u00e9 candidata a deputada estadual Michele Marques (AMREC), refor\u00e7ando a import\u00e2ncia de preparar novas lideran\u00e7as femininas.<\/p>\n<div id=\"metaslider-id-25573\" style=\"width: 100%;\" class=\"ml-slider-3-99-0 metaslider metaslider-flex metaslider-25573 ml-slider has-onhover-arrows ms-theme-default-base has-dots-nav\" role=\"region\" aria-label=\"Meio\" data-width=\"1200\">\n    <div id=\"metaslider_container_25573\">\n        <div id=\"metaslider_25573\">\n            <ul class='slides'>\n                <li style=\"display: block; width: 100%;\" class=\"slide-25684 ms-image \" aria-roledescription=\"slide\" data-date=\"2025-07-24 07:55:40\"><img src=\"https:\/\/sulsc.com\/wp-content\/uploads\/2025\/07\/Marr-2-1000x166.jpg\" height=\"200\" width=\"1200\" alt=\"\" class=\"slider-25573 slide-25684 msDefaultImage\" title=\"Marr 2\" \/><\/li>\n                <li style=\"display: none; width: 100%;\" class=\"slide-32412 ms-image \" aria-roledescription=\"slide\" data-date=\"2026-02-18 13:59:46\"><img src=\"https:\/\/sulsc.com\/wp-content\/uploads\/2026\/02\/40dc1580-cad5-4867-bc58-c4243821ad38-1000x166.jpeg\" height=\"200\" width=\"1200\" alt=\"\" class=\"slider-25573 slide-32412 msDefaultImage\" title=\"40dc1580-cad5-4867-bc58-c4243821ad38\" \/><\/li>\n                <li style=\"display: none; width: 100%;\" class=\"slide-32766 ms-image \" aria-roledescription=\"slide\" data-date=\"2026-03-03 17:22:59\"><img src=\"https:\/\/sulsc.com\/wp-content\/uploads\/2026\/03\/271ce739-f268-41c5-8051-3de1a1750359-1000x166.jpeg\" height=\"200\" width=\"1200\" alt=\"\" class=\"slider-25573 slide-32766 msDefaultImage\" title=\"271ce739-f268-41c5-8051-3de1a1750359\" \/><\/li>\n            <\/ul>\n        <\/div>\n        \n    <\/div>\n<\/div>\n<p>A fundadora e presidente da AMPS, Sabrina Minatto, destacou que a entidade segue firme no compromisso de qualificar e preparar mulheres para atuarem com responsabilidade e compet\u00eancia nos espa\u00e7os de decis\u00e3o.<\/p>\n<p>A AMPS nasceu para apoiar mulheres com preparo e responsabilidade, fortalecendo lideran\u00e7as que saibam o que fazer antes, durante e depois de eleitas.<\/p>\n<p>Sabrina tamb\u00e9m destacou que muitas mulheres gostam da pol\u00edtica e querem participar ativamente, mas os partidos nem sempre oferecem oportunidades iguais.<\/p>\n<p>A AMPS acompanha, cobra e denuncia pr\u00e1ticas injustas nos partidos, garantindo que as mulheres n\u00e3o sejam tratadas como cotas. Nossa participa\u00e7\u00e3o \u00e9 concreta, baseada em preparo, compet\u00eancia e vontade de fazer a diferen\u00e7a.<\/p>\n<p>Ela alertou que muitos partidos afirmam que n\u00e3o h\u00e1 mulheres interessadas, ignorando e desvalorizando aquelas que querem participar, refor\u00e7ando a necessidade de iniciativas como a AMPS.<\/p>\n<p>&nbsp;<\/p>\n<p><img fetchpriority=\"high\" decoding=\"async\" class=\"aligncenter size-full wp-image-30695\" src=\"http:\/\/sulsc.com\/wp-content\/uploads\/2025\/12\/34b6465b-9f06-4690-a9a2-de1e41f9e4c6.jpeg\" alt=\"\" width=\"1200\" height=\"1600\" srcset=\"https:\/\/sulsc.com\/wp-content\/uploads\/2025\/12\/34b6465b-9f06-4690-a9a2-de1e41f9e4c6.jpeg 1200w, https:\/\/sulsc.com\/wp-content\/uploads\/2025\/12\/34b6465b-9f06-4690-a9a2-de1e41f9e4c6-225x300.jpeg 225w, https:\/\/sulsc.com\/wp-content\/uploads\/2025\/12\/34b6465b-9f06-4690-a9a2-de1e41f9e4c6-768x1024.jpeg 768w, https:\/\/sulsc.com\/wp-content\/uploads\/2025\/12\/34b6465b-9f06-4690-a9a2-de1e41f9e4c6-1152x1536.jpeg 1152w\" sizes=\"(max-width: 1200px) 100vw, 1200px\" \/><\/p>\n<p>Foto: Coluna Racionalizando\/Divulga\u00e7\u00e3o\/SulSC<\/p>\n<p>A AMPS j\u00e1 conta com mulheres atuantes em todas as regi\u00f5es de Santa Catarina e seguir\u00e1 avan\u00e7ando com novas forma\u00e7\u00f5es, encontros e projetos para fortalecer o desenvolvimento pol\u00edtico feminino em todo o estado.<\/p>\n<p>A vice presidente, Haudrey Mafiolete, enfatizou o compromisso da associa\u00e7\u00e3o em construir um ambiente s\u00e9rio, de integra\u00e7\u00e3o e desenvolvimento, com mulheres prontas para liderar com responsabilidade e resultados.<\/p>\n<p>Sabrina salientou que este \u00e9 o momento das mulheres, que Santa Catarina pode, sim, eleger mais mulheres, que j\u00e1 existem mulheres prontas e preparadas para disputar e vencer elei\u00e7\u00f5es, e que a AMPS j\u00e1 trabalha na constru\u00e7\u00e3o de pr\u00e9 candidatas a deputadas.<\/p>\n<p>@sabrinazminatto<\/p>\n<p><strong>As charges mais hil\u00e1rias voc\u00ea encontra aqui no SulSC.\u00a0<\/strong><\/p>\n<p><img decoding=\"async\" class=\"aligncenter size-full wp-image-7347\" src=\"http:\/\/sulsc.com\/wp-content\/uploads\/2024\/01\/charge.jpg\" alt=\"\" width=\"1600\" height=\"1142\" srcset=\"https:\/\/sulsc.com\/wp-content\/uploads\/2024\/01\/charge.jpg 1600w, https:\/\/sulsc.com\/wp-content\/uploads\/2024\/01\/charge-300x214.jpg 300w, https:\/\/sulsc.com\/wp-content\/uploads\/2024\/01\/charge-1024x731.jpg 1024w, https:\/\/sulsc.com\/wp-content\/uploads\/2024\/01\/charge-768x548.jpg 768w, https:\/\/sulsc.com\/wp-content\/uploads\/2024\/01\/charge-1536x1096.jpg 1536w\" sizes=\"(max-width: 1600px) 100vw, 1600px\" \/><\/p>\n","protected":false},"excerpt":{"rendered":"<p>A Associa\u00e7\u00e3o das Mulheres Pol\u00edticas do Sul (AMPS) realizou, no s\u00e1bado, dia 06, uma confraterniza\u00e7\u00e3o em Crici\u00fama que reuniu mulheres atuantes na vida p\u00fablica e outras interessadas em participar da pol\u00edtica. O encontro marcou um momento de integra\u00e7\u00e3o, fortalecimento de v\u00ednculos e uni\u00e3o em torno da representatividade feminina. O evento contou com a presen\u00e7a das &hellip;<\/p>\n<p class=\"read-more\"> <a class=\"\" href=\"https:\/\/sulsc.com\/index.php\/2025\/12\/09\/racionalizando-por-sabrina-zapelini-minatto-amps-realiza-ultima-reuniao-de-trabalho-do-ano-e-fortalece-presenca-feminina-na-politica-de-sc\/\"> <span class=\"screen-reader-text\">Racionalizando por Sabrina Zapelini Minatto &#8211; AMPS realiza \u00faltima reuni\u00e3o de trabalho do ano e fortalece presen\u00e7a feminina na pol\u00edtica de SC<\/span> Read More &raquo;<\/a><\/p>\n","protected":false},"author":25,"featured_media":30695,"comment_status":"open","ping_status":"open","sticky":false,"template":"","format":"standard","meta":{"site-sidebar-layout":"default","site-content-layout":"","ast-site-content-layout":"default","site-content-style":"default","site-sidebar-style":"default","ast-global-header-display":"","ast-banner-title-visibility":"","ast-main-header-display":"","ast-hfb-above-header-display":"","ast-hfb-below-header-display":"","ast-hfb-mobile-header-display":"","site-post-title":"","ast-breadcrumbs-content":"","ast-featured-img":"","footer-sml-layout":"","theme-transparent-header-meta":"default","adv-header-id-meta":"","stick-header-meta":"","header-above-stick-meta":"","header-main-stick-meta":"","header-below-stick-meta":"","astra-migrate-meta-layouts":"set","footnotes":""},"categories":[2354,2231,13,23,1,12],"tags":[2754],"yoast_head":"<!-- This site is optimized with the Yoast SEO plugin v21.4 - https:\/\/yoast.com\/wordpress\/plugins\/seo\/ -->\n<title>Racionalizando por Sabrina Zapelini Minatto - AMPS realiza \u00faltima reuni\u00e3o de trabalho do ano e fortalece presen\u00e7a feminina na pol\u00edtica de SC -<\/title>\n<meta name=\"robots\" content=\"index, follow, max-snippet:-1, max-image-preview:large, max-video-preview:-1\" \/>\n<link rel=\"canonical\" href=\"https:\/\/sulsc.com\/index.php\/2025\/12\/09\/racionalizando-por-sabrina-zapelini-minatto-amps-realiza-ultima-reuniao-de-trabalho-do-ano-e-fortalece-presenca-feminina-na-politica-de-sc\/\" \/>\n<meta property=\"og:locale\" content=\"en_US\" \/>\n<meta property=\"og:type\" content=\"article\" \/>\n<meta property=\"og:title\" content=\"Racionalizando por Sabrina Zapelini Minatto - AMPS realiza \u00faltima reuni\u00e3o de trabalho do ano e fortalece presen\u00e7a feminina na pol\u00edtica de SC -\" \/>\n<meta property=\"og:description\" content=\"A Associa\u00e7\u00e3o das Mulheres Pol\u00edticas do Sul (AMPS) realizou, no s\u00e1bado, dia 06, uma confraterniza\u00e7\u00e3o em Crici\u00fama que reuniu mulheres atuantes na vida p\u00fablica e outras interessadas em participar da pol\u00edtica. O encontro marcou um momento de integra\u00e7\u00e3o, fortalecimento de v\u00ednculos e uni\u00e3o em torno da representatividade feminina. O evento contou com a presen\u00e7a das &hellip; Racionalizando por Sabrina Zapelini Minatto &#8211; AMPS realiza \u00faltima reuni\u00e3o de trabalho do ano e fortalece presen\u00e7a feminina na pol\u00edtica de SC Read More &raquo;\" \/>\n<meta property=\"og:url\" content=\"https:\/\/sulsc.com\/index.php\/2025\/12\/09\/racionalizando-por-sabrina-zapelini-minatto-amps-realiza-ultima-reuniao-de-trabalho-do-ano-e-fortalece-presenca-feminina-na-politica-de-sc\/\" \/>\n<meta property=\"article:published_time\" content=\"2025-12-09T21:27:45+00:00\" \/>\n<meta property=\"og:image\" content=\"http:\/\/sulsc.com\/wp-content\/uploads\/2025\/12\/34b6465b-9f06-4690-a9a2-de1e41f9e4c6.jpeg\" \/>\n\t<meta property=\"og:image:width\" content=\"1200\" \/>\n\t<meta property=\"og:image:height\" content=\"1600\" \/>\n\t<meta property=\"og:image:type\" content=\"image\/jpeg\" \/>\n<meta name=\"author\" content=\"Racionalizando\" \/>\n<meta name=\"twitter:card\" content=\"summary_large_image\" \/>\n<meta name=\"twitter:label1\" content=\"Written by\" \/>\n\t<meta name=\"twitter:data1\" content=\"Racionalizando\" \/>\n\t<meta name=\"twitter:label2\" content=\"Est. reading time\" \/>\n\t<meta name=\"twitter:data2\" content=\"2 minutes\" \/>\n<script type=\"application\/ld+json\" class=\"yoast-schema-graph\">{\"@context\":\"https:\/\/schema.org\",\"@graph\":[{\"@type\":\"WebPage\",\"@id\":\"https:\/\/sulsc.com\/index.php\/2025\/12\/09\/racionalizando-por-sabrina-zapelini-minatto-amps-realiza-ultima-reuniao-de-trabalho-do-ano-e-fortalece-presenca-feminina-na-politica-de-sc\/\",\"url\":\"https:\/\/sulsc.com\/index.php\/2025\/12\/09\/racionalizando-por-sabrina-zapelini-minatto-amps-realiza-ultima-reuniao-de-trabalho-do-ano-e-fortalece-presenca-feminina-na-politica-de-sc\/\",\"name\":\"Racionalizando por Sabrina Zapelini Minatto - AMPS realiza \u00faltima reuni\u00e3o de trabalho do ano e fortalece presen\u00e7a feminina na pol\u00edtica de SC -\",\"isPartOf\":{\"@id\":\"https:\/\/sulsc.com\/#website\"},\"datePublished\":\"2025-12-09T21:27:45+00:00\",\"dateModified\":\"2025-12-09T21:27:45+00:00\",\"author\":{\"@id\":\"https:\/\/sulsc.com\/#\/schema\/person\/249eb129ff349b1e4963560f92b44990\"},\"breadcrumb\":{\"@id\":\"https:\/\/sulsc.com\/index.php\/2025\/12\/09\/racionalizando-por-sabrina-zapelini-minatto-amps-realiza-ultima-reuniao-de-trabalho-do-ano-e-fortalece-presenca-feminina-na-politica-de-sc\/#breadcrumb\"},\"inLanguage\":\"en-US\",\"potentialAction\":[{\"@type\":\"ReadAction\",\"target\":[\"https:\/\/sulsc.com\/index.php\/2025\/12\/09\/racionalizando-por-sabrina-zapelini-minatto-amps-realiza-ultima-reuniao-de-trabalho-do-ano-e-fortalece-presenca-feminina-na-politica-de-sc\/\"]}]},{\"@type\":\"BreadcrumbList\",\"@id\":\"https:\/\/sulsc.com\/index.php\/2025\/12\/09\/racionalizando-por-sabrina-zapelini-minatto-amps-realiza-ultima-reuniao-de-trabalho-do-ano-e-fortalece-presenca-feminina-na-politica-de-sc\/#breadcrumb\",\"itemListElement\":[{\"@type\":\"ListItem\",\"position\":1,\"name\":\"In\u00edcio\",\"item\":\"https:\/\/sulsc.com\/\"},{\"@type\":\"ListItem\",\"position\":2,\"name\":\"Racionalizando por Sabrina Zapelini Minatto &#8211; AMPS realiza \u00faltima reuni\u00e3o de trabalho do ano e fortalece presen\u00e7a feminina na pol\u00edtica de SC\"}]},{\"@type\":\"WebSite\",\"@id\":\"https:\/\/sulsc.com\/#website\",\"url\":\"https:\/\/sulsc.com\/\",\"name\":\"\",\"description\":\"\",\"potentialAction\":[{\"@type\":\"SearchAction\",\"target\":{\"@type\":\"EntryPoint\",\"urlTemplate\":\"https:\/\/sulsc.com\/?s={search_term_string}\"},\"query-input\":\"required name=search_term_string\"}],\"inLanguage\":\"en-US\"},{\"@type\":\"Person\",\"@id\":\"https:\/\/sulsc.com\/#\/schema\/person\/249eb129ff349b1e4963560f92b44990\",\"name\":\"Racionalizando por Sabrina Zapelini Minatto\",\"image\":{\"@type\":\"ImageObject\",\"inLanguage\":\"en-US\",\"@id\":\"https:\/\/sulsc.com\/#\/schema\/person\/image\/0e5bbf2cffc7abd460acc5a1d6cffdbe\",\"url\":\"https:\/\/sulsc.com\/wp-content\/uploads\/2025\/11\/Sabrina.png\",\"contentUrl\":\"https:\/\/sulsc.com\/wp-content\/uploads\/2025\/11\/Sabrina.png\",\"caption\":\"Racionalizando por Sabrina Zapelini Minatto\"},\"description\":\"Fundadora e presidente da Associa\u00e7\u00e3o das Mulheres Pol\u00edticas do Sul (AMPS), que tem o papel fundamental em prol das mulheres do Sul Catarinense, e contribui na constru\u00e7\u00e3o participativa de uma sociedade mais solid\u00e1ria e inclusiva. Com uma coluna semanal, \u201cRacionalizando\u201d buscar\u00e1 transmitir aos leitores: an\u00e1lise, reflex\u00e3o, pensamento cr\u00edtico \u2014 alinhado \u00e0 pol\u00edtica e aos valores. Opini\u00e3o sobre pol\u00edtica, valores e assuntos que fazem parte do dia a dia, de forma direta, sincera e pr\u00f3xima de quem l\u00ea. \u00a0\",\"url\":\"https:\/\/sulsc.com\/index.php\/author\/sabrina-zapelini-minatto\/\"}]}<\/script>\n<!-- \/ Yoast SEO plugin. -->","yoast_head_json":{"title":"Racionalizando por Sabrina Zapelini Minatto - AMPS realiza \u00faltima reuni\u00e3o de trabalho do ano e fortalece presen\u00e7a feminina na pol\u00edtica de SC -","robots":{"index":"index","follow":"follow","max-snippet":"max-snippet:-1","max-image-preview":"max-image-preview:large","max-video-preview":"max-video-preview:-1"},"canonical":"https:\/\/sulsc.com\/index.php\/2025\/12\/09\/racionalizando-por-sabrina-zapelini-minatto-amps-realiza-ultima-reuniao-de-trabalho-do-ano-e-fortalece-presenca-feminina-na-politica-de-sc\/","og_locale":"en_US","og_type":"article","og_title":"Racionalizando por Sabrina Zapelini Minatto - AMPS realiza \u00faltima reuni\u00e3o de trabalho do ano e fortalece presen\u00e7a feminina na pol\u00edtica de SC -","og_description":"A Associa\u00e7\u00e3o das Mulheres Pol\u00edticas do Sul (AMPS) realizou, no s\u00e1bado, dia 06, uma confraterniza\u00e7\u00e3o em Crici\u00fama que reuniu mulheres atuantes na vida p\u00fablica e outras interessadas em participar da pol\u00edtica. O encontro marcou um momento de integra\u00e7\u00e3o, fortalecimento de v\u00ednculos e uni\u00e3o em torno da representatividade feminina. O evento contou com a presen\u00e7a das &hellip; Racionalizando por Sabrina Zapelini Minatto &#8211; AMPS realiza \u00faltima reuni\u00e3o de trabalho do ano e fortalece presen\u00e7a feminina na pol\u00edtica de SC Read More &raquo;","og_url":"https:\/\/sulsc.com\/index.php\/2025\/12\/09\/racionalizando-por-sabrina-zapelini-minatto-amps-realiza-ultima-reuniao-de-trabalho-do-ano-e-fortalece-presenca-feminina-na-politica-de-sc\/","article_published_time":"2025-12-09T21:27:45+00:00","og_image":[{"width":1200,"height":1600,"url":"http:\/\/sulsc.com\/wp-content\/uploads\/2025\/12\/34b6465b-9f06-4690-a9a2-de1e41f9e4c6.jpeg","type":"image\/jpeg"}],"author":"Racionalizando","twitter_card":"summary_large_image","twitter_misc":{"Written by":"Racionalizando","Est. reading time":"2 minutes"},"schema":{"@context":"https:\/\/schema.org","@graph":[{"@type":"WebPage","@id":"https:\/\/sulsc.com\/index.php\/2025\/12\/09\/racionalizando-por-sabrina-zapelini-minatto-amps-realiza-ultima-reuniao-de-trabalho-do-ano-e-fortalece-presenca-feminina-na-politica-de-sc\/","url":"https:\/\/sulsc.com\/index.php\/2025\/12\/09\/racionalizando-por-sabrina-zapelini-minatto-amps-realiza-ultima-reuniao-de-trabalho-do-ano-e-fortalece-presenca-feminina-na-politica-de-sc\/","name":"Racionalizando por Sabrina Zapelini Minatto - AMPS realiza \u00faltima reuni\u00e3o de trabalho do ano e fortalece presen\u00e7a feminina na pol\u00edtica de SC -","isPartOf":{"@id":"https:\/\/sulsc.com\/#website"},"datePublished":"2025-12-09T21:27:45+00:00","dateModified":"2025-12-09T21:27:45+00:00","author":{"@id":"https:\/\/sulsc.com\/#\/schema\/person\/249eb129ff349b1e4963560f92b44990"},"breadcrumb":{"@id":"https:\/\/sulsc.com\/index.php\/2025\/12\/09\/racionalizando-por-sabrina-zapelini-minatto-amps-realiza-ultima-reuniao-de-trabalho-do-ano-e-fortalece-presenca-feminina-na-politica-de-sc\/#breadcrumb"},"inLanguage":"en-US","potentialAction":[{"@type":"ReadAction","target":["https:\/\/sulsc.com\/index.php\/2025\/12\/09\/racionalizando-por-sabrina-zapelini-minatto-amps-realiza-ultima-reuniao-de-trabalho-do-ano-e-fortalece-presenca-feminina-na-politica-de-sc\/"]}]},{"@type":"BreadcrumbList","@id":"https:\/\/sulsc.com\/index.php\/2025\/12\/09\/racionalizando-por-sabrina-zapelini-minatto-amps-realiza-ultima-reuniao-de-trabalho-do-ano-e-fortalece-presenca-feminina-na-politica-de-sc\/#breadcrumb","itemListElement":[{"@type":"ListItem","position":1,"name":"In\u00edcio","item":"https:\/\/sulsc.com\/"},{"@type":"ListItem","position":2,"name":"Racionalizando por Sabrina Zapelini Minatto &#8211; AMPS realiza \u00faltima reuni\u00e3o de trabalho do ano e fortalece presen\u00e7a feminina na pol\u00edtica de SC"}]},{"@type":"WebSite","@id":"https:\/\/sulsc.com\/#website","url":"https:\/\/sulsc.com\/","name":"","description":"","potentialAction":[{"@type":"SearchAction","target":{"@type":"EntryPoint","urlTemplate":"https:\/\/sulsc.com\/?s={search_term_string}"},"query-input":"required name=search_term_string"}],"inLanguage":"en-US"},{"@type":"Person","@id":"https:\/\/sulsc.com\/#\/schema\/person\/249eb129ff349b1e4963560f92b44990","name":"Racionalizando por Sabrina Zapelini Minatto","image":{"@type":"ImageObject","inLanguage":"en-US","@id":"https:\/\/sulsc.com\/#\/schema\/person\/image\/0e5bbf2cffc7abd460acc5a1d6cffdbe","url":"https:\/\/sulsc.com\/wp-content\/uploads\/2025\/11\/Sabrina.png","contentUrl":"https:\/\/sulsc.com\/wp-content\/uploads\/2025\/11\/Sabrina.png","caption":"Racionalizando por Sabrina Zapelini Minatto"},"description":"Fundadora e presidente da Associa\u00e7\u00e3o das Mulheres Pol\u00edticas do Sul (AMPS), que tem o papel fundamental em prol das mulheres do Sul Catarinense, e contribui na constru\u00e7\u00e3o participativa de uma sociedade mais solid\u00e1ria e inclusiva. Com uma coluna semanal, \u201cRacionalizando\u201d buscar\u00e1 transmitir aos leitores: an\u00e1lise, reflex\u00e3o, pensamento cr\u00edtico \u2014 alinhado \u00e0 pol\u00edtica e aos valores. Opini\u00e3o sobre pol\u00edtica, valores e assuntos que fazem parte do dia a dia, de forma direta, sincera e pr\u00f3xima de quem l\u00ea. \u00a0","url":"https:\/\/sulsc.com\/index.php\/author\/sabrina-zapelini-minatto\/"}]}},"authors":[],"_links":{"self":[{"href":"https:\/\/sulsc.com\/index.php\/wp-json\/wp\/v2\/posts\/30693"}],"collection":[{"href":"https:\/\/sulsc.com\/index.php\/wp-json\/wp\/v2\/posts"}],"about":[{"href":"https:\/\/sulsc.com\/index.php\/wp-json\/wp\/v2\/types\/post"}],"author":[{"embeddable":true,"href":"https:\/\/sulsc.com\/index.php\/wp-json\/wp\/v2\/users\/25"}],"replies":[{"embeddable":true,"href":"https:\/\/sulsc.com\/index.php\/wp-json\/wp\/v2\/comments?post=30693"}],"version-history":[{"count":1,"href":"https:\/\/sulsc.com\/index.php\/wp-json\/wp\/v2\/posts\/30693\/revisions"}],"predecessor-version":[{"id":30696,"href":"https:\/\/sulsc.com\/index.php\/wp-json\/wp\/v2\/posts\/30693\/revisions\/30696"}],"wp:featuredmedia":[{"embeddable":true,"href":"https:\/\/sulsc.com\/index.php\/wp-json\/wp\/v2\/media\/30695"}],"wp:attachment":[{"href":"https:\/\/sulsc.com\/index.php\/wp-json\/wp\/v2\/media?parent=30693"}],"wp:term":[{"taxonomy":"category","embeddable":true,"href":"https:\/\/sulsc.com\/index.php\/wp-json\/wp\/v2\/categories?post=30693"},{"taxonomy":"post_tag","embeddable":true,"href":"https:\/\/sulsc.com\/index.php\/wp-json\/wp\/v2\/tags?post=30693"}],"curies":[{"name":"wp","href":"https:\/\/api.w.org\/{rel}","templated":true}]}}