{"id":30704,"date":"2025-12-10T11:00:39","date_gmt":"2025-12-10T14:00:39","guid":{"rendered":"https:\/\/sulsc.com\/?p=30704"},"modified":"2025-12-10T10:24:10","modified_gmt":"2025-12-10T13:24:10","slug":"mulheres-sao-resgatadas-de-casa-noturna-em-icara-apos-denuncia-de-carcere-privado","status":"publish","type":"post","link":"https:\/\/sulsc.com\/index.php\/2025\/12\/10\/mulheres-sao-resgatadas-de-casa-noturna-em-icara-apos-denuncia-de-carcere-privado\/","title":{"rendered":"Mulheres s\u00e3o resgatadas de casa noturna, em I\u00e7ara, ap\u00f3s den\u00fancia de c\u00e1rcere privado"},"content":{"rendered":"<p>Uma opera\u00e7\u00e3o da Pol\u00edcia Militar (PM), desencadeada a partir de den\u00fancias de familiares, resultou no resgate de tr\u00eas mulheres, nessa ter\u00e7a-feira (9). Elas estavam em uma casa noturna no munic\u00edpio de I\u00e7ara.<\/p>\n<p>Dois homens foram presos em flagrante pelos crimes de redu\u00e7\u00e3o \u00e0 condi\u00e7\u00e3o an\u00e1loga \u00e0 de escravo e extors\u00e3o mediante sequestro.\u00a0De acordo com a PM, as v\u00edtimas eram atra\u00eddas com a promessa de um trabalho \u201caltamente rent\u00e1vel\u201d, por\u00e9m, ao chegarem no local se deparavam com uma realidade.<\/p>\n<div id=\"metaslider-id-25573\" style=\"width: 100%;\" class=\"ml-slider-3-99-0 metaslider metaslider-flex metaslider-25573 ml-slider has-onhover-arrows ms-theme-default-base has-dots-nav\" role=\"region\" aria-label=\"Meio\" data-width=\"1200\">\n    <div id=\"metaslider_container_25573\">\n        <div id=\"metaslider_25573\">\n            <ul class='slides'>\n                <li style=\"display: block; width: 100%;\" class=\"slide-25684 ms-image \" aria-roledescription=\"slide\" data-date=\"2025-07-24 07:55:40\"><img src=\"https:\/\/sulsc.com\/wp-content\/uploads\/2025\/07\/Marr-2-1000x166.jpg\" height=\"200\" width=\"1200\" alt=\"\" class=\"slider-25573 slide-25684 msDefaultImage\" title=\"Marr 2\" \/><\/li>\n                <li style=\"display: none; width: 100%;\" class=\"slide-32412 ms-image \" aria-roledescription=\"slide\" data-date=\"2026-02-18 13:59:46\"><img src=\"https:\/\/sulsc.com\/wp-content\/uploads\/2026\/02\/40dc1580-cad5-4867-bc58-c4243821ad38-1000x166.jpeg\" height=\"200\" width=\"1200\" alt=\"\" class=\"slider-25573 slide-32412 msDefaultImage\" title=\"40dc1580-cad5-4867-bc58-c4243821ad38\" \/><\/li>\n                <li style=\"display: none; width: 100%;\" class=\"slide-32766 ms-image \" aria-roledescription=\"slide\" data-date=\"2026-03-03 17:22:59\"><img src=\"https:\/\/sulsc.com\/wp-content\/uploads\/2026\/03\/271ce739-f268-41c5-8051-3de1a1750359-1000x166.jpeg\" height=\"200\" width=\"1200\" alt=\"\" class=\"slider-25573 slide-32766 msDefaultImage\" title=\"271ce739-f268-41c5-8051-3de1a1750359\" \/><\/li>\n            <\/ul>\n        <\/div>\n        \n    <\/div>\n<\/div>\n<p>A informa\u00e7\u00e3o \u00e9 de que havia restri\u00e7\u00e3o de liberdade, cobran\u00e7as abusivas e condi\u00e7\u00f5es prec\u00e1rias de perman\u00eancia.\u00a0As mulheres relataram que eram obrigadas a permanecer no estabelecimento e que acumulavam d\u00edvidas impostas pelos respons\u00e1veis, com multas e venda de produtos por valores exorbitantes, o que as mantinha presas ao esquema.<\/p>\n<p>Durante a a\u00e7\u00e3o, os policiais encontraram elementos que confirmaram as den\u00fancias, como anota\u00e7\u00f5es ligadas \u00e0s cobran\u00e7as e ind\u00edcios de controle r\u00edgido sobre as v\u00edtimas, refor\u00e7ando o quadro de explora\u00e7\u00e3o.\u00a0Os dois homens detidos foram encaminhados \u00e0 Delegacia de Pol\u00edcia Civil, junto com as v\u00edtimas e o material apreendido.<\/p>\n<p><img fetchpriority=\"high\" decoding=\"async\" class=\"alignnone size-full wp-image-30705\" src=\"http:\/\/sulsc.com\/wp-content\/uploads\/2025\/12\/mulheres-resgatadas-em-icara.jpg\" alt=\"\" width=\"452\" height=\"294\" srcset=\"https:\/\/sulsc.com\/wp-content\/uploads\/2025\/12\/mulheres-resgatadas-em-icara.jpg 452w, https:\/\/sulsc.com\/wp-content\/uploads\/2025\/12\/mulheres-resgatadas-em-icara-300x195.jpg 300w\" sizes=\"(max-width: 452px) 100vw, 452px\" \/><\/p>\n<p><em>Fonte: HN Not\u00edcias<\/em><\/p>\n","protected":false},"excerpt":{"rendered":"<p>Uma opera\u00e7\u00e3o da Pol\u00edcia Militar (PM), desencadeada a partir de den\u00fancias de familiares, resultou no resgate de tr\u00eas mulheres, nessa ter\u00e7a-feira (9). Elas estavam em uma casa noturna no munic\u00edpio de I\u00e7ara. Dois homens foram presos em flagrante pelos crimes de redu\u00e7\u00e3o \u00e0 condi\u00e7\u00e3o an\u00e1loga \u00e0 de escravo e extors\u00e3o mediante sequestro.\u00a0De acordo com a &hellip;<\/p>\n<p class=\"read-more\"> <a class=\"\" href=\"https:\/\/sulsc.com\/index.php\/2025\/12\/10\/mulheres-sao-resgatadas-de-casa-noturna-em-icara-apos-denuncia-de-carcere-privado\/\"> <span class=\"screen-reader-text\">Mulheres s\u00e3o resgatadas de casa noturna, em I\u00e7ara, ap\u00f3s den\u00fancia de c\u00e1rcere privado<\/span> Read More &raquo;<\/a><\/p>\n","protected":false},"author":3,"featured_media":30705,"comment_status":"open","ping_status":"open","sticky":false,"template":"","format":"standard","meta":{"site-sidebar-layout":"default","site-content-layout":"","ast-site-content-layout":"default","site-content-style":"default","site-sidebar-style":"default","ast-global-header-display":"","ast-banner-title-visibility":"","ast-main-header-display":"","ast-hfb-above-header-display":"","ast-hfb-below-header-display":"","ast-hfb-mobile-header-display":"","site-post-title":"","ast-breadcrumbs-content":"","ast-featured-img":"","footer-sml-layout":"","theme-transparent-header-meta":"default","adv-header-id-meta":"","stick-header-meta":"","header-above-stick-meta":"","header-main-stick-meta":"","header-below-stick-meta":"","astra-migrate-meta-layouts":"set","footnotes":""},"categories":[23,8,12],"tags":[],"yoast_head":"<!-- This site is optimized with the Yoast SEO plugin v21.4 - https:\/\/yoast.com\/wordpress\/plugins\/seo\/ -->\n<title>Mulheres s\u00e3o resgatadas de casa noturna, em I\u00e7ara, ap\u00f3s den\u00fancia de c\u00e1rcere privado -<\/title>\n<meta name=\"robots\" content=\"index, follow, max-snippet:-1, max-image-preview:large, max-video-preview:-1\" \/>\n<link rel=\"canonical\" href=\"https:\/\/sulsc.com\/index.php\/2025\/12\/10\/mulheres-sao-resgatadas-de-casa-noturna-em-icara-apos-denuncia-de-carcere-privado\/\" \/>\n<meta property=\"og:locale\" content=\"en_US\" \/>\n<meta property=\"og:type\" content=\"article\" \/>\n<meta property=\"og:title\" content=\"Mulheres s\u00e3o resgatadas de casa noturna, em I\u00e7ara, ap\u00f3s den\u00fancia de c\u00e1rcere privado -\" \/>\n<meta property=\"og:description\" content=\"Uma opera\u00e7\u00e3o da Pol\u00edcia Militar (PM), desencadeada a partir de den\u00fancias de familiares, resultou no resgate de tr\u00eas mulheres, nessa ter\u00e7a-feira (9). Elas estavam em uma casa noturna no munic\u00edpio de I\u00e7ara. Dois homens foram presos em flagrante pelos crimes de redu\u00e7\u00e3o \u00e0 condi\u00e7\u00e3o an\u00e1loga \u00e0 de escravo e extors\u00e3o mediante sequestro.\u00a0De acordo com a &hellip; Mulheres s\u00e3o resgatadas de casa noturna, em I\u00e7ara, ap\u00f3s den\u00fancia de c\u00e1rcere privado Read More &raquo;\" \/>\n<meta property=\"og:url\" content=\"https:\/\/sulsc.com\/index.php\/2025\/12\/10\/mulheres-sao-resgatadas-de-casa-noturna-em-icara-apos-denuncia-de-carcere-privado\/\" \/>\n<meta property=\"article:author\" content=\"https:\/\/www.facebook.com\/profile.php?id=61559278119680\" \/>\n<meta property=\"article:published_time\" content=\"2025-12-10T14:00:39+00:00\" \/>\n<meta property=\"article:modified_time\" content=\"2025-12-10T13:24:10+00:00\" \/>\n<meta property=\"og:image\" content=\"https:\/\/sulsc.com\/wp-content\/uploads\/2025\/12\/mulheres-resgatadas-em-icara.jpg\" \/>\n\t<meta property=\"og:image:width\" content=\"452\" \/>\n\t<meta property=\"og:image:height\" content=\"294\" \/>\n\t<meta property=\"og:image:type\" content=\"image\/jpeg\" \/>\n<meta name=\"author\" content=\"Reda\u00e7\u00e3o Sul SC\" \/>\n<meta name=\"twitter:card\" content=\"summary_large_image\" \/>\n<meta name=\"twitter:creator\" content=\"@https:\/\/twitter.com\/PortalSulSC\" \/>\n<meta name=\"twitter:label1\" content=\"Written by\" \/>\n\t<meta name=\"twitter:data1\" content=\"Reda\u00e7\u00e3o Sul SC\" \/>\n\t<meta name=\"twitter:label2\" content=\"Est. reading time\" \/>\n\t<meta name=\"twitter:data2\" content=\"1 minute\" \/>\n<script type=\"application\/ld+json\" class=\"yoast-schema-graph\">{\"@context\":\"https:\/\/schema.org\",\"@graph\":[{\"@type\":\"WebPage\",\"@id\":\"https:\/\/sulsc.com\/index.php\/2025\/12\/10\/mulheres-sao-resgatadas-de-casa-noturna-em-icara-apos-denuncia-de-carcere-privado\/\",\"url\":\"https:\/\/sulsc.com\/index.php\/2025\/12\/10\/mulheres-sao-resgatadas-de-casa-noturna-em-icara-apos-denuncia-de-carcere-privado\/\",\"name\":\"Mulheres s\u00e3o resgatadas de casa noturna, em I\u00e7ara, ap\u00f3s den\u00fancia de c\u00e1rcere privado -\",\"isPartOf\":{\"@id\":\"https:\/\/sulsc.com\/#website\"},\"datePublished\":\"2025-12-10T14:00:39+00:00\",\"dateModified\":\"2025-12-10T13:24:10+00:00\",\"author\":{\"@id\":\"https:\/\/sulsc.com\/#\/schema\/person\/84d2fc571684f6248ba83092f07750a3\"},\"breadcrumb\":{\"@id\":\"https:\/\/sulsc.com\/index.php\/2025\/12\/10\/mulheres-sao-resgatadas-de-casa-noturna-em-icara-apos-denuncia-de-carcere-privado\/#breadcrumb\"},\"inLanguage\":\"en-US\",\"potentialAction\":[{\"@type\":\"ReadAction\",\"target\":[\"https:\/\/sulsc.com\/index.php\/2025\/12\/10\/mulheres-sao-resgatadas-de-casa-noturna-em-icara-apos-denuncia-de-carcere-privado\/\"]}]},{\"@type\":\"BreadcrumbList\",\"@id\":\"https:\/\/sulsc.com\/index.php\/2025\/12\/10\/mulheres-sao-resgatadas-de-casa-noturna-em-icara-apos-denuncia-de-carcere-privado\/#breadcrumb\",\"itemListElement\":[{\"@type\":\"ListItem\",\"position\":1,\"name\":\"In\u00edcio\",\"item\":\"https:\/\/sulsc.com\/\"},{\"@type\":\"ListItem\",\"position\":2,\"name\":\"Mulheres s\u00e3o resgatadas de casa noturna, em I\u00e7ara, ap\u00f3s den\u00fancia de c\u00e1rcere privado\"}]},{\"@type\":\"WebSite\",\"@id\":\"https:\/\/sulsc.com\/#website\",\"url\":\"https:\/\/sulsc.com\/\",\"name\":\"\",\"description\":\"\",\"potentialAction\":[{\"@type\":\"SearchAction\",\"target\":{\"@type\":\"EntryPoint\",\"urlTemplate\":\"https:\/\/sulsc.com\/?s={search_term_string}\"},\"query-input\":\"required name=search_term_string\"}],\"inLanguage\":\"en-US\"},{\"@type\":\"Person\",\"@id\":\"https:\/\/sulsc.com\/#\/schema\/person\/84d2fc571684f6248ba83092f07750a3\",\"name\":\"Reda\u00e7\u00e3o Sul SC\",\"image\":{\"@type\":\"ImageObject\",\"inLanguage\":\"en-US\",\"@id\":\"https:\/\/sulsc.com\/#\/schema\/person\/image\/e08d7fe2cc4ed596372063bbe852b8d0\",\"url\":\"https:\/\/sulsc.com\/wp-content\/uploads\/2023\/09\/redacao.png\",\"contentUrl\":\"https:\/\/sulsc.com\/wp-content\/uploads\/2023\/09\/redacao.png\",\"caption\":\"Reda\u00e7\u00e3o Sul SC\"},\"description\":\"Foco em um jornalismo imparcial, voltado \u00e0 qualidade dos seus conte\u00fados e, assim, levar informa\u00e7\u00e3o de valor que agregue \u00e0 vida dos leitores. Esta \u00e9 grande miss\u00e3o do Portal de Not\u00edcias Sul SC. N\u00e3o \u00e9 quantidade que muda o mundo, sempre foi e seguir\u00e1 sendo qualidade!\",\"sameAs\":[\"https:\/\/sulsc.com\/\",\"https:\/\/www.facebook.com\/profile.php?id=61559278119680\",\"https:\/\/www.instagram.com\/sulscportal\/?hl=pt-br\",\"https:\/\/twitter.com\/https:\/\/twitter.com\/PortalSulSC\",\"https:\/\/www.youtube.com\/channel\/UCv_BE8GeySluDov2n8qhVmw\"],\"url\":\"https:\/\/sulsc.com\/index.php\/author\/redacao\/\"}]}<\/script>\n<!-- \/ Yoast SEO plugin. -->","yoast_head_json":{"title":"Mulheres s\u00e3o resgatadas de casa noturna, em I\u00e7ara, ap\u00f3s den\u00fancia de c\u00e1rcere privado -","robots":{"index":"index","follow":"follow","max-snippet":"max-snippet:-1","max-image-preview":"max-image-preview:large","max-video-preview":"max-video-preview:-1"},"canonical":"https:\/\/sulsc.com\/index.php\/2025\/12\/10\/mulheres-sao-resgatadas-de-casa-noturna-em-icara-apos-denuncia-de-carcere-privado\/","og_locale":"en_US","og_type":"article","og_title":"Mulheres s\u00e3o resgatadas de casa noturna, em I\u00e7ara, ap\u00f3s den\u00fancia de c\u00e1rcere privado -","og_description":"Uma opera\u00e7\u00e3o da Pol\u00edcia Militar (PM), desencadeada a partir de den\u00fancias de familiares, resultou no resgate de tr\u00eas mulheres, nessa ter\u00e7a-feira (9). Elas estavam em uma casa noturna no munic\u00edpio de I\u00e7ara. Dois homens foram presos em flagrante pelos crimes de redu\u00e7\u00e3o \u00e0 condi\u00e7\u00e3o an\u00e1loga \u00e0 de escravo e extors\u00e3o mediante sequestro.\u00a0De acordo com a &hellip; Mulheres s\u00e3o resgatadas de casa noturna, em I\u00e7ara, ap\u00f3s den\u00fancia de c\u00e1rcere privado Read More &raquo;","og_url":"https:\/\/sulsc.com\/index.php\/2025\/12\/10\/mulheres-sao-resgatadas-de-casa-noturna-em-icara-apos-denuncia-de-carcere-privado\/","article_author":"https:\/\/www.facebook.com\/profile.php?id=61559278119680","article_published_time":"2025-12-10T14:00:39+00:00","article_modified_time":"2025-12-10T13:24:10+00:00","og_image":[{"width":452,"height":294,"url":"https:\/\/sulsc.com\/wp-content\/uploads\/2025\/12\/mulheres-resgatadas-em-icara.jpg","type":"image\/jpeg"}],"author":"Reda\u00e7\u00e3o Sul SC","twitter_card":"summary_large_image","twitter_creator":"@https:\/\/twitter.com\/PortalSulSC","twitter_misc":{"Written by":"Reda\u00e7\u00e3o Sul SC","Est. reading time":"1 minute"},"schema":{"@context":"https:\/\/schema.org","@graph":[{"@type":"WebPage","@id":"https:\/\/sulsc.com\/index.php\/2025\/12\/10\/mulheres-sao-resgatadas-de-casa-noturna-em-icara-apos-denuncia-de-carcere-privado\/","url":"https:\/\/sulsc.com\/index.php\/2025\/12\/10\/mulheres-sao-resgatadas-de-casa-noturna-em-icara-apos-denuncia-de-carcere-privado\/","name":"Mulheres s\u00e3o resgatadas de casa noturna, em I\u00e7ara, ap\u00f3s den\u00fancia de c\u00e1rcere privado -","isPartOf":{"@id":"https:\/\/sulsc.com\/#website"},"datePublished":"2025-12-10T14:00:39+00:00","dateModified":"2025-12-10T13:24:10+00:00","author":{"@id":"https:\/\/sulsc.com\/#\/schema\/person\/84d2fc571684f6248ba83092f07750a3"},"breadcrumb":{"@id":"https:\/\/sulsc.com\/index.php\/2025\/12\/10\/mulheres-sao-resgatadas-de-casa-noturna-em-icara-apos-denuncia-de-carcere-privado\/#breadcrumb"},"inLanguage":"en-US","potentialAction":[{"@type":"ReadAction","target":["https:\/\/sulsc.com\/index.php\/2025\/12\/10\/mulheres-sao-resgatadas-de-casa-noturna-em-icara-apos-denuncia-de-carcere-privado\/"]}]},{"@type":"BreadcrumbList","@id":"https:\/\/sulsc.com\/index.php\/2025\/12\/10\/mulheres-sao-resgatadas-de-casa-noturna-em-icara-apos-denuncia-de-carcere-privado\/#breadcrumb","itemListElement":[{"@type":"ListItem","position":1,"name":"In\u00edcio","item":"https:\/\/sulsc.com\/"},{"@type":"ListItem","position":2,"name":"Mulheres s\u00e3o resgatadas de casa noturna, em I\u00e7ara, ap\u00f3s den\u00fancia de c\u00e1rcere privado"}]},{"@type":"WebSite","@id":"https:\/\/sulsc.com\/#website","url":"https:\/\/sulsc.com\/","name":"","description":"","potentialAction":[{"@type":"SearchAction","target":{"@type":"EntryPoint","urlTemplate":"https:\/\/sulsc.com\/?s={search_term_string}"},"query-input":"required name=search_term_string"}],"inLanguage":"en-US"},{"@type":"Person","@id":"https:\/\/sulsc.com\/#\/schema\/person\/84d2fc571684f6248ba83092f07750a3","name":"Reda\u00e7\u00e3o Sul SC","image":{"@type":"ImageObject","inLanguage":"en-US","@id":"https:\/\/sulsc.com\/#\/schema\/person\/image\/e08d7fe2cc4ed596372063bbe852b8d0","url":"https:\/\/sulsc.com\/wp-content\/uploads\/2023\/09\/redacao.png","contentUrl":"https:\/\/sulsc.com\/wp-content\/uploads\/2023\/09\/redacao.png","caption":"Reda\u00e7\u00e3o Sul SC"},"description":"Foco em um jornalismo imparcial, voltado \u00e0 qualidade dos seus conte\u00fados e, assim, levar informa\u00e7\u00e3o de valor que agregue \u00e0 vida dos leitores. Esta \u00e9 grande miss\u00e3o do Portal de Not\u00edcias Sul SC. N\u00e3o \u00e9 quantidade que muda o mundo, sempre foi e seguir\u00e1 sendo qualidade!","sameAs":["https:\/\/sulsc.com\/","https:\/\/www.facebook.com\/profile.php?id=61559278119680","https:\/\/www.instagram.com\/sulscportal\/?hl=pt-br","https:\/\/twitter.com\/https:\/\/twitter.com\/PortalSulSC","https:\/\/www.youtube.com\/channel\/UCv_BE8GeySluDov2n8qhVmw"],"url":"https:\/\/sulsc.com\/index.php\/author\/redacao\/"}]}},"authors":[],"_links":{"self":[{"href":"https:\/\/sulsc.com\/index.php\/wp-json\/wp\/v2\/posts\/30704"}],"collection":[{"href":"https:\/\/sulsc.com\/index.php\/wp-json\/wp\/v2\/posts"}],"about":[{"href":"https:\/\/sulsc.com\/index.php\/wp-json\/wp\/v2\/types\/post"}],"author":[{"embeddable":true,"href":"https:\/\/sulsc.com\/index.php\/wp-json\/wp\/v2\/users\/3"}],"replies":[{"embeddable":true,"href":"https:\/\/sulsc.com\/index.php\/wp-json\/wp\/v2\/comments?post=30704"}],"version-history":[{"count":1,"href":"https:\/\/sulsc.com\/index.php\/wp-json\/wp\/v2\/posts\/30704\/revisions"}],"predecessor-version":[{"id":30706,"href":"https:\/\/sulsc.com\/index.php\/wp-json\/wp\/v2\/posts\/30704\/revisions\/30706"}],"wp:featuredmedia":[{"embeddable":true,"href":"https:\/\/sulsc.com\/index.php\/wp-json\/wp\/v2\/media\/30705"}],"wp:attachment":[{"href":"https:\/\/sulsc.com\/index.php\/wp-json\/wp\/v2\/media?parent=30704"}],"wp:term":[{"taxonomy":"category","embeddable":true,"href":"https:\/\/sulsc.com\/index.php\/wp-json\/wp\/v2\/categories?post=30704"},{"taxonomy":"post_tag","embeddable":true,"href":"https:\/\/sulsc.com\/index.php\/wp-json\/wp\/v2\/tags?post=30704"}],"curies":[{"name":"wp","href":"https:\/\/api.w.org\/{rel}","templated":true}]}}