{"id":30711,"date":"2025-12-10T16:00:39","date_gmt":"2025-12-10T19:00:39","guid":{"rendered":"https:\/\/sulsc.com\/?p=30711"},"modified":"2025-12-10T16:12:22","modified_gmt":"2025-12-10T19:12:22","slug":"jovem-mae-enfrenta-recidiva-de-cancer-cerebral-e-busca-ajuda-para-cirurgia","status":"publish","type":"post","link":"https:\/\/sulsc.com\/index.php\/2025\/12\/10\/jovem-mae-enfrenta-recidiva-de-cancer-cerebral-e-busca-ajuda-para-cirurgia\/","title":{"rendered":"Jovem m\u00e3e enfrenta recidiva de c\u00e2ncer cerebral e busca ajuda para cirurgia"},"content":{"rendered":"<p><span dir=\"auto\" style=\"vertical-align: inherit;\"><span dir=\"auto\" style=\"vertical-align: inherit;\"><span dir=\"auto\" style=\"vertical-align: inherit;\"><span dir=\"auto\" style=\"vertical-align: inherit;\">Camila Coelho Cruz, de Lauro Muller, enfrenta novamente um c\u00e2ncer no c\u00e9rebro e re\u00fane recursos necess\u00e1rios para adquirir os aparelhos necess\u00e1rios \u00e0 sua segunda cirurgia. Uma jovem, que j\u00e1 sofreu uma doen\u00e7a uma vez e acaba de ter um beb\u00ea, faz um novo apelo \u00e0 solidariedade da comunidade para seguir com o tratamento.<\/span><\/span><\/span><\/span><\/p>\n<p><span dir=\"auto\" style=\"vertical-align: inherit;\"><span dir=\"auto\" style=\"vertical-align: inherit;\"><span dir=\"auto\" style=\"vertical-align: inherit;\"><span dir=\"auto\" style=\"vertical-align: inherit;\">De acordo com a fam\u00edlia, qualquer contribui\u00e7\u00e3o \u00e9 crucial para acelerar o acesso aos equipamentos exigidos pela equipe m\u00e9dica. O apoio, independentemente do valor, representa uma chance concreta de continuidade no seu combate pela vida, enquanto ela enfrenta fortes dores e sintomas da doen\u00e7a, morando atualmente com o marido e a sogra.<\/span><\/span><\/span><\/span><\/p>\n<div id=\"metaslider-id-25573\" style=\"width: 100%;\" class=\"ml-slider-3-99-0 metaslider metaslider-flex metaslider-25573 ml-slider has-onhover-arrows ms-theme-default-base has-dots-nav\" role=\"region\" aria-label=\"Meio\" data-width=\"1200\">\n    <div id=\"metaslider_container_25573\">\n        <div id=\"metaslider_25573\">\n            <ul class='slides'>\n                <li style=\"display: block; width: 100%;\" class=\"slide-25684 ms-image \" aria-roledescription=\"slide\" data-date=\"2025-07-24 07:55:40\"><img src=\"https:\/\/sulsc.com\/wp-content\/uploads\/2025\/07\/Marr-2-1000x166.jpg\" height=\"200\" width=\"1200\" alt=\"\" class=\"slider-25573 slide-25684 msDefaultImage\" title=\"Marr 2\" \/><\/li>\n                <li style=\"display: none; width: 100%;\" class=\"slide-32412 ms-image \" aria-roledescription=\"slide\" data-date=\"2026-02-18 13:59:46\"><img src=\"https:\/\/sulsc.com\/wp-content\/uploads\/2026\/02\/40dc1580-cad5-4867-bc58-c4243821ad38-1000x166.jpeg\" height=\"200\" width=\"1200\" alt=\"\" class=\"slider-25573 slide-32412 msDefaultImage\" title=\"40dc1580-cad5-4867-bc58-c4243821ad38\" \/><\/li>\n                <li style=\"display: none; width: 100%;\" class=\"slide-32766 ms-image \" aria-roledescription=\"slide\" data-date=\"2026-03-03 17:22:59\"><img src=\"https:\/\/sulsc.com\/wp-content\/uploads\/2026\/03\/271ce739-f268-41c5-8051-3de1a1750359-1000x166.jpeg\" height=\"200\" width=\"1200\" alt=\"\" class=\"slider-25573 slide-32766 msDefaultImage\" title=\"271ce739-f268-41c5-8051-3de1a1750359\" \/><\/li>\n            <\/ul>\n        <\/div>\n        \n    <\/div>\n<\/div>\n<p><span dir=\"auto\" style=\"vertical-align: inherit;\"><span dir=\"auto\" style=\"vertical-align: inherit;\"><span dir=\"auto\" style=\"vertical-align: inherit;\"><span dir=\"auto\" style=\"vertical-align: inherit;\">Determinada a superar mais esta etapa dif\u00edcil, Camila refor\u00e7a que sua for\u00e7a vem tamb\u00e9m da solidariedade alheia. As doa\u00e7\u00f5es podem ser feitas diretamente pelo Pix: 4899902-7367.<\/span><\/span><\/span><\/span><\/p>\n<p><strong><span dir=\"auto\" style=\"vertical-align: inherit;\"><span dir=\"auto\" style=\"vertical-align: inherit;\"><span dir=\"auto\" style=\"vertical-align: inherit;\"><span dir=\"auto\" style=\"vertical-align: inherit;\">Saiba Mais<\/span><\/span><\/span><\/span><\/strong><\/p>\n<p><span dir=\"auto\" style=\"vertical-align: inherit;\"><span dir=\"auto\" style=\"vertical-align: inherit;\"><span dir=\"auto\" style=\"vertical-align: inherit;\"><span dir=\"auto\" style=\"vertical-align: inherit;\">Tumores cerebrais, especialmente em casos de recidiva como o de Camila, muitas vezes cancelam cirurgias de alta complexidade. Os modernos utilizam equipamentos de neuromonitoramento intraoperat\u00f3rio e neuronavega\u00e7\u00e3o, que mapeiam o c\u00e9rebro em tempo real para maximizar os procedimentos de remo\u00e7\u00e3o do tumor e minimizar as sequelas neurol\u00f3gicas. Esses aparelhos t\u00eam custo elevado, muitas vezes fora do alcance do sistema p\u00fablico de sa\u00fade. A solidariedade, nesses casos, n\u00e3o \u00e9 apenas acelerar o tratamento, pois pode fornecer acesso a tecnologias que oferecem maior seguran\u00e7a e prote\u00e7\u00e3o cir\u00fargica, impactando diretamente na qualidade de vida p\u00f3s-operat\u00f3ria.<\/span><\/span><\/span><\/span><\/p>\n<p>&nbsp;<\/p>\n<p><img fetchpriority=\"high\" decoding=\"async\" class=\"aligncenter size-full wp-image-30729\" src=\"http:\/\/sulsc.com\/wp-content\/uploads\/2025\/12\/b51ae39c-96de-4a8d-9eb9-072f3285c6b6.jpeg\" alt=\"\" width=\"894\" height=\"959\" srcset=\"https:\/\/sulsc.com\/wp-content\/uploads\/2025\/12\/b51ae39c-96de-4a8d-9eb9-072f3285c6b6.jpeg 894w, https:\/\/sulsc.com\/wp-content\/uploads\/2025\/12\/b51ae39c-96de-4a8d-9eb9-072f3285c6b6-280x300.jpeg 280w, https:\/\/sulsc.com\/wp-content\/uploads\/2025\/12\/b51ae39c-96de-4a8d-9eb9-072f3285c6b6-768x824.jpeg 768w\" sizes=\"(max-width: 894px) 100vw, 894px\" \/><\/p>\n<p><em><span dir=\"auto\" style=\"vertical-align: inherit;\"><span dir=\"auto\" style=\"vertical-align: inherit;\"><span dir=\"auto\" style=\"vertical-align: inherit;\"><span dir=\"auto\" style=\"vertical-align: inherit;\">Fonte: Olhar do Sul<\/span><\/span><\/span><\/span><\/em><\/p>\n","protected":false},"excerpt":{"rendered":"<p>Camila Coelho Cruz, de Lauro Muller, enfrenta novamente um c\u00e2ncer no c\u00e9rebro e re\u00fane recursos necess\u00e1rios para adquirir os aparelhos necess\u00e1rios \u00e0 sua segunda cirurgia. Uma jovem, que j\u00e1 sofreu uma doen\u00e7a uma vez e acaba de ter um beb\u00ea, faz um novo apelo \u00e0 solidariedade da comunidade para seguir com o tratamento. De acordo &hellip;<\/p>\n<p class=\"read-more\"> <a class=\"\" href=\"https:\/\/sulsc.com\/index.php\/2025\/12\/10\/jovem-mae-enfrenta-recidiva-de-cancer-cerebral-e-busca-ajuda-para-cirurgia\/\"> <span class=\"screen-reader-text\">Jovem m\u00e3e enfrenta recidiva de c\u00e2ncer cerebral e busca ajuda para cirurgia<\/span> Read More &raquo;<\/a><\/p>\n","protected":false},"author":3,"featured_media":30729,"comment_status":"open","ping_status":"open","sticky":false,"template":"","format":"standard","meta":{"site-sidebar-layout":"default","site-content-layout":"","ast-site-content-layout":"default","site-content-style":"default","site-sidebar-style":"default","ast-global-header-display":"","ast-banner-title-visibility":"","ast-main-header-display":"","ast-hfb-above-header-display":"","ast-hfb-below-header-display":"","ast-hfb-mobile-header-display":"","site-post-title":"","ast-breadcrumbs-content":"","ast-featured-img":"","footer-sml-layout":"","theme-transparent-header-meta":"default","adv-header-id-meta":"","stick-header-meta":"","header-above-stick-meta":"","header-main-stick-meta":"","header-below-stick-meta":"","astra-migrate-meta-layouts":"set","footnotes":""},"categories":[8,12],"tags":[],"yoast_head":"<!-- This site is optimized with the Yoast SEO plugin v21.4 - https:\/\/yoast.com\/wordpress\/plugins\/seo\/ -->\n<title>Jovem m\u00e3e enfrenta recidiva de c\u00e2ncer cerebral e busca ajuda para cirurgia -<\/title>\n<meta name=\"robots\" content=\"index, follow, max-snippet:-1, max-image-preview:large, max-video-preview:-1\" \/>\n<link rel=\"canonical\" href=\"https:\/\/sulsc.com\/index.php\/2025\/12\/10\/jovem-mae-enfrenta-recidiva-de-cancer-cerebral-e-busca-ajuda-para-cirurgia\/\" \/>\n<meta property=\"og:locale\" content=\"en_US\" \/>\n<meta property=\"og:type\" content=\"article\" \/>\n<meta property=\"og:title\" content=\"Jovem m\u00e3e enfrenta recidiva de c\u00e2ncer cerebral e busca ajuda para cirurgia -\" \/>\n<meta property=\"og:description\" content=\"Camila Coelho Cruz, de Lauro Muller, enfrenta novamente um c\u00e2ncer no c\u00e9rebro e re\u00fane recursos necess\u00e1rios para adquirir os aparelhos necess\u00e1rios \u00e0 sua segunda cirurgia. Uma jovem, que j\u00e1 sofreu uma doen\u00e7a uma vez e acaba de ter um beb\u00ea, faz um novo apelo \u00e0 solidariedade da comunidade para seguir com o tratamento. De acordo &hellip; Jovem m\u00e3e enfrenta recidiva de c\u00e2ncer cerebral e busca ajuda para cirurgia Read More &raquo;\" \/>\n<meta property=\"og:url\" content=\"https:\/\/sulsc.com\/index.php\/2025\/12\/10\/jovem-mae-enfrenta-recidiva-de-cancer-cerebral-e-busca-ajuda-para-cirurgia\/\" \/>\n<meta property=\"article:author\" content=\"https:\/\/www.facebook.com\/profile.php?id=61559278119680\" \/>\n<meta property=\"article:published_time\" content=\"2025-12-10T19:00:39+00:00\" \/>\n<meta property=\"article:modified_time\" content=\"2025-12-10T19:12:22+00:00\" \/>\n<meta property=\"og:image\" content=\"http:\/\/sulsc.com\/wp-content\/uploads\/2025\/12\/b51ae39c-96de-4a8d-9eb9-072f3285c6b6.jpeg\" \/>\n\t<meta property=\"og:image:width\" content=\"894\" \/>\n\t<meta property=\"og:image:height\" content=\"959\" \/>\n\t<meta property=\"og:image:type\" content=\"image\/jpeg\" \/>\n<meta name=\"author\" content=\"Reda\u00e7\u00e3o Sul SC\" \/>\n<meta name=\"twitter:card\" content=\"summary_large_image\" \/>\n<meta name=\"twitter:creator\" content=\"@https:\/\/twitter.com\/PortalSulSC\" \/>\n<meta name=\"twitter:label1\" content=\"Written by\" \/>\n\t<meta name=\"twitter:data1\" content=\"Reda\u00e7\u00e3o Sul SC\" \/>\n\t<meta name=\"twitter:label2\" content=\"Est. reading time\" \/>\n\t<meta name=\"twitter:data2\" content=\"2 minutes\" \/>\n<script type=\"application\/ld+json\" class=\"yoast-schema-graph\">{\"@context\":\"https:\/\/schema.org\",\"@graph\":[{\"@type\":\"WebPage\",\"@id\":\"https:\/\/sulsc.com\/index.php\/2025\/12\/10\/jovem-mae-enfrenta-recidiva-de-cancer-cerebral-e-busca-ajuda-para-cirurgia\/\",\"url\":\"https:\/\/sulsc.com\/index.php\/2025\/12\/10\/jovem-mae-enfrenta-recidiva-de-cancer-cerebral-e-busca-ajuda-para-cirurgia\/\",\"name\":\"Jovem m\u00e3e enfrenta recidiva de c\u00e2ncer cerebral e busca ajuda para cirurgia -\",\"isPartOf\":{\"@id\":\"https:\/\/sulsc.com\/#website\"},\"datePublished\":\"2025-12-10T19:00:39+00:00\",\"dateModified\":\"2025-12-10T19:12:22+00:00\",\"author\":{\"@id\":\"https:\/\/sulsc.com\/#\/schema\/person\/84d2fc571684f6248ba83092f07750a3\"},\"breadcrumb\":{\"@id\":\"https:\/\/sulsc.com\/index.php\/2025\/12\/10\/jovem-mae-enfrenta-recidiva-de-cancer-cerebral-e-busca-ajuda-para-cirurgia\/#breadcrumb\"},\"inLanguage\":\"en-US\",\"potentialAction\":[{\"@type\":\"ReadAction\",\"target\":[\"https:\/\/sulsc.com\/index.php\/2025\/12\/10\/jovem-mae-enfrenta-recidiva-de-cancer-cerebral-e-busca-ajuda-para-cirurgia\/\"]}]},{\"@type\":\"BreadcrumbList\",\"@id\":\"https:\/\/sulsc.com\/index.php\/2025\/12\/10\/jovem-mae-enfrenta-recidiva-de-cancer-cerebral-e-busca-ajuda-para-cirurgia\/#breadcrumb\",\"itemListElement\":[{\"@type\":\"ListItem\",\"position\":1,\"name\":\"In\u00edcio\",\"item\":\"https:\/\/sulsc.com\/\"},{\"@type\":\"ListItem\",\"position\":2,\"name\":\"Jovem m\u00e3e enfrenta recidiva de c\u00e2ncer cerebral e busca ajuda para cirurgia\"}]},{\"@type\":\"WebSite\",\"@id\":\"https:\/\/sulsc.com\/#website\",\"url\":\"https:\/\/sulsc.com\/\",\"name\":\"\",\"description\":\"\",\"potentialAction\":[{\"@type\":\"SearchAction\",\"target\":{\"@type\":\"EntryPoint\",\"urlTemplate\":\"https:\/\/sulsc.com\/?s={search_term_string}\"},\"query-input\":\"required name=search_term_string\"}],\"inLanguage\":\"en-US\"},{\"@type\":\"Person\",\"@id\":\"https:\/\/sulsc.com\/#\/schema\/person\/84d2fc571684f6248ba83092f07750a3\",\"name\":\"Reda\u00e7\u00e3o Sul SC\",\"image\":{\"@type\":\"ImageObject\",\"inLanguage\":\"en-US\",\"@id\":\"https:\/\/sulsc.com\/#\/schema\/person\/image\/e08d7fe2cc4ed596372063bbe852b8d0\",\"url\":\"https:\/\/sulsc.com\/wp-content\/uploads\/2023\/09\/redacao.png\",\"contentUrl\":\"https:\/\/sulsc.com\/wp-content\/uploads\/2023\/09\/redacao.png\",\"caption\":\"Reda\u00e7\u00e3o Sul SC\"},\"description\":\"Foco em um jornalismo imparcial, voltado \u00e0 qualidade dos seus conte\u00fados e, assim, levar informa\u00e7\u00e3o de valor que agregue \u00e0 vida dos leitores. Esta \u00e9 grande miss\u00e3o do Portal de Not\u00edcias Sul SC. N\u00e3o \u00e9 quantidade que muda o mundo, sempre foi e seguir\u00e1 sendo qualidade!\",\"sameAs\":[\"https:\/\/sulsc.com\/\",\"https:\/\/www.facebook.com\/profile.php?id=61559278119680\",\"https:\/\/www.instagram.com\/sulscportal\/?hl=pt-br\",\"https:\/\/twitter.com\/https:\/\/twitter.com\/PortalSulSC\",\"https:\/\/www.youtube.com\/channel\/UCv_BE8GeySluDov2n8qhVmw\"],\"url\":\"https:\/\/sulsc.com\/index.php\/author\/redacao\/\"}]}<\/script>\n<!-- \/ Yoast SEO plugin. -->","yoast_head_json":{"title":"Jovem m\u00e3e enfrenta recidiva de c\u00e2ncer cerebral e busca ajuda para cirurgia -","robots":{"index":"index","follow":"follow","max-snippet":"max-snippet:-1","max-image-preview":"max-image-preview:large","max-video-preview":"max-video-preview:-1"},"canonical":"https:\/\/sulsc.com\/index.php\/2025\/12\/10\/jovem-mae-enfrenta-recidiva-de-cancer-cerebral-e-busca-ajuda-para-cirurgia\/","og_locale":"en_US","og_type":"article","og_title":"Jovem m\u00e3e enfrenta recidiva de c\u00e2ncer cerebral e busca ajuda para cirurgia -","og_description":"Camila Coelho Cruz, de Lauro Muller, enfrenta novamente um c\u00e2ncer no c\u00e9rebro e re\u00fane recursos necess\u00e1rios para adquirir os aparelhos necess\u00e1rios \u00e0 sua segunda cirurgia. Uma jovem, que j\u00e1 sofreu uma doen\u00e7a uma vez e acaba de ter um beb\u00ea, faz um novo apelo \u00e0 solidariedade da comunidade para seguir com o tratamento. De acordo &hellip; Jovem m\u00e3e enfrenta recidiva de c\u00e2ncer cerebral e busca ajuda para cirurgia Read More &raquo;","og_url":"https:\/\/sulsc.com\/index.php\/2025\/12\/10\/jovem-mae-enfrenta-recidiva-de-cancer-cerebral-e-busca-ajuda-para-cirurgia\/","article_author":"https:\/\/www.facebook.com\/profile.php?id=61559278119680","article_published_time":"2025-12-10T19:00:39+00:00","article_modified_time":"2025-12-10T19:12:22+00:00","og_image":[{"width":894,"height":959,"url":"http:\/\/sulsc.com\/wp-content\/uploads\/2025\/12\/b51ae39c-96de-4a8d-9eb9-072f3285c6b6.jpeg","type":"image\/jpeg"}],"author":"Reda\u00e7\u00e3o Sul SC","twitter_card":"summary_large_image","twitter_creator":"@https:\/\/twitter.com\/PortalSulSC","twitter_misc":{"Written by":"Reda\u00e7\u00e3o Sul SC","Est. reading time":"2 minutes"},"schema":{"@context":"https:\/\/schema.org","@graph":[{"@type":"WebPage","@id":"https:\/\/sulsc.com\/index.php\/2025\/12\/10\/jovem-mae-enfrenta-recidiva-de-cancer-cerebral-e-busca-ajuda-para-cirurgia\/","url":"https:\/\/sulsc.com\/index.php\/2025\/12\/10\/jovem-mae-enfrenta-recidiva-de-cancer-cerebral-e-busca-ajuda-para-cirurgia\/","name":"Jovem m\u00e3e enfrenta recidiva de c\u00e2ncer cerebral e busca ajuda para cirurgia -","isPartOf":{"@id":"https:\/\/sulsc.com\/#website"},"datePublished":"2025-12-10T19:00:39+00:00","dateModified":"2025-12-10T19:12:22+00:00","author":{"@id":"https:\/\/sulsc.com\/#\/schema\/person\/84d2fc571684f6248ba83092f07750a3"},"breadcrumb":{"@id":"https:\/\/sulsc.com\/index.php\/2025\/12\/10\/jovem-mae-enfrenta-recidiva-de-cancer-cerebral-e-busca-ajuda-para-cirurgia\/#breadcrumb"},"inLanguage":"en-US","potentialAction":[{"@type":"ReadAction","target":["https:\/\/sulsc.com\/index.php\/2025\/12\/10\/jovem-mae-enfrenta-recidiva-de-cancer-cerebral-e-busca-ajuda-para-cirurgia\/"]}]},{"@type":"BreadcrumbList","@id":"https:\/\/sulsc.com\/index.php\/2025\/12\/10\/jovem-mae-enfrenta-recidiva-de-cancer-cerebral-e-busca-ajuda-para-cirurgia\/#breadcrumb","itemListElement":[{"@type":"ListItem","position":1,"name":"In\u00edcio","item":"https:\/\/sulsc.com\/"},{"@type":"ListItem","position":2,"name":"Jovem m\u00e3e enfrenta recidiva de c\u00e2ncer cerebral e busca ajuda para cirurgia"}]},{"@type":"WebSite","@id":"https:\/\/sulsc.com\/#website","url":"https:\/\/sulsc.com\/","name":"","description":"","potentialAction":[{"@type":"SearchAction","target":{"@type":"EntryPoint","urlTemplate":"https:\/\/sulsc.com\/?s={search_term_string}"},"query-input":"required name=search_term_string"}],"inLanguage":"en-US"},{"@type":"Person","@id":"https:\/\/sulsc.com\/#\/schema\/person\/84d2fc571684f6248ba83092f07750a3","name":"Reda\u00e7\u00e3o Sul SC","image":{"@type":"ImageObject","inLanguage":"en-US","@id":"https:\/\/sulsc.com\/#\/schema\/person\/image\/e08d7fe2cc4ed596372063bbe852b8d0","url":"https:\/\/sulsc.com\/wp-content\/uploads\/2023\/09\/redacao.png","contentUrl":"https:\/\/sulsc.com\/wp-content\/uploads\/2023\/09\/redacao.png","caption":"Reda\u00e7\u00e3o Sul SC"},"description":"Foco em um jornalismo imparcial, voltado \u00e0 qualidade dos seus conte\u00fados e, assim, levar informa\u00e7\u00e3o de valor que agregue \u00e0 vida dos leitores. Esta \u00e9 grande miss\u00e3o do Portal de Not\u00edcias Sul SC. N\u00e3o \u00e9 quantidade que muda o mundo, sempre foi e seguir\u00e1 sendo qualidade!","sameAs":["https:\/\/sulsc.com\/","https:\/\/www.facebook.com\/profile.php?id=61559278119680","https:\/\/www.instagram.com\/sulscportal\/?hl=pt-br","https:\/\/twitter.com\/https:\/\/twitter.com\/PortalSulSC","https:\/\/www.youtube.com\/channel\/UCv_BE8GeySluDov2n8qhVmw"],"url":"https:\/\/sulsc.com\/index.php\/author\/redacao\/"}]}},"authors":[],"_links":{"self":[{"href":"https:\/\/sulsc.com\/index.php\/wp-json\/wp\/v2\/posts\/30711"}],"collection":[{"href":"https:\/\/sulsc.com\/index.php\/wp-json\/wp\/v2\/posts"}],"about":[{"href":"https:\/\/sulsc.com\/index.php\/wp-json\/wp\/v2\/types\/post"}],"author":[{"embeddable":true,"href":"https:\/\/sulsc.com\/index.php\/wp-json\/wp\/v2\/users\/3"}],"replies":[{"embeddable":true,"href":"https:\/\/sulsc.com\/index.php\/wp-json\/wp\/v2\/comments?post=30711"}],"version-history":[{"count":6,"href":"https:\/\/sulsc.com\/index.php\/wp-json\/wp\/v2\/posts\/30711\/revisions"}],"predecessor-version":[{"id":30731,"href":"https:\/\/sulsc.com\/index.php\/wp-json\/wp\/v2\/posts\/30711\/revisions\/30731"}],"wp:featuredmedia":[{"embeddable":true,"href":"https:\/\/sulsc.com\/index.php\/wp-json\/wp\/v2\/media\/30729"}],"wp:attachment":[{"href":"https:\/\/sulsc.com\/index.php\/wp-json\/wp\/v2\/media?parent=30711"}],"wp:term":[{"taxonomy":"category","embeddable":true,"href":"https:\/\/sulsc.com\/index.php\/wp-json\/wp\/v2\/categories?post=30711"},{"taxonomy":"post_tag","embeddable":true,"href":"https:\/\/sulsc.com\/index.php\/wp-json\/wp\/v2\/tags?post=30711"}],"curies":[{"name":"wp","href":"https:\/\/api.w.org\/{rel}","templated":true}]}}