{"id":30723,"date":"2025-12-10T16:08:39","date_gmt":"2025-12-10T19:08:39","guid":{"rendered":"https:\/\/sulsc.com\/?p=30723"},"modified":"2025-12-10T16:08:39","modified_gmt":"2025-12-10T19:08:39","slug":"fundacao-de-meio-ambiente-abre-chamamento-publico-para-cadastro-de-entidades-de-protecao-animal","status":"publish","type":"post","link":"https:\/\/sulsc.com\/index.php\/2025\/12\/10\/fundacao-de-meio-ambiente-abre-chamamento-publico-para-cadastro-de-entidades-de-protecao-animal\/","title":{"rendered":"Funda\u00e7\u00e3o de Meio Ambiente abre chamamento p\u00fablico para cadastro de entidades de prote\u00e7\u00e3o animal"},"content":{"rendered":"<p>A Prefeitura de Tubar\u00e3o, por meio da Funda\u00e7\u00e3o de Meio Ambiente vai lan\u00e7ar um chamamento p\u00fablico para cadastrar, identificar e reconhecer pessoas f\u00edsicas e jur\u00eddicas que desenvolvem a\u00e7\u00f5es cont\u00ednuas e relevantes voltadas \u00e0 prote\u00e7\u00e3o e causa animal no munic\u00edpio.<\/p>\n<div id=\"metaslider-id-25573\" style=\"width: 100%;\" class=\"ml-slider-3-99-0 metaslider metaslider-flex metaslider-25573 ml-slider has-onhover-arrows ms-theme-default-base has-dots-nav\" role=\"region\" aria-label=\"Meio\" data-width=\"1200\">\n    <div id=\"metaslider_container_25573\">\n        <div id=\"metaslider_25573\">\n            <ul class='slides'>\n                <li style=\"display: block; width: 100%;\" class=\"slide-25684 ms-image \" aria-roledescription=\"slide\" data-date=\"2025-07-24 07:55:40\"><img src=\"https:\/\/sulsc.com\/wp-content\/uploads\/2025\/07\/Marr-2-1000x166.jpg\" height=\"200\" width=\"1200\" alt=\"\" class=\"slider-25573 slide-25684 msDefaultImage\" title=\"Marr 2\" \/><\/li>\n                <li style=\"display: none; width: 100%;\" class=\"slide-32412 ms-image \" aria-roledescription=\"slide\" data-date=\"2026-02-18 13:59:46\"><img src=\"https:\/\/sulsc.com\/wp-content\/uploads\/2026\/02\/40dc1580-cad5-4867-bc58-c4243821ad38-1000x166.jpeg\" height=\"200\" width=\"1200\" alt=\"\" class=\"slider-25573 slide-32412 msDefaultImage\" title=\"40dc1580-cad5-4867-bc58-c4243821ad38\" \/><\/li>\n                <li style=\"display: none; width: 100%;\" class=\"slide-32766 ms-image \" aria-roledescription=\"slide\" data-date=\"2026-03-03 17:22:59\"><img src=\"https:\/\/sulsc.com\/wp-content\/uploads\/2026\/03\/271ce739-f268-41c5-8051-3de1a1750359-1000x166.jpeg\" height=\"200\" width=\"1200\" alt=\"\" class=\"slider-25573 slide-32766 msDefaultImage\" title=\"271ce739-f268-41c5-8051-3de1a1750359\" \/><\/li>\n            <\/ul>\n        <\/div>\n        \n    <\/div>\n<\/div>\n<p>\u201cO chamamento tem como objetivo organizar e reconhecer oficialmente as pessoas que atuam pela causa animal, contribuindo para politicas p\u00fablicas mais eficientes e integradas\u201d, afirma o diretor-presidente da Funda\u00e7\u00e3o de Meio Ambiente, Fabr\u00edcio da Silva.<\/p>\n<p>O edital, que \u00e9 uma iniciativa para fortalecer a rede de prote\u00e7\u00e3o animal local, direciona o cadastro \u00e0s entidades, protetores independentes e organiza\u00e7\u00f5es que atuam de forma permanente no cuidado, resgate, acolhimento e defesa dos animais em Tubar\u00e3o.<\/p>\n<p><img fetchpriority=\"high\" decoding=\"async\" class=\"size-full wp-image-30727\" src=\"http:\/\/sulsc.com\/wp-content\/uploads\/2025\/12\/close-de-uma-pessoa-abracando-um-pequeno-jack-russell-terrier-sob-luz-sol-scaled.jpg\" alt=\"\" width=\"2560\" height=\"1707\" srcset=\"https:\/\/sulsc.com\/wp-content\/uploads\/2025\/12\/close-de-uma-pessoa-abracando-um-pequeno-jack-russell-terrier-sob-luz-sol-scaled.jpg 2560w, https:\/\/sulsc.com\/wp-content\/uploads\/2025\/12\/close-de-uma-pessoa-abracando-um-pequeno-jack-russell-terrier-sob-luz-sol-300x200.jpg 300w, https:\/\/sulsc.com\/wp-content\/uploads\/2025\/12\/close-de-uma-pessoa-abracando-um-pequeno-jack-russell-terrier-sob-luz-sol-1024x683.jpg 1024w, https:\/\/sulsc.com\/wp-content\/uploads\/2025\/12\/close-de-uma-pessoa-abracando-um-pequeno-jack-russell-terrier-sob-luz-sol-768x512.jpg 768w, https:\/\/sulsc.com\/wp-content\/uploads\/2025\/12\/close-de-uma-pessoa-abracando-um-pequeno-jack-russell-terrier-sob-luz-sol-1536x1024.jpg 1536w, https:\/\/sulsc.com\/wp-content\/uploads\/2025\/12\/close-de-uma-pessoa-abracando-um-pequeno-jack-russell-terrier-sob-luz-sol-2048x1365.jpg 2048w\" sizes=\"(max-width: 2560px) 100vw, 2560px\" \/><\/p>\n<p>Imagem\/Freepik<\/p>\n<p>A partir do dia 18 de dezembro, o edital estar\u00e1 dispon\u00edvel no site oficial da Prefeitura de Tubar\u00e3o.<\/p>\n<p>Toda a documenta\u00e7\u00e3o de habilita\u00e7\u00e3o dever\u00e1 ser entregue presencialmente na sede da Funda\u00e7\u00e3o, localizada na rua Ant\u00f4nio Borges, no bairro Oficinas, no hor\u00e1rio das 8 \u00e0s 12 horas e das 13 \u00e0s 17 horas.<\/p>\n","protected":false},"excerpt":{"rendered":"<p>A Prefeitura de Tubar\u00e3o, por meio da Funda\u00e7\u00e3o de Meio Ambiente vai lan\u00e7ar um chamamento p\u00fablico para cadastrar, identificar e reconhecer pessoas f\u00edsicas e jur\u00eddicas que desenvolvem a\u00e7\u00f5es cont\u00ednuas e relevantes voltadas \u00e0 prote\u00e7\u00e3o e causa animal no munic\u00edpio. \u201cO chamamento tem como objetivo organizar e reconhecer oficialmente as pessoas que atuam pela causa animal, &hellip;<\/p>\n<p class=\"read-more\"> <a class=\"\" href=\"https:\/\/sulsc.com\/index.php\/2025\/12\/10\/fundacao-de-meio-ambiente-abre-chamamento-publico-para-cadastro-de-entidades-de-protecao-animal\/\"> <span class=\"screen-reader-text\">Funda\u00e7\u00e3o de Meio Ambiente abre chamamento p\u00fablico para cadastro de entidades de prote\u00e7\u00e3o animal<\/span> Read More &raquo;<\/a><\/p>\n","protected":false},"author":3,"featured_media":30727,"comment_status":"open","ping_status":"open","sticky":false,"template":"","format":"standard","meta":{"site-sidebar-layout":"default","site-content-layout":"","ast-site-content-layout":"default","site-content-style":"default","site-sidebar-style":"default","ast-global-header-display":"","ast-banner-title-visibility":"","ast-main-header-display":"","ast-hfb-above-header-display":"","ast-hfb-below-header-display":"","ast-hfb-mobile-header-display":"","site-post-title":"","ast-breadcrumbs-content":"","ast-featured-img":"","footer-sml-layout":"","theme-transparent-header-meta":"default","adv-header-id-meta":"","stick-header-meta":"","header-above-stick-meta":"","header-main-stick-meta":"","header-below-stick-meta":"","astra-migrate-meta-layouts":"set","footnotes":""},"categories":[2354,1,21,12],"tags":[415],"yoast_head":"<!-- This site is optimized with the Yoast SEO plugin v21.4 - https:\/\/yoast.com\/wordpress\/plugins\/seo\/ -->\n<title>Funda\u00e7\u00e3o de Meio Ambiente abre chamamento p\u00fablico para cadastro de entidades de prote\u00e7\u00e3o animal -<\/title>\n<meta name=\"robots\" content=\"index, follow, max-snippet:-1, max-image-preview:large, max-video-preview:-1\" \/>\n<link rel=\"canonical\" href=\"https:\/\/sulsc.com\/index.php\/2025\/12\/10\/fundacao-de-meio-ambiente-abre-chamamento-publico-para-cadastro-de-entidades-de-protecao-animal\/\" \/>\n<meta property=\"og:locale\" content=\"en_US\" \/>\n<meta property=\"og:type\" content=\"article\" \/>\n<meta property=\"og:title\" content=\"Funda\u00e7\u00e3o de Meio Ambiente abre chamamento p\u00fablico para cadastro de entidades de prote\u00e7\u00e3o animal -\" \/>\n<meta property=\"og:description\" content=\"A Prefeitura de Tubar\u00e3o, por meio da Funda\u00e7\u00e3o de Meio Ambiente vai lan\u00e7ar um chamamento p\u00fablico para cadastrar, identificar e reconhecer pessoas f\u00edsicas e jur\u00eddicas que desenvolvem a\u00e7\u00f5es cont\u00ednuas e relevantes voltadas \u00e0 prote\u00e7\u00e3o e causa animal no munic\u00edpio. \u201cO chamamento tem como objetivo organizar e reconhecer oficialmente as pessoas que atuam pela causa animal, &hellip; Funda\u00e7\u00e3o de Meio Ambiente abre chamamento p\u00fablico para cadastro de entidades de prote\u00e7\u00e3o animal Read More &raquo;\" \/>\n<meta property=\"og:url\" content=\"https:\/\/sulsc.com\/index.php\/2025\/12\/10\/fundacao-de-meio-ambiente-abre-chamamento-publico-para-cadastro-de-entidades-de-protecao-animal\/\" \/>\n<meta property=\"article:author\" content=\"https:\/\/www.facebook.com\/profile.php?id=61559278119680\" \/>\n<meta property=\"article:published_time\" content=\"2025-12-10T19:08:39+00:00\" \/>\n<meta property=\"og:image\" content=\"http:\/\/sulsc.com\/wp-content\/uploads\/2025\/12\/close-de-uma-pessoa-abracando-um-pequeno-jack-russell-terrier-sob-luz-sol-scaled.jpg\" \/>\n\t<meta property=\"og:image:width\" content=\"2560\" \/>\n\t<meta property=\"og:image:height\" content=\"1707\" \/>\n\t<meta property=\"og:image:type\" content=\"image\/jpeg\" \/>\n<meta name=\"author\" content=\"Reda\u00e7\u00e3o Sul SC\" \/>\n<meta name=\"twitter:card\" content=\"summary_large_image\" \/>\n<meta name=\"twitter:creator\" content=\"@https:\/\/twitter.com\/PortalSulSC\" \/>\n<meta name=\"twitter:label1\" content=\"Written by\" \/>\n\t<meta name=\"twitter:data1\" content=\"Reda\u00e7\u00e3o Sul SC\" \/>\n\t<meta name=\"twitter:label2\" content=\"Est. reading time\" \/>\n\t<meta name=\"twitter:data2\" content=\"1 minute\" \/>\n<script type=\"application\/ld+json\" class=\"yoast-schema-graph\">{\"@context\":\"https:\/\/schema.org\",\"@graph\":[{\"@type\":\"WebPage\",\"@id\":\"https:\/\/sulsc.com\/index.php\/2025\/12\/10\/fundacao-de-meio-ambiente-abre-chamamento-publico-para-cadastro-de-entidades-de-protecao-animal\/\",\"url\":\"https:\/\/sulsc.com\/index.php\/2025\/12\/10\/fundacao-de-meio-ambiente-abre-chamamento-publico-para-cadastro-de-entidades-de-protecao-animal\/\",\"name\":\"Funda\u00e7\u00e3o de Meio Ambiente abre chamamento p\u00fablico para cadastro de entidades de prote\u00e7\u00e3o animal -\",\"isPartOf\":{\"@id\":\"https:\/\/sulsc.com\/#website\"},\"datePublished\":\"2025-12-10T19:08:39+00:00\",\"dateModified\":\"2025-12-10T19:08:39+00:00\",\"author\":{\"@id\":\"https:\/\/sulsc.com\/#\/schema\/person\/84d2fc571684f6248ba83092f07750a3\"},\"breadcrumb\":{\"@id\":\"https:\/\/sulsc.com\/index.php\/2025\/12\/10\/fundacao-de-meio-ambiente-abre-chamamento-publico-para-cadastro-de-entidades-de-protecao-animal\/#breadcrumb\"},\"inLanguage\":\"en-US\",\"potentialAction\":[{\"@type\":\"ReadAction\",\"target\":[\"https:\/\/sulsc.com\/index.php\/2025\/12\/10\/fundacao-de-meio-ambiente-abre-chamamento-publico-para-cadastro-de-entidades-de-protecao-animal\/\"]}]},{\"@type\":\"BreadcrumbList\",\"@id\":\"https:\/\/sulsc.com\/index.php\/2025\/12\/10\/fundacao-de-meio-ambiente-abre-chamamento-publico-para-cadastro-de-entidades-de-protecao-animal\/#breadcrumb\",\"itemListElement\":[{\"@type\":\"ListItem\",\"position\":1,\"name\":\"In\u00edcio\",\"item\":\"https:\/\/sulsc.com\/\"},{\"@type\":\"ListItem\",\"position\":2,\"name\":\"Funda\u00e7\u00e3o de Meio Ambiente abre chamamento p\u00fablico para cadastro de entidades de prote\u00e7\u00e3o animal\"}]},{\"@type\":\"WebSite\",\"@id\":\"https:\/\/sulsc.com\/#website\",\"url\":\"https:\/\/sulsc.com\/\",\"name\":\"\",\"description\":\"\",\"potentialAction\":[{\"@type\":\"SearchAction\",\"target\":{\"@type\":\"EntryPoint\",\"urlTemplate\":\"https:\/\/sulsc.com\/?s={search_term_string}\"},\"query-input\":\"required name=search_term_string\"}],\"inLanguage\":\"en-US\"},{\"@type\":\"Person\",\"@id\":\"https:\/\/sulsc.com\/#\/schema\/person\/84d2fc571684f6248ba83092f07750a3\",\"name\":\"Reda\u00e7\u00e3o Sul SC\",\"image\":{\"@type\":\"ImageObject\",\"inLanguage\":\"en-US\",\"@id\":\"https:\/\/sulsc.com\/#\/schema\/person\/image\/e08d7fe2cc4ed596372063bbe852b8d0\",\"url\":\"https:\/\/sulsc.com\/wp-content\/uploads\/2023\/09\/redacao.png\",\"contentUrl\":\"https:\/\/sulsc.com\/wp-content\/uploads\/2023\/09\/redacao.png\",\"caption\":\"Reda\u00e7\u00e3o Sul SC\"},\"description\":\"Foco em um jornalismo imparcial, voltado \u00e0 qualidade dos seus conte\u00fados e, assim, levar informa\u00e7\u00e3o de valor que agregue \u00e0 vida dos leitores. Esta \u00e9 grande miss\u00e3o do Portal de Not\u00edcias Sul SC. N\u00e3o \u00e9 quantidade que muda o mundo, sempre foi e seguir\u00e1 sendo qualidade!\",\"sameAs\":[\"https:\/\/sulsc.com\/\",\"https:\/\/www.facebook.com\/profile.php?id=61559278119680\",\"https:\/\/www.instagram.com\/sulscportal\/?hl=pt-br\",\"https:\/\/twitter.com\/https:\/\/twitter.com\/PortalSulSC\",\"https:\/\/www.youtube.com\/channel\/UCv_BE8GeySluDov2n8qhVmw\"],\"url\":\"https:\/\/sulsc.com\/index.php\/author\/redacao\/\"}]}<\/script>\n<!-- \/ Yoast SEO plugin. -->","yoast_head_json":{"title":"Funda\u00e7\u00e3o de Meio Ambiente abre chamamento p\u00fablico para cadastro de entidades de prote\u00e7\u00e3o animal -","robots":{"index":"index","follow":"follow","max-snippet":"max-snippet:-1","max-image-preview":"max-image-preview:large","max-video-preview":"max-video-preview:-1"},"canonical":"https:\/\/sulsc.com\/index.php\/2025\/12\/10\/fundacao-de-meio-ambiente-abre-chamamento-publico-para-cadastro-de-entidades-de-protecao-animal\/","og_locale":"en_US","og_type":"article","og_title":"Funda\u00e7\u00e3o de Meio Ambiente abre chamamento p\u00fablico para cadastro de entidades de prote\u00e7\u00e3o animal -","og_description":"A Prefeitura de Tubar\u00e3o, por meio da Funda\u00e7\u00e3o de Meio Ambiente vai lan\u00e7ar um chamamento p\u00fablico para cadastrar, identificar e reconhecer pessoas f\u00edsicas e jur\u00eddicas que desenvolvem a\u00e7\u00f5es cont\u00ednuas e relevantes voltadas \u00e0 prote\u00e7\u00e3o e causa animal no munic\u00edpio. \u201cO chamamento tem como objetivo organizar e reconhecer oficialmente as pessoas que atuam pela causa animal, &hellip; Funda\u00e7\u00e3o de Meio Ambiente abre chamamento p\u00fablico para cadastro de entidades de prote\u00e7\u00e3o animal Read More &raquo;","og_url":"https:\/\/sulsc.com\/index.php\/2025\/12\/10\/fundacao-de-meio-ambiente-abre-chamamento-publico-para-cadastro-de-entidades-de-protecao-animal\/","article_author":"https:\/\/www.facebook.com\/profile.php?id=61559278119680","article_published_time":"2025-12-10T19:08:39+00:00","og_image":[{"width":2560,"height":1707,"url":"http:\/\/sulsc.com\/wp-content\/uploads\/2025\/12\/close-de-uma-pessoa-abracando-um-pequeno-jack-russell-terrier-sob-luz-sol-scaled.jpg","type":"image\/jpeg"}],"author":"Reda\u00e7\u00e3o Sul SC","twitter_card":"summary_large_image","twitter_creator":"@https:\/\/twitter.com\/PortalSulSC","twitter_misc":{"Written by":"Reda\u00e7\u00e3o Sul SC","Est. reading time":"1 minute"},"schema":{"@context":"https:\/\/schema.org","@graph":[{"@type":"WebPage","@id":"https:\/\/sulsc.com\/index.php\/2025\/12\/10\/fundacao-de-meio-ambiente-abre-chamamento-publico-para-cadastro-de-entidades-de-protecao-animal\/","url":"https:\/\/sulsc.com\/index.php\/2025\/12\/10\/fundacao-de-meio-ambiente-abre-chamamento-publico-para-cadastro-de-entidades-de-protecao-animal\/","name":"Funda\u00e7\u00e3o de Meio Ambiente abre chamamento p\u00fablico para cadastro de entidades de prote\u00e7\u00e3o animal -","isPartOf":{"@id":"https:\/\/sulsc.com\/#website"},"datePublished":"2025-12-10T19:08:39+00:00","dateModified":"2025-12-10T19:08:39+00:00","author":{"@id":"https:\/\/sulsc.com\/#\/schema\/person\/84d2fc571684f6248ba83092f07750a3"},"breadcrumb":{"@id":"https:\/\/sulsc.com\/index.php\/2025\/12\/10\/fundacao-de-meio-ambiente-abre-chamamento-publico-para-cadastro-de-entidades-de-protecao-animal\/#breadcrumb"},"inLanguage":"en-US","potentialAction":[{"@type":"ReadAction","target":["https:\/\/sulsc.com\/index.php\/2025\/12\/10\/fundacao-de-meio-ambiente-abre-chamamento-publico-para-cadastro-de-entidades-de-protecao-animal\/"]}]},{"@type":"BreadcrumbList","@id":"https:\/\/sulsc.com\/index.php\/2025\/12\/10\/fundacao-de-meio-ambiente-abre-chamamento-publico-para-cadastro-de-entidades-de-protecao-animal\/#breadcrumb","itemListElement":[{"@type":"ListItem","position":1,"name":"In\u00edcio","item":"https:\/\/sulsc.com\/"},{"@type":"ListItem","position":2,"name":"Funda\u00e7\u00e3o de Meio Ambiente abre chamamento p\u00fablico para cadastro de entidades de prote\u00e7\u00e3o animal"}]},{"@type":"WebSite","@id":"https:\/\/sulsc.com\/#website","url":"https:\/\/sulsc.com\/","name":"","description":"","potentialAction":[{"@type":"SearchAction","target":{"@type":"EntryPoint","urlTemplate":"https:\/\/sulsc.com\/?s={search_term_string}"},"query-input":"required name=search_term_string"}],"inLanguage":"en-US"},{"@type":"Person","@id":"https:\/\/sulsc.com\/#\/schema\/person\/84d2fc571684f6248ba83092f07750a3","name":"Reda\u00e7\u00e3o Sul SC","image":{"@type":"ImageObject","inLanguage":"en-US","@id":"https:\/\/sulsc.com\/#\/schema\/person\/image\/e08d7fe2cc4ed596372063bbe852b8d0","url":"https:\/\/sulsc.com\/wp-content\/uploads\/2023\/09\/redacao.png","contentUrl":"https:\/\/sulsc.com\/wp-content\/uploads\/2023\/09\/redacao.png","caption":"Reda\u00e7\u00e3o Sul SC"},"description":"Foco em um jornalismo imparcial, voltado \u00e0 qualidade dos seus conte\u00fados e, assim, levar informa\u00e7\u00e3o de valor que agregue \u00e0 vida dos leitores. Esta \u00e9 grande miss\u00e3o do Portal de Not\u00edcias Sul SC. N\u00e3o \u00e9 quantidade que muda o mundo, sempre foi e seguir\u00e1 sendo qualidade!","sameAs":["https:\/\/sulsc.com\/","https:\/\/www.facebook.com\/profile.php?id=61559278119680","https:\/\/www.instagram.com\/sulscportal\/?hl=pt-br","https:\/\/twitter.com\/https:\/\/twitter.com\/PortalSulSC","https:\/\/www.youtube.com\/channel\/UCv_BE8GeySluDov2n8qhVmw"],"url":"https:\/\/sulsc.com\/index.php\/author\/redacao\/"}]}},"authors":[],"_links":{"self":[{"href":"https:\/\/sulsc.com\/index.php\/wp-json\/wp\/v2\/posts\/30723"}],"collection":[{"href":"https:\/\/sulsc.com\/index.php\/wp-json\/wp\/v2\/posts"}],"about":[{"href":"https:\/\/sulsc.com\/index.php\/wp-json\/wp\/v2\/types\/post"}],"author":[{"embeddable":true,"href":"https:\/\/sulsc.com\/index.php\/wp-json\/wp\/v2\/users\/3"}],"replies":[{"embeddable":true,"href":"https:\/\/sulsc.com\/index.php\/wp-json\/wp\/v2\/comments?post=30723"}],"version-history":[{"count":1,"href":"https:\/\/sulsc.com\/index.php\/wp-json\/wp\/v2\/posts\/30723\/revisions"}],"predecessor-version":[{"id":30728,"href":"https:\/\/sulsc.com\/index.php\/wp-json\/wp\/v2\/posts\/30723\/revisions\/30728"}],"wp:featuredmedia":[{"embeddable":true,"href":"https:\/\/sulsc.com\/index.php\/wp-json\/wp\/v2\/media\/30727"}],"wp:attachment":[{"href":"https:\/\/sulsc.com\/index.php\/wp-json\/wp\/v2\/media?parent=30723"}],"wp:term":[{"taxonomy":"category","embeddable":true,"href":"https:\/\/sulsc.com\/index.php\/wp-json\/wp\/v2\/categories?post=30723"},{"taxonomy":"post_tag","embeddable":true,"href":"https:\/\/sulsc.com\/index.php\/wp-json\/wp\/v2\/tags?post=30723"}],"curies":[{"name":"wp","href":"https:\/\/api.w.org\/{rel}","templated":true}]}}