{"id":3078,"date":"2023-10-30T11:30:29","date_gmt":"2023-10-30T14:30:29","guid":{"rendered":"https:\/\/sulsc.com\/?p=3078"},"modified":"2023-10-30T11:26:02","modified_gmt":"2023-10-30T14:26:02","slug":"programacao-natalina-e-debatida-com-entidades-em-capivari-de-baixo","status":"publish","type":"post","link":"https:\/\/sulsc.com\/index.php\/2023\/10\/30\/programacao-natalina-e-debatida-com-entidades-em-capivari-de-baixo\/","title":{"rendered":"Programa\u00e7\u00e3o natalina \u00e9 debatida com entidades, em Capivari de Baixo"},"content":{"rendered":"<p>Eventos e a\u00e7\u00f5es que v\u00e3o fazer parte da programa\u00e7\u00e3o natalina deste ano em Capivari de Baixo foram temas de uma reuni\u00e3o na manh\u00e3 desta sexta-feira (27). O encontro, realizado\u00a0no gabinete da prefeita M\u00e1rcia Roberg Cargnin, reuniu representantes das secretarias envolvidas e de entidades que ser\u00e3o parceiras, como a C\u00e2mara de Dirigentes Lojistas (CDL) e a UniTV.<\/p>\n<p>A Administra\u00e7\u00e3o Municipal j\u00e1 encaminhou a licita\u00e7\u00e3o para a contrata\u00e7\u00e3o da empresa que vai fazer a instala\u00e7\u00e3o da ilumina\u00e7\u00e3o natalina no munic\u00edpio. Este ano, mais ruas ser\u00e3o comtempladas com a decora\u00e7\u00e3o.\u00a0Um grande evento com a chegada do Papai Noel est\u00e1 sendo organizado para o dia 8 de dezembro.<\/p>\n<p>A festividade contar\u00e1 com desfiles saindo da Pra\u00e7a da Bandeira at\u00e9 o Gin\u00e1sio Municipal Juan Manuel dos Santos. A atra\u00e7\u00e3o ter\u00e1 a participa\u00e7\u00e3o de estudantes das escolas do munic\u00edpio, carros tem\u00e1ticos e da Banda Marcial do Col\u00e9gio Dehon, de Tubar\u00e3o.<\/p>\n<p>O com\u00e9rcio de Capivari passar\u00e1 a atender em hor\u00e1rio estendido a partir do dia 5 de dezembro. Os lojistas tamb\u00e9m preparam decora\u00e7\u00f5es especiais. A programa\u00e7\u00e3o completa ser\u00e1 fechada nas pr\u00f3ximas semanas e outras novidades ser\u00e3o anunciadas \u00e0 medida que forem acertadas.<\/p>\n<p><img fetchpriority=\"high\" decoding=\"async\" class=\"alignnone size-full wp-image-3079\" src=\"http:\/\/sulsc.com\/wp-content\/uploads\/2023\/10\/Programacao-natalina-e-debatida-com-entidades-em-Capivari-de-Baixo.jpeg\" alt=\"\" width=\"800\" height=\"445\" srcset=\"https:\/\/sulsc.com\/wp-content\/uploads\/2023\/10\/Programacao-natalina-e-debatida-com-entidades-em-Capivari-de-Baixo.jpeg 800w, https:\/\/sulsc.com\/wp-content\/uploads\/2023\/10\/Programacao-natalina-e-debatida-com-entidades-em-Capivari-de-Baixo-300x167.jpeg 300w, https:\/\/sulsc.com\/wp-content\/uploads\/2023\/10\/Programacao-natalina-e-debatida-com-entidades-em-Capivari-de-Baixo-768x427.jpeg 768w\" sizes=\"(max-width: 800px) 100vw, 800px\" \/><\/p>\n<p>Fonte: Pref. de Capivari de Baixo<\/p>\n","protected":false},"excerpt":{"rendered":"<p>Eventos e a\u00e7\u00f5es que v\u00e3o fazer parte da programa\u00e7\u00e3o natalina deste ano em Capivari de Baixo foram temas de uma reuni\u00e3o na manh\u00e3 desta sexta-feira (27). O encontro, realizado\u00a0no gabinete da prefeita M\u00e1rcia Roberg Cargnin, reuniu representantes das secretarias envolvidas e de entidades que ser\u00e3o parceiras, como a C\u00e2mara de Dirigentes Lojistas (CDL) e a &hellip;<\/p>\n<p class=\"read-more\"> <a class=\"\" href=\"https:\/\/sulsc.com\/index.php\/2023\/10\/30\/programacao-natalina-e-debatida-com-entidades-em-capivari-de-baixo\/\"> <span class=\"screen-reader-text\">Programa\u00e7\u00e3o natalina \u00e9 debatida com entidades, em Capivari de Baixo<\/span> Read More &raquo;<\/a><\/p>\n","protected":false},"author":3,"featured_media":3079,"comment_status":"open","ping_status":"open","sticky":false,"template":"","format":"standard","meta":{"site-sidebar-layout":"default","site-content-layout":"","ast-site-content-layout":"default","site-content-style":"default","site-sidebar-style":"default","ast-global-header-display":"","ast-banner-title-visibility":"","ast-main-header-display":"","ast-hfb-above-header-display":"","ast-hfb-below-header-display":"","ast-hfb-mobile-header-display":"","site-post-title":"","ast-breadcrumbs-content":"","ast-featured-img":"","footer-sml-layout":"","theme-transparent-header-meta":"default","adv-header-id-meta":"","stick-header-meta":"","header-above-stick-meta":"","header-main-stick-meta":"","header-below-stick-meta":"","astra-migrate-meta-layouts":"set","footnotes":""},"categories":[42,1],"tags":[],"yoast_head":"<!-- This site is optimized with the Yoast SEO plugin v21.4 - https:\/\/yoast.com\/wordpress\/plugins\/seo\/ -->\n<title>Programa\u00e7\u00e3o natalina \u00e9 debatida com entidades, em Capivari de Baixo -<\/title>\n<meta name=\"robots\" content=\"index, follow, max-snippet:-1, max-image-preview:large, max-video-preview:-1\" \/>\n<link rel=\"canonical\" href=\"https:\/\/sulsc.com\/index.php\/2023\/10\/30\/programacao-natalina-e-debatida-com-entidades-em-capivari-de-baixo\/\" \/>\n<meta property=\"og:locale\" content=\"en_US\" \/>\n<meta property=\"og:type\" content=\"article\" \/>\n<meta property=\"og:title\" content=\"Programa\u00e7\u00e3o natalina \u00e9 debatida com entidades, em Capivari de Baixo -\" \/>\n<meta property=\"og:description\" content=\"Eventos e a\u00e7\u00f5es que v\u00e3o fazer parte da programa\u00e7\u00e3o natalina deste ano em Capivari de Baixo foram temas de uma reuni\u00e3o na manh\u00e3 desta sexta-feira (27). O encontro, realizado\u00a0no gabinete da prefeita M\u00e1rcia Roberg Cargnin, reuniu representantes das secretarias envolvidas e de entidades que ser\u00e3o parceiras, como a C\u00e2mara de Dirigentes Lojistas (CDL) e a &hellip; Programa\u00e7\u00e3o natalina \u00e9 debatida com entidades, em Capivari de Baixo Read More &raquo;\" \/>\n<meta property=\"og:url\" content=\"https:\/\/sulsc.com\/index.php\/2023\/10\/30\/programacao-natalina-e-debatida-com-entidades-em-capivari-de-baixo\/\" \/>\n<meta property=\"article:author\" content=\"https:\/\/www.facebook.com\/profile.php?id=61559278119680\" \/>\n<meta property=\"article:published_time\" content=\"2023-10-30T14:30:29+00:00\" \/>\n<meta property=\"article:modified_time\" content=\"2023-10-30T14:26:02+00:00\" \/>\n<meta property=\"og:image\" content=\"https:\/\/sulsc.com\/wp-content\/uploads\/2023\/10\/Programacao-natalina-e-debatida-com-entidades-em-Capivari-de-Baixo.jpeg\" \/>\n\t<meta property=\"og:image:width\" content=\"800\" \/>\n\t<meta property=\"og:image:height\" content=\"445\" \/>\n\t<meta property=\"og:image:type\" content=\"image\/jpeg\" \/>\n<meta name=\"author\" content=\"Reda\u00e7\u00e3o Sul SC\" \/>\n<meta name=\"twitter:card\" content=\"summary_large_image\" \/>\n<meta name=\"twitter:creator\" content=\"@https:\/\/twitter.com\/PortalSulSC\" \/>\n<meta name=\"twitter:label1\" content=\"Written by\" \/>\n\t<meta name=\"twitter:data1\" content=\"Reda\u00e7\u00e3o Sul SC\" \/>\n\t<meta name=\"twitter:label2\" content=\"Est. reading time\" \/>\n\t<meta name=\"twitter:data2\" content=\"2 minutes\" \/>\n<script type=\"application\/ld+json\" class=\"yoast-schema-graph\">{\"@context\":\"https:\/\/schema.org\",\"@graph\":[{\"@type\":\"WebPage\",\"@id\":\"https:\/\/sulsc.com\/index.php\/2023\/10\/30\/programacao-natalina-e-debatida-com-entidades-em-capivari-de-baixo\/\",\"url\":\"https:\/\/sulsc.com\/index.php\/2023\/10\/30\/programacao-natalina-e-debatida-com-entidades-em-capivari-de-baixo\/\",\"name\":\"Programa\u00e7\u00e3o natalina \u00e9 debatida com entidades, em Capivari de Baixo -\",\"isPartOf\":{\"@id\":\"https:\/\/sulsc.com\/#website\"},\"datePublished\":\"2023-10-30T14:30:29+00:00\",\"dateModified\":\"2023-10-30T14:26:02+00:00\",\"author\":{\"@id\":\"https:\/\/sulsc.com\/#\/schema\/person\/84d2fc571684f6248ba83092f07750a3\"},\"breadcrumb\":{\"@id\":\"https:\/\/sulsc.com\/index.php\/2023\/10\/30\/programacao-natalina-e-debatida-com-entidades-em-capivari-de-baixo\/#breadcrumb\"},\"inLanguage\":\"en-US\",\"potentialAction\":[{\"@type\":\"ReadAction\",\"target\":[\"https:\/\/sulsc.com\/index.php\/2023\/10\/30\/programacao-natalina-e-debatida-com-entidades-em-capivari-de-baixo\/\"]}]},{\"@type\":\"BreadcrumbList\",\"@id\":\"https:\/\/sulsc.com\/index.php\/2023\/10\/30\/programacao-natalina-e-debatida-com-entidades-em-capivari-de-baixo\/#breadcrumb\",\"itemListElement\":[{\"@type\":\"ListItem\",\"position\":1,\"name\":\"In\u00edcio\",\"item\":\"https:\/\/sulsc.com\/\"},{\"@type\":\"ListItem\",\"position\":2,\"name\":\"Programa\u00e7\u00e3o natalina \u00e9 debatida com entidades, em Capivari de Baixo\"}]},{\"@type\":\"WebSite\",\"@id\":\"https:\/\/sulsc.com\/#website\",\"url\":\"https:\/\/sulsc.com\/\",\"name\":\"\",\"description\":\"\",\"potentialAction\":[{\"@type\":\"SearchAction\",\"target\":{\"@type\":\"EntryPoint\",\"urlTemplate\":\"https:\/\/sulsc.com\/?s={search_term_string}\"},\"query-input\":\"required name=search_term_string\"}],\"inLanguage\":\"en-US\"},{\"@type\":\"Person\",\"@id\":\"https:\/\/sulsc.com\/#\/schema\/person\/84d2fc571684f6248ba83092f07750a3\",\"name\":\"Reda\u00e7\u00e3o Sul SC\",\"image\":{\"@type\":\"ImageObject\",\"inLanguage\":\"en-US\",\"@id\":\"https:\/\/sulsc.com\/#\/schema\/person\/image\/e08d7fe2cc4ed596372063bbe852b8d0\",\"url\":\"https:\/\/sulsc.com\/wp-content\/uploads\/2023\/09\/redacao.png\",\"contentUrl\":\"https:\/\/sulsc.com\/wp-content\/uploads\/2023\/09\/redacao.png\",\"caption\":\"Reda\u00e7\u00e3o Sul SC\"},\"description\":\"Foco em um jornalismo imparcial, voltado \u00e0 qualidade dos seus conte\u00fados e, assim, levar informa\u00e7\u00e3o de valor que agregue \u00e0 vida dos leitores. Esta \u00e9 grande miss\u00e3o do Portal de Not\u00edcias Sul SC. N\u00e3o \u00e9 quantidade que muda o mundo, sempre foi e seguir\u00e1 sendo qualidade!\",\"sameAs\":[\"https:\/\/sulsc.com\/\",\"https:\/\/www.facebook.com\/profile.php?id=61559278119680\",\"https:\/\/www.instagram.com\/sulscportal\/?hl=pt-br\",\"https:\/\/twitter.com\/https:\/\/twitter.com\/PortalSulSC\",\"https:\/\/www.youtube.com\/channel\/UCv_BE8GeySluDov2n8qhVmw\"],\"url\":\"https:\/\/sulsc.com\/index.php\/author\/redacao\/\"}]}<\/script>\n<!-- \/ Yoast SEO plugin. -->","yoast_head_json":{"title":"Programa\u00e7\u00e3o natalina \u00e9 debatida com entidades, em Capivari de Baixo -","robots":{"index":"index","follow":"follow","max-snippet":"max-snippet:-1","max-image-preview":"max-image-preview:large","max-video-preview":"max-video-preview:-1"},"canonical":"https:\/\/sulsc.com\/index.php\/2023\/10\/30\/programacao-natalina-e-debatida-com-entidades-em-capivari-de-baixo\/","og_locale":"en_US","og_type":"article","og_title":"Programa\u00e7\u00e3o natalina \u00e9 debatida com entidades, em Capivari de Baixo -","og_description":"Eventos e a\u00e7\u00f5es que v\u00e3o fazer parte da programa\u00e7\u00e3o natalina deste ano em Capivari de Baixo foram temas de uma reuni\u00e3o na manh\u00e3 desta sexta-feira (27). O encontro, realizado\u00a0no gabinete da prefeita M\u00e1rcia Roberg Cargnin, reuniu representantes das secretarias envolvidas e de entidades que ser\u00e3o parceiras, como a C\u00e2mara de Dirigentes Lojistas (CDL) e a &hellip; Programa\u00e7\u00e3o natalina \u00e9 debatida com entidades, em Capivari de Baixo Read More &raquo;","og_url":"https:\/\/sulsc.com\/index.php\/2023\/10\/30\/programacao-natalina-e-debatida-com-entidades-em-capivari-de-baixo\/","article_author":"https:\/\/www.facebook.com\/profile.php?id=61559278119680","article_published_time":"2023-10-30T14:30:29+00:00","article_modified_time":"2023-10-30T14:26:02+00:00","og_image":[{"width":800,"height":445,"url":"https:\/\/sulsc.com\/wp-content\/uploads\/2023\/10\/Programacao-natalina-e-debatida-com-entidades-em-Capivari-de-Baixo.jpeg","type":"image\/jpeg"}],"author":"Reda\u00e7\u00e3o Sul SC","twitter_card":"summary_large_image","twitter_creator":"@https:\/\/twitter.com\/PortalSulSC","twitter_misc":{"Written by":"Reda\u00e7\u00e3o Sul SC","Est. reading time":"2 minutes"},"schema":{"@context":"https:\/\/schema.org","@graph":[{"@type":"WebPage","@id":"https:\/\/sulsc.com\/index.php\/2023\/10\/30\/programacao-natalina-e-debatida-com-entidades-em-capivari-de-baixo\/","url":"https:\/\/sulsc.com\/index.php\/2023\/10\/30\/programacao-natalina-e-debatida-com-entidades-em-capivari-de-baixo\/","name":"Programa\u00e7\u00e3o natalina \u00e9 debatida com entidades, em Capivari de Baixo -","isPartOf":{"@id":"https:\/\/sulsc.com\/#website"},"datePublished":"2023-10-30T14:30:29+00:00","dateModified":"2023-10-30T14:26:02+00:00","author":{"@id":"https:\/\/sulsc.com\/#\/schema\/person\/84d2fc571684f6248ba83092f07750a3"},"breadcrumb":{"@id":"https:\/\/sulsc.com\/index.php\/2023\/10\/30\/programacao-natalina-e-debatida-com-entidades-em-capivari-de-baixo\/#breadcrumb"},"inLanguage":"en-US","potentialAction":[{"@type":"ReadAction","target":["https:\/\/sulsc.com\/index.php\/2023\/10\/30\/programacao-natalina-e-debatida-com-entidades-em-capivari-de-baixo\/"]}]},{"@type":"BreadcrumbList","@id":"https:\/\/sulsc.com\/index.php\/2023\/10\/30\/programacao-natalina-e-debatida-com-entidades-em-capivari-de-baixo\/#breadcrumb","itemListElement":[{"@type":"ListItem","position":1,"name":"In\u00edcio","item":"https:\/\/sulsc.com\/"},{"@type":"ListItem","position":2,"name":"Programa\u00e7\u00e3o natalina \u00e9 debatida com entidades, em Capivari de Baixo"}]},{"@type":"WebSite","@id":"https:\/\/sulsc.com\/#website","url":"https:\/\/sulsc.com\/","name":"","description":"","potentialAction":[{"@type":"SearchAction","target":{"@type":"EntryPoint","urlTemplate":"https:\/\/sulsc.com\/?s={search_term_string}"},"query-input":"required name=search_term_string"}],"inLanguage":"en-US"},{"@type":"Person","@id":"https:\/\/sulsc.com\/#\/schema\/person\/84d2fc571684f6248ba83092f07750a3","name":"Reda\u00e7\u00e3o Sul SC","image":{"@type":"ImageObject","inLanguage":"en-US","@id":"https:\/\/sulsc.com\/#\/schema\/person\/image\/e08d7fe2cc4ed596372063bbe852b8d0","url":"https:\/\/sulsc.com\/wp-content\/uploads\/2023\/09\/redacao.png","contentUrl":"https:\/\/sulsc.com\/wp-content\/uploads\/2023\/09\/redacao.png","caption":"Reda\u00e7\u00e3o Sul SC"},"description":"Foco em um jornalismo imparcial, voltado \u00e0 qualidade dos seus conte\u00fados e, assim, levar informa\u00e7\u00e3o de valor que agregue \u00e0 vida dos leitores. Esta \u00e9 grande miss\u00e3o do Portal de Not\u00edcias Sul SC. N\u00e3o \u00e9 quantidade que muda o mundo, sempre foi e seguir\u00e1 sendo qualidade!","sameAs":["https:\/\/sulsc.com\/","https:\/\/www.facebook.com\/profile.php?id=61559278119680","https:\/\/www.instagram.com\/sulscportal\/?hl=pt-br","https:\/\/twitter.com\/https:\/\/twitter.com\/PortalSulSC","https:\/\/www.youtube.com\/channel\/UCv_BE8GeySluDov2n8qhVmw"],"url":"https:\/\/sulsc.com\/index.php\/author\/redacao\/"}]}},"authors":[],"_links":{"self":[{"href":"https:\/\/sulsc.com\/index.php\/wp-json\/wp\/v2\/posts\/3078"}],"collection":[{"href":"https:\/\/sulsc.com\/index.php\/wp-json\/wp\/v2\/posts"}],"about":[{"href":"https:\/\/sulsc.com\/index.php\/wp-json\/wp\/v2\/types\/post"}],"author":[{"embeddable":true,"href":"https:\/\/sulsc.com\/index.php\/wp-json\/wp\/v2\/users\/3"}],"replies":[{"embeddable":true,"href":"https:\/\/sulsc.com\/index.php\/wp-json\/wp\/v2\/comments?post=3078"}],"version-history":[{"count":1,"href":"https:\/\/sulsc.com\/index.php\/wp-json\/wp\/v2\/posts\/3078\/revisions"}],"predecessor-version":[{"id":3080,"href":"https:\/\/sulsc.com\/index.php\/wp-json\/wp\/v2\/posts\/3078\/revisions\/3080"}],"wp:featuredmedia":[{"embeddable":true,"href":"https:\/\/sulsc.com\/index.php\/wp-json\/wp\/v2\/media\/3079"}],"wp:attachment":[{"href":"https:\/\/sulsc.com\/index.php\/wp-json\/wp\/v2\/media?parent=3078"}],"wp:term":[{"taxonomy":"category","embeddable":true,"href":"https:\/\/sulsc.com\/index.php\/wp-json\/wp\/v2\/categories?post=3078"},{"taxonomy":"post_tag","embeddable":true,"href":"https:\/\/sulsc.com\/index.php\/wp-json\/wp\/v2\/tags?post=3078"}],"curies":[{"name":"wp","href":"https:\/\/api.w.org\/{rel}","templated":true}]}}