{"id":30782,"date":"2025-12-11T15:00:16","date_gmt":"2025-12-11T18:00:16","guid":{"rendered":"https:\/\/sulsc.com\/?p=30782"},"modified":"2025-12-11T15:26:34","modified_gmt":"2025-12-11T18:26:34","slug":"principio-de-incendio-e-registrado-em-industria-de-sao-ludgero","status":"publish","type":"post","link":"https:\/\/sulsc.com\/index.php\/2025\/12\/11\/principio-de-incendio-e-registrado-em-industria-de-sao-ludgero\/","title":{"rendered":"Princ\u00edpio de inc\u00eandio \u00e9 registrado em ind\u00fastria de S\u00e3o Ludgero"},"content":{"rendered":"<p>Um inc\u00eandio em um estabelecimento industrial foi registrado na manh\u00e3 desta quinta-feira (11), em S\u00e3o Ludgero. O Corpo de Bombeiros Militar do munic\u00edpio foi acionado por volta das 9h40 para atender a ocorr\u00eancia<\/p>\n<p>Os socorristas confirmaram um princ\u00edpio de inc\u00eandio na torre de refrigera\u00e7\u00e3o da empresa Incoplast Ind\u00fastria e Com\u00e9rcio de Embalagens. Vale ressaltar que o fogo j\u00e1 havia sido controlado pela brigada de inc\u00eandio da institui\u00e7\u00e3o.<\/p>\n<div id=\"metaslider-id-25573\" style=\"width: 100%;\" class=\"ml-slider-3-99-0 metaslider metaslider-flex metaslider-25573 ml-slider has-onhover-arrows ms-theme-default-base has-dots-nav\" role=\"region\" aria-label=\"Meio\" data-width=\"1200\">\n    <div id=\"metaslider_container_25573\">\n        <div id=\"metaslider_25573\">\n            <ul class='slides'>\n                <li style=\"display: block; width: 100%;\" class=\"slide-25684 ms-image \" aria-roledescription=\"slide\" data-date=\"2025-07-24 07:55:40\"><img src=\"https:\/\/sulsc.com\/wp-content\/uploads\/2025\/07\/Marr-2-1000x166.jpg\" height=\"200\" width=\"1200\" alt=\"\" class=\"slider-25573 slide-25684 msDefaultImage\" title=\"Marr 2\" \/><\/li>\n                <li style=\"display: none; width: 100%;\" class=\"slide-32412 ms-image \" aria-roledescription=\"slide\" data-date=\"2026-02-18 13:59:46\"><img src=\"https:\/\/sulsc.com\/wp-content\/uploads\/2026\/02\/40dc1580-cad5-4867-bc58-c4243821ad38-1000x166.jpeg\" height=\"200\" width=\"1200\" alt=\"\" class=\"slider-25573 slide-32412 msDefaultImage\" title=\"40dc1580-cad5-4867-bc58-c4243821ad38\" \/><\/li>\n                <li style=\"display: none; width: 100%;\" class=\"slide-32766 ms-image \" aria-roledescription=\"slide\" data-date=\"2026-03-03 17:22:59\"><img src=\"https:\/\/sulsc.com\/wp-content\/uploads\/2026\/03\/271ce739-f268-41c5-8051-3de1a1750359-1000x166.jpeg\" height=\"200\" width=\"1200\" alt=\"\" class=\"slider-25573 slide-32766 msDefaultImage\" title=\"271ce739-f268-41c5-8051-3de1a1750359\" \/><\/li>\n            <\/ul>\n        <\/div>\n        \n    <\/div>\n<\/div>\n<p>A guarni\u00e7\u00e3o realizou o rescaldo no local e entregou a ocorr\u00eancia ao engenheiro de seguran\u00e7a do trabalho da empresa, respons\u00e1vel pela seguran\u00e7a do setor.<\/p>\n<p><img fetchpriority=\"high\" decoding=\"async\" class=\"alignnone size-full wp-image-30785\" src=\"http:\/\/sulsc.com\/wp-content\/uploads\/2025\/12\/WhatsApp-Image-2025-12-11-at-14.16.04.jpeg\" alt=\"\" width=\"1280\" height=\"960\" srcset=\"https:\/\/sulsc.com\/wp-content\/uploads\/2025\/12\/WhatsApp-Image-2025-12-11-at-14.16.04.jpeg 1280w, https:\/\/sulsc.com\/wp-content\/uploads\/2025\/12\/WhatsApp-Image-2025-12-11-at-14.16.04-300x225.jpeg 300w, https:\/\/sulsc.com\/wp-content\/uploads\/2025\/12\/WhatsApp-Image-2025-12-11-at-14.16.04-1024x768.jpeg 1024w, https:\/\/sulsc.com\/wp-content\/uploads\/2025\/12\/WhatsApp-Image-2025-12-11-at-14.16.04-768x576.jpeg 768w\" sizes=\"(max-width: 1280px) 100vw, 1280px\" \/><\/p>\n","protected":false},"excerpt":{"rendered":"<p>Um inc\u00eandio em um estabelecimento industrial foi registrado na manh\u00e3 desta quinta-feira (11), em S\u00e3o Ludgero. O Corpo de Bombeiros Militar do munic\u00edpio foi acionado por volta das 9h40 para atender a ocorr\u00eancia Os socorristas confirmaram um princ\u00edpio de inc\u00eandio na torre de refrigera\u00e7\u00e3o da empresa Incoplast Ind\u00fastria e Com\u00e9rcio de Embalagens. Vale ressaltar que &hellip;<\/p>\n<p class=\"read-more\"> <a class=\"\" href=\"https:\/\/sulsc.com\/index.php\/2025\/12\/11\/principio-de-incendio-e-registrado-em-industria-de-sao-ludgero\/\"> <span class=\"screen-reader-text\">Princ\u00edpio de inc\u00eandio \u00e9 registrado em ind\u00fastria de S\u00e3o Ludgero<\/span> Read More &raquo;<\/a><\/p>\n","protected":false},"author":3,"featured_media":30784,"comment_status":"open","ping_status":"open","sticky":false,"template":"","format":"standard","meta":{"site-sidebar-layout":"default","site-content-layout":"","ast-site-content-layout":"default","site-content-style":"default","site-sidebar-style":"default","ast-global-header-display":"","ast-banner-title-visibility":"","ast-main-header-display":"","ast-hfb-above-header-display":"","ast-hfb-below-header-display":"","ast-hfb-mobile-header-display":"","site-post-title":"","ast-breadcrumbs-content":"","ast-featured-img":"","footer-sml-layout":"","theme-transparent-header-meta":"default","adv-header-id-meta":"","stick-header-meta":"","header-above-stick-meta":"","header-main-stick-meta":"","header-below-stick-meta":"","astra-migrate-meta-layouts":"set","footnotes":""},"categories":[2653,8,12],"tags":[],"yoast_head":"<!-- This site is optimized with the Yoast SEO plugin v21.4 - https:\/\/yoast.com\/wordpress\/plugins\/seo\/ -->\n<title>Princ\u00edpio de inc\u00eandio \u00e9 registrado em ind\u00fastria de S\u00e3o Ludgero -<\/title>\n<meta name=\"robots\" content=\"index, follow, max-snippet:-1, max-image-preview:large, max-video-preview:-1\" \/>\n<link rel=\"canonical\" href=\"https:\/\/sulsc.com\/index.php\/2025\/12\/11\/principio-de-incendio-e-registrado-em-industria-de-sao-ludgero\/\" \/>\n<meta property=\"og:locale\" content=\"en_US\" \/>\n<meta property=\"og:type\" content=\"article\" \/>\n<meta property=\"og:title\" content=\"Princ\u00edpio de inc\u00eandio \u00e9 registrado em ind\u00fastria de S\u00e3o Ludgero -\" \/>\n<meta property=\"og:description\" content=\"Um inc\u00eandio em um estabelecimento industrial foi registrado na manh\u00e3 desta quinta-feira (11), em S\u00e3o Ludgero. O Corpo de Bombeiros Militar do munic\u00edpio foi acionado por volta das 9h40 para atender a ocorr\u00eancia Os socorristas confirmaram um princ\u00edpio de inc\u00eandio na torre de refrigera\u00e7\u00e3o da empresa Incoplast Ind\u00fastria e Com\u00e9rcio de Embalagens. Vale ressaltar que &hellip; Princ\u00edpio de inc\u00eandio \u00e9 registrado em ind\u00fastria de S\u00e3o Ludgero Read More &raquo;\" \/>\n<meta property=\"og:url\" content=\"https:\/\/sulsc.com\/index.php\/2025\/12\/11\/principio-de-incendio-e-registrado-em-industria-de-sao-ludgero\/\" \/>\n<meta property=\"article:author\" content=\"https:\/\/www.facebook.com\/profile.php?id=61559278119680\" \/>\n<meta property=\"article:published_time\" content=\"2025-12-11T18:00:16+00:00\" \/>\n<meta property=\"article:modified_time\" content=\"2025-12-11T18:26:34+00:00\" \/>\n<meta property=\"og:image\" content=\"http:\/\/sulsc.com\/wp-content\/uploads\/2025\/12\/WhatsApp-Image-2025-12-11-at-14.16.05.jpeg\" \/>\n\t<meta property=\"og:image:width\" content=\"1200\" \/>\n\t<meta property=\"og:image:height\" content=\"1600\" \/>\n\t<meta property=\"og:image:type\" content=\"image\/jpeg\" \/>\n<meta name=\"author\" content=\"Reda\u00e7\u00e3o Sul SC\" \/>\n<meta name=\"twitter:card\" content=\"summary_large_image\" \/>\n<meta name=\"twitter:creator\" content=\"@https:\/\/twitter.com\/PortalSulSC\" \/>\n<meta name=\"twitter:label1\" content=\"Written by\" \/>\n\t<meta name=\"twitter:data1\" content=\"Reda\u00e7\u00e3o Sul SC\" \/>\n\t<meta name=\"twitter:label2\" content=\"Est. reading time\" \/>\n\t<meta name=\"twitter:data2\" content=\"1 minute\" \/>\n<script type=\"application\/ld+json\" class=\"yoast-schema-graph\">{\"@context\":\"https:\/\/schema.org\",\"@graph\":[{\"@type\":\"WebPage\",\"@id\":\"https:\/\/sulsc.com\/index.php\/2025\/12\/11\/principio-de-incendio-e-registrado-em-industria-de-sao-ludgero\/\",\"url\":\"https:\/\/sulsc.com\/index.php\/2025\/12\/11\/principio-de-incendio-e-registrado-em-industria-de-sao-ludgero\/\",\"name\":\"Princ\u00edpio de inc\u00eandio \u00e9 registrado em ind\u00fastria de S\u00e3o Ludgero -\",\"isPartOf\":{\"@id\":\"https:\/\/sulsc.com\/#website\"},\"datePublished\":\"2025-12-11T18:00:16+00:00\",\"dateModified\":\"2025-12-11T18:26:34+00:00\",\"author\":{\"@id\":\"https:\/\/sulsc.com\/#\/schema\/person\/84d2fc571684f6248ba83092f07750a3\"},\"breadcrumb\":{\"@id\":\"https:\/\/sulsc.com\/index.php\/2025\/12\/11\/principio-de-incendio-e-registrado-em-industria-de-sao-ludgero\/#breadcrumb\"},\"inLanguage\":\"en-US\",\"potentialAction\":[{\"@type\":\"ReadAction\",\"target\":[\"https:\/\/sulsc.com\/index.php\/2025\/12\/11\/principio-de-incendio-e-registrado-em-industria-de-sao-ludgero\/\"]}]},{\"@type\":\"BreadcrumbList\",\"@id\":\"https:\/\/sulsc.com\/index.php\/2025\/12\/11\/principio-de-incendio-e-registrado-em-industria-de-sao-ludgero\/#breadcrumb\",\"itemListElement\":[{\"@type\":\"ListItem\",\"position\":1,\"name\":\"In\u00edcio\",\"item\":\"https:\/\/sulsc.com\/\"},{\"@type\":\"ListItem\",\"position\":2,\"name\":\"Princ\u00edpio de inc\u00eandio \u00e9 registrado em ind\u00fastria de S\u00e3o Ludgero\"}]},{\"@type\":\"WebSite\",\"@id\":\"https:\/\/sulsc.com\/#website\",\"url\":\"https:\/\/sulsc.com\/\",\"name\":\"\",\"description\":\"\",\"potentialAction\":[{\"@type\":\"SearchAction\",\"target\":{\"@type\":\"EntryPoint\",\"urlTemplate\":\"https:\/\/sulsc.com\/?s={search_term_string}\"},\"query-input\":\"required name=search_term_string\"}],\"inLanguage\":\"en-US\"},{\"@type\":\"Person\",\"@id\":\"https:\/\/sulsc.com\/#\/schema\/person\/84d2fc571684f6248ba83092f07750a3\",\"name\":\"Reda\u00e7\u00e3o Sul SC\",\"image\":{\"@type\":\"ImageObject\",\"inLanguage\":\"en-US\",\"@id\":\"https:\/\/sulsc.com\/#\/schema\/person\/image\/e08d7fe2cc4ed596372063bbe852b8d0\",\"url\":\"https:\/\/sulsc.com\/wp-content\/uploads\/2023\/09\/redacao.png\",\"contentUrl\":\"https:\/\/sulsc.com\/wp-content\/uploads\/2023\/09\/redacao.png\",\"caption\":\"Reda\u00e7\u00e3o Sul SC\"},\"description\":\"Foco em um jornalismo imparcial, voltado \u00e0 qualidade dos seus conte\u00fados e, assim, levar informa\u00e7\u00e3o de valor que agregue \u00e0 vida dos leitores. Esta \u00e9 grande miss\u00e3o do Portal de Not\u00edcias Sul SC. N\u00e3o \u00e9 quantidade que muda o mundo, sempre foi e seguir\u00e1 sendo qualidade!\",\"sameAs\":[\"https:\/\/sulsc.com\/\",\"https:\/\/www.facebook.com\/profile.php?id=61559278119680\",\"https:\/\/www.instagram.com\/sulscportal\/?hl=pt-br\",\"https:\/\/twitter.com\/https:\/\/twitter.com\/PortalSulSC\",\"https:\/\/www.youtube.com\/channel\/UCv_BE8GeySluDov2n8qhVmw\"],\"url\":\"https:\/\/sulsc.com\/index.php\/author\/redacao\/\"}]}<\/script>\n<!-- \/ Yoast SEO plugin. -->","yoast_head_json":{"title":"Princ\u00edpio de inc\u00eandio \u00e9 registrado em ind\u00fastria de S\u00e3o Ludgero -","robots":{"index":"index","follow":"follow","max-snippet":"max-snippet:-1","max-image-preview":"max-image-preview:large","max-video-preview":"max-video-preview:-1"},"canonical":"https:\/\/sulsc.com\/index.php\/2025\/12\/11\/principio-de-incendio-e-registrado-em-industria-de-sao-ludgero\/","og_locale":"en_US","og_type":"article","og_title":"Princ\u00edpio de inc\u00eandio \u00e9 registrado em ind\u00fastria de S\u00e3o Ludgero -","og_description":"Um inc\u00eandio em um estabelecimento industrial foi registrado na manh\u00e3 desta quinta-feira (11), em S\u00e3o Ludgero. O Corpo de Bombeiros Militar do munic\u00edpio foi acionado por volta das 9h40 para atender a ocorr\u00eancia Os socorristas confirmaram um princ\u00edpio de inc\u00eandio na torre de refrigera\u00e7\u00e3o da empresa Incoplast Ind\u00fastria e Com\u00e9rcio de Embalagens. Vale ressaltar que &hellip; Princ\u00edpio de inc\u00eandio \u00e9 registrado em ind\u00fastria de S\u00e3o Ludgero Read More &raquo;","og_url":"https:\/\/sulsc.com\/index.php\/2025\/12\/11\/principio-de-incendio-e-registrado-em-industria-de-sao-ludgero\/","article_author":"https:\/\/www.facebook.com\/profile.php?id=61559278119680","article_published_time":"2025-12-11T18:00:16+00:00","article_modified_time":"2025-12-11T18:26:34+00:00","og_image":[{"width":1200,"height":1600,"url":"http:\/\/sulsc.com\/wp-content\/uploads\/2025\/12\/WhatsApp-Image-2025-12-11-at-14.16.05.jpeg","type":"image\/jpeg"}],"author":"Reda\u00e7\u00e3o Sul SC","twitter_card":"summary_large_image","twitter_creator":"@https:\/\/twitter.com\/PortalSulSC","twitter_misc":{"Written by":"Reda\u00e7\u00e3o Sul SC","Est. reading time":"1 minute"},"schema":{"@context":"https:\/\/schema.org","@graph":[{"@type":"WebPage","@id":"https:\/\/sulsc.com\/index.php\/2025\/12\/11\/principio-de-incendio-e-registrado-em-industria-de-sao-ludgero\/","url":"https:\/\/sulsc.com\/index.php\/2025\/12\/11\/principio-de-incendio-e-registrado-em-industria-de-sao-ludgero\/","name":"Princ\u00edpio de inc\u00eandio \u00e9 registrado em ind\u00fastria de S\u00e3o Ludgero -","isPartOf":{"@id":"https:\/\/sulsc.com\/#website"},"datePublished":"2025-12-11T18:00:16+00:00","dateModified":"2025-12-11T18:26:34+00:00","author":{"@id":"https:\/\/sulsc.com\/#\/schema\/person\/84d2fc571684f6248ba83092f07750a3"},"breadcrumb":{"@id":"https:\/\/sulsc.com\/index.php\/2025\/12\/11\/principio-de-incendio-e-registrado-em-industria-de-sao-ludgero\/#breadcrumb"},"inLanguage":"en-US","potentialAction":[{"@type":"ReadAction","target":["https:\/\/sulsc.com\/index.php\/2025\/12\/11\/principio-de-incendio-e-registrado-em-industria-de-sao-ludgero\/"]}]},{"@type":"BreadcrumbList","@id":"https:\/\/sulsc.com\/index.php\/2025\/12\/11\/principio-de-incendio-e-registrado-em-industria-de-sao-ludgero\/#breadcrumb","itemListElement":[{"@type":"ListItem","position":1,"name":"In\u00edcio","item":"https:\/\/sulsc.com\/"},{"@type":"ListItem","position":2,"name":"Princ\u00edpio de inc\u00eandio \u00e9 registrado em ind\u00fastria de S\u00e3o Ludgero"}]},{"@type":"WebSite","@id":"https:\/\/sulsc.com\/#website","url":"https:\/\/sulsc.com\/","name":"","description":"","potentialAction":[{"@type":"SearchAction","target":{"@type":"EntryPoint","urlTemplate":"https:\/\/sulsc.com\/?s={search_term_string}"},"query-input":"required name=search_term_string"}],"inLanguage":"en-US"},{"@type":"Person","@id":"https:\/\/sulsc.com\/#\/schema\/person\/84d2fc571684f6248ba83092f07750a3","name":"Reda\u00e7\u00e3o Sul SC","image":{"@type":"ImageObject","inLanguage":"en-US","@id":"https:\/\/sulsc.com\/#\/schema\/person\/image\/e08d7fe2cc4ed596372063bbe852b8d0","url":"https:\/\/sulsc.com\/wp-content\/uploads\/2023\/09\/redacao.png","contentUrl":"https:\/\/sulsc.com\/wp-content\/uploads\/2023\/09\/redacao.png","caption":"Reda\u00e7\u00e3o Sul SC"},"description":"Foco em um jornalismo imparcial, voltado \u00e0 qualidade dos seus conte\u00fados e, assim, levar informa\u00e7\u00e3o de valor que agregue \u00e0 vida dos leitores. Esta \u00e9 grande miss\u00e3o do Portal de Not\u00edcias Sul SC. N\u00e3o \u00e9 quantidade que muda o mundo, sempre foi e seguir\u00e1 sendo qualidade!","sameAs":["https:\/\/sulsc.com\/","https:\/\/www.facebook.com\/profile.php?id=61559278119680","https:\/\/www.instagram.com\/sulscportal\/?hl=pt-br","https:\/\/twitter.com\/https:\/\/twitter.com\/PortalSulSC","https:\/\/www.youtube.com\/channel\/UCv_BE8GeySluDov2n8qhVmw"],"url":"https:\/\/sulsc.com\/index.php\/author\/redacao\/"}]}},"authors":[],"_links":{"self":[{"href":"https:\/\/sulsc.com\/index.php\/wp-json\/wp\/v2\/posts\/30782"}],"collection":[{"href":"https:\/\/sulsc.com\/index.php\/wp-json\/wp\/v2\/posts"}],"about":[{"href":"https:\/\/sulsc.com\/index.php\/wp-json\/wp\/v2\/types\/post"}],"author":[{"embeddable":true,"href":"https:\/\/sulsc.com\/index.php\/wp-json\/wp\/v2\/users\/3"}],"replies":[{"embeddable":true,"href":"https:\/\/sulsc.com\/index.php\/wp-json\/wp\/v2\/comments?post=30782"}],"version-history":[{"count":1,"href":"https:\/\/sulsc.com\/index.php\/wp-json\/wp\/v2\/posts\/30782\/revisions"}],"predecessor-version":[{"id":30786,"href":"https:\/\/sulsc.com\/index.php\/wp-json\/wp\/v2\/posts\/30782\/revisions\/30786"}],"wp:featuredmedia":[{"embeddable":true,"href":"https:\/\/sulsc.com\/index.php\/wp-json\/wp\/v2\/media\/30784"}],"wp:attachment":[{"href":"https:\/\/sulsc.com\/index.php\/wp-json\/wp\/v2\/media?parent=30782"}],"wp:term":[{"taxonomy":"category","embeddable":true,"href":"https:\/\/sulsc.com\/index.php\/wp-json\/wp\/v2\/categories?post=30782"},{"taxonomy":"post_tag","embeddable":true,"href":"https:\/\/sulsc.com\/index.php\/wp-json\/wp\/v2\/tags?post=30782"}],"curies":[{"name":"wp","href":"https:\/\/api.w.org\/{rel}","templated":true}]}}