{"id":3081,"date":"2023-10-30T12:00:14","date_gmt":"2023-10-30T15:00:14","guid":{"rendered":"https:\/\/sulsc.com\/?p=3081"},"modified":"2023-10-30T11:29:51","modified_gmt":"2023-10-30T14:29:51","slug":"governo-do-estado-renova-convenio-de-repasse-de-recursos-ao-hospital-de-laguna","status":"publish","type":"post","link":"https:\/\/sulsc.com\/index.php\/2023\/10\/30\/governo-do-estado-renova-convenio-de-repasse-de-recursos-ao-hospital-de-laguna\/","title":{"rendered":"Governo do Estado renova conv\u00eanio de repasse de recursos ao hospital de Laguna"},"content":{"rendered":"<p>O Governo do Estado firmou nesta quinta-feira (26), a renova\u00e7\u00e3o do conv\u00eanio para repasse de recursos ao Hospital de Caridade Senhor Bom Jesus dos Passos, por meio da Pol\u00edtica Hospitalar Catarinense (PHC).\u00a0Ser\u00e3o destinados o valor total de R$ 4.620.000,00, divido em cinco parcelas. Deste, R$3.080.000,00 ainda este ano e R$1.540.000,00 em 2024.<\/p>\n<p>Essa renova\u00e7\u00e3o no conv\u00eanio ocorreu devido \u00e0 reavalia\u00e7\u00e3o na classifica\u00e7\u00e3o do hospital na matriz avaliativa, dentro da PHC, que passou de porte III para porte IV.\u00a0&#8220;Essa medida por parte do governo estadual reflete o reconhecimento da import\u00e2ncia do hospital e o seu papel crucial no atendimento \u00e0 popula\u00e7\u00e3o de Laguna e toda regi\u00e3o. Foram in\u00fameras reuni\u00f5es e pedidos, agrade\u00e7o ao secret\u00e1rio da Casa Civil, Est\u00eaner Soratto, por todo apoio para essa renova\u00e7\u00e3o&#8221;, comemora o prefeito Samir Ahmad.<\/p>\n<p>Os recursos ajudar\u00e3o a manter as cirurgias de urg\u00eancia\/emerg\u00eancia e cirurgias eletivas, al\u00e9m de possibilitar a compra de equipamentos e materiais permanentes, pagar parte da folha de funcion\u00e1rios e fortalecer a capacidade hospital em fornecer servi\u00e7os de qualidade, incluindo a UTI.<\/p>\n<p><img fetchpriority=\"high\" decoding=\"async\" class=\"alignnone size-full wp-image-3082\" src=\"http:\/\/sulsc.com\/wp-content\/uploads\/2023\/10\/Governo-do-Estado-renova-convenio-de-repasse-de-recursos-ao-hospital-de-Laguna.jpeg\" alt=\"\" width=\"800\" height=\"445\" srcset=\"https:\/\/sulsc.com\/wp-content\/uploads\/2023\/10\/Governo-do-Estado-renova-convenio-de-repasse-de-recursos-ao-hospital-de-Laguna.jpeg 800w, https:\/\/sulsc.com\/wp-content\/uploads\/2023\/10\/Governo-do-Estado-renova-convenio-de-repasse-de-recursos-ao-hospital-de-Laguna-300x167.jpeg 300w, https:\/\/sulsc.com\/wp-content\/uploads\/2023\/10\/Governo-do-Estado-renova-convenio-de-repasse-de-recursos-ao-hospital-de-Laguna-768x427.jpeg 768w\" sizes=\"(max-width: 800px) 100vw, 800px\" \/><\/p>\n<p>&nbsp;<\/p>\n<p>Fonte: Pref. Laguna<\/p>\n","protected":false},"excerpt":{"rendered":"<p>O Governo do Estado firmou nesta quinta-feira (26), a renova\u00e7\u00e3o do conv\u00eanio para repasse de recursos ao Hospital de Caridade Senhor Bom Jesus dos Passos, por meio da Pol\u00edtica Hospitalar Catarinense (PHC).\u00a0Ser\u00e3o destinados o valor total de R$ 4.620.000,00, divido em cinco parcelas. Deste, R$3.080.000,00 ainda este ano e R$1.540.000,00 em 2024. Essa renova\u00e7\u00e3o no &hellip;<\/p>\n<p class=\"read-more\"> <a class=\"\" href=\"https:\/\/sulsc.com\/index.php\/2023\/10\/30\/governo-do-estado-renova-convenio-de-repasse-de-recursos-ao-hospital-de-laguna\/\"> <span class=\"screen-reader-text\">Governo do Estado renova conv\u00eanio de repasse de recursos ao hospital de Laguna<\/span> Read More &raquo;<\/a><\/p>\n","protected":false},"author":3,"featured_media":3082,"comment_status":"open","ping_status":"open","sticky":false,"template":"","format":"standard","meta":{"site-sidebar-layout":"default","site-content-layout":"","ast-site-content-layout":"default","site-content-style":"default","site-sidebar-style":"default","ast-global-header-display":"","ast-banner-title-visibility":"","ast-main-header-display":"","ast-hfb-above-header-display":"","ast-hfb-below-header-display":"","ast-hfb-mobile-header-display":"","site-post-title":"","ast-breadcrumbs-content":"","ast-featured-img":"","footer-sml-layout":"","theme-transparent-header-meta":"default","adv-header-id-meta":"","stick-header-meta":"","header-above-stick-meta":"","header-main-stick-meta":"","header-below-stick-meta":"","astra-migrate-meta-layouts":"set","footnotes":""},"categories":[1,22],"tags":[],"yoast_head":"<!-- This site is optimized with the Yoast SEO plugin v21.4 - https:\/\/yoast.com\/wordpress\/plugins\/seo\/ -->\n<title>Governo do Estado renova conv\u00eanio de repasse de recursos ao hospital de Laguna -<\/title>\n<meta name=\"robots\" content=\"index, follow, max-snippet:-1, max-image-preview:large, max-video-preview:-1\" \/>\n<link rel=\"canonical\" href=\"https:\/\/sulsc.com\/index.php\/2023\/10\/30\/governo-do-estado-renova-convenio-de-repasse-de-recursos-ao-hospital-de-laguna\/\" \/>\n<meta property=\"og:locale\" content=\"en_US\" \/>\n<meta property=\"og:type\" content=\"article\" \/>\n<meta property=\"og:title\" content=\"Governo do Estado renova conv\u00eanio de repasse de recursos ao hospital de Laguna -\" \/>\n<meta property=\"og:description\" content=\"O Governo do Estado firmou nesta quinta-feira (26), a renova\u00e7\u00e3o do conv\u00eanio para repasse de recursos ao Hospital de Caridade Senhor Bom Jesus dos Passos, por meio da Pol\u00edtica Hospitalar Catarinense (PHC).\u00a0Ser\u00e3o destinados o valor total de R$ 4.620.000,00, divido em cinco parcelas. Deste, R$3.080.000,00 ainda este ano e R$1.540.000,00 em 2024. Essa renova\u00e7\u00e3o no &hellip; Governo do Estado renova conv\u00eanio de repasse de recursos ao hospital de Laguna Read More &raquo;\" \/>\n<meta property=\"og:url\" content=\"https:\/\/sulsc.com\/index.php\/2023\/10\/30\/governo-do-estado-renova-convenio-de-repasse-de-recursos-ao-hospital-de-laguna\/\" \/>\n<meta property=\"article:author\" content=\"https:\/\/www.facebook.com\/profile.php?id=61559278119680\" \/>\n<meta property=\"article:published_time\" content=\"2023-10-30T15:00:14+00:00\" \/>\n<meta property=\"article:modified_time\" content=\"2023-10-30T14:29:51+00:00\" \/>\n<meta property=\"og:image\" content=\"https:\/\/sulsc.com\/wp-content\/uploads\/2023\/10\/Governo-do-Estado-renova-convenio-de-repasse-de-recursos-ao-hospital-de-Laguna.jpeg\" \/>\n\t<meta property=\"og:image:width\" content=\"800\" \/>\n\t<meta property=\"og:image:height\" content=\"445\" \/>\n\t<meta property=\"og:image:type\" content=\"image\/jpeg\" \/>\n<meta name=\"author\" content=\"Reda\u00e7\u00e3o Sul SC\" \/>\n<meta name=\"twitter:card\" content=\"summary_large_image\" \/>\n<meta name=\"twitter:creator\" content=\"@https:\/\/twitter.com\/PortalSulSC\" \/>\n<meta name=\"twitter:label1\" content=\"Written by\" \/>\n\t<meta name=\"twitter:data1\" content=\"Reda\u00e7\u00e3o Sul SC\" \/>\n\t<meta name=\"twitter:label2\" content=\"Est. reading time\" \/>\n\t<meta name=\"twitter:data2\" content=\"2 minutes\" \/>\n<script type=\"application\/ld+json\" class=\"yoast-schema-graph\">{\"@context\":\"https:\/\/schema.org\",\"@graph\":[{\"@type\":\"WebPage\",\"@id\":\"https:\/\/sulsc.com\/index.php\/2023\/10\/30\/governo-do-estado-renova-convenio-de-repasse-de-recursos-ao-hospital-de-laguna\/\",\"url\":\"https:\/\/sulsc.com\/index.php\/2023\/10\/30\/governo-do-estado-renova-convenio-de-repasse-de-recursos-ao-hospital-de-laguna\/\",\"name\":\"Governo do Estado renova conv\u00eanio de repasse de recursos ao hospital de Laguna -\",\"isPartOf\":{\"@id\":\"https:\/\/sulsc.com\/#website\"},\"datePublished\":\"2023-10-30T15:00:14+00:00\",\"dateModified\":\"2023-10-30T14:29:51+00:00\",\"author\":{\"@id\":\"https:\/\/sulsc.com\/#\/schema\/person\/84d2fc571684f6248ba83092f07750a3\"},\"breadcrumb\":{\"@id\":\"https:\/\/sulsc.com\/index.php\/2023\/10\/30\/governo-do-estado-renova-convenio-de-repasse-de-recursos-ao-hospital-de-laguna\/#breadcrumb\"},\"inLanguage\":\"en-US\",\"potentialAction\":[{\"@type\":\"ReadAction\",\"target\":[\"https:\/\/sulsc.com\/index.php\/2023\/10\/30\/governo-do-estado-renova-convenio-de-repasse-de-recursos-ao-hospital-de-laguna\/\"]}]},{\"@type\":\"BreadcrumbList\",\"@id\":\"https:\/\/sulsc.com\/index.php\/2023\/10\/30\/governo-do-estado-renova-convenio-de-repasse-de-recursos-ao-hospital-de-laguna\/#breadcrumb\",\"itemListElement\":[{\"@type\":\"ListItem\",\"position\":1,\"name\":\"In\u00edcio\",\"item\":\"https:\/\/sulsc.com\/\"},{\"@type\":\"ListItem\",\"position\":2,\"name\":\"Governo do Estado renova conv\u00eanio de repasse de recursos ao hospital de Laguna\"}]},{\"@type\":\"WebSite\",\"@id\":\"https:\/\/sulsc.com\/#website\",\"url\":\"https:\/\/sulsc.com\/\",\"name\":\"\",\"description\":\"\",\"potentialAction\":[{\"@type\":\"SearchAction\",\"target\":{\"@type\":\"EntryPoint\",\"urlTemplate\":\"https:\/\/sulsc.com\/?s={search_term_string}\"},\"query-input\":\"required name=search_term_string\"}],\"inLanguage\":\"en-US\"},{\"@type\":\"Person\",\"@id\":\"https:\/\/sulsc.com\/#\/schema\/person\/84d2fc571684f6248ba83092f07750a3\",\"name\":\"Reda\u00e7\u00e3o Sul SC\",\"image\":{\"@type\":\"ImageObject\",\"inLanguage\":\"en-US\",\"@id\":\"https:\/\/sulsc.com\/#\/schema\/person\/image\/e08d7fe2cc4ed596372063bbe852b8d0\",\"url\":\"https:\/\/sulsc.com\/wp-content\/uploads\/2023\/09\/redacao.png\",\"contentUrl\":\"https:\/\/sulsc.com\/wp-content\/uploads\/2023\/09\/redacao.png\",\"caption\":\"Reda\u00e7\u00e3o Sul SC\"},\"description\":\"Foco em um jornalismo imparcial, voltado \u00e0 qualidade dos seus conte\u00fados e, assim, levar informa\u00e7\u00e3o de valor que agregue \u00e0 vida dos leitores. Esta \u00e9 grande miss\u00e3o do Portal de Not\u00edcias Sul SC. N\u00e3o \u00e9 quantidade que muda o mundo, sempre foi e seguir\u00e1 sendo qualidade!\",\"sameAs\":[\"https:\/\/sulsc.com\/\",\"https:\/\/www.facebook.com\/profile.php?id=61559278119680\",\"https:\/\/www.instagram.com\/sulscportal\/?hl=pt-br\",\"https:\/\/twitter.com\/https:\/\/twitter.com\/PortalSulSC\",\"https:\/\/www.youtube.com\/channel\/UCv_BE8GeySluDov2n8qhVmw\"],\"url\":\"https:\/\/sulsc.com\/index.php\/author\/redacao\/\"}]}<\/script>\n<!-- \/ Yoast SEO plugin. -->","yoast_head_json":{"title":"Governo do Estado renova conv\u00eanio de repasse de recursos ao hospital de Laguna -","robots":{"index":"index","follow":"follow","max-snippet":"max-snippet:-1","max-image-preview":"max-image-preview:large","max-video-preview":"max-video-preview:-1"},"canonical":"https:\/\/sulsc.com\/index.php\/2023\/10\/30\/governo-do-estado-renova-convenio-de-repasse-de-recursos-ao-hospital-de-laguna\/","og_locale":"en_US","og_type":"article","og_title":"Governo do Estado renova conv\u00eanio de repasse de recursos ao hospital de Laguna -","og_description":"O Governo do Estado firmou nesta quinta-feira (26), a renova\u00e7\u00e3o do conv\u00eanio para repasse de recursos ao Hospital de Caridade Senhor Bom Jesus dos Passos, por meio da Pol\u00edtica Hospitalar Catarinense (PHC).\u00a0Ser\u00e3o destinados o valor total de R$ 4.620.000,00, divido em cinco parcelas. Deste, R$3.080.000,00 ainda este ano e R$1.540.000,00 em 2024. Essa renova\u00e7\u00e3o no &hellip; Governo do Estado renova conv\u00eanio de repasse de recursos ao hospital de Laguna Read More &raquo;","og_url":"https:\/\/sulsc.com\/index.php\/2023\/10\/30\/governo-do-estado-renova-convenio-de-repasse-de-recursos-ao-hospital-de-laguna\/","article_author":"https:\/\/www.facebook.com\/profile.php?id=61559278119680","article_published_time":"2023-10-30T15:00:14+00:00","article_modified_time":"2023-10-30T14:29:51+00:00","og_image":[{"width":800,"height":445,"url":"https:\/\/sulsc.com\/wp-content\/uploads\/2023\/10\/Governo-do-Estado-renova-convenio-de-repasse-de-recursos-ao-hospital-de-Laguna.jpeg","type":"image\/jpeg"}],"author":"Reda\u00e7\u00e3o Sul SC","twitter_card":"summary_large_image","twitter_creator":"@https:\/\/twitter.com\/PortalSulSC","twitter_misc":{"Written by":"Reda\u00e7\u00e3o Sul SC","Est. reading time":"2 minutes"},"schema":{"@context":"https:\/\/schema.org","@graph":[{"@type":"WebPage","@id":"https:\/\/sulsc.com\/index.php\/2023\/10\/30\/governo-do-estado-renova-convenio-de-repasse-de-recursos-ao-hospital-de-laguna\/","url":"https:\/\/sulsc.com\/index.php\/2023\/10\/30\/governo-do-estado-renova-convenio-de-repasse-de-recursos-ao-hospital-de-laguna\/","name":"Governo do Estado renova conv\u00eanio de repasse de recursos ao hospital de Laguna -","isPartOf":{"@id":"https:\/\/sulsc.com\/#website"},"datePublished":"2023-10-30T15:00:14+00:00","dateModified":"2023-10-30T14:29:51+00:00","author":{"@id":"https:\/\/sulsc.com\/#\/schema\/person\/84d2fc571684f6248ba83092f07750a3"},"breadcrumb":{"@id":"https:\/\/sulsc.com\/index.php\/2023\/10\/30\/governo-do-estado-renova-convenio-de-repasse-de-recursos-ao-hospital-de-laguna\/#breadcrumb"},"inLanguage":"en-US","potentialAction":[{"@type":"ReadAction","target":["https:\/\/sulsc.com\/index.php\/2023\/10\/30\/governo-do-estado-renova-convenio-de-repasse-de-recursos-ao-hospital-de-laguna\/"]}]},{"@type":"BreadcrumbList","@id":"https:\/\/sulsc.com\/index.php\/2023\/10\/30\/governo-do-estado-renova-convenio-de-repasse-de-recursos-ao-hospital-de-laguna\/#breadcrumb","itemListElement":[{"@type":"ListItem","position":1,"name":"In\u00edcio","item":"https:\/\/sulsc.com\/"},{"@type":"ListItem","position":2,"name":"Governo do Estado renova conv\u00eanio de repasse de recursos ao hospital de Laguna"}]},{"@type":"WebSite","@id":"https:\/\/sulsc.com\/#website","url":"https:\/\/sulsc.com\/","name":"","description":"","potentialAction":[{"@type":"SearchAction","target":{"@type":"EntryPoint","urlTemplate":"https:\/\/sulsc.com\/?s={search_term_string}"},"query-input":"required name=search_term_string"}],"inLanguage":"en-US"},{"@type":"Person","@id":"https:\/\/sulsc.com\/#\/schema\/person\/84d2fc571684f6248ba83092f07750a3","name":"Reda\u00e7\u00e3o Sul SC","image":{"@type":"ImageObject","inLanguage":"en-US","@id":"https:\/\/sulsc.com\/#\/schema\/person\/image\/e08d7fe2cc4ed596372063bbe852b8d0","url":"https:\/\/sulsc.com\/wp-content\/uploads\/2023\/09\/redacao.png","contentUrl":"https:\/\/sulsc.com\/wp-content\/uploads\/2023\/09\/redacao.png","caption":"Reda\u00e7\u00e3o Sul SC"},"description":"Foco em um jornalismo imparcial, voltado \u00e0 qualidade dos seus conte\u00fados e, assim, levar informa\u00e7\u00e3o de valor que agregue \u00e0 vida dos leitores. Esta \u00e9 grande miss\u00e3o do Portal de Not\u00edcias Sul SC. N\u00e3o \u00e9 quantidade que muda o mundo, sempre foi e seguir\u00e1 sendo qualidade!","sameAs":["https:\/\/sulsc.com\/","https:\/\/www.facebook.com\/profile.php?id=61559278119680","https:\/\/www.instagram.com\/sulscportal\/?hl=pt-br","https:\/\/twitter.com\/https:\/\/twitter.com\/PortalSulSC","https:\/\/www.youtube.com\/channel\/UCv_BE8GeySluDov2n8qhVmw"],"url":"https:\/\/sulsc.com\/index.php\/author\/redacao\/"}]}},"authors":[],"_links":{"self":[{"href":"https:\/\/sulsc.com\/index.php\/wp-json\/wp\/v2\/posts\/3081"}],"collection":[{"href":"https:\/\/sulsc.com\/index.php\/wp-json\/wp\/v2\/posts"}],"about":[{"href":"https:\/\/sulsc.com\/index.php\/wp-json\/wp\/v2\/types\/post"}],"author":[{"embeddable":true,"href":"https:\/\/sulsc.com\/index.php\/wp-json\/wp\/v2\/users\/3"}],"replies":[{"embeddable":true,"href":"https:\/\/sulsc.com\/index.php\/wp-json\/wp\/v2\/comments?post=3081"}],"version-history":[{"count":1,"href":"https:\/\/sulsc.com\/index.php\/wp-json\/wp\/v2\/posts\/3081\/revisions"}],"predecessor-version":[{"id":3083,"href":"https:\/\/sulsc.com\/index.php\/wp-json\/wp\/v2\/posts\/3081\/revisions\/3083"}],"wp:featuredmedia":[{"embeddable":true,"href":"https:\/\/sulsc.com\/index.php\/wp-json\/wp\/v2\/media\/3082"}],"wp:attachment":[{"href":"https:\/\/sulsc.com\/index.php\/wp-json\/wp\/v2\/media?parent=3081"}],"wp:term":[{"taxonomy":"category","embeddable":true,"href":"https:\/\/sulsc.com\/index.php\/wp-json\/wp\/v2\/categories?post=3081"},{"taxonomy":"post_tag","embeddable":true,"href":"https:\/\/sulsc.com\/index.php\/wp-json\/wp\/v2\/tags?post=3081"}],"curies":[{"name":"wp","href":"https:\/\/api.w.org\/{rel}","templated":true}]}}