{"id":30819,"date":"2025-12-12T15:45:47","date_gmt":"2025-12-12T18:45:47","guid":{"rendered":"https:\/\/sulsc.com\/?p=30819"},"modified":"2025-12-12T15:45:47","modified_gmt":"2025-12-12T18:45:47","slug":"ciclone-se-afasta-de-santa-catarina","status":"publish","type":"post","link":"https:\/\/sulsc.com\/index.php\/2025\/12\/12\/ciclone-se-afasta-de-santa-catarina\/","title":{"rendered":"Ciclone se afasta de Santa Catarina"},"content":{"rendered":"<p>A atua\u00e7\u00e3o do ciclone, que se formou entre os estados de Santa Catarina e do Rio Grande do Sul, trouxe chuvas intensas e rajadas de vento em diversas regi\u00f5es do estado catarinense esta semana, principalmente entre a ter\u00e7a e a quarta-feira (9 e 10). O sistema pode ser visualizado na imagem do sat\u00e9lite abaixo (Figura 1), pelas \u00e1reas esbranqui\u00e7adas em formato semelhante a um espiral.<\/p>\n<div class=\"wp-block-image\">\n<figure class=\"aligncenter size-full is-resized\">\n<p><figure id=\"attachment_16307\" aria-describedby=\"caption-attachment-16307\" style=\"width: 847px\" class=\"wp-caption alignnone\"><img fetchpriority=\"high\" decoding=\"async\" class=\"wp-image-16307\" src=\"https:\/\/www.defesacivil.sc.gov.br\/wp-content\/uploads\/2025\/12\/Capturar-1.png\" sizes=\"(max-width: 847px) 100vw, 847px\" srcset=\"https:\/\/www.defesacivil.sc.gov.br\/wp-content\/uploads\/2025\/12\/Capturar-1.png 847w, https:\/\/www.defesacivil.sc.gov.br\/wp-content\/uploads\/2025\/12\/Capturar-1-300x239.png 300w, https:\/\/www.defesacivil.sc.gov.br\/wp-content\/uploads\/2025\/12\/Capturar-1-768x613.png 768w\" alt=\"\" width=\"847\" height=\"676\" \/><figcaption id=\"caption-attachment-16307\" class=\"wp-caption-text\">Figura 1:\u00a0Imagem do sat\u00e9lite GOES-19 (canal vis\u00edvel) no dia 10 de dezembro de 2025 \u00e0s 15h00, hor\u00e1rio local.\u00a0Fonte:\u00a0SDC\/SC<\/figcaption><\/figure><\/figure>\n<\/div>\n<p>No Grande Oeste catarinense a chuva iniciou na madrugada da ter\u00e7a-feira (9), mas as \u00e1reas mais impactadas foram as mais pr\u00f3ximas do litoral, onde a chuva ganhou for\u00e7a no in\u00edcio da manh\u00e3 deste mesmo dia. Os maiores volumes de chuva foram registrados na regi\u00e3o da Grande Florian\u00f3polis, onde alguns munic\u00edpios registraram valores acima de 100 mm em apenas 6 horas\u00a0(Figura 2).<\/p>\n<div class=\"wp-block-image\">\n<figure class=\"aligncenter size-full is-resized\">\n<p><figure id=\"attachment_16324\" aria-describedby=\"caption-attachment-16324\" style=\"width: 11698px\" class=\"wp-caption alignnone\"><img decoding=\"async\" class=\"wp-image-16324\" src=\"https:\/\/www.defesacivil.sc.gov.br\/wp-content\/uploads\/2025\/12\/Precipitacao_08-12_09-12_2.jpg\" alt=\"\" width=\"11698\" height=\"8271\" \/><figcaption id=\"caption-attachment-16324\" class=\"wp-caption-text\">Figura 2:\u00a0Distribui\u00e7\u00e3o espacial da chuva acumulada entre os dias 08 e 09 de dezembro de 2025, em Santa Catarina.\u00a0Dados:\u00a0\u00a0Epagri\/Ciram, DCSC, ANA e INMET.\u00a0Arte:\u00a0Defesa Civil de Santa Catarina<\/figcaption><\/figure><\/figure>\n<\/div>\n<p>O destaque ficou para o munic\u00edpio de Santo Amaro do Imperatriz e Palho\u00e7a, que registraram 146 mm e 130 mm em apenas 6h, respectivamente. Isso representa a chuva de todo o m\u00eas de dezembro em um curt\u00edssimo per\u00edodo de tempo.<\/p>\n<p><span style=\"font-size: 16px;\">Esse volume t\u00e3o elevado em um curto per\u00edodo de tempo provocou enxurradas generalizadas\u00a0no munic\u00edpio de Palho\u00e7a. Nas imagens da Figura 2, \u00e9 poss\u00edvel observar ruas completamente alagadas, com a \u00e1gua invadindo casas e gerando preju\u00edzos materiais, riscos \u00e0 sa\u00fade e o isolamento de diversas fam\u00edli<\/span><span style=\"font-size: 16px;\">as.<\/span><\/p>\n<p>Na quarta-feira (10), com o afastamento do ciclone em dire\u00e7\u00e3o ao alto mar, entre a costa do Rio Grande do Sul e Santa Catarina, as chuvas diminu\u00edram na maior parte do estado. Ainda assim, persistiram resqu\u00edcios de instabilidade e umidade, que provocaram pancadas de chuva passageiras entre o Planalto Sul, Litoral Sul, Grande Florian\u00f3polis e Vale do Itaja\u00ed. Entre o Litoral Sul e Grande Florian\u00f3polis, foram observados pontos de alagamento.<\/p>\n<p>Al\u00e9m disso, os ventos de quadrante oeste ganharam for\u00e7a em todas as regi\u00f5es na quarta, com velocidades entre 40 e 60 km\/h na maior parte do estado. A rajada mais intensa foi registrada em\u00a0Urupema, com velocidade de 108 km\/h. No Litoral Norte, o munic\u00edpio de\u00a0Jaragu\u00e1 do Sul registrou ventos de quase 80 km\/h.<strong>\u00a0<\/strong><\/p>\n<p>Com o afastamento do ciclone para alto mar, o tempo voltou a ficar firme e ensolarado em toda Santa Catarina. As temperaturas ultrapassaram os 30\u00b0C, e a sensa\u00e7\u00e3o foi de bastante calor no estado, especialmente nas regi\u00f5es litor\u00e2neas e no Vale do Itaja\u00ed.<\/p>\n<p>Apesar do tempo firme, o sistema ainda influenciou as condi\u00e7\u00f5es de mar ao longo do dia. A quinta-feira foi marcada por agita\u00e7\u00e3o mar\u00edtima e eleva\u00e7\u00e3o das mar\u00e9s,\u00a0o que provocou alagamentos em \u00e1reas costeiras, incluindo a regi\u00e3o do Rio Tavares, na capital\u00a0\u2014\u00a0uma condi\u00e7\u00e3o at\u00edpica para esta \u00e9poca do ano. A situa\u00e7\u00e3o s\u00f3 n\u00e3o se agravou devido \u00e0 fase da lua, que n\u00e3o favoreceu picos de mar\u00e9 ainda mais significativos.<\/p>\n","protected":false},"excerpt":{"rendered":"<p>A atua\u00e7\u00e3o do ciclone, que se formou entre os estados de Santa Catarina e do Rio Grande do Sul, trouxe chuvas intensas e rajadas de vento em diversas regi\u00f5es do estado catarinense esta semana, principalmente entre a ter\u00e7a e a quarta-feira (9 e 10). O sistema pode ser visualizado na imagem do sat\u00e9lite abaixo (Figura &hellip;<\/p>\n<p class=\"read-more\"> <a class=\"\" href=\"https:\/\/sulsc.com\/index.php\/2025\/12\/12\/ciclone-se-afasta-de-santa-catarina\/\"> <span class=\"screen-reader-text\">Ciclone se afasta de Santa Catarina<\/span> Read More &raquo;<\/a><\/p>\n","protected":false},"author":3,"featured_media":1471,"comment_status":"open","ping_status":"open","sticky":false,"template":"","format":"standard","meta":{"site-sidebar-layout":"default","site-content-layout":"","ast-site-content-layout":"default","site-content-style":"default","site-sidebar-style":"default","ast-global-header-display":"","ast-banner-title-visibility":"","ast-main-header-display":"","ast-hfb-above-header-display":"","ast-hfb-below-header-display":"","ast-hfb-mobile-header-display":"","site-post-title":"","ast-breadcrumbs-content":"","ast-featured-img":"","footer-sml-layout":"","theme-transparent-header-meta":"default","adv-header-id-meta":"","stick-header-meta":"","header-above-stick-meta":"","header-main-stick-meta":"","header-below-stick-meta":"","astra-migrate-meta-layouts":"set","footnotes":""},"categories":[14,38,12],"tags":[],"yoast_head":"<!-- This site is optimized with the Yoast SEO plugin v21.4 - https:\/\/yoast.com\/wordpress\/plugins\/seo\/ -->\n<title>Ciclone se afasta de Santa Catarina -<\/title>\n<meta name=\"robots\" content=\"index, follow, max-snippet:-1, max-image-preview:large, max-video-preview:-1\" \/>\n<link rel=\"canonical\" href=\"https:\/\/sulsc.com\/index.php\/2025\/12\/12\/ciclone-se-afasta-de-santa-catarina\/\" \/>\n<meta property=\"og:locale\" content=\"en_US\" \/>\n<meta property=\"og:type\" content=\"article\" \/>\n<meta property=\"og:title\" content=\"Ciclone se afasta de Santa Catarina -\" \/>\n<meta property=\"og:description\" content=\"A atua\u00e7\u00e3o do ciclone, que se formou entre os estados de Santa Catarina e do Rio Grande do Sul, trouxe chuvas intensas e rajadas de vento em diversas regi\u00f5es do estado catarinense esta semana, principalmente entre a ter\u00e7a e a quarta-feira (9 e 10). O sistema pode ser visualizado na imagem do sat\u00e9lite abaixo (Figura &hellip; Ciclone se afasta de Santa Catarina Read More &raquo;\" \/>\n<meta property=\"og:url\" content=\"https:\/\/sulsc.com\/index.php\/2025\/12\/12\/ciclone-se-afasta-de-santa-catarina\/\" \/>\n<meta property=\"article:author\" content=\"https:\/\/www.facebook.com\/profile.php?id=61559278119680\" \/>\n<meta property=\"article:published_time\" content=\"2025-12-12T18:45:47+00:00\" \/>\n<meta property=\"og:image\" content=\"http:\/\/sulsc.com\/wp-content\/uploads\/2023\/09\/temporal-scaled.jpg\" \/>\n\t<meta property=\"og:image:width\" content=\"2560\" \/>\n\t<meta property=\"og:image:height\" content=\"2106\" \/>\n\t<meta property=\"og:image:type\" content=\"image\/jpeg\" \/>\n<meta name=\"author\" content=\"Reda\u00e7\u00e3o Sul SC\" \/>\n<meta name=\"twitter:card\" content=\"summary_large_image\" \/>\n<meta name=\"twitter:creator\" content=\"@https:\/\/twitter.com\/PortalSulSC\" \/>\n<meta name=\"twitter:label1\" content=\"Written by\" \/>\n\t<meta name=\"twitter:data1\" content=\"Reda\u00e7\u00e3o Sul SC\" \/>\n\t<meta name=\"twitter:label2\" content=\"Est. reading time\" \/>\n\t<meta name=\"twitter:data2\" content=\"3 minutes\" \/>\n<script type=\"application\/ld+json\" class=\"yoast-schema-graph\">{\"@context\":\"https:\/\/schema.org\",\"@graph\":[{\"@type\":\"WebPage\",\"@id\":\"https:\/\/sulsc.com\/index.php\/2025\/12\/12\/ciclone-se-afasta-de-santa-catarina\/\",\"url\":\"https:\/\/sulsc.com\/index.php\/2025\/12\/12\/ciclone-se-afasta-de-santa-catarina\/\",\"name\":\"Ciclone se afasta de Santa Catarina -\",\"isPartOf\":{\"@id\":\"https:\/\/sulsc.com\/#website\"},\"datePublished\":\"2025-12-12T18:45:47+00:00\",\"dateModified\":\"2025-12-12T18:45:47+00:00\",\"author\":{\"@id\":\"https:\/\/sulsc.com\/#\/schema\/person\/84d2fc571684f6248ba83092f07750a3\"},\"breadcrumb\":{\"@id\":\"https:\/\/sulsc.com\/index.php\/2025\/12\/12\/ciclone-se-afasta-de-santa-catarina\/#breadcrumb\"},\"inLanguage\":\"en-US\",\"potentialAction\":[{\"@type\":\"ReadAction\",\"target\":[\"https:\/\/sulsc.com\/index.php\/2025\/12\/12\/ciclone-se-afasta-de-santa-catarina\/\"]}]},{\"@type\":\"BreadcrumbList\",\"@id\":\"https:\/\/sulsc.com\/index.php\/2025\/12\/12\/ciclone-se-afasta-de-santa-catarina\/#breadcrumb\",\"itemListElement\":[{\"@type\":\"ListItem\",\"position\":1,\"name\":\"In\u00edcio\",\"item\":\"https:\/\/sulsc.com\/\"},{\"@type\":\"ListItem\",\"position\":2,\"name\":\"Ciclone se afasta de Santa Catarina\"}]},{\"@type\":\"WebSite\",\"@id\":\"https:\/\/sulsc.com\/#website\",\"url\":\"https:\/\/sulsc.com\/\",\"name\":\"\",\"description\":\"\",\"potentialAction\":[{\"@type\":\"SearchAction\",\"target\":{\"@type\":\"EntryPoint\",\"urlTemplate\":\"https:\/\/sulsc.com\/?s={search_term_string}\"},\"query-input\":\"required name=search_term_string\"}],\"inLanguage\":\"en-US\"},{\"@type\":\"Person\",\"@id\":\"https:\/\/sulsc.com\/#\/schema\/person\/84d2fc571684f6248ba83092f07750a3\",\"name\":\"Reda\u00e7\u00e3o Sul SC\",\"image\":{\"@type\":\"ImageObject\",\"inLanguage\":\"en-US\",\"@id\":\"https:\/\/sulsc.com\/#\/schema\/person\/image\/e08d7fe2cc4ed596372063bbe852b8d0\",\"url\":\"https:\/\/sulsc.com\/wp-content\/uploads\/2023\/09\/redacao.png\",\"contentUrl\":\"https:\/\/sulsc.com\/wp-content\/uploads\/2023\/09\/redacao.png\",\"caption\":\"Reda\u00e7\u00e3o Sul SC\"},\"description\":\"Foco em um jornalismo imparcial, voltado \u00e0 qualidade dos seus conte\u00fados e, assim, levar informa\u00e7\u00e3o de valor que agregue \u00e0 vida dos leitores. Esta \u00e9 grande miss\u00e3o do Portal de Not\u00edcias Sul SC. N\u00e3o \u00e9 quantidade que muda o mundo, sempre foi e seguir\u00e1 sendo qualidade!\",\"sameAs\":[\"https:\/\/sulsc.com\/\",\"https:\/\/www.facebook.com\/profile.php?id=61559278119680\",\"https:\/\/www.instagram.com\/sulscportal\/?hl=pt-br\",\"https:\/\/twitter.com\/https:\/\/twitter.com\/PortalSulSC\",\"https:\/\/www.youtube.com\/channel\/UCv_BE8GeySluDov2n8qhVmw\"],\"url\":\"https:\/\/sulsc.com\/index.php\/author\/redacao\/\"}]}<\/script>\n<!-- \/ Yoast SEO plugin. -->","yoast_head_json":{"title":"Ciclone se afasta de Santa Catarina -","robots":{"index":"index","follow":"follow","max-snippet":"max-snippet:-1","max-image-preview":"max-image-preview:large","max-video-preview":"max-video-preview:-1"},"canonical":"https:\/\/sulsc.com\/index.php\/2025\/12\/12\/ciclone-se-afasta-de-santa-catarina\/","og_locale":"en_US","og_type":"article","og_title":"Ciclone se afasta de Santa Catarina -","og_description":"A atua\u00e7\u00e3o do ciclone, que se formou entre os estados de Santa Catarina e do Rio Grande do Sul, trouxe chuvas intensas e rajadas de vento em diversas regi\u00f5es do estado catarinense esta semana, principalmente entre a ter\u00e7a e a quarta-feira (9 e 10). O sistema pode ser visualizado na imagem do sat\u00e9lite abaixo (Figura &hellip; Ciclone se afasta de Santa Catarina Read More &raquo;","og_url":"https:\/\/sulsc.com\/index.php\/2025\/12\/12\/ciclone-se-afasta-de-santa-catarina\/","article_author":"https:\/\/www.facebook.com\/profile.php?id=61559278119680","article_published_time":"2025-12-12T18:45:47+00:00","og_image":[{"width":2560,"height":2106,"url":"http:\/\/sulsc.com\/wp-content\/uploads\/2023\/09\/temporal-scaled.jpg","type":"image\/jpeg"}],"author":"Reda\u00e7\u00e3o Sul SC","twitter_card":"summary_large_image","twitter_creator":"@https:\/\/twitter.com\/PortalSulSC","twitter_misc":{"Written by":"Reda\u00e7\u00e3o Sul SC","Est. reading time":"3 minutes"},"schema":{"@context":"https:\/\/schema.org","@graph":[{"@type":"WebPage","@id":"https:\/\/sulsc.com\/index.php\/2025\/12\/12\/ciclone-se-afasta-de-santa-catarina\/","url":"https:\/\/sulsc.com\/index.php\/2025\/12\/12\/ciclone-se-afasta-de-santa-catarina\/","name":"Ciclone se afasta de Santa Catarina -","isPartOf":{"@id":"https:\/\/sulsc.com\/#website"},"datePublished":"2025-12-12T18:45:47+00:00","dateModified":"2025-12-12T18:45:47+00:00","author":{"@id":"https:\/\/sulsc.com\/#\/schema\/person\/84d2fc571684f6248ba83092f07750a3"},"breadcrumb":{"@id":"https:\/\/sulsc.com\/index.php\/2025\/12\/12\/ciclone-se-afasta-de-santa-catarina\/#breadcrumb"},"inLanguage":"en-US","potentialAction":[{"@type":"ReadAction","target":["https:\/\/sulsc.com\/index.php\/2025\/12\/12\/ciclone-se-afasta-de-santa-catarina\/"]}]},{"@type":"BreadcrumbList","@id":"https:\/\/sulsc.com\/index.php\/2025\/12\/12\/ciclone-se-afasta-de-santa-catarina\/#breadcrumb","itemListElement":[{"@type":"ListItem","position":1,"name":"In\u00edcio","item":"https:\/\/sulsc.com\/"},{"@type":"ListItem","position":2,"name":"Ciclone se afasta de Santa Catarina"}]},{"@type":"WebSite","@id":"https:\/\/sulsc.com\/#website","url":"https:\/\/sulsc.com\/","name":"","description":"","potentialAction":[{"@type":"SearchAction","target":{"@type":"EntryPoint","urlTemplate":"https:\/\/sulsc.com\/?s={search_term_string}"},"query-input":"required name=search_term_string"}],"inLanguage":"en-US"},{"@type":"Person","@id":"https:\/\/sulsc.com\/#\/schema\/person\/84d2fc571684f6248ba83092f07750a3","name":"Reda\u00e7\u00e3o Sul SC","image":{"@type":"ImageObject","inLanguage":"en-US","@id":"https:\/\/sulsc.com\/#\/schema\/person\/image\/e08d7fe2cc4ed596372063bbe852b8d0","url":"https:\/\/sulsc.com\/wp-content\/uploads\/2023\/09\/redacao.png","contentUrl":"https:\/\/sulsc.com\/wp-content\/uploads\/2023\/09\/redacao.png","caption":"Reda\u00e7\u00e3o Sul SC"},"description":"Foco em um jornalismo imparcial, voltado \u00e0 qualidade dos seus conte\u00fados e, assim, levar informa\u00e7\u00e3o de valor que agregue \u00e0 vida dos leitores. Esta \u00e9 grande miss\u00e3o do Portal de Not\u00edcias Sul SC. N\u00e3o \u00e9 quantidade que muda o mundo, sempre foi e seguir\u00e1 sendo qualidade!","sameAs":["https:\/\/sulsc.com\/","https:\/\/www.facebook.com\/profile.php?id=61559278119680","https:\/\/www.instagram.com\/sulscportal\/?hl=pt-br","https:\/\/twitter.com\/https:\/\/twitter.com\/PortalSulSC","https:\/\/www.youtube.com\/channel\/UCv_BE8GeySluDov2n8qhVmw"],"url":"https:\/\/sulsc.com\/index.php\/author\/redacao\/"}]}},"authors":[],"_links":{"self":[{"href":"https:\/\/sulsc.com\/index.php\/wp-json\/wp\/v2\/posts\/30819"}],"collection":[{"href":"https:\/\/sulsc.com\/index.php\/wp-json\/wp\/v2\/posts"}],"about":[{"href":"https:\/\/sulsc.com\/index.php\/wp-json\/wp\/v2\/types\/post"}],"author":[{"embeddable":true,"href":"https:\/\/sulsc.com\/index.php\/wp-json\/wp\/v2\/users\/3"}],"replies":[{"embeddable":true,"href":"https:\/\/sulsc.com\/index.php\/wp-json\/wp\/v2\/comments?post=30819"}],"version-history":[{"count":1,"href":"https:\/\/sulsc.com\/index.php\/wp-json\/wp\/v2\/posts\/30819\/revisions"}],"predecessor-version":[{"id":30826,"href":"https:\/\/sulsc.com\/index.php\/wp-json\/wp\/v2\/posts\/30819\/revisions\/30826"}],"wp:featuredmedia":[{"embeddable":true,"href":"https:\/\/sulsc.com\/index.php\/wp-json\/wp\/v2\/media\/1471"}],"wp:attachment":[{"href":"https:\/\/sulsc.com\/index.php\/wp-json\/wp\/v2\/media?parent=30819"}],"wp:term":[{"taxonomy":"category","embeddable":true,"href":"https:\/\/sulsc.com\/index.php\/wp-json\/wp\/v2\/categories?post=30819"},{"taxonomy":"post_tag","embeddable":true,"href":"https:\/\/sulsc.com\/index.php\/wp-json\/wp\/v2\/tags?post=30819"}],"curies":[{"name":"wp","href":"https:\/\/api.w.org\/{rel}","templated":true}]}}