{"id":30827,"date":"2025-12-12T16:57:10","date_gmt":"2025-12-12T19:57:10","guid":{"rendered":"https:\/\/sulsc.com\/?p=30827"},"modified":"2025-12-12T16:57:10","modified_gmt":"2025-12-12T19:57:10","slug":"celular-seguro-passa-a-bloquear-tambem-aparelhos-sem-o-app-instalado","status":"publish","type":"post","link":"https:\/\/sulsc.com\/index.php\/2025\/12\/12\/celular-seguro-passa-a-bloquear-tambem-aparelhos-sem-o-app-instalado\/","title":{"rendered":"Celular Seguro passa a bloquear tamb\u00e9m aparelhos sem o app instalado"},"content":{"rendered":"<p>A partir de agora, quem for v\u00edtima de furto ou roubo de celular ou quem perdeu o aparelho pode registrar a ocorr\u00eancia pelo aplicativo Celular Seguro usando outro aparelho telef\u00f4nico, tablet ou computador. E n\u00e3o \u00e9 mais necess\u00e1rio informar o IMEI do celular, uma esp\u00e9cie de CPF do aparelho, nem ter registro pr\u00e9vio no aplicativo.<\/p>\n<p>A informa\u00e7\u00e3o foi divulgada nessa quinta-feira (11) pelo Minist\u00e9rio da Justi\u00e7a e Seguran\u00e7a P\u00fablica. Basta baixar o app e entrar no Celular Seguro por meio de outro dispositivo, fazer o registro em at\u00e9 15 dias, indicando a data e o hor\u00e1rio do ocorrido, bem como a linha telef\u00f4nica utilizada no celular.<\/p>\n<div id=\"metaslider-id-25573\" style=\"width: 100%;\" class=\"ml-slider-3-99-0 metaslider metaslider-flex metaslider-25573 ml-slider has-onhover-arrows ms-theme-default-base has-dots-nav\" role=\"region\" aria-label=\"Meio\" data-width=\"1200\">\n    <div id=\"metaslider_container_25573\">\n        <div id=\"metaslider_25573\">\n            <ul class='slides'>\n                <li style=\"display: block; width: 100%;\" class=\"slide-25684 ms-image \" aria-roledescription=\"slide\" data-date=\"2025-07-24 07:55:40\"><img src=\"https:\/\/sulsc.com\/wp-content\/uploads\/2025\/07\/Marr-2-1000x166.jpg\" height=\"200\" width=\"1200\" alt=\"\" class=\"slider-25573 slide-25684 msDefaultImage\" title=\"Marr 2\" \/><\/li>\n                <li style=\"display: none; width: 100%;\" class=\"slide-32412 ms-image \" aria-roledescription=\"slide\" data-date=\"2026-02-18 13:59:46\"><img src=\"https:\/\/sulsc.com\/wp-content\/uploads\/2026\/02\/40dc1580-cad5-4867-bc58-c4243821ad38-1000x166.jpeg\" height=\"200\" width=\"1200\" alt=\"\" class=\"slider-25573 slide-32412 msDefaultImage\" title=\"40dc1580-cad5-4867-bc58-c4243821ad38\" \/><\/li>\n                <li style=\"display: none; width: 100%;\" class=\"slide-32766 ms-image \" aria-roledescription=\"slide\" data-date=\"2026-03-03 17:22:59\"><img src=\"https:\/\/sulsc.com\/wp-content\/uploads\/2026\/03\/271ce739-f268-41c5-8051-3de1a1750359-1000x166.jpeg\" height=\"200\" width=\"1200\" alt=\"\" class=\"slider-25573 slide-32766 msDefaultImage\" title=\"271ce739-f268-41c5-8051-3de1a1750359\" \/><\/li>\n            <\/ul>\n        <\/div>\n        \n    <\/div>\n<\/div>\n<p>Segundo o Minist\u00e9rio da Justi\u00e7a, com isso, \u00e9 poss\u00edvel bloquear a linha telef\u00f4nica, os aplicativos financeiros, o IMEI do aparelho ou, ainda, cadastrar no modo recupera\u00e7\u00e3o. Lan\u00e7ado em dezembro de 2023, o Celular Seguro tem hoje 3,6 milh\u00f5es de pessoas cadastradas, de acordo com o governo.<\/p>\n<p>E o objetivo \u00e9 que o usu\u00e1rio, a partir do aplicativo, emita um \u00fanico alerta para agilizar o bloqueio de aparelhos, reduzindo preju\u00edzos financeiros por golpes digitais, al\u00e9m de facilitar a recupera\u00e7\u00e3o de celulares pelas pol\u00edcias estaduais.<\/p>\n<p><img fetchpriority=\"high\" decoding=\"async\" class=\"alignnone size-full wp-image-30828\" src=\"http:\/\/sulsc.com\/wp-content\/uploads\/2025\/12\/Captura-de-tela-2025-12-12-165610.png\" alt=\"\" width=\"743\" height=\"439\" srcset=\"https:\/\/sulsc.com\/wp-content\/uploads\/2025\/12\/Captura-de-tela-2025-12-12-165610.png 743w, https:\/\/sulsc.com\/wp-content\/uploads\/2025\/12\/Captura-de-tela-2025-12-12-165610-300x177.png 300w\" sizes=\"(max-width: 743px) 100vw, 743px\" \/><\/p>\n","protected":false},"excerpt":{"rendered":"<p>A partir de agora, quem for v\u00edtima de furto ou roubo de celular ou quem perdeu o aparelho pode registrar a ocorr\u00eancia pelo aplicativo Celular Seguro usando outro aparelho telef\u00f4nico, tablet ou computador. E n\u00e3o \u00e9 mais necess\u00e1rio informar o IMEI do celular, uma esp\u00e9cie de CPF do aparelho, nem ter registro pr\u00e9vio no aplicativo. &hellip;<\/p>\n<p class=\"read-more\"> <a class=\"\" href=\"https:\/\/sulsc.com\/index.php\/2025\/12\/12\/celular-seguro-passa-a-bloquear-tambem-aparelhos-sem-o-app-instalado\/\"> <span class=\"screen-reader-text\">Celular Seguro passa a bloquear tamb\u00e9m aparelhos sem o app instalado<\/span> Read More &raquo;<\/a><\/p>\n","protected":false},"author":3,"featured_media":30828,"comment_status":"open","ping_status":"open","sticky":false,"template":"","format":"standard","meta":{"site-sidebar-layout":"default","site-content-layout":"","ast-site-content-layout":"default","site-content-style":"default","site-sidebar-style":"default","ast-global-header-display":"","ast-banner-title-visibility":"","ast-main-header-display":"","ast-hfb-above-header-display":"","ast-hfb-below-header-display":"","ast-hfb-mobile-header-display":"","site-post-title":"","ast-breadcrumbs-content":"","ast-featured-img":"","footer-sml-layout":"","theme-transparent-header-meta":"default","adv-header-id-meta":"","stick-header-meta":"","header-above-stick-meta":"","header-main-stick-meta":"","header-below-stick-meta":"","astra-migrate-meta-layouts":"set","footnotes":""},"categories":[1,15,19],"tags":[],"yoast_head":"<!-- This site is optimized with the Yoast SEO plugin v21.4 - https:\/\/yoast.com\/wordpress\/plugins\/seo\/ -->\n<title>Celular Seguro passa a bloquear tamb\u00e9m aparelhos sem o app instalado -<\/title>\n<meta name=\"robots\" content=\"index, follow, max-snippet:-1, max-image-preview:large, max-video-preview:-1\" \/>\n<link rel=\"canonical\" href=\"https:\/\/sulsc.com\/index.php\/2025\/12\/12\/celular-seguro-passa-a-bloquear-tambem-aparelhos-sem-o-app-instalado\/\" \/>\n<meta property=\"og:locale\" content=\"en_US\" \/>\n<meta property=\"og:type\" content=\"article\" \/>\n<meta property=\"og:title\" content=\"Celular Seguro passa a bloquear tamb\u00e9m aparelhos sem o app instalado -\" \/>\n<meta property=\"og:description\" content=\"A partir de agora, quem for v\u00edtima de furto ou roubo de celular ou quem perdeu o aparelho pode registrar a ocorr\u00eancia pelo aplicativo Celular Seguro usando outro aparelho telef\u00f4nico, tablet ou computador. E n\u00e3o \u00e9 mais necess\u00e1rio informar o IMEI do celular, uma esp\u00e9cie de CPF do aparelho, nem ter registro pr\u00e9vio no aplicativo. &hellip; Celular Seguro passa a bloquear tamb\u00e9m aparelhos sem o app instalado Read More &raquo;\" \/>\n<meta property=\"og:url\" content=\"https:\/\/sulsc.com\/index.php\/2025\/12\/12\/celular-seguro-passa-a-bloquear-tambem-aparelhos-sem-o-app-instalado\/\" \/>\n<meta property=\"article:author\" content=\"https:\/\/www.facebook.com\/profile.php?id=61559278119680\" \/>\n<meta property=\"article:published_time\" content=\"2025-12-12T19:57:10+00:00\" \/>\n<meta property=\"og:image\" content=\"http:\/\/sulsc.com\/wp-content\/uploads\/2025\/12\/Captura-de-tela-2025-12-12-165610.png\" \/>\n\t<meta property=\"og:image:width\" content=\"743\" \/>\n\t<meta property=\"og:image:height\" content=\"439\" \/>\n\t<meta property=\"og:image:type\" content=\"image\/png\" \/>\n<meta name=\"author\" content=\"Reda\u00e7\u00e3o Sul SC\" \/>\n<meta name=\"twitter:card\" content=\"summary_large_image\" \/>\n<meta name=\"twitter:creator\" content=\"@https:\/\/twitter.com\/PortalSulSC\" \/>\n<meta name=\"twitter:label1\" content=\"Written by\" \/>\n\t<meta name=\"twitter:data1\" content=\"Reda\u00e7\u00e3o Sul SC\" \/>\n\t<meta name=\"twitter:label2\" content=\"Est. reading time\" \/>\n\t<meta name=\"twitter:data2\" content=\"2 minutes\" \/>\n<script type=\"application\/ld+json\" class=\"yoast-schema-graph\">{\"@context\":\"https:\/\/schema.org\",\"@graph\":[{\"@type\":\"WebPage\",\"@id\":\"https:\/\/sulsc.com\/index.php\/2025\/12\/12\/celular-seguro-passa-a-bloquear-tambem-aparelhos-sem-o-app-instalado\/\",\"url\":\"https:\/\/sulsc.com\/index.php\/2025\/12\/12\/celular-seguro-passa-a-bloquear-tambem-aparelhos-sem-o-app-instalado\/\",\"name\":\"Celular Seguro passa a bloquear tamb\u00e9m aparelhos sem o app instalado -\",\"isPartOf\":{\"@id\":\"https:\/\/sulsc.com\/#website\"},\"datePublished\":\"2025-12-12T19:57:10+00:00\",\"dateModified\":\"2025-12-12T19:57:10+00:00\",\"author\":{\"@id\":\"https:\/\/sulsc.com\/#\/schema\/person\/84d2fc571684f6248ba83092f07750a3\"},\"breadcrumb\":{\"@id\":\"https:\/\/sulsc.com\/index.php\/2025\/12\/12\/celular-seguro-passa-a-bloquear-tambem-aparelhos-sem-o-app-instalado\/#breadcrumb\"},\"inLanguage\":\"en-US\",\"potentialAction\":[{\"@type\":\"ReadAction\",\"target\":[\"https:\/\/sulsc.com\/index.php\/2025\/12\/12\/celular-seguro-passa-a-bloquear-tambem-aparelhos-sem-o-app-instalado\/\"]}]},{\"@type\":\"BreadcrumbList\",\"@id\":\"https:\/\/sulsc.com\/index.php\/2025\/12\/12\/celular-seguro-passa-a-bloquear-tambem-aparelhos-sem-o-app-instalado\/#breadcrumb\",\"itemListElement\":[{\"@type\":\"ListItem\",\"position\":1,\"name\":\"In\u00edcio\",\"item\":\"https:\/\/sulsc.com\/\"},{\"@type\":\"ListItem\",\"position\":2,\"name\":\"Celular Seguro passa a bloquear tamb\u00e9m aparelhos sem o app instalado\"}]},{\"@type\":\"WebSite\",\"@id\":\"https:\/\/sulsc.com\/#website\",\"url\":\"https:\/\/sulsc.com\/\",\"name\":\"\",\"description\":\"\",\"potentialAction\":[{\"@type\":\"SearchAction\",\"target\":{\"@type\":\"EntryPoint\",\"urlTemplate\":\"https:\/\/sulsc.com\/?s={search_term_string}\"},\"query-input\":\"required name=search_term_string\"}],\"inLanguage\":\"en-US\"},{\"@type\":\"Person\",\"@id\":\"https:\/\/sulsc.com\/#\/schema\/person\/84d2fc571684f6248ba83092f07750a3\",\"name\":\"Reda\u00e7\u00e3o Sul SC\",\"image\":{\"@type\":\"ImageObject\",\"inLanguage\":\"en-US\",\"@id\":\"https:\/\/sulsc.com\/#\/schema\/person\/image\/e08d7fe2cc4ed596372063bbe852b8d0\",\"url\":\"https:\/\/sulsc.com\/wp-content\/uploads\/2023\/09\/redacao.png\",\"contentUrl\":\"https:\/\/sulsc.com\/wp-content\/uploads\/2023\/09\/redacao.png\",\"caption\":\"Reda\u00e7\u00e3o Sul SC\"},\"description\":\"Foco em um jornalismo imparcial, voltado \u00e0 qualidade dos seus conte\u00fados e, assim, levar informa\u00e7\u00e3o de valor que agregue \u00e0 vida dos leitores. Esta \u00e9 grande miss\u00e3o do Portal de Not\u00edcias Sul SC. N\u00e3o \u00e9 quantidade que muda o mundo, sempre foi e seguir\u00e1 sendo qualidade!\",\"sameAs\":[\"https:\/\/sulsc.com\/\",\"https:\/\/www.facebook.com\/profile.php?id=61559278119680\",\"https:\/\/www.instagram.com\/sulscportal\/?hl=pt-br\",\"https:\/\/twitter.com\/https:\/\/twitter.com\/PortalSulSC\",\"https:\/\/www.youtube.com\/channel\/UCv_BE8GeySluDov2n8qhVmw\"],\"url\":\"https:\/\/sulsc.com\/index.php\/author\/redacao\/\"}]}<\/script>\n<!-- \/ Yoast SEO plugin. -->","yoast_head_json":{"title":"Celular Seguro passa a bloquear tamb\u00e9m aparelhos sem o app instalado -","robots":{"index":"index","follow":"follow","max-snippet":"max-snippet:-1","max-image-preview":"max-image-preview:large","max-video-preview":"max-video-preview:-1"},"canonical":"https:\/\/sulsc.com\/index.php\/2025\/12\/12\/celular-seguro-passa-a-bloquear-tambem-aparelhos-sem-o-app-instalado\/","og_locale":"en_US","og_type":"article","og_title":"Celular Seguro passa a bloquear tamb\u00e9m aparelhos sem o app instalado -","og_description":"A partir de agora, quem for v\u00edtima de furto ou roubo de celular ou quem perdeu o aparelho pode registrar a ocorr\u00eancia pelo aplicativo Celular Seguro usando outro aparelho telef\u00f4nico, tablet ou computador. E n\u00e3o \u00e9 mais necess\u00e1rio informar o IMEI do celular, uma esp\u00e9cie de CPF do aparelho, nem ter registro pr\u00e9vio no aplicativo. &hellip; Celular Seguro passa a bloquear tamb\u00e9m aparelhos sem o app instalado Read More &raquo;","og_url":"https:\/\/sulsc.com\/index.php\/2025\/12\/12\/celular-seguro-passa-a-bloquear-tambem-aparelhos-sem-o-app-instalado\/","article_author":"https:\/\/www.facebook.com\/profile.php?id=61559278119680","article_published_time":"2025-12-12T19:57:10+00:00","og_image":[{"width":743,"height":439,"url":"http:\/\/sulsc.com\/wp-content\/uploads\/2025\/12\/Captura-de-tela-2025-12-12-165610.png","type":"image\/png"}],"author":"Reda\u00e7\u00e3o Sul SC","twitter_card":"summary_large_image","twitter_creator":"@https:\/\/twitter.com\/PortalSulSC","twitter_misc":{"Written by":"Reda\u00e7\u00e3o Sul SC","Est. reading time":"2 minutes"},"schema":{"@context":"https:\/\/schema.org","@graph":[{"@type":"WebPage","@id":"https:\/\/sulsc.com\/index.php\/2025\/12\/12\/celular-seguro-passa-a-bloquear-tambem-aparelhos-sem-o-app-instalado\/","url":"https:\/\/sulsc.com\/index.php\/2025\/12\/12\/celular-seguro-passa-a-bloquear-tambem-aparelhos-sem-o-app-instalado\/","name":"Celular Seguro passa a bloquear tamb\u00e9m aparelhos sem o app instalado -","isPartOf":{"@id":"https:\/\/sulsc.com\/#website"},"datePublished":"2025-12-12T19:57:10+00:00","dateModified":"2025-12-12T19:57:10+00:00","author":{"@id":"https:\/\/sulsc.com\/#\/schema\/person\/84d2fc571684f6248ba83092f07750a3"},"breadcrumb":{"@id":"https:\/\/sulsc.com\/index.php\/2025\/12\/12\/celular-seguro-passa-a-bloquear-tambem-aparelhos-sem-o-app-instalado\/#breadcrumb"},"inLanguage":"en-US","potentialAction":[{"@type":"ReadAction","target":["https:\/\/sulsc.com\/index.php\/2025\/12\/12\/celular-seguro-passa-a-bloquear-tambem-aparelhos-sem-o-app-instalado\/"]}]},{"@type":"BreadcrumbList","@id":"https:\/\/sulsc.com\/index.php\/2025\/12\/12\/celular-seguro-passa-a-bloquear-tambem-aparelhos-sem-o-app-instalado\/#breadcrumb","itemListElement":[{"@type":"ListItem","position":1,"name":"In\u00edcio","item":"https:\/\/sulsc.com\/"},{"@type":"ListItem","position":2,"name":"Celular Seguro passa a bloquear tamb\u00e9m aparelhos sem o app instalado"}]},{"@type":"WebSite","@id":"https:\/\/sulsc.com\/#website","url":"https:\/\/sulsc.com\/","name":"","description":"","potentialAction":[{"@type":"SearchAction","target":{"@type":"EntryPoint","urlTemplate":"https:\/\/sulsc.com\/?s={search_term_string}"},"query-input":"required name=search_term_string"}],"inLanguage":"en-US"},{"@type":"Person","@id":"https:\/\/sulsc.com\/#\/schema\/person\/84d2fc571684f6248ba83092f07750a3","name":"Reda\u00e7\u00e3o Sul SC","image":{"@type":"ImageObject","inLanguage":"en-US","@id":"https:\/\/sulsc.com\/#\/schema\/person\/image\/e08d7fe2cc4ed596372063bbe852b8d0","url":"https:\/\/sulsc.com\/wp-content\/uploads\/2023\/09\/redacao.png","contentUrl":"https:\/\/sulsc.com\/wp-content\/uploads\/2023\/09\/redacao.png","caption":"Reda\u00e7\u00e3o Sul SC"},"description":"Foco em um jornalismo imparcial, voltado \u00e0 qualidade dos seus conte\u00fados e, assim, levar informa\u00e7\u00e3o de valor que agregue \u00e0 vida dos leitores. Esta \u00e9 grande miss\u00e3o do Portal de Not\u00edcias Sul SC. N\u00e3o \u00e9 quantidade que muda o mundo, sempre foi e seguir\u00e1 sendo qualidade!","sameAs":["https:\/\/sulsc.com\/","https:\/\/www.facebook.com\/profile.php?id=61559278119680","https:\/\/www.instagram.com\/sulscportal\/?hl=pt-br","https:\/\/twitter.com\/https:\/\/twitter.com\/PortalSulSC","https:\/\/www.youtube.com\/channel\/UCv_BE8GeySluDov2n8qhVmw"],"url":"https:\/\/sulsc.com\/index.php\/author\/redacao\/"}]}},"authors":[],"_links":{"self":[{"href":"https:\/\/sulsc.com\/index.php\/wp-json\/wp\/v2\/posts\/30827"}],"collection":[{"href":"https:\/\/sulsc.com\/index.php\/wp-json\/wp\/v2\/posts"}],"about":[{"href":"https:\/\/sulsc.com\/index.php\/wp-json\/wp\/v2\/types\/post"}],"author":[{"embeddable":true,"href":"https:\/\/sulsc.com\/index.php\/wp-json\/wp\/v2\/users\/3"}],"replies":[{"embeddable":true,"href":"https:\/\/sulsc.com\/index.php\/wp-json\/wp\/v2\/comments?post=30827"}],"version-history":[{"count":1,"href":"https:\/\/sulsc.com\/index.php\/wp-json\/wp\/v2\/posts\/30827\/revisions"}],"predecessor-version":[{"id":30829,"href":"https:\/\/sulsc.com\/index.php\/wp-json\/wp\/v2\/posts\/30827\/revisions\/30829"}],"wp:featuredmedia":[{"embeddable":true,"href":"https:\/\/sulsc.com\/index.php\/wp-json\/wp\/v2\/media\/30828"}],"wp:attachment":[{"href":"https:\/\/sulsc.com\/index.php\/wp-json\/wp\/v2\/media?parent=30827"}],"wp:term":[{"taxonomy":"category","embeddable":true,"href":"https:\/\/sulsc.com\/index.php\/wp-json\/wp\/v2\/categories?post=30827"},{"taxonomy":"post_tag","embeddable":true,"href":"https:\/\/sulsc.com\/index.php\/wp-json\/wp\/v2\/tags?post=30827"}],"curies":[{"name":"wp","href":"https:\/\/api.w.org\/{rel}","templated":true}]}}