{"id":30861,"date":"2025-12-15T06:45:21","date_gmt":"2025-12-15T09:45:21","guid":{"rendered":"https:\/\/sulsc.com\/?p=30861"},"modified":"2025-12-15T06:45:21","modified_gmt":"2025-12-15T09:45:21","slug":"segunda-feira-15-com-maximas-chegando-aos-30oc-e-chance-de-temporais-entre-a-tarde-e-a-noite","status":"publish","type":"post","link":"https:\/\/sulsc.com\/index.php\/2025\/12\/15\/segunda-feira-15-com-maximas-chegando-aos-30oc-e-chance-de-temporais-entre-a-tarde-e-a-noite\/","title":{"rendered":"Segunda-feira (15), com m\u00e1ximas chegando aos 30\u00baC e chance de temporais entre a tarde e a noite"},"content":{"rendered":"<p>A segunda-feira (15), j\u00e1 come\u00e7a com mudan\u00e7as no tempo em SC,\u00a0 a chuva e os temporais mais intensos com chance de tempestades severas, chegam ao estado entre a tarde e a noite, com o avan\u00e7o de uma frente fria. Associados aos temporais ocorrem raios, rajadas de vento, chuva pontualmente intensa e queda de granizo. O risco para ocorr\u00eancias associadas a destelhamentos, danos na rede el\u00e9trica, queda de galhos e \u00e1rvores, alagamentos e enxurradas pontuais \u00e9 moderado a alto, sobretudo no Grande Oeste.<\/p>\n<p><strong>Temperaturas<\/strong><\/p>\n<p>\u00c0 tarde, as temperaturas m\u00e1ximas superam os 30\u00b0C no Litoral, Vale do Itaja\u00ed e Extremo Oeste e variam entre 25 e 28\u00b0C nas demais regi\u00f5es do estado.<\/p>\n<p><img fetchpriority=\"high\" decoding=\"async\" class=\"aligncenter size-full wp-image-30862\" src=\"http:\/\/sulsc.com\/wp-content\/uploads\/2025\/12\/Captura-de-tela-2025-12-15-012035-1024x698-1.png\" alt=\"\" width=\"1024\" height=\"698\" srcset=\"https:\/\/sulsc.com\/wp-content\/uploads\/2025\/12\/Captura-de-tela-2025-12-15-012035-1024x698-1.png 1024w, https:\/\/sulsc.com\/wp-content\/uploads\/2025\/12\/Captura-de-tela-2025-12-15-012035-1024x698-1-300x204.png 300w, https:\/\/sulsc.com\/wp-content\/uploads\/2025\/12\/Captura-de-tela-2025-12-15-012035-1024x698-1-768x524.png 768w\" sizes=\"(max-width: 1024px) 100vw, 1024px\" \/><\/p>\n<p><img decoding=\"async\" class=\"aligncenter size-full wp-image-22836\" src=\"http:\/\/sulsc.com\/wp-content\/uploads\/2025\/04\/Tempo-2.png\" alt=\"\" width=\"1024\" height=\"189\" srcset=\"https:\/\/sulsc.com\/wp-content\/uploads\/2025\/04\/Tempo-2.png 1024w, https:\/\/sulsc.com\/wp-content\/uploads\/2025\/04\/Tempo-2-300x55.png 300w, https:\/\/sulsc.com\/wp-content\/uploads\/2025\/04\/Tempo-2-768x142.png 768w\" sizes=\"(max-width: 1024px) 100vw, 1024px\" \/><\/p>\n<p><strong>Ventos:<\/strong> nordeste\/noroeste a sul, fraco a moderado, com rajadas.<\/p>\n<p><strong>Sistema predominante:<\/strong> avan\u00e7o de uma frente fria do RS em dire\u00e7\u00e3o \u00e0 SC.<\/p>\n<div id=\"metaslider-id-25573\" style=\"width: 100%;\" class=\"ml-slider-3-99-0 metaslider metaslider-flex metaslider-25573 ml-slider has-onhover-arrows ms-theme-default-base has-dots-nav\" role=\"region\" aria-label=\"Meio\" data-width=\"1200\">\n    <div id=\"metaslider_container_25573\">\n        <div id=\"metaslider_25573\">\n            <ul class='slides'>\n                <li style=\"display: block; width: 100%;\" class=\"slide-25684 ms-image \" aria-roledescription=\"slide\" data-date=\"2025-07-24 07:55:40\"><img src=\"https:\/\/sulsc.com\/wp-content\/uploads\/2025\/07\/Marr-2-1000x166.jpg\" height=\"200\" width=\"1200\" alt=\"\" class=\"slider-25573 slide-25684 msDefaultImage\" title=\"Marr 2\" \/><\/li>\n                <li style=\"display: none; width: 100%;\" class=\"slide-32412 ms-image \" aria-roledescription=\"slide\" data-date=\"2026-02-18 13:59:46\"><img src=\"https:\/\/sulsc.com\/wp-content\/uploads\/2026\/02\/40dc1580-cad5-4867-bc58-c4243821ad38-1000x166.jpeg\" height=\"200\" width=\"1200\" alt=\"\" class=\"slider-25573 slide-32412 msDefaultImage\" title=\"40dc1580-cad5-4867-bc58-c4243821ad38\" \/><\/li>\n                <li style=\"display: none; width: 100%;\" class=\"slide-32766 ms-image \" aria-roledescription=\"slide\" data-date=\"2026-03-03 17:22:59\"><img src=\"https:\/\/sulsc.com\/wp-content\/uploads\/2026\/03\/271ce739-f268-41c5-8051-3de1a1750359-1000x166.jpeg\" height=\"200\" width=\"1200\" alt=\"\" class=\"slider-25573 slide-32766 msDefaultImage\" title=\"271ce739-f268-41c5-8051-3de1a1750359\" \/><\/li>\n            <\/ul>\n        <\/div>\n        \n    <\/div>\n<\/div>\n<p><strong>Nesta ter\u00e7a-feira (16),<\/strong> o dia come\u00e7a com muitas nuvens, chuva mais isolada e de menor intensidade em grande parte de SC. Nas \u00e1reas de divisa com o Paran\u00e1, permanece a condi\u00e7\u00e3o para temporais isolados. No decorrer do dia, a frente fria se afasta do estado e uma massa de ar mais seco favorece a melhora do tempo com sol, especialmente no interior. As temperaturas ficam amenas ao amanhecer, em torno de 12\u00b0C. Elevada durante o dia, mas diminui o forte calor, com m\u00e1ximas pr\u00f3ximas e abaixo de 30\u00b0C.<\/p>\n<p>Fontes: Defesa Civil &#8211; SC\/Epagri-Ciram<\/p>\n","protected":false},"excerpt":{"rendered":"<p>A segunda-feira (15), j\u00e1 come\u00e7a com mudan\u00e7as no tempo em SC,\u00a0 a chuva e os temporais mais intensos com chance de tempestades severas, chegam ao estado entre a tarde e a noite, com o avan\u00e7o de uma frente fria. Associados aos temporais ocorrem raios, rajadas de vento, chuva pontualmente intensa e queda de granizo. O &hellip;<\/p>\n<p class=\"read-more\"> <a class=\"\" href=\"https:\/\/sulsc.com\/index.php\/2025\/12\/15\/segunda-feira-15-com-maximas-chegando-aos-30oc-e-chance-de-temporais-entre-a-tarde-e-a-noite\/\"> <span class=\"screen-reader-text\">Segunda-feira (15), com m\u00e1ximas chegando aos 30\u00baC e chance de temporais entre a tarde e a noite<\/span> Read More &raquo;<\/a><\/p>\n","protected":false},"author":3,"featured_media":30863,"comment_status":"open","ping_status":"open","sticky":false,"template":"","format":"standard","meta":{"site-sidebar-layout":"default","site-content-layout":"","ast-site-content-layout":"default","site-content-style":"default","site-sidebar-style":"default","ast-global-header-display":"","ast-banner-title-visibility":"","ast-main-header-display":"","ast-hfb-above-header-display":"","ast-hfb-below-header-display":"","ast-hfb-mobile-header-display":"","site-post-title":"","ast-breadcrumbs-content":"","ast-featured-img":"","footer-sml-layout":"","theme-transparent-header-meta":"default","adv-header-id-meta":"","stick-header-meta":"","header-above-stick-meta":"","header-main-stick-meta":"","header-below-stick-meta":"","astra-migrate-meta-layouts":"set","footnotes":""},"categories":[2354,2231,2658,14,38,12],"tags":[90],"yoast_head":"<!-- This site is optimized with the Yoast SEO plugin v21.4 - https:\/\/yoast.com\/wordpress\/plugins\/seo\/ -->\n<title>Segunda-feira (15), com m\u00e1ximas chegando aos 30\u00baC e chance de temporais entre a tarde e a noite -<\/title>\n<meta name=\"robots\" content=\"index, follow, max-snippet:-1, max-image-preview:large, max-video-preview:-1\" \/>\n<link rel=\"canonical\" href=\"https:\/\/sulsc.com\/index.php\/2025\/12\/15\/segunda-feira-15-com-maximas-chegando-aos-30oc-e-chance-de-temporais-entre-a-tarde-e-a-noite\/\" \/>\n<meta property=\"og:locale\" content=\"en_US\" \/>\n<meta property=\"og:type\" content=\"article\" \/>\n<meta property=\"og:title\" content=\"Segunda-feira (15), com m\u00e1ximas chegando aos 30\u00baC e chance de temporais entre a tarde e a noite -\" \/>\n<meta property=\"og:description\" content=\"A segunda-feira (15), j\u00e1 come\u00e7a com mudan\u00e7as no tempo em SC,\u00a0 a chuva e os temporais mais intensos com chance de tempestades severas, chegam ao estado entre a tarde e a noite, com o avan\u00e7o de uma frente fria. Associados aos temporais ocorrem raios, rajadas de vento, chuva pontualmente intensa e queda de granizo. O &hellip; Segunda-feira (15), com m\u00e1ximas chegando aos 30\u00baC e chance de temporais entre a tarde e a noite Read More &raquo;\" \/>\n<meta property=\"og:url\" content=\"https:\/\/sulsc.com\/index.php\/2025\/12\/15\/segunda-feira-15-com-maximas-chegando-aos-30oc-e-chance-de-temporais-entre-a-tarde-e-a-noite\/\" \/>\n<meta property=\"article:author\" content=\"https:\/\/www.facebook.com\/profile.php?id=61559278119680\" \/>\n<meta property=\"article:published_time\" content=\"2025-12-15T09:45:21+00:00\" \/>\n<meta property=\"og:image\" content=\"http:\/\/sulsc.com\/wp-content\/uploads\/2025\/12\/b1c4dc52-8166-43ae-803d-72048048f799-e1765791907652.jpeg\" \/>\n\t<meta property=\"og:image:width\" content=\"712\" \/>\n\t<meta property=\"og:image:height\" content=\"922\" \/>\n\t<meta property=\"og:image:type\" content=\"image\/jpeg\" \/>\n<meta name=\"author\" content=\"Reda\u00e7\u00e3o Sul SC\" \/>\n<meta name=\"twitter:card\" content=\"summary_large_image\" \/>\n<meta name=\"twitter:creator\" content=\"@https:\/\/twitter.com\/PortalSulSC\" \/>\n<meta name=\"twitter:label1\" content=\"Written by\" \/>\n\t<meta name=\"twitter:data1\" content=\"Reda\u00e7\u00e3o Sul SC\" \/>\n\t<meta name=\"twitter:label2\" content=\"Est. reading time\" \/>\n\t<meta name=\"twitter:data2\" content=\"2 minutes\" \/>\n<script type=\"application\/ld+json\" class=\"yoast-schema-graph\">{\"@context\":\"https:\/\/schema.org\",\"@graph\":[{\"@type\":\"WebPage\",\"@id\":\"https:\/\/sulsc.com\/index.php\/2025\/12\/15\/segunda-feira-15-com-maximas-chegando-aos-30oc-e-chance-de-temporais-entre-a-tarde-e-a-noite\/\",\"url\":\"https:\/\/sulsc.com\/index.php\/2025\/12\/15\/segunda-feira-15-com-maximas-chegando-aos-30oc-e-chance-de-temporais-entre-a-tarde-e-a-noite\/\",\"name\":\"Segunda-feira (15), com m\u00e1ximas chegando aos 30\u00baC e chance de temporais entre a tarde e a noite -\",\"isPartOf\":{\"@id\":\"https:\/\/sulsc.com\/#website\"},\"datePublished\":\"2025-12-15T09:45:21+00:00\",\"dateModified\":\"2025-12-15T09:45:21+00:00\",\"author\":{\"@id\":\"https:\/\/sulsc.com\/#\/schema\/person\/84d2fc571684f6248ba83092f07750a3\"},\"breadcrumb\":{\"@id\":\"https:\/\/sulsc.com\/index.php\/2025\/12\/15\/segunda-feira-15-com-maximas-chegando-aos-30oc-e-chance-de-temporais-entre-a-tarde-e-a-noite\/#breadcrumb\"},\"inLanguage\":\"en-US\",\"potentialAction\":[{\"@type\":\"ReadAction\",\"target\":[\"https:\/\/sulsc.com\/index.php\/2025\/12\/15\/segunda-feira-15-com-maximas-chegando-aos-30oc-e-chance-de-temporais-entre-a-tarde-e-a-noite\/\"]}]},{\"@type\":\"BreadcrumbList\",\"@id\":\"https:\/\/sulsc.com\/index.php\/2025\/12\/15\/segunda-feira-15-com-maximas-chegando-aos-30oc-e-chance-de-temporais-entre-a-tarde-e-a-noite\/#breadcrumb\",\"itemListElement\":[{\"@type\":\"ListItem\",\"position\":1,\"name\":\"In\u00edcio\",\"item\":\"https:\/\/sulsc.com\/\"},{\"@type\":\"ListItem\",\"position\":2,\"name\":\"Segunda-feira (15), com m\u00e1ximas chegando aos 30\u00baC e chance de temporais entre a tarde e a noite\"}]},{\"@type\":\"WebSite\",\"@id\":\"https:\/\/sulsc.com\/#website\",\"url\":\"https:\/\/sulsc.com\/\",\"name\":\"\",\"description\":\"\",\"potentialAction\":[{\"@type\":\"SearchAction\",\"target\":{\"@type\":\"EntryPoint\",\"urlTemplate\":\"https:\/\/sulsc.com\/?s={search_term_string}\"},\"query-input\":\"required name=search_term_string\"}],\"inLanguage\":\"en-US\"},{\"@type\":\"Person\",\"@id\":\"https:\/\/sulsc.com\/#\/schema\/person\/84d2fc571684f6248ba83092f07750a3\",\"name\":\"Reda\u00e7\u00e3o Sul SC\",\"image\":{\"@type\":\"ImageObject\",\"inLanguage\":\"en-US\",\"@id\":\"https:\/\/sulsc.com\/#\/schema\/person\/image\/e08d7fe2cc4ed596372063bbe852b8d0\",\"url\":\"https:\/\/sulsc.com\/wp-content\/uploads\/2023\/09\/redacao.png\",\"contentUrl\":\"https:\/\/sulsc.com\/wp-content\/uploads\/2023\/09\/redacao.png\",\"caption\":\"Reda\u00e7\u00e3o Sul SC\"},\"description\":\"Foco em um jornalismo imparcial, voltado \u00e0 qualidade dos seus conte\u00fados e, assim, levar informa\u00e7\u00e3o de valor que agregue \u00e0 vida dos leitores. Esta \u00e9 grande miss\u00e3o do Portal de Not\u00edcias Sul SC. N\u00e3o \u00e9 quantidade que muda o mundo, sempre foi e seguir\u00e1 sendo qualidade!\",\"sameAs\":[\"https:\/\/sulsc.com\/\",\"https:\/\/www.facebook.com\/profile.php?id=61559278119680\",\"https:\/\/www.instagram.com\/sulscportal\/?hl=pt-br\",\"https:\/\/twitter.com\/https:\/\/twitter.com\/PortalSulSC\",\"https:\/\/www.youtube.com\/channel\/UCv_BE8GeySluDov2n8qhVmw\"],\"url\":\"https:\/\/sulsc.com\/index.php\/author\/redacao\/\"}]}<\/script>\n<!-- \/ Yoast SEO plugin. -->","yoast_head_json":{"title":"Segunda-feira (15), com m\u00e1ximas chegando aos 30\u00baC e chance de temporais entre a tarde e a noite -","robots":{"index":"index","follow":"follow","max-snippet":"max-snippet:-1","max-image-preview":"max-image-preview:large","max-video-preview":"max-video-preview:-1"},"canonical":"https:\/\/sulsc.com\/index.php\/2025\/12\/15\/segunda-feira-15-com-maximas-chegando-aos-30oc-e-chance-de-temporais-entre-a-tarde-e-a-noite\/","og_locale":"en_US","og_type":"article","og_title":"Segunda-feira (15), com m\u00e1ximas chegando aos 30\u00baC e chance de temporais entre a tarde e a noite -","og_description":"A segunda-feira (15), j\u00e1 come\u00e7a com mudan\u00e7as no tempo em SC,\u00a0 a chuva e os temporais mais intensos com chance de tempestades severas, chegam ao estado entre a tarde e a noite, com o avan\u00e7o de uma frente fria. Associados aos temporais ocorrem raios, rajadas de vento, chuva pontualmente intensa e queda de granizo. O &hellip; Segunda-feira (15), com m\u00e1ximas chegando aos 30\u00baC e chance de temporais entre a tarde e a noite Read More &raquo;","og_url":"https:\/\/sulsc.com\/index.php\/2025\/12\/15\/segunda-feira-15-com-maximas-chegando-aos-30oc-e-chance-de-temporais-entre-a-tarde-e-a-noite\/","article_author":"https:\/\/www.facebook.com\/profile.php?id=61559278119680","article_published_time":"2025-12-15T09:45:21+00:00","og_image":[{"width":712,"height":922,"url":"http:\/\/sulsc.com\/wp-content\/uploads\/2025\/12\/b1c4dc52-8166-43ae-803d-72048048f799-e1765791907652.jpeg","type":"image\/jpeg"}],"author":"Reda\u00e7\u00e3o Sul SC","twitter_card":"summary_large_image","twitter_creator":"@https:\/\/twitter.com\/PortalSulSC","twitter_misc":{"Written by":"Reda\u00e7\u00e3o Sul SC","Est. reading time":"2 minutes"},"schema":{"@context":"https:\/\/schema.org","@graph":[{"@type":"WebPage","@id":"https:\/\/sulsc.com\/index.php\/2025\/12\/15\/segunda-feira-15-com-maximas-chegando-aos-30oc-e-chance-de-temporais-entre-a-tarde-e-a-noite\/","url":"https:\/\/sulsc.com\/index.php\/2025\/12\/15\/segunda-feira-15-com-maximas-chegando-aos-30oc-e-chance-de-temporais-entre-a-tarde-e-a-noite\/","name":"Segunda-feira (15), com m\u00e1ximas chegando aos 30\u00baC e chance de temporais entre a tarde e a noite -","isPartOf":{"@id":"https:\/\/sulsc.com\/#website"},"datePublished":"2025-12-15T09:45:21+00:00","dateModified":"2025-12-15T09:45:21+00:00","author":{"@id":"https:\/\/sulsc.com\/#\/schema\/person\/84d2fc571684f6248ba83092f07750a3"},"breadcrumb":{"@id":"https:\/\/sulsc.com\/index.php\/2025\/12\/15\/segunda-feira-15-com-maximas-chegando-aos-30oc-e-chance-de-temporais-entre-a-tarde-e-a-noite\/#breadcrumb"},"inLanguage":"en-US","potentialAction":[{"@type":"ReadAction","target":["https:\/\/sulsc.com\/index.php\/2025\/12\/15\/segunda-feira-15-com-maximas-chegando-aos-30oc-e-chance-de-temporais-entre-a-tarde-e-a-noite\/"]}]},{"@type":"BreadcrumbList","@id":"https:\/\/sulsc.com\/index.php\/2025\/12\/15\/segunda-feira-15-com-maximas-chegando-aos-30oc-e-chance-de-temporais-entre-a-tarde-e-a-noite\/#breadcrumb","itemListElement":[{"@type":"ListItem","position":1,"name":"In\u00edcio","item":"https:\/\/sulsc.com\/"},{"@type":"ListItem","position":2,"name":"Segunda-feira (15), com m\u00e1ximas chegando aos 30\u00baC e chance de temporais entre a tarde e a noite"}]},{"@type":"WebSite","@id":"https:\/\/sulsc.com\/#website","url":"https:\/\/sulsc.com\/","name":"","description":"","potentialAction":[{"@type":"SearchAction","target":{"@type":"EntryPoint","urlTemplate":"https:\/\/sulsc.com\/?s={search_term_string}"},"query-input":"required name=search_term_string"}],"inLanguage":"en-US"},{"@type":"Person","@id":"https:\/\/sulsc.com\/#\/schema\/person\/84d2fc571684f6248ba83092f07750a3","name":"Reda\u00e7\u00e3o Sul SC","image":{"@type":"ImageObject","inLanguage":"en-US","@id":"https:\/\/sulsc.com\/#\/schema\/person\/image\/e08d7fe2cc4ed596372063bbe852b8d0","url":"https:\/\/sulsc.com\/wp-content\/uploads\/2023\/09\/redacao.png","contentUrl":"https:\/\/sulsc.com\/wp-content\/uploads\/2023\/09\/redacao.png","caption":"Reda\u00e7\u00e3o Sul SC"},"description":"Foco em um jornalismo imparcial, voltado \u00e0 qualidade dos seus conte\u00fados e, assim, levar informa\u00e7\u00e3o de valor que agregue \u00e0 vida dos leitores. Esta \u00e9 grande miss\u00e3o do Portal de Not\u00edcias Sul SC. N\u00e3o \u00e9 quantidade que muda o mundo, sempre foi e seguir\u00e1 sendo qualidade!","sameAs":["https:\/\/sulsc.com\/","https:\/\/www.facebook.com\/profile.php?id=61559278119680","https:\/\/www.instagram.com\/sulscportal\/?hl=pt-br","https:\/\/twitter.com\/https:\/\/twitter.com\/PortalSulSC","https:\/\/www.youtube.com\/channel\/UCv_BE8GeySluDov2n8qhVmw"],"url":"https:\/\/sulsc.com\/index.php\/author\/redacao\/"}]}},"authors":[],"_links":{"self":[{"href":"https:\/\/sulsc.com\/index.php\/wp-json\/wp\/v2\/posts\/30861"}],"collection":[{"href":"https:\/\/sulsc.com\/index.php\/wp-json\/wp\/v2\/posts"}],"about":[{"href":"https:\/\/sulsc.com\/index.php\/wp-json\/wp\/v2\/types\/post"}],"author":[{"embeddable":true,"href":"https:\/\/sulsc.com\/index.php\/wp-json\/wp\/v2\/users\/3"}],"replies":[{"embeddable":true,"href":"https:\/\/sulsc.com\/index.php\/wp-json\/wp\/v2\/comments?post=30861"}],"version-history":[{"count":1,"href":"https:\/\/sulsc.com\/index.php\/wp-json\/wp\/v2\/posts\/30861\/revisions"}],"predecessor-version":[{"id":30864,"href":"https:\/\/sulsc.com\/index.php\/wp-json\/wp\/v2\/posts\/30861\/revisions\/30864"}],"wp:featuredmedia":[{"embeddable":true,"href":"https:\/\/sulsc.com\/index.php\/wp-json\/wp\/v2\/media\/30863"}],"wp:attachment":[{"href":"https:\/\/sulsc.com\/index.php\/wp-json\/wp\/v2\/media?parent=30861"}],"wp:term":[{"taxonomy":"category","embeddable":true,"href":"https:\/\/sulsc.com\/index.php\/wp-json\/wp\/v2\/categories?post=30861"},{"taxonomy":"post_tag","embeddable":true,"href":"https:\/\/sulsc.com\/index.php\/wp-json\/wp\/v2\/tags?post=30861"}],"curies":[{"name":"wp","href":"https:\/\/api.w.org\/{rel}","templated":true}]}}