{"id":30913,"date":"2025-12-16T06:48:05","date_gmt":"2025-12-16T09:48:05","guid":{"rendered":"https:\/\/sulsc.com\/?p=30913"},"modified":"2025-12-16T06:48:05","modified_gmt":"2025-12-16T09:48:05","slug":"nebulosidades-predominam-nesta-terca-feira-16-deixando-as-temperaturas-mais-amenas","status":"publish","type":"post","link":"https:\/\/sulsc.com\/index.php\/2025\/12\/16\/nebulosidades-predominam-nesta-terca-feira-16-deixando-as-temperaturas-mais-amenas\/","title":{"rendered":"Nebulosidades predominam nesta ter\u00e7a-feira (16) deixando as temperaturas mais amenas"},"content":{"rendered":"<p>A ter\u00e7a-feira (16) come\u00e7a com tempo inst\u00e1vel com muita nebulosidade e chuva fraca a moderada em todas as regi\u00f5es, devido \u00e0 frente fria que se afasta gradativamente para o mar. O tempo come\u00e7a a firmar a partir da tarde, come\u00e7ando pelo Extremo Oeste, com a chegada de uma massa de ar seco e frio. Ainda assim, no Litoral Norte persiste a condi\u00e7\u00e3o para pancadas de chuva e temporais isolados entre a tarde e a noite.<\/p>\n<p><strong>Temperaturas<\/strong><\/p>\n<p>As temperaturas ainda ficam elevadas com m\u00e1ximas pr\u00f3ximas a 30\u00b0C na maioria das regi\u00f5es, mas declinam no final do dia.<\/p>\n<p><img fetchpriority=\"high\" decoding=\"async\" class=\"aligncenter size-full wp-image-30914\" src=\"http:\/\/sulsc.com\/wp-content\/uploads\/2025\/12\/Captura-de-tela-2025-12-16-004610-1024x697-1.png\" alt=\"\" width=\"1024\" height=\"697\" srcset=\"https:\/\/sulsc.com\/wp-content\/uploads\/2025\/12\/Captura-de-tela-2025-12-16-004610-1024x697-1.png 1024w, https:\/\/sulsc.com\/wp-content\/uploads\/2025\/12\/Captura-de-tela-2025-12-16-004610-1024x697-1-300x204.png 300w, https:\/\/sulsc.com\/wp-content\/uploads\/2025\/12\/Captura-de-tela-2025-12-16-004610-1024x697-1-768x523.png 768w\" sizes=\"(max-width: 1024px) 100vw, 1024px\" \/><\/p>\n<p><img decoding=\"async\" class=\"aligncenter size-full wp-image-22836\" src=\"http:\/\/sulsc.com\/wp-content\/uploads\/2025\/04\/Tempo-2.png\" alt=\"\" width=\"1024\" height=\"189\" srcset=\"https:\/\/sulsc.com\/wp-content\/uploads\/2025\/04\/Tempo-2.png 1024w, https:\/\/sulsc.com\/wp-content\/uploads\/2025\/04\/Tempo-2-300x55.png 300w, https:\/\/sulsc.com\/wp-content\/uploads\/2025\/04\/Tempo-2-768x142.png 768w\" sizes=\"(max-width: 1024px) 100vw, 1024px\" \/><\/p>\n<p><strong>Vento:<\/strong> nordeste a sudoeste, fraco a moderado, com rajadas mais intensas no Litoral (50 a 70km\/h).<\/p>\n<p><strong>Sistema predominante:<\/strong> frente fria pr\u00f3xima do litoral de SC, afastando-se com chegada de uma massa de ar mais seco.<\/p>\n<p><strong>Mar:<\/strong> agitado com ondas de sul de 2.0 a 2.5m e picos de 3,0m. Risco moderado para ocorr\u00eancias relacionadas \u00e0 agita\u00e7\u00e3o mar\u00edtima.<\/p>\n<div id=\"metaslider-id-25573\" style=\"width: 100%;\" class=\"ml-slider-3-99-0 metaslider metaslider-flex metaslider-25573 ml-slider has-onhover-arrows ms-theme-default-base has-dots-nav\" role=\"region\" aria-label=\"Meio\" data-width=\"1200\">\n    <div id=\"metaslider_container_25573\">\n        <div id=\"metaslider_25573\">\n            <ul class='slides'>\n                <li style=\"display: block; width: 100%;\" class=\"slide-25684 ms-image \" aria-roledescription=\"slide\" data-date=\"2025-07-24 07:55:40\"><img src=\"https:\/\/sulsc.com\/wp-content\/uploads\/2025\/07\/Marr-2-1000x166.jpg\" height=\"200\" width=\"1200\" alt=\"\" class=\"slider-25573 slide-25684 msDefaultImage\" title=\"Marr 2\" \/><\/li>\n                <li style=\"display: none; width: 100%;\" class=\"slide-32412 ms-image \" aria-roledescription=\"slide\" data-date=\"2026-02-18 13:59:46\"><img src=\"https:\/\/sulsc.com\/wp-content\/uploads\/2026\/02\/40dc1580-cad5-4867-bc58-c4243821ad38-1000x166.jpeg\" height=\"200\" width=\"1200\" alt=\"\" class=\"slider-25573 slide-32412 msDefaultImage\" title=\"40dc1580-cad5-4867-bc58-c4243821ad38\" \/><\/li>\n                <li style=\"display: none; width: 100%;\" class=\"slide-32766 ms-image \" aria-roledescription=\"slide\" data-date=\"2026-03-03 17:22:59\"><img src=\"https:\/\/sulsc.com\/wp-content\/uploads\/2026\/03\/271ce739-f268-41c5-8051-3de1a1750359-1000x166.jpeg\" height=\"200\" width=\"1200\" alt=\"\" class=\"slider-25573 slide-32766 msDefaultImage\" title=\"271ce739-f268-41c5-8051-3de1a1750359\" \/><\/li>\n            <\/ul>\n        <\/div>\n        \n    <\/div>\n<\/div>\n<p><strong>J\u00e1 nesta quarta-feira (17),<\/strong> o dia come\u00e7a com muitas nuvens e forma\u00e7\u00e3o de nevoeiros, sobretudo entre os planaltos e o Litoral. No amanhecer, as temperaturas ficam baixas com m\u00ednimas entre 5 e 10\u00b0C nos planaltos e Grande Florian\u00f3polis Serrana, ficando ainda mais baixas na Serra. Nas demais regi\u00f5es, m\u00ednimas entre 12 e 15\u00b0C. \u00c0 tarde esquenta e as m\u00e1ximas voltam a se aproximar dos 30\u00b0C no Grande Oeste e a variar entre 24 e 26\u00b0C nas demais regi\u00f5es.<\/p>\n<p>Fontes: Defesa Civil &#8211; SC\/Epagri-Ciram<\/p>\n","protected":false},"excerpt":{"rendered":"<p>A ter\u00e7a-feira (16) come\u00e7a com tempo inst\u00e1vel com muita nebulosidade e chuva fraca a moderada em todas as regi\u00f5es, devido \u00e0 frente fria que se afasta gradativamente para o mar. O tempo come\u00e7a a firmar a partir da tarde, come\u00e7ando pelo Extremo Oeste, com a chegada de uma massa de ar seco e frio. Ainda &hellip;<\/p>\n<p class=\"read-more\"> <a class=\"\" href=\"https:\/\/sulsc.com\/index.php\/2025\/12\/16\/nebulosidades-predominam-nesta-terca-feira-16-deixando-as-temperaturas-mais-amenas\/\"> <span class=\"screen-reader-text\">Nebulosidades predominam nesta ter\u00e7a-feira (16) deixando as temperaturas mais amenas<\/span> Read More &raquo;<\/a><\/p>\n","protected":false},"author":3,"featured_media":30915,"comment_status":"open","ping_status":"open","sticky":false,"template":"","format":"standard","meta":{"site-sidebar-layout":"default","site-content-layout":"","ast-site-content-layout":"default","site-content-style":"default","site-sidebar-style":"default","ast-global-header-display":"","ast-banner-title-visibility":"","ast-main-header-display":"","ast-hfb-above-header-display":"","ast-hfb-below-header-display":"","ast-hfb-mobile-header-display":"","site-post-title":"","ast-breadcrumbs-content":"","ast-featured-img":"","footer-sml-layout":"","theme-transparent-header-meta":"default","adv-header-id-meta":"","stick-header-meta":"","header-above-stick-meta":"","header-main-stick-meta":"","header-below-stick-meta":"","astra-migrate-meta-layouts":"set","footnotes":""},"categories":[2354,2231,1,14,38,12],"tags":[90],"yoast_head":"<!-- This site is optimized with the Yoast SEO plugin v21.4 - https:\/\/yoast.com\/wordpress\/plugins\/seo\/ -->\n<title>Nebulosidades predominam nesta ter\u00e7a-feira (16) deixando as temperaturas mais amenas -<\/title>\n<meta name=\"robots\" content=\"index, follow, max-snippet:-1, max-image-preview:large, max-video-preview:-1\" \/>\n<link rel=\"canonical\" href=\"https:\/\/sulsc.com\/index.php\/2025\/12\/16\/nebulosidades-predominam-nesta-terca-feira-16-deixando-as-temperaturas-mais-amenas\/\" \/>\n<meta property=\"og:locale\" content=\"en_US\" \/>\n<meta property=\"og:type\" content=\"article\" \/>\n<meta property=\"og:title\" content=\"Nebulosidades predominam nesta ter\u00e7a-feira (16) deixando as temperaturas mais amenas -\" \/>\n<meta property=\"og:description\" content=\"A ter\u00e7a-feira (16) come\u00e7a com tempo inst\u00e1vel com muita nebulosidade e chuva fraca a moderada em todas as regi\u00f5es, devido \u00e0 frente fria que se afasta gradativamente para o mar. O tempo come\u00e7a a firmar a partir da tarde, come\u00e7ando pelo Extremo Oeste, com a chegada de uma massa de ar seco e frio. Ainda &hellip; Nebulosidades predominam nesta ter\u00e7a-feira (16) deixando as temperaturas mais amenas Read More &raquo;\" \/>\n<meta property=\"og:url\" content=\"https:\/\/sulsc.com\/index.php\/2025\/12\/16\/nebulosidades-predominam-nesta-terca-feira-16-deixando-as-temperaturas-mais-amenas\/\" \/>\n<meta property=\"article:author\" content=\"https:\/\/www.facebook.com\/profile.php?id=61559278119680\" \/>\n<meta property=\"article:published_time\" content=\"2025-12-16T09:48:05+00:00\" \/>\n<meta property=\"og:image\" content=\"http:\/\/sulsc.com\/wp-content\/uploads\/2025\/12\/64b06ed7-1e78-4b33-a4f0-b55d1bea95f5.jpeg\" \/>\n\t<meta property=\"og:image:width\" content=\"900\" \/>\n\t<meta property=\"og:image:height\" content=\"1600\" \/>\n\t<meta property=\"og:image:type\" content=\"image\/jpeg\" \/>\n<meta name=\"author\" content=\"Reda\u00e7\u00e3o Sul SC\" \/>\n<meta name=\"twitter:card\" content=\"summary_large_image\" \/>\n<meta name=\"twitter:creator\" content=\"@https:\/\/twitter.com\/PortalSulSC\" \/>\n<meta name=\"twitter:label1\" content=\"Written by\" \/>\n\t<meta name=\"twitter:data1\" content=\"Reda\u00e7\u00e3o Sul SC\" \/>\n\t<meta name=\"twitter:label2\" content=\"Est. reading time\" \/>\n\t<meta name=\"twitter:data2\" content=\"2 minutes\" \/>\n<script type=\"application\/ld+json\" class=\"yoast-schema-graph\">{\"@context\":\"https:\/\/schema.org\",\"@graph\":[{\"@type\":\"WebPage\",\"@id\":\"https:\/\/sulsc.com\/index.php\/2025\/12\/16\/nebulosidades-predominam-nesta-terca-feira-16-deixando-as-temperaturas-mais-amenas\/\",\"url\":\"https:\/\/sulsc.com\/index.php\/2025\/12\/16\/nebulosidades-predominam-nesta-terca-feira-16-deixando-as-temperaturas-mais-amenas\/\",\"name\":\"Nebulosidades predominam nesta ter\u00e7a-feira (16) deixando as temperaturas mais amenas -\",\"isPartOf\":{\"@id\":\"https:\/\/sulsc.com\/#website\"},\"datePublished\":\"2025-12-16T09:48:05+00:00\",\"dateModified\":\"2025-12-16T09:48:05+00:00\",\"author\":{\"@id\":\"https:\/\/sulsc.com\/#\/schema\/person\/84d2fc571684f6248ba83092f07750a3\"},\"breadcrumb\":{\"@id\":\"https:\/\/sulsc.com\/index.php\/2025\/12\/16\/nebulosidades-predominam-nesta-terca-feira-16-deixando-as-temperaturas-mais-amenas\/#breadcrumb\"},\"inLanguage\":\"en-US\",\"potentialAction\":[{\"@type\":\"ReadAction\",\"target\":[\"https:\/\/sulsc.com\/index.php\/2025\/12\/16\/nebulosidades-predominam-nesta-terca-feira-16-deixando-as-temperaturas-mais-amenas\/\"]}]},{\"@type\":\"BreadcrumbList\",\"@id\":\"https:\/\/sulsc.com\/index.php\/2025\/12\/16\/nebulosidades-predominam-nesta-terca-feira-16-deixando-as-temperaturas-mais-amenas\/#breadcrumb\",\"itemListElement\":[{\"@type\":\"ListItem\",\"position\":1,\"name\":\"In\u00edcio\",\"item\":\"https:\/\/sulsc.com\/\"},{\"@type\":\"ListItem\",\"position\":2,\"name\":\"Nebulosidades predominam nesta ter\u00e7a-feira (16) deixando as temperaturas mais amenas\"}]},{\"@type\":\"WebSite\",\"@id\":\"https:\/\/sulsc.com\/#website\",\"url\":\"https:\/\/sulsc.com\/\",\"name\":\"\",\"description\":\"\",\"potentialAction\":[{\"@type\":\"SearchAction\",\"target\":{\"@type\":\"EntryPoint\",\"urlTemplate\":\"https:\/\/sulsc.com\/?s={search_term_string}\"},\"query-input\":\"required name=search_term_string\"}],\"inLanguage\":\"en-US\"},{\"@type\":\"Person\",\"@id\":\"https:\/\/sulsc.com\/#\/schema\/person\/84d2fc571684f6248ba83092f07750a3\",\"name\":\"Reda\u00e7\u00e3o Sul SC\",\"image\":{\"@type\":\"ImageObject\",\"inLanguage\":\"en-US\",\"@id\":\"https:\/\/sulsc.com\/#\/schema\/person\/image\/e08d7fe2cc4ed596372063bbe852b8d0\",\"url\":\"https:\/\/sulsc.com\/wp-content\/uploads\/2023\/09\/redacao.png\",\"contentUrl\":\"https:\/\/sulsc.com\/wp-content\/uploads\/2023\/09\/redacao.png\",\"caption\":\"Reda\u00e7\u00e3o Sul SC\"},\"description\":\"Foco em um jornalismo imparcial, voltado \u00e0 qualidade dos seus conte\u00fados e, assim, levar informa\u00e7\u00e3o de valor que agregue \u00e0 vida dos leitores. Esta \u00e9 grande miss\u00e3o do Portal de Not\u00edcias Sul SC. N\u00e3o \u00e9 quantidade que muda o mundo, sempre foi e seguir\u00e1 sendo qualidade!\",\"sameAs\":[\"https:\/\/sulsc.com\/\",\"https:\/\/www.facebook.com\/profile.php?id=61559278119680\",\"https:\/\/www.instagram.com\/sulscportal\/?hl=pt-br\",\"https:\/\/twitter.com\/https:\/\/twitter.com\/PortalSulSC\",\"https:\/\/www.youtube.com\/channel\/UCv_BE8GeySluDov2n8qhVmw\"],\"url\":\"https:\/\/sulsc.com\/index.php\/author\/redacao\/\"}]}<\/script>\n<!-- \/ Yoast SEO plugin. -->","yoast_head_json":{"title":"Nebulosidades predominam nesta ter\u00e7a-feira (16) deixando as temperaturas mais amenas -","robots":{"index":"index","follow":"follow","max-snippet":"max-snippet:-1","max-image-preview":"max-image-preview:large","max-video-preview":"max-video-preview:-1"},"canonical":"https:\/\/sulsc.com\/index.php\/2025\/12\/16\/nebulosidades-predominam-nesta-terca-feira-16-deixando-as-temperaturas-mais-amenas\/","og_locale":"en_US","og_type":"article","og_title":"Nebulosidades predominam nesta ter\u00e7a-feira (16) deixando as temperaturas mais amenas -","og_description":"A ter\u00e7a-feira (16) come\u00e7a com tempo inst\u00e1vel com muita nebulosidade e chuva fraca a moderada em todas as regi\u00f5es, devido \u00e0 frente fria que se afasta gradativamente para o mar. O tempo come\u00e7a a firmar a partir da tarde, come\u00e7ando pelo Extremo Oeste, com a chegada de uma massa de ar seco e frio. Ainda &hellip; Nebulosidades predominam nesta ter\u00e7a-feira (16) deixando as temperaturas mais amenas Read More &raquo;","og_url":"https:\/\/sulsc.com\/index.php\/2025\/12\/16\/nebulosidades-predominam-nesta-terca-feira-16-deixando-as-temperaturas-mais-amenas\/","article_author":"https:\/\/www.facebook.com\/profile.php?id=61559278119680","article_published_time":"2025-12-16T09:48:05+00:00","og_image":[{"width":900,"height":1600,"url":"http:\/\/sulsc.com\/wp-content\/uploads\/2025\/12\/64b06ed7-1e78-4b33-a4f0-b55d1bea95f5.jpeg","type":"image\/jpeg"}],"author":"Reda\u00e7\u00e3o Sul SC","twitter_card":"summary_large_image","twitter_creator":"@https:\/\/twitter.com\/PortalSulSC","twitter_misc":{"Written by":"Reda\u00e7\u00e3o Sul SC","Est. reading time":"2 minutes"},"schema":{"@context":"https:\/\/schema.org","@graph":[{"@type":"WebPage","@id":"https:\/\/sulsc.com\/index.php\/2025\/12\/16\/nebulosidades-predominam-nesta-terca-feira-16-deixando-as-temperaturas-mais-amenas\/","url":"https:\/\/sulsc.com\/index.php\/2025\/12\/16\/nebulosidades-predominam-nesta-terca-feira-16-deixando-as-temperaturas-mais-amenas\/","name":"Nebulosidades predominam nesta ter\u00e7a-feira (16) deixando as temperaturas mais amenas -","isPartOf":{"@id":"https:\/\/sulsc.com\/#website"},"datePublished":"2025-12-16T09:48:05+00:00","dateModified":"2025-12-16T09:48:05+00:00","author":{"@id":"https:\/\/sulsc.com\/#\/schema\/person\/84d2fc571684f6248ba83092f07750a3"},"breadcrumb":{"@id":"https:\/\/sulsc.com\/index.php\/2025\/12\/16\/nebulosidades-predominam-nesta-terca-feira-16-deixando-as-temperaturas-mais-amenas\/#breadcrumb"},"inLanguage":"en-US","potentialAction":[{"@type":"ReadAction","target":["https:\/\/sulsc.com\/index.php\/2025\/12\/16\/nebulosidades-predominam-nesta-terca-feira-16-deixando-as-temperaturas-mais-amenas\/"]}]},{"@type":"BreadcrumbList","@id":"https:\/\/sulsc.com\/index.php\/2025\/12\/16\/nebulosidades-predominam-nesta-terca-feira-16-deixando-as-temperaturas-mais-amenas\/#breadcrumb","itemListElement":[{"@type":"ListItem","position":1,"name":"In\u00edcio","item":"https:\/\/sulsc.com\/"},{"@type":"ListItem","position":2,"name":"Nebulosidades predominam nesta ter\u00e7a-feira (16) deixando as temperaturas mais amenas"}]},{"@type":"WebSite","@id":"https:\/\/sulsc.com\/#website","url":"https:\/\/sulsc.com\/","name":"","description":"","potentialAction":[{"@type":"SearchAction","target":{"@type":"EntryPoint","urlTemplate":"https:\/\/sulsc.com\/?s={search_term_string}"},"query-input":"required name=search_term_string"}],"inLanguage":"en-US"},{"@type":"Person","@id":"https:\/\/sulsc.com\/#\/schema\/person\/84d2fc571684f6248ba83092f07750a3","name":"Reda\u00e7\u00e3o Sul SC","image":{"@type":"ImageObject","inLanguage":"en-US","@id":"https:\/\/sulsc.com\/#\/schema\/person\/image\/e08d7fe2cc4ed596372063bbe852b8d0","url":"https:\/\/sulsc.com\/wp-content\/uploads\/2023\/09\/redacao.png","contentUrl":"https:\/\/sulsc.com\/wp-content\/uploads\/2023\/09\/redacao.png","caption":"Reda\u00e7\u00e3o Sul SC"},"description":"Foco em um jornalismo imparcial, voltado \u00e0 qualidade dos seus conte\u00fados e, assim, levar informa\u00e7\u00e3o de valor que agregue \u00e0 vida dos leitores. Esta \u00e9 grande miss\u00e3o do Portal de Not\u00edcias Sul SC. N\u00e3o \u00e9 quantidade que muda o mundo, sempre foi e seguir\u00e1 sendo qualidade!","sameAs":["https:\/\/sulsc.com\/","https:\/\/www.facebook.com\/profile.php?id=61559278119680","https:\/\/www.instagram.com\/sulscportal\/?hl=pt-br","https:\/\/twitter.com\/https:\/\/twitter.com\/PortalSulSC","https:\/\/www.youtube.com\/channel\/UCv_BE8GeySluDov2n8qhVmw"],"url":"https:\/\/sulsc.com\/index.php\/author\/redacao\/"}]}},"authors":[],"_links":{"self":[{"href":"https:\/\/sulsc.com\/index.php\/wp-json\/wp\/v2\/posts\/30913"}],"collection":[{"href":"https:\/\/sulsc.com\/index.php\/wp-json\/wp\/v2\/posts"}],"about":[{"href":"https:\/\/sulsc.com\/index.php\/wp-json\/wp\/v2\/types\/post"}],"author":[{"embeddable":true,"href":"https:\/\/sulsc.com\/index.php\/wp-json\/wp\/v2\/users\/3"}],"replies":[{"embeddable":true,"href":"https:\/\/sulsc.com\/index.php\/wp-json\/wp\/v2\/comments?post=30913"}],"version-history":[{"count":1,"href":"https:\/\/sulsc.com\/index.php\/wp-json\/wp\/v2\/posts\/30913\/revisions"}],"predecessor-version":[{"id":30916,"href":"https:\/\/sulsc.com\/index.php\/wp-json\/wp\/v2\/posts\/30913\/revisions\/30916"}],"wp:featuredmedia":[{"embeddable":true,"href":"https:\/\/sulsc.com\/index.php\/wp-json\/wp\/v2\/media\/30915"}],"wp:attachment":[{"href":"https:\/\/sulsc.com\/index.php\/wp-json\/wp\/v2\/media?parent=30913"}],"wp:term":[{"taxonomy":"category","embeddable":true,"href":"https:\/\/sulsc.com\/index.php\/wp-json\/wp\/v2\/categories?post=30913"},{"taxonomy":"post_tag","embeddable":true,"href":"https:\/\/sulsc.com\/index.php\/wp-json\/wp\/v2\/tags?post=30913"}],"curies":[{"name":"wp","href":"https:\/\/api.w.org\/{rel}","templated":true}]}}