{"id":30955,"date":"2025-12-17T07:27:38","date_gmt":"2025-12-17T10:27:38","guid":{"rendered":"https:\/\/sulsc.com\/?p=30955"},"modified":"2025-12-17T07:27:38","modified_gmt":"2025-12-17T10:27:38","slug":"quarta-feira-17-ensolarada-e-maximas-nao-passando-dos-26oc-no-litoral","status":"publish","type":"post","link":"https:\/\/sulsc.com\/index.php\/2025\/12\/17\/quarta-feira-17-ensolarada-e-maximas-nao-passando-dos-26oc-no-litoral\/","title":{"rendered":"Quarta-feira (17) ensolarada e m\u00e1ximas n\u00e3o passando dos 26\u00baC no litoral"},"content":{"rendered":"<p>A quarta-feira (17), come\u00e7a com tempo est\u00e1vel e sol predominante em todo o estado e essa condi\u00e7\u00e3o se mant\u00e9m para boa parte de SC. No litoral, a circula\u00e7\u00e3o mar\u00edtima possibilita a ocorr\u00eancia de chuva leve e isolada, sem grandes volumes associados.<\/p>\n<p><strong>Temperaturas<\/strong><\/p>\n<p>\u00c0 tarde esquenta e as m\u00e1ximas se aproximam dos 28\u00b0C no Grande Oeste e variam entre 24 e 26\u00b0C no litoral, 15 a 17\u00b0C no Planalto Sul e 20 a 23\u00b0C nas demais \u00e1reas.<\/p>\n<p><img fetchpriority=\"high\" decoding=\"async\" class=\"aligncenter size-full wp-image-30956\" src=\"http:\/\/sulsc.com\/wp-content\/uploads\/2025\/12\/image-378-1024x702-1.png\" alt=\"\" width=\"1024\" height=\"702\" srcset=\"https:\/\/sulsc.com\/wp-content\/uploads\/2025\/12\/image-378-1024x702-1.png 1024w, https:\/\/sulsc.com\/wp-content\/uploads\/2025\/12\/image-378-1024x702-1-300x206.png 300w, https:\/\/sulsc.com\/wp-content\/uploads\/2025\/12\/image-378-1024x702-1-768x527.png 768w\" sizes=\"(max-width: 1024px) 100vw, 1024px\" \/><\/p>\n<p><img decoding=\"async\" class=\"aligncenter size-full wp-image-22836\" src=\"http:\/\/sulsc.com\/wp-content\/uploads\/2025\/04\/Tempo-2.png\" alt=\"\" width=\"1024\" height=\"189\" srcset=\"https:\/\/sulsc.com\/wp-content\/uploads\/2025\/04\/Tempo-2.png 1024w, https:\/\/sulsc.com\/wp-content\/uploads\/2025\/04\/Tempo-2-300x55.png 300w, https:\/\/sulsc.com\/wp-content\/uploads\/2025\/04\/Tempo-2-768x142.png 768w\" sizes=\"(max-width: 1024px) 100vw, 1024px\" \/><\/p>\n<p><strong>Condi\u00e7\u00f5es mar\u00edtimas:<\/strong> A agita\u00e7\u00e3o mar\u00edtima diminui no decorrer do dia, mas ainda pela manh\u00e3, no Litoral Norte, as ondas de sul\/sudeste variam de 2.0 a 2.5m. Risco baixo a moderado para ocorr\u00eancias relacionadas \u00e0 agita\u00e7\u00e3o mar\u00edtima.<\/p>\n<p><strong>Ventos:<\/strong> sudeste a nordeste, fraco a moderado, com rajadas no Litoral.<\/p>\n<p><strong>Sistema predominante:<\/strong> alta press\u00e3o (massa de ar mais seco atuando em SC.<\/p>\n<div id=\"metaslider-id-25573\" style=\"width: 100%;\" class=\"ml-slider-3-99-0 metaslider metaslider-flex metaslider-25573 ml-slider has-onhover-arrows ms-theme-default-base has-dots-nav\" role=\"region\" aria-label=\"Meio\" data-width=\"1200\">\n    <div id=\"metaslider_container_25573\">\n        <div id=\"metaslider_25573\">\n            <ul class='slides'>\n                <li style=\"display: block; width: 100%;\" class=\"slide-25684 ms-image \" aria-roledescription=\"slide\" data-date=\"2025-07-24 07:55:40\"><img src=\"https:\/\/sulsc.com\/wp-content\/uploads\/2025\/07\/Marr-2-1000x166.jpg\" height=\"200\" width=\"1200\" alt=\"\" class=\"slider-25573 slide-25684 msDefaultImage\" title=\"Marr 2\" \/><\/li>\n                <li style=\"display: none; width: 100%;\" class=\"slide-32412 ms-image \" aria-roledescription=\"slide\" data-date=\"2026-02-18 13:59:46\"><img src=\"https:\/\/sulsc.com\/wp-content\/uploads\/2026\/02\/40dc1580-cad5-4867-bc58-c4243821ad38-1000x166.jpeg\" height=\"200\" width=\"1200\" alt=\"\" class=\"slider-25573 slide-32412 msDefaultImage\" title=\"40dc1580-cad5-4867-bc58-c4243821ad38\" \/><\/li>\n                <li style=\"display: none; width: 100%;\" class=\"slide-32766 ms-image \" aria-roledescription=\"slide\" data-date=\"2026-03-03 17:22:59\"><img src=\"https:\/\/sulsc.com\/wp-content\/uploads\/2026\/03\/271ce739-f268-41c5-8051-3de1a1750359-1000x166.jpeg\" height=\"200\" width=\"1200\" alt=\"\" class=\"slider-25573 slide-32766 msDefaultImage\" title=\"271ce739-f268-41c5-8051-3de1a1750359\" \/><\/li>\n            <\/ul>\n        <\/div>\n        \n    <\/div>\n<\/div>\n<p><strong>J\u00e1 amanh\u00e3 Quinta-feira (18),<\/strong> o dia ser\u00e1 de tempo firme e ensolarado em todas as regi\u00f5es de SC. As temperaturas ser\u00e3o amenas ao amanhecer e em r\u00e1pida eleva\u00e7\u00e3o durante a tarde, com m\u00e1ximas chegando aos 30\u00baC.<\/p>\n<p>Fontes: Defesa Civil &#8211; SC\/Epagri-Ciram<\/p>\n","protected":false},"excerpt":{"rendered":"<p>A quarta-feira (17), come\u00e7a com tempo est\u00e1vel e sol predominante em todo o estado e essa condi\u00e7\u00e3o se mant\u00e9m para boa parte de SC. No litoral, a circula\u00e7\u00e3o mar\u00edtima possibilita a ocorr\u00eancia de chuva leve e isolada, sem grandes volumes associados. Temperaturas \u00c0 tarde esquenta e as m\u00e1ximas se aproximam dos 28\u00b0C no Grande Oeste &hellip;<\/p>\n<p class=\"read-more\"> <a class=\"\" href=\"https:\/\/sulsc.com\/index.php\/2025\/12\/17\/quarta-feira-17-ensolarada-e-maximas-nao-passando-dos-26oc-no-litoral\/\"> <span class=\"screen-reader-text\">Quarta-feira (17) ensolarada e m\u00e1ximas n\u00e3o passando dos 26\u00baC no litoral<\/span> Read More &raquo;<\/a><\/p>\n","protected":false},"author":3,"featured_media":16524,"comment_status":"open","ping_status":"open","sticky":false,"template":"","format":"standard","meta":{"site-sidebar-layout":"default","site-content-layout":"","ast-site-content-layout":"default","site-content-style":"default","site-sidebar-style":"default","ast-global-header-display":"","ast-banner-title-visibility":"","ast-main-header-display":"","ast-hfb-above-header-display":"","ast-hfb-below-header-display":"","ast-hfb-mobile-header-display":"","site-post-title":"","ast-breadcrumbs-content":"","ast-featured-img":"","footer-sml-layout":"","theme-transparent-header-meta":"default","adv-header-id-meta":"","stick-header-meta":"","header-above-stick-meta":"","header-main-stick-meta":"","header-below-stick-meta":"","astra-migrate-meta-layouts":"set","footnotes":""},"categories":[2354,2231,1,38,12],"tags":[90],"yoast_head":"<!-- This site is optimized with the Yoast SEO plugin v21.4 - https:\/\/yoast.com\/wordpress\/plugins\/seo\/ -->\n<title>Quarta-feira (17) ensolarada e m\u00e1ximas n\u00e3o passando dos 26\u00baC no litoral -<\/title>\n<meta name=\"robots\" content=\"index, follow, max-snippet:-1, max-image-preview:large, max-video-preview:-1\" \/>\n<link rel=\"canonical\" href=\"https:\/\/sulsc.com\/index.php\/2025\/12\/17\/quarta-feira-17-ensolarada-e-maximas-nao-passando-dos-26oc-no-litoral\/\" \/>\n<meta property=\"og:locale\" content=\"en_US\" \/>\n<meta property=\"og:type\" content=\"article\" \/>\n<meta property=\"og:title\" content=\"Quarta-feira (17) ensolarada e m\u00e1ximas n\u00e3o passando dos 26\u00baC no litoral -\" \/>\n<meta property=\"og:description\" content=\"A quarta-feira (17), come\u00e7a com tempo est\u00e1vel e sol predominante em todo o estado e essa condi\u00e7\u00e3o se mant\u00e9m para boa parte de SC. No litoral, a circula\u00e7\u00e3o mar\u00edtima possibilita a ocorr\u00eancia de chuva leve e isolada, sem grandes volumes associados. Temperaturas \u00c0 tarde esquenta e as m\u00e1ximas se aproximam dos 28\u00b0C no Grande Oeste &hellip; Quarta-feira (17) ensolarada e m\u00e1ximas n\u00e3o passando dos 26\u00baC no litoral Read More &raquo;\" \/>\n<meta property=\"og:url\" content=\"https:\/\/sulsc.com\/index.php\/2025\/12\/17\/quarta-feira-17-ensolarada-e-maximas-nao-passando-dos-26oc-no-litoral\/\" \/>\n<meta property=\"article:author\" content=\"https:\/\/www.facebook.com\/profile.php?id=61559278119680\" \/>\n<meta property=\"article:published_time\" content=\"2025-12-17T10:27:38+00:00\" \/>\n<meta property=\"og:image\" content=\"http:\/\/sulsc.com\/wp-content\/uploads\/2024\/10\/Tempo-scaled.jpg\" \/>\n\t<meta property=\"og:image:width\" content=\"2560\" \/>\n\t<meta property=\"og:image:height\" content=\"1151\" \/>\n\t<meta property=\"og:image:type\" content=\"image\/jpeg\" \/>\n<meta name=\"author\" content=\"Reda\u00e7\u00e3o Sul SC\" \/>\n<meta name=\"twitter:card\" content=\"summary_large_image\" \/>\n<meta name=\"twitter:creator\" content=\"@https:\/\/twitter.com\/PortalSulSC\" \/>\n<meta name=\"twitter:label1\" content=\"Written by\" \/>\n\t<meta name=\"twitter:data1\" content=\"Reda\u00e7\u00e3o Sul SC\" \/>\n\t<meta name=\"twitter:label2\" content=\"Est. reading time\" \/>\n\t<meta name=\"twitter:data2\" content=\"2 minutes\" \/>\n<script type=\"application\/ld+json\" class=\"yoast-schema-graph\">{\"@context\":\"https:\/\/schema.org\",\"@graph\":[{\"@type\":\"WebPage\",\"@id\":\"https:\/\/sulsc.com\/index.php\/2025\/12\/17\/quarta-feira-17-ensolarada-e-maximas-nao-passando-dos-26oc-no-litoral\/\",\"url\":\"https:\/\/sulsc.com\/index.php\/2025\/12\/17\/quarta-feira-17-ensolarada-e-maximas-nao-passando-dos-26oc-no-litoral\/\",\"name\":\"Quarta-feira (17) ensolarada e m\u00e1ximas n\u00e3o passando dos 26\u00baC no litoral -\",\"isPartOf\":{\"@id\":\"https:\/\/sulsc.com\/#website\"},\"datePublished\":\"2025-12-17T10:27:38+00:00\",\"dateModified\":\"2025-12-17T10:27:38+00:00\",\"author\":{\"@id\":\"https:\/\/sulsc.com\/#\/schema\/person\/84d2fc571684f6248ba83092f07750a3\"},\"breadcrumb\":{\"@id\":\"https:\/\/sulsc.com\/index.php\/2025\/12\/17\/quarta-feira-17-ensolarada-e-maximas-nao-passando-dos-26oc-no-litoral\/#breadcrumb\"},\"inLanguage\":\"en-US\",\"potentialAction\":[{\"@type\":\"ReadAction\",\"target\":[\"https:\/\/sulsc.com\/index.php\/2025\/12\/17\/quarta-feira-17-ensolarada-e-maximas-nao-passando-dos-26oc-no-litoral\/\"]}]},{\"@type\":\"BreadcrumbList\",\"@id\":\"https:\/\/sulsc.com\/index.php\/2025\/12\/17\/quarta-feira-17-ensolarada-e-maximas-nao-passando-dos-26oc-no-litoral\/#breadcrumb\",\"itemListElement\":[{\"@type\":\"ListItem\",\"position\":1,\"name\":\"In\u00edcio\",\"item\":\"https:\/\/sulsc.com\/\"},{\"@type\":\"ListItem\",\"position\":2,\"name\":\"Quarta-feira (17) ensolarada e m\u00e1ximas n\u00e3o passando dos 26\u00baC no litoral\"}]},{\"@type\":\"WebSite\",\"@id\":\"https:\/\/sulsc.com\/#website\",\"url\":\"https:\/\/sulsc.com\/\",\"name\":\"\",\"description\":\"\",\"potentialAction\":[{\"@type\":\"SearchAction\",\"target\":{\"@type\":\"EntryPoint\",\"urlTemplate\":\"https:\/\/sulsc.com\/?s={search_term_string}\"},\"query-input\":\"required name=search_term_string\"}],\"inLanguage\":\"en-US\"},{\"@type\":\"Person\",\"@id\":\"https:\/\/sulsc.com\/#\/schema\/person\/84d2fc571684f6248ba83092f07750a3\",\"name\":\"Reda\u00e7\u00e3o Sul SC\",\"image\":{\"@type\":\"ImageObject\",\"inLanguage\":\"en-US\",\"@id\":\"https:\/\/sulsc.com\/#\/schema\/person\/image\/e08d7fe2cc4ed596372063bbe852b8d0\",\"url\":\"https:\/\/sulsc.com\/wp-content\/uploads\/2023\/09\/redacao.png\",\"contentUrl\":\"https:\/\/sulsc.com\/wp-content\/uploads\/2023\/09\/redacao.png\",\"caption\":\"Reda\u00e7\u00e3o Sul SC\"},\"description\":\"Foco em um jornalismo imparcial, voltado \u00e0 qualidade dos seus conte\u00fados e, assim, levar informa\u00e7\u00e3o de valor que agregue \u00e0 vida dos leitores. Esta \u00e9 grande miss\u00e3o do Portal de Not\u00edcias Sul SC. N\u00e3o \u00e9 quantidade que muda o mundo, sempre foi e seguir\u00e1 sendo qualidade!\",\"sameAs\":[\"https:\/\/sulsc.com\/\",\"https:\/\/www.facebook.com\/profile.php?id=61559278119680\",\"https:\/\/www.instagram.com\/sulscportal\/?hl=pt-br\",\"https:\/\/twitter.com\/https:\/\/twitter.com\/PortalSulSC\",\"https:\/\/www.youtube.com\/channel\/UCv_BE8GeySluDov2n8qhVmw\"],\"url\":\"https:\/\/sulsc.com\/index.php\/author\/redacao\/\"}]}<\/script>\n<!-- \/ Yoast SEO plugin. -->","yoast_head_json":{"title":"Quarta-feira (17) ensolarada e m\u00e1ximas n\u00e3o passando dos 26\u00baC no litoral -","robots":{"index":"index","follow":"follow","max-snippet":"max-snippet:-1","max-image-preview":"max-image-preview:large","max-video-preview":"max-video-preview:-1"},"canonical":"https:\/\/sulsc.com\/index.php\/2025\/12\/17\/quarta-feira-17-ensolarada-e-maximas-nao-passando-dos-26oc-no-litoral\/","og_locale":"en_US","og_type":"article","og_title":"Quarta-feira (17) ensolarada e m\u00e1ximas n\u00e3o passando dos 26\u00baC no litoral -","og_description":"A quarta-feira (17), come\u00e7a com tempo est\u00e1vel e sol predominante em todo o estado e essa condi\u00e7\u00e3o se mant\u00e9m para boa parte de SC. No litoral, a circula\u00e7\u00e3o mar\u00edtima possibilita a ocorr\u00eancia de chuva leve e isolada, sem grandes volumes associados. Temperaturas \u00c0 tarde esquenta e as m\u00e1ximas se aproximam dos 28\u00b0C no Grande Oeste &hellip; Quarta-feira (17) ensolarada e m\u00e1ximas n\u00e3o passando dos 26\u00baC no litoral Read More &raquo;","og_url":"https:\/\/sulsc.com\/index.php\/2025\/12\/17\/quarta-feira-17-ensolarada-e-maximas-nao-passando-dos-26oc-no-litoral\/","article_author":"https:\/\/www.facebook.com\/profile.php?id=61559278119680","article_published_time":"2025-12-17T10:27:38+00:00","og_image":[{"width":2560,"height":1151,"url":"http:\/\/sulsc.com\/wp-content\/uploads\/2024\/10\/Tempo-scaled.jpg","type":"image\/jpeg"}],"author":"Reda\u00e7\u00e3o Sul SC","twitter_card":"summary_large_image","twitter_creator":"@https:\/\/twitter.com\/PortalSulSC","twitter_misc":{"Written by":"Reda\u00e7\u00e3o Sul SC","Est. reading time":"2 minutes"},"schema":{"@context":"https:\/\/schema.org","@graph":[{"@type":"WebPage","@id":"https:\/\/sulsc.com\/index.php\/2025\/12\/17\/quarta-feira-17-ensolarada-e-maximas-nao-passando-dos-26oc-no-litoral\/","url":"https:\/\/sulsc.com\/index.php\/2025\/12\/17\/quarta-feira-17-ensolarada-e-maximas-nao-passando-dos-26oc-no-litoral\/","name":"Quarta-feira (17) ensolarada e m\u00e1ximas n\u00e3o passando dos 26\u00baC no litoral -","isPartOf":{"@id":"https:\/\/sulsc.com\/#website"},"datePublished":"2025-12-17T10:27:38+00:00","dateModified":"2025-12-17T10:27:38+00:00","author":{"@id":"https:\/\/sulsc.com\/#\/schema\/person\/84d2fc571684f6248ba83092f07750a3"},"breadcrumb":{"@id":"https:\/\/sulsc.com\/index.php\/2025\/12\/17\/quarta-feira-17-ensolarada-e-maximas-nao-passando-dos-26oc-no-litoral\/#breadcrumb"},"inLanguage":"en-US","potentialAction":[{"@type":"ReadAction","target":["https:\/\/sulsc.com\/index.php\/2025\/12\/17\/quarta-feira-17-ensolarada-e-maximas-nao-passando-dos-26oc-no-litoral\/"]}]},{"@type":"BreadcrumbList","@id":"https:\/\/sulsc.com\/index.php\/2025\/12\/17\/quarta-feira-17-ensolarada-e-maximas-nao-passando-dos-26oc-no-litoral\/#breadcrumb","itemListElement":[{"@type":"ListItem","position":1,"name":"In\u00edcio","item":"https:\/\/sulsc.com\/"},{"@type":"ListItem","position":2,"name":"Quarta-feira (17) ensolarada e m\u00e1ximas n\u00e3o passando dos 26\u00baC no litoral"}]},{"@type":"WebSite","@id":"https:\/\/sulsc.com\/#website","url":"https:\/\/sulsc.com\/","name":"","description":"","potentialAction":[{"@type":"SearchAction","target":{"@type":"EntryPoint","urlTemplate":"https:\/\/sulsc.com\/?s={search_term_string}"},"query-input":"required name=search_term_string"}],"inLanguage":"en-US"},{"@type":"Person","@id":"https:\/\/sulsc.com\/#\/schema\/person\/84d2fc571684f6248ba83092f07750a3","name":"Reda\u00e7\u00e3o Sul SC","image":{"@type":"ImageObject","inLanguage":"en-US","@id":"https:\/\/sulsc.com\/#\/schema\/person\/image\/e08d7fe2cc4ed596372063bbe852b8d0","url":"https:\/\/sulsc.com\/wp-content\/uploads\/2023\/09\/redacao.png","contentUrl":"https:\/\/sulsc.com\/wp-content\/uploads\/2023\/09\/redacao.png","caption":"Reda\u00e7\u00e3o Sul SC"},"description":"Foco em um jornalismo imparcial, voltado \u00e0 qualidade dos seus conte\u00fados e, assim, levar informa\u00e7\u00e3o de valor que agregue \u00e0 vida dos leitores. Esta \u00e9 grande miss\u00e3o do Portal de Not\u00edcias Sul SC. N\u00e3o \u00e9 quantidade que muda o mundo, sempre foi e seguir\u00e1 sendo qualidade!","sameAs":["https:\/\/sulsc.com\/","https:\/\/www.facebook.com\/profile.php?id=61559278119680","https:\/\/www.instagram.com\/sulscportal\/?hl=pt-br","https:\/\/twitter.com\/https:\/\/twitter.com\/PortalSulSC","https:\/\/www.youtube.com\/channel\/UCv_BE8GeySluDov2n8qhVmw"],"url":"https:\/\/sulsc.com\/index.php\/author\/redacao\/"}]}},"authors":[],"_links":{"self":[{"href":"https:\/\/sulsc.com\/index.php\/wp-json\/wp\/v2\/posts\/30955"}],"collection":[{"href":"https:\/\/sulsc.com\/index.php\/wp-json\/wp\/v2\/posts"}],"about":[{"href":"https:\/\/sulsc.com\/index.php\/wp-json\/wp\/v2\/types\/post"}],"author":[{"embeddable":true,"href":"https:\/\/sulsc.com\/index.php\/wp-json\/wp\/v2\/users\/3"}],"replies":[{"embeddable":true,"href":"https:\/\/sulsc.com\/index.php\/wp-json\/wp\/v2\/comments?post=30955"}],"version-history":[{"count":1,"href":"https:\/\/sulsc.com\/index.php\/wp-json\/wp\/v2\/posts\/30955\/revisions"}],"predecessor-version":[{"id":30957,"href":"https:\/\/sulsc.com\/index.php\/wp-json\/wp\/v2\/posts\/30955\/revisions\/30957"}],"wp:featuredmedia":[{"embeddable":true,"href":"https:\/\/sulsc.com\/index.php\/wp-json\/wp\/v2\/media\/16524"}],"wp:attachment":[{"href":"https:\/\/sulsc.com\/index.php\/wp-json\/wp\/v2\/media?parent=30955"}],"wp:term":[{"taxonomy":"category","embeddable":true,"href":"https:\/\/sulsc.com\/index.php\/wp-json\/wp\/v2\/categories?post=30955"},{"taxonomy":"post_tag","embeddable":true,"href":"https:\/\/sulsc.com\/index.php\/wp-json\/wp\/v2\/tags?post=30955"}],"curies":[{"name":"wp","href":"https:\/\/api.w.org\/{rel}","templated":true}]}}