{"id":31000,"date":"2025-12-18T14:57:56","date_gmt":"2025-12-18T17:57:56","guid":{"rendered":"https:\/\/sulsc.com\/?p=31000"},"modified":"2025-12-18T14:59:13","modified_gmt":"2025-12-18T17:59:13","slug":"acidente-na-sc-370-em-gravatal-envolve-quatro-veiculos-na-manha-desta-quinta-feira-18","status":"publish","type":"post","link":"https:\/\/sulsc.com\/index.php\/2025\/12\/18\/acidente-na-sc-370-em-gravatal-envolve-quatro-veiculos-na-manha-desta-quinta-feira-18\/","title":{"rendered":"Acidente na SC-370 em Gravatal envolve quatro ve\u00edculos na manh\u00e3 desta quinta-feira (18)"},"content":{"rendered":"<p><span dir=\"auto\" style=\"vertical-align: inherit;\"><span dir=\"auto\" style=\"vertical-align: inherit;\">Na manh\u00e3 desta quinta-feira (18), por volta das 09h, o Corpo de Bombeiros (CBMSC) foi acionado para atender um acidente envolvendo quatro ve\u00edculos na Rodovia SC-370, em Gravatal. Apesar do n\u00famero de ve\u00edculos envolvidos n\u00e3o houve v\u00edtimas em estado grave.<\/span><\/span><\/p>\n<div id=\"metaslider-id-25573\" style=\"width: 100%;\" class=\"ml-slider-3-99-0 metaslider metaslider-flex metaslider-25573 ml-slider has-onhover-arrows ms-theme-default-base has-dots-nav\" role=\"region\" aria-label=\"Meio\" data-width=\"1200\">\n    <div id=\"metaslider_container_25573\">\n        <div id=\"metaslider_25573\">\n            <ul class='slides'>\n                <li style=\"display: block; width: 100%;\" class=\"slide-25684 ms-image \" aria-roledescription=\"slide\" data-date=\"2025-07-24 07:55:40\"><img src=\"https:\/\/sulsc.com\/wp-content\/uploads\/2025\/07\/Marr-2-1000x166.jpg\" height=\"200\" width=\"1200\" alt=\"\" class=\"slider-25573 slide-25684 msDefaultImage\" title=\"Marr 2\" \/><\/li>\n                <li style=\"display: none; width: 100%;\" class=\"slide-32412 ms-image \" aria-roledescription=\"slide\" data-date=\"2026-02-18 13:59:46\"><img src=\"https:\/\/sulsc.com\/wp-content\/uploads\/2026\/02\/40dc1580-cad5-4867-bc58-c4243821ad38-1000x166.jpeg\" height=\"200\" width=\"1200\" alt=\"\" class=\"slider-25573 slide-32412 msDefaultImage\" title=\"40dc1580-cad5-4867-bc58-c4243821ad38\" \/><\/li>\n                <li style=\"display: none; width: 100%;\" class=\"slide-32766 ms-image \" aria-roledescription=\"slide\" data-date=\"2026-03-03 17:22:59\"><img src=\"https:\/\/sulsc.com\/wp-content\/uploads\/2026\/03\/271ce739-f268-41c5-8051-3de1a1750359-1000x166.jpeg\" height=\"200\" width=\"1200\" alt=\"\" class=\"slider-25573 slide-32766 msDefaultImage\" title=\"271ce739-f268-41c5-8051-3de1a1750359\" \/><\/li>\n            <\/ul>\n        <\/div>\n        \n    <\/div>\n<\/div>\n<p><span dir=\"auto\" style=\"vertical-align: inherit;\"><span dir=\"auto\" style=\"vertical-align: inherit;\">A equipe do Corpo de Bombeiros conteve rapidamente o vazamento de combust\u00edvel, causado no impacto dos ve\u00edculos, utilizando material absorvente. A \u00e1rea foi toda sinalizada e isolada.<\/span><\/span><\/p>\n<p><img fetchpriority=\"high\" decoding=\"async\" class=\"aligncenter size-full wp-image-31001\" src=\"http:\/\/sulsc.com\/wp-content\/uploads\/2025\/12\/3a1c3142-b8db-45c6-8956-f6c8f8793925.jpeg\" alt=\"\" width=\"960\" height=\"1280\" srcset=\"https:\/\/sulsc.com\/wp-content\/uploads\/2025\/12\/3a1c3142-b8db-45c6-8956-f6c8f8793925.jpeg 960w, https:\/\/sulsc.com\/wp-content\/uploads\/2025\/12\/3a1c3142-b8db-45c6-8956-f6c8f8793925-225x300.jpeg 225w, https:\/\/sulsc.com\/wp-content\/uploads\/2025\/12\/3a1c3142-b8db-45c6-8956-f6c8f8793925-768x1024.jpeg 768w\" sizes=\"(max-width: 960px) 100vw, 960px\" \/><\/p>\n<p><span dir=\"auto\" style=\"vertical-align: inherit;\"><span dir=\"auto\" style=\"vertical-align: inherit;\">Fotos: CBMSC\/Divulga\u00e7\u00e3o\/SulSC<\/span><\/span><\/p>\n<p><strong><span dir=\"auto\" style=\"vertical-align: inherit;\"><span dir=\"auto\" style=\"vertical-align: inherit;\">Ve\u00edculo 1<\/span><\/span><\/strong><span dir=\"auto\" style=\"vertical-align: inherit;\"><span dir=\"auto\" style=\"vertical-align: inherit;\"> &#8211; Chevrolet Onix: Condutor, consciente e orientado, dedicado atendimento hospitalar.<\/span><\/span><\/p>\n<p><strong><span dir=\"auto\" style=\"vertical-align: inherit;\"><span dir=\"auto\" style=\"vertical-align: inherit;\">Ve\u00edculo 2<\/span><\/span><\/strong><span dir=\"auto\" style=\"vertical-align: inherit;\"><span dir=\"auto\" style=\"vertical-align: inherit;\"> &#8211; Toyota Hilux: Condutor de 80 anos, com suspeita de fratura, foi encaminhado ao Hospital Santo Ant\u00f4nio.<\/span><\/span><\/p>\n<p><strong><span dir=\"auto\" style=\"vertical-align: inherit;\"><span dir=\"auto\" style=\"vertical-align: inherit;\">Ve\u00edculo 3<\/span><\/span><\/strong><span dir=\"auto\" style=\"vertical-align: inherit;\"><span dir=\"auto\" style=\"vertical-align: inherit;\"> &#8211; Volkswagen Gol: Condutor de 74 anos, com escoria\u00e7\u00f5es, tamb\u00e9m foi levado ao hospital.<\/span><\/span><\/p>\n<p><strong><span dir=\"auto\" style=\"vertical-align: inherit;\"><span dir=\"auto\" style=\"vertical-align: inherit;\">Ve\u00edculo 4<\/span><\/span><\/strong><span dir=\"auto\" style=\"vertical-align: inherit;\"><span dir=\"auto\" style=\"vertical-align: inherit;\"> &#8211; Fiat Strada: Condutor de 36 anos, consciente, escolhido encaminhamento m\u00e9dico.<\/span><\/span><\/p>\n<p><span dir=\"auto\" style=\"vertical-align: inherit;\"><span dir=\"auto\" style=\"vertical-align: inherit;\">A Pol\u00edcia Rodovi\u00e1ria Estadual de Gravatal ficou respons\u00e1vel pela remo\u00e7\u00e3o dos ve\u00edculos e pela lavagem da pista, garantindo a seguran\u00e7a na rodovia.<\/span><\/span><\/p>\n","protected":false},"excerpt":{"rendered":"<p>Na manh\u00e3 desta quinta-feira (18), por volta das 09h, o Corpo de Bombeiros (CBMSC) foi acionado para atender um acidente envolvendo quatro ve\u00edculos na Rodovia SC-370, em Gravatal. Apesar do n\u00famero de ve\u00edculos envolvidos n\u00e3o houve v\u00edtimas em estado grave. A equipe do Corpo de Bombeiros conteve rapidamente o vazamento de combust\u00edvel, causado no impacto &hellip;<\/p>\n<p class=\"read-more\"> <a class=\"\" href=\"https:\/\/sulsc.com\/index.php\/2025\/12\/18\/acidente-na-sc-370-em-gravatal-envolve-quatro-veiculos-na-manha-desta-quinta-feira-18\/\"> <span class=\"screen-reader-text\">Acidente na SC-370 em Gravatal envolve quatro ve\u00edculos na manh\u00e3 desta quinta-feira (18)<\/span> Read More &raquo;<\/a><\/p>\n","protected":false},"author":3,"featured_media":31002,"comment_status":"open","ping_status":"open","sticky":false,"template":"","format":"standard","meta":{"site-sidebar-layout":"default","site-content-layout":"","ast-site-content-layout":"default","site-content-style":"default","site-sidebar-style":"default","ast-global-header-display":"","ast-banner-title-visibility":"","ast-main-header-display":"","ast-hfb-above-header-display":"","ast-hfb-below-header-display":"","ast-hfb-mobile-header-display":"","site-post-title":"","ast-breadcrumbs-content":"","ast-featured-img":"","footer-sml-layout":"","theme-transparent-header-meta":"default","adv-header-id-meta":"","stick-header-meta":"","header-above-stick-meta":"","header-main-stick-meta":"","header-below-stick-meta":"","astra-migrate-meta-layouts":"set","footnotes":""},"categories":[2354,14,12],"tags":[224],"yoast_head":"<!-- This site is optimized with the Yoast SEO plugin v21.4 - https:\/\/yoast.com\/wordpress\/plugins\/seo\/ -->\n<title>Acidente na SC-370 em Gravatal envolve quatro ve\u00edculos na manh\u00e3 desta quinta-feira (18) -<\/title>\n<meta name=\"robots\" content=\"index, follow, max-snippet:-1, max-image-preview:large, max-video-preview:-1\" \/>\n<link rel=\"canonical\" href=\"https:\/\/sulsc.com\/index.php\/2025\/12\/18\/acidente-na-sc-370-em-gravatal-envolve-quatro-veiculos-na-manha-desta-quinta-feira-18\/\" \/>\n<meta property=\"og:locale\" content=\"en_US\" \/>\n<meta property=\"og:type\" content=\"article\" \/>\n<meta property=\"og:title\" content=\"Acidente na SC-370 em Gravatal envolve quatro ve\u00edculos na manh\u00e3 desta quinta-feira (18) -\" \/>\n<meta property=\"og:description\" content=\"Na manh\u00e3 desta quinta-feira (18), por volta das 09h, o Corpo de Bombeiros (CBMSC) foi acionado para atender um acidente envolvendo quatro ve\u00edculos na Rodovia SC-370, em Gravatal. Apesar do n\u00famero de ve\u00edculos envolvidos n\u00e3o houve v\u00edtimas em estado grave. A equipe do Corpo de Bombeiros conteve rapidamente o vazamento de combust\u00edvel, causado no impacto &hellip; Acidente na SC-370 em Gravatal envolve quatro ve\u00edculos na manh\u00e3 desta quinta-feira (18) Read More &raquo;\" \/>\n<meta property=\"og:url\" content=\"https:\/\/sulsc.com\/index.php\/2025\/12\/18\/acidente-na-sc-370-em-gravatal-envolve-quatro-veiculos-na-manha-desta-quinta-feira-18\/\" \/>\n<meta property=\"article:author\" content=\"https:\/\/www.facebook.com\/profile.php?id=61559278119680\" \/>\n<meta property=\"article:published_time\" content=\"2025-12-18T17:57:56+00:00\" \/>\n<meta property=\"article:modified_time\" content=\"2025-12-18T17:59:13+00:00\" \/>\n<meta property=\"og:image\" content=\"http:\/\/sulsc.com\/wp-content\/uploads\/2025\/12\/09eb5732-7160-4fd5-be05-4f3127d9d481.jpeg\" \/>\n\t<meta property=\"og:image:width\" content=\"1280\" \/>\n\t<meta property=\"og:image:height\" content=\"960\" \/>\n\t<meta property=\"og:image:type\" content=\"image\/jpeg\" \/>\n<meta name=\"author\" content=\"Reda\u00e7\u00e3o Sul SC\" \/>\n<meta name=\"twitter:card\" content=\"summary_large_image\" \/>\n<meta name=\"twitter:creator\" content=\"@https:\/\/twitter.com\/PortalSulSC\" \/>\n<meta name=\"twitter:label1\" content=\"Written by\" \/>\n\t<meta name=\"twitter:data1\" content=\"Reda\u00e7\u00e3o Sul SC\" \/>\n\t<meta name=\"twitter:label2\" content=\"Est. reading time\" \/>\n\t<meta name=\"twitter:data2\" content=\"1 minute\" \/>\n<script type=\"application\/ld+json\" class=\"yoast-schema-graph\">{\"@context\":\"https:\/\/schema.org\",\"@graph\":[{\"@type\":\"WebPage\",\"@id\":\"https:\/\/sulsc.com\/index.php\/2025\/12\/18\/acidente-na-sc-370-em-gravatal-envolve-quatro-veiculos-na-manha-desta-quinta-feira-18\/\",\"url\":\"https:\/\/sulsc.com\/index.php\/2025\/12\/18\/acidente-na-sc-370-em-gravatal-envolve-quatro-veiculos-na-manha-desta-quinta-feira-18\/\",\"name\":\"Acidente na SC-370 em Gravatal envolve quatro ve\u00edculos na manh\u00e3 desta quinta-feira (18) -\",\"isPartOf\":{\"@id\":\"https:\/\/sulsc.com\/#website\"},\"datePublished\":\"2025-12-18T17:57:56+00:00\",\"dateModified\":\"2025-12-18T17:59:13+00:00\",\"author\":{\"@id\":\"https:\/\/sulsc.com\/#\/schema\/person\/84d2fc571684f6248ba83092f07750a3\"},\"breadcrumb\":{\"@id\":\"https:\/\/sulsc.com\/index.php\/2025\/12\/18\/acidente-na-sc-370-em-gravatal-envolve-quatro-veiculos-na-manha-desta-quinta-feira-18\/#breadcrumb\"},\"inLanguage\":\"en-US\",\"potentialAction\":[{\"@type\":\"ReadAction\",\"target\":[\"https:\/\/sulsc.com\/index.php\/2025\/12\/18\/acidente-na-sc-370-em-gravatal-envolve-quatro-veiculos-na-manha-desta-quinta-feira-18\/\"]}]},{\"@type\":\"BreadcrumbList\",\"@id\":\"https:\/\/sulsc.com\/index.php\/2025\/12\/18\/acidente-na-sc-370-em-gravatal-envolve-quatro-veiculos-na-manha-desta-quinta-feira-18\/#breadcrumb\",\"itemListElement\":[{\"@type\":\"ListItem\",\"position\":1,\"name\":\"In\u00edcio\",\"item\":\"https:\/\/sulsc.com\/\"},{\"@type\":\"ListItem\",\"position\":2,\"name\":\"Acidente na SC-370 em Gravatal envolve quatro ve\u00edculos na manh\u00e3 desta quinta-feira (18)\"}]},{\"@type\":\"WebSite\",\"@id\":\"https:\/\/sulsc.com\/#website\",\"url\":\"https:\/\/sulsc.com\/\",\"name\":\"\",\"description\":\"\",\"potentialAction\":[{\"@type\":\"SearchAction\",\"target\":{\"@type\":\"EntryPoint\",\"urlTemplate\":\"https:\/\/sulsc.com\/?s={search_term_string}\"},\"query-input\":\"required name=search_term_string\"}],\"inLanguage\":\"en-US\"},{\"@type\":\"Person\",\"@id\":\"https:\/\/sulsc.com\/#\/schema\/person\/84d2fc571684f6248ba83092f07750a3\",\"name\":\"Reda\u00e7\u00e3o Sul SC\",\"image\":{\"@type\":\"ImageObject\",\"inLanguage\":\"en-US\",\"@id\":\"https:\/\/sulsc.com\/#\/schema\/person\/image\/e08d7fe2cc4ed596372063bbe852b8d0\",\"url\":\"https:\/\/sulsc.com\/wp-content\/uploads\/2023\/09\/redacao.png\",\"contentUrl\":\"https:\/\/sulsc.com\/wp-content\/uploads\/2023\/09\/redacao.png\",\"caption\":\"Reda\u00e7\u00e3o Sul SC\"},\"description\":\"Foco em um jornalismo imparcial, voltado \u00e0 qualidade dos seus conte\u00fados e, assim, levar informa\u00e7\u00e3o de valor que agregue \u00e0 vida dos leitores. Esta \u00e9 grande miss\u00e3o do Portal de Not\u00edcias Sul SC. N\u00e3o \u00e9 quantidade que muda o mundo, sempre foi e seguir\u00e1 sendo qualidade!\",\"sameAs\":[\"https:\/\/sulsc.com\/\",\"https:\/\/www.facebook.com\/profile.php?id=61559278119680\",\"https:\/\/www.instagram.com\/sulscportal\/?hl=pt-br\",\"https:\/\/twitter.com\/https:\/\/twitter.com\/PortalSulSC\",\"https:\/\/www.youtube.com\/channel\/UCv_BE8GeySluDov2n8qhVmw\"],\"url\":\"https:\/\/sulsc.com\/index.php\/author\/redacao\/\"}]}<\/script>\n<!-- \/ Yoast SEO plugin. -->","yoast_head_json":{"title":"Acidente na SC-370 em Gravatal envolve quatro ve\u00edculos na manh\u00e3 desta quinta-feira (18) -","robots":{"index":"index","follow":"follow","max-snippet":"max-snippet:-1","max-image-preview":"max-image-preview:large","max-video-preview":"max-video-preview:-1"},"canonical":"https:\/\/sulsc.com\/index.php\/2025\/12\/18\/acidente-na-sc-370-em-gravatal-envolve-quatro-veiculos-na-manha-desta-quinta-feira-18\/","og_locale":"en_US","og_type":"article","og_title":"Acidente na SC-370 em Gravatal envolve quatro ve\u00edculos na manh\u00e3 desta quinta-feira (18) -","og_description":"Na manh\u00e3 desta quinta-feira (18), por volta das 09h, o Corpo de Bombeiros (CBMSC) foi acionado para atender um acidente envolvendo quatro ve\u00edculos na Rodovia SC-370, em Gravatal. Apesar do n\u00famero de ve\u00edculos envolvidos n\u00e3o houve v\u00edtimas em estado grave. A equipe do Corpo de Bombeiros conteve rapidamente o vazamento de combust\u00edvel, causado no impacto &hellip; Acidente na SC-370 em Gravatal envolve quatro ve\u00edculos na manh\u00e3 desta quinta-feira (18) Read More &raquo;","og_url":"https:\/\/sulsc.com\/index.php\/2025\/12\/18\/acidente-na-sc-370-em-gravatal-envolve-quatro-veiculos-na-manha-desta-quinta-feira-18\/","article_author":"https:\/\/www.facebook.com\/profile.php?id=61559278119680","article_published_time":"2025-12-18T17:57:56+00:00","article_modified_time":"2025-12-18T17:59:13+00:00","og_image":[{"width":1280,"height":960,"url":"http:\/\/sulsc.com\/wp-content\/uploads\/2025\/12\/09eb5732-7160-4fd5-be05-4f3127d9d481.jpeg","type":"image\/jpeg"}],"author":"Reda\u00e7\u00e3o Sul SC","twitter_card":"summary_large_image","twitter_creator":"@https:\/\/twitter.com\/PortalSulSC","twitter_misc":{"Written by":"Reda\u00e7\u00e3o Sul SC","Est. reading time":"1 minute"},"schema":{"@context":"https:\/\/schema.org","@graph":[{"@type":"WebPage","@id":"https:\/\/sulsc.com\/index.php\/2025\/12\/18\/acidente-na-sc-370-em-gravatal-envolve-quatro-veiculos-na-manha-desta-quinta-feira-18\/","url":"https:\/\/sulsc.com\/index.php\/2025\/12\/18\/acidente-na-sc-370-em-gravatal-envolve-quatro-veiculos-na-manha-desta-quinta-feira-18\/","name":"Acidente na SC-370 em Gravatal envolve quatro ve\u00edculos na manh\u00e3 desta quinta-feira (18) -","isPartOf":{"@id":"https:\/\/sulsc.com\/#website"},"datePublished":"2025-12-18T17:57:56+00:00","dateModified":"2025-12-18T17:59:13+00:00","author":{"@id":"https:\/\/sulsc.com\/#\/schema\/person\/84d2fc571684f6248ba83092f07750a3"},"breadcrumb":{"@id":"https:\/\/sulsc.com\/index.php\/2025\/12\/18\/acidente-na-sc-370-em-gravatal-envolve-quatro-veiculos-na-manha-desta-quinta-feira-18\/#breadcrumb"},"inLanguage":"en-US","potentialAction":[{"@type":"ReadAction","target":["https:\/\/sulsc.com\/index.php\/2025\/12\/18\/acidente-na-sc-370-em-gravatal-envolve-quatro-veiculos-na-manha-desta-quinta-feira-18\/"]}]},{"@type":"BreadcrumbList","@id":"https:\/\/sulsc.com\/index.php\/2025\/12\/18\/acidente-na-sc-370-em-gravatal-envolve-quatro-veiculos-na-manha-desta-quinta-feira-18\/#breadcrumb","itemListElement":[{"@type":"ListItem","position":1,"name":"In\u00edcio","item":"https:\/\/sulsc.com\/"},{"@type":"ListItem","position":2,"name":"Acidente na SC-370 em Gravatal envolve quatro ve\u00edculos na manh\u00e3 desta quinta-feira (18)"}]},{"@type":"WebSite","@id":"https:\/\/sulsc.com\/#website","url":"https:\/\/sulsc.com\/","name":"","description":"","potentialAction":[{"@type":"SearchAction","target":{"@type":"EntryPoint","urlTemplate":"https:\/\/sulsc.com\/?s={search_term_string}"},"query-input":"required name=search_term_string"}],"inLanguage":"en-US"},{"@type":"Person","@id":"https:\/\/sulsc.com\/#\/schema\/person\/84d2fc571684f6248ba83092f07750a3","name":"Reda\u00e7\u00e3o Sul SC","image":{"@type":"ImageObject","inLanguage":"en-US","@id":"https:\/\/sulsc.com\/#\/schema\/person\/image\/e08d7fe2cc4ed596372063bbe852b8d0","url":"https:\/\/sulsc.com\/wp-content\/uploads\/2023\/09\/redacao.png","contentUrl":"https:\/\/sulsc.com\/wp-content\/uploads\/2023\/09\/redacao.png","caption":"Reda\u00e7\u00e3o Sul SC"},"description":"Foco em um jornalismo imparcial, voltado \u00e0 qualidade dos seus conte\u00fados e, assim, levar informa\u00e7\u00e3o de valor que agregue \u00e0 vida dos leitores. Esta \u00e9 grande miss\u00e3o do Portal de Not\u00edcias Sul SC. N\u00e3o \u00e9 quantidade que muda o mundo, sempre foi e seguir\u00e1 sendo qualidade!","sameAs":["https:\/\/sulsc.com\/","https:\/\/www.facebook.com\/profile.php?id=61559278119680","https:\/\/www.instagram.com\/sulscportal\/?hl=pt-br","https:\/\/twitter.com\/https:\/\/twitter.com\/PortalSulSC","https:\/\/www.youtube.com\/channel\/UCv_BE8GeySluDov2n8qhVmw"],"url":"https:\/\/sulsc.com\/index.php\/author\/redacao\/"}]}},"authors":[],"_links":{"self":[{"href":"https:\/\/sulsc.com\/index.php\/wp-json\/wp\/v2\/posts\/31000"}],"collection":[{"href":"https:\/\/sulsc.com\/index.php\/wp-json\/wp\/v2\/posts"}],"about":[{"href":"https:\/\/sulsc.com\/index.php\/wp-json\/wp\/v2\/types\/post"}],"author":[{"embeddable":true,"href":"https:\/\/sulsc.com\/index.php\/wp-json\/wp\/v2\/users\/3"}],"replies":[{"embeddable":true,"href":"https:\/\/sulsc.com\/index.php\/wp-json\/wp\/v2\/comments?post=31000"}],"version-history":[{"count":3,"href":"https:\/\/sulsc.com\/index.php\/wp-json\/wp\/v2\/posts\/31000\/revisions"}],"predecessor-version":[{"id":31005,"href":"https:\/\/sulsc.com\/index.php\/wp-json\/wp\/v2\/posts\/31000\/revisions\/31005"}],"wp:featuredmedia":[{"embeddable":true,"href":"https:\/\/sulsc.com\/index.php\/wp-json\/wp\/v2\/media\/31002"}],"wp:attachment":[{"href":"https:\/\/sulsc.com\/index.php\/wp-json\/wp\/v2\/media?parent=31000"}],"wp:term":[{"taxonomy":"category","embeddable":true,"href":"https:\/\/sulsc.com\/index.php\/wp-json\/wp\/v2\/categories?post=31000"},{"taxonomy":"post_tag","embeddable":true,"href":"https:\/\/sulsc.com\/index.php\/wp-json\/wp\/v2\/tags?post=31000"}],"curies":[{"name":"wp","href":"https:\/\/api.w.org\/{rel}","templated":true}]}}