{"id":31010,"date":"2025-12-19T08:46:18","date_gmt":"2025-12-19T11:46:18","guid":{"rendered":"https:\/\/sulsc.com\/?p=31010"},"modified":"2025-12-19T08:46:18","modified_gmt":"2025-12-19T11:46:18","slug":"viacosteira-inicia-operacao-especial-para-o-fim-de-ano-nesta-sexta-feira-19-com-expectativa-de-mais-de-33-milhoes-de-fluxo","status":"publish","type":"post","link":"https:\/\/sulsc.com\/index.php\/2025\/12\/19\/viacosteira-inicia-operacao-especial-para-o-fim-de-ano-nesta-sexta-feira-19-com-expectativa-de-mais-de-33-milhoes-de-fluxo\/","title":{"rendered":"ViaCosteira inicia opera\u00e7\u00e3o especial para o fim de ano nesta sexta-feira (19) com expectativa de mais de 3,3 milh\u00f5es de fluxo"},"content":{"rendered":"<p>A ViaCosteira, uma empresa Motiva, inicia na pr\u00f3xima sexta (19) a\u00e7\u00f5es para a Opera\u00e7\u00e3o Ver\u00e3o na rodovia BR-101 Sul\/SC, no trecho entre Paulo Lopes a Passo de Torres. Durante o per\u00edodo de 19 de dezembro a 05 de janeiro, a expectativa da Concession\u00e1ria \u00e9 que mais de 3,3 milh\u00f5es de ve\u00edculos trafeguem pelos trechos que atualmente administra no sul de Santa Catarina.<\/p>\n<p>Com o aumento do fluxo no per\u00edodo de f\u00e9rias de ver\u00e3o, Natal e Reveillon, a ViaCosteira ir\u00e1 fazer um trabalho especial de orienta\u00e7\u00e3o e conscientiza\u00e7\u00e3o para que as viagens sejam mais seguras no per\u00edodo. Entre os movimentos, haver\u00e1 distribui\u00e7\u00e3o de panfletos e mensagens educativas para que os motoristas fiquem atentos aos profissionais que atuam no atendimento \u00e0s ocorr\u00eancias.<\/p>\n<p>J\u00e1 nesta sexta (19), as equipes da ViaCosteira far\u00e3o a distribui\u00e7\u00e3o de material informativo sobre n\u00e3o utilizar o celular ao volante, em alus\u00e3o ao <strong>\u2018Dia D pela Vida nas Rodovias\u2019<\/strong>, iniciativa promovida pela Associa\u00e7\u00e3o Brasileira das Concession\u00e1rias de Rodovias (ABCR), refor\u00e7ando a import\u00e2ncia do movimento.<\/p>\n<div id=\"metaslider-id-25573\" style=\"width: 100%;\" class=\"ml-slider-3-99-0 metaslider metaslider-flex metaslider-25573 ml-slider has-onhover-arrows ms-theme-default-base has-dots-nav\" role=\"region\" aria-label=\"Meio\" data-width=\"1200\">\n    <div id=\"metaslider_container_25573\">\n        <div id=\"metaslider_25573\">\n            <ul class='slides'>\n                <li style=\"display: block; width: 100%;\" class=\"slide-25684 ms-image \" aria-roledescription=\"slide\" data-date=\"2025-07-24 07:55:40\"><img src=\"https:\/\/sulsc.com\/wp-content\/uploads\/2025\/07\/Marr-2-1000x166.jpg\" height=\"200\" width=\"1200\" alt=\"\" class=\"slider-25573 slide-25684 msDefaultImage\" title=\"Marr 2\" \/><\/li>\n                <li style=\"display: none; width: 100%;\" class=\"slide-32412 ms-image \" aria-roledescription=\"slide\" data-date=\"2026-02-18 13:59:46\"><img src=\"https:\/\/sulsc.com\/wp-content\/uploads\/2026\/02\/40dc1580-cad5-4867-bc58-c4243821ad38-1000x166.jpeg\" height=\"200\" width=\"1200\" alt=\"\" class=\"slider-25573 slide-32412 msDefaultImage\" title=\"40dc1580-cad5-4867-bc58-c4243821ad38\" \/><\/li>\n                <li style=\"display: none; width: 100%;\" class=\"slide-32766 ms-image \" aria-roledescription=\"slide\" data-date=\"2026-03-03 17:22:59\"><img src=\"https:\/\/sulsc.com\/wp-content\/uploads\/2026\/03\/271ce739-f268-41c5-8051-3de1a1750359-1000x166.jpeg\" height=\"200\" width=\"1200\" alt=\"\" class=\"slider-25573 slide-32766 msDefaultImage\" title=\"271ce739-f268-41c5-8051-3de1a1750359\" \/><\/li>\n            <\/ul>\n        <\/div>\n        \n    <\/div>\n<\/div>\n<p><strong>Previs\u00e3o de fluxo para o per\u00edodo<\/strong><\/p>\n<p>Para o feriado de Natal, a Concession\u00e1ria prev\u00ea um aumento no volume de tr\u00e1fego na rodovia a partir do dia 19, sendo que o dia 23 de dezembro deve ser o dia de maior movimenta\u00e7\u00e3o, com 223 mil ve\u00edculos.<\/p>\n<p>A expectativa da ViaCosteira \u00e9 que cerca de 1,5 milh\u00e3o de ve\u00edculos trafeguem pelo trecho sul catarinense no feriado de Natal, entre os dias 19 e 26 de dezembro.<\/p>\n<p>J\u00e1 para o feriado de Ano Novo, a previs\u00e3o \u00e9 que mais de 1,2 milh\u00e3o de ve\u00edculos passem pelo trecho sul da BR-101 entre 27 de dezembro de 02 janeiro. <strong>Os dias de maior fluxo ser\u00e3o dias 27 e 30 de dezembro, e dia 02 de janeiro<\/strong>.<strong> O dia 31 ser\u00e1 o dia de menor movimenta\u00e7\u00e3o no per\u00edodo<\/strong>.<\/p>\n<p><img fetchpriority=\"high\" decoding=\"async\" class=\"aligncenter size-full wp-image-31011\" src=\"http:\/\/sulsc.com\/wp-content\/uploads\/2025\/12\/viacosteira-inicia-operacao-especial-para-o-fim-de-ano-com-expec.coreimg.jpeg\" alt=\"\" width=\"1280\" height=\"852\" srcset=\"https:\/\/sulsc.com\/wp-content\/uploads\/2025\/12\/viacosteira-inicia-operacao-especial-para-o-fim-de-ano-com-expec.coreimg.jpeg 1280w, https:\/\/sulsc.com\/wp-content\/uploads\/2025\/12\/viacosteira-inicia-operacao-especial-para-o-fim-de-ano-com-expec.coreimg-300x200.jpeg 300w, https:\/\/sulsc.com\/wp-content\/uploads\/2025\/12\/viacosteira-inicia-operacao-especial-para-o-fim-de-ano-com-expec.coreimg-1024x682.jpeg 1024w, https:\/\/sulsc.com\/wp-content\/uploads\/2025\/12\/viacosteira-inicia-operacao-especial-para-o-fim-de-ano-com-expec.coreimg-768x511.jpeg 768w\" sizes=\"(max-width: 1280px) 100vw, 1280px\" \/><\/p>\n<p>ViaCosteira\/Divulga\u00e7\u00e3o\/SulSC<\/p>\n<p><strong>Melhores hor\u00e1rios<\/strong><\/p>\n<p>A Concession\u00e1ria orienta os motoristas que quando poss\u00edvel, deem prefer\u00eancia para trafegar em hor\u00e1rios com menor movimenta\u00e7\u00e3o.<\/p>\n<p>Entre os <strong>dias 19 e 26<\/strong>, os dias e hor\u00e1rios com <strong>fluxo mais tranquilo<\/strong> devem ser no <strong>domingo (21) e quarta (24) ap\u00f3s \u00e0s 12h<\/strong>. No dia de <strong>Natal (25)<\/strong>, os <strong>melhores hor\u00e1rios<\/strong> ser\u00e3o das antes <strong>das 9h e ap\u00f3s \u00e0s 22h<\/strong>.<\/p>\n<p><strong>No Ano Novo<\/strong>, <strong>os melhores hor\u00e1rios<\/strong> entre os <strong>dias 27 de dezembro e 02 de janeiro antes das 7h e ap\u00f3s \u00e0s 20h<\/strong>. <strong>No dia 31 de dezembro<\/strong>, o <strong>melhor hor\u00e1rio<\/strong> para transitar no trecho <strong>ser\u00e1 antes das 12h<\/strong>.<\/p>\n<p><strong>Movimento Afaste-se<\/strong><\/p>\n<p>O Movimento Afaste-se \u00e9 uma iniciativa criada pela Motiva e coordenada pela ABCR com o objetivo de conscientizar motoristas sobre a preven\u00e7\u00e3o de acidentes envolvendo viaturas em atendimento, colaboradores realizando manuten\u00e7\u00e3o e \u00e1reas com obras. As orienta\u00e7\u00f5es s\u00e3o simples, mas t\u00eam o poder de salvar vidas: sempre que se deparar com um atendimento em pista ou alguma atividade em que existam pessoas trabalhando \u00e0s margens da rodovia, o condutor deve reduzir a velocidade e, sempre que poss\u00edvel, trocar de faixa.<\/p>\n<p>Atualmente, o Movimento Afaste-se conta com 34 concession\u00e1rias, que administram cerca de 13,7 mil quil\u00f4metros de rodovias, em 12 estados do pa\u00eds.<\/p>\n<p><strong>Apoio aos usu\u00e1rios 24 horas<\/strong><\/p>\n<p>Os clientes podem contar com o <strong>Disque ViaCosteira 0800-255-5550<\/strong>, telefone que oferece gratuitamente informa\u00e7\u00f5es sobre as condi\u00e7\u00f5es da estrada 24 horas por dia, e que tamb\u00e9m pode ser utilizado para solicita\u00e7\u00e3o de socorro m\u00e9dico ou mec\u00e2nico. H\u00e1, ainda, o <strong>WhatsApp<\/strong> pelo n\u00famero <strong>(48) 3211-3130<\/strong>.<\/p>\n<p>Outras informa\u00e7\u00f5es sobre condi\u00e7\u00f5es da estrada podem tamb\u00e9m ser obtidas por meio do site da Concession\u00e1ria <strong>www.rodovias.motiva.com.br\/viacosteira.<\/strong><\/p>\n<p>Fonte\/ViaCosteira<\/p>\n","protected":false},"excerpt":{"rendered":"<p>A ViaCosteira, uma empresa Motiva, inicia na pr\u00f3xima sexta (19) a\u00e7\u00f5es para a Opera\u00e7\u00e3o Ver\u00e3o na rodovia BR-101 Sul\/SC, no trecho entre Paulo Lopes a Passo de Torres. Durante o per\u00edodo de 19 de dezembro a 05 de janeiro, a expectativa da Concession\u00e1ria \u00e9 que mais de 3,3 milh\u00f5es de ve\u00edculos trafeguem pelos trechos que &hellip;<\/p>\n<p class=\"read-more\"> <a class=\"\" href=\"https:\/\/sulsc.com\/index.php\/2025\/12\/19\/viacosteira-inicia-operacao-especial-para-o-fim-de-ano-nesta-sexta-feira-19-com-expectativa-de-mais-de-33-milhoes-de-fluxo\/\"> <span class=\"screen-reader-text\">ViaCosteira inicia opera\u00e7\u00e3o especial para o fim de ano nesta sexta-feira (19) com expectativa de mais de 3,3 milh\u00f5es de fluxo<\/span> Read More &raquo;<\/a><\/p>\n","protected":false},"author":3,"featured_media":31011,"comment_status":"open","ping_status":"open","sticky":false,"template":"","format":"standard","meta":{"site-sidebar-layout":"default","site-content-layout":"","ast-site-content-layout":"default","site-content-style":"default","site-sidebar-style":"default","ast-global-header-display":"","ast-banner-title-visibility":"","ast-main-header-display":"","ast-hfb-above-header-display":"","ast-hfb-below-header-display":"","ast-hfb-mobile-header-display":"","site-post-title":"","ast-breadcrumbs-content":"","ast-featured-img":"","footer-sml-layout":"","theme-transparent-header-meta":"default","adv-header-id-meta":"","stick-header-meta":"","header-above-stick-meta":"","header-main-stick-meta":"","header-below-stick-meta":"","astra-migrate-meta-layouts":"set","footnotes":""},"categories":[2354,2231,1,14,12],"tags":[2787],"yoast_head":"<!-- This site is optimized with the Yoast SEO plugin v21.4 - https:\/\/yoast.com\/wordpress\/plugins\/seo\/ -->\n<title>ViaCosteira inicia opera\u00e7\u00e3o especial para o fim de ano nesta sexta-feira (19) com expectativa de mais de 3,3 milh\u00f5es de fluxo -<\/title>\n<meta name=\"robots\" content=\"index, follow, max-snippet:-1, max-image-preview:large, max-video-preview:-1\" \/>\n<link rel=\"canonical\" href=\"https:\/\/sulsc.com\/index.php\/2025\/12\/19\/viacosteira-inicia-operacao-especial-para-o-fim-de-ano-nesta-sexta-feira-19-com-expectativa-de-mais-de-33-milhoes-de-fluxo\/\" \/>\n<meta property=\"og:locale\" content=\"en_US\" \/>\n<meta property=\"og:type\" content=\"article\" \/>\n<meta property=\"og:title\" content=\"ViaCosteira inicia opera\u00e7\u00e3o especial para o fim de ano nesta sexta-feira (19) com expectativa de mais de 3,3 milh\u00f5es de fluxo -\" \/>\n<meta property=\"og:description\" content=\"A ViaCosteira, uma empresa Motiva, inicia na pr\u00f3xima sexta (19) a\u00e7\u00f5es para a Opera\u00e7\u00e3o Ver\u00e3o na rodovia BR-101 Sul\/SC, no trecho entre Paulo Lopes a Passo de Torres. Durante o per\u00edodo de 19 de dezembro a 05 de janeiro, a expectativa da Concession\u00e1ria \u00e9 que mais de 3,3 milh\u00f5es de ve\u00edculos trafeguem pelos trechos que &hellip; ViaCosteira inicia opera\u00e7\u00e3o especial para o fim de ano nesta sexta-feira (19) com expectativa de mais de 3,3 milh\u00f5es de fluxo Read More &raquo;\" \/>\n<meta property=\"og:url\" content=\"https:\/\/sulsc.com\/index.php\/2025\/12\/19\/viacosteira-inicia-operacao-especial-para-o-fim-de-ano-nesta-sexta-feira-19-com-expectativa-de-mais-de-33-milhoes-de-fluxo\/\" \/>\n<meta property=\"article:author\" content=\"https:\/\/www.facebook.com\/profile.php?id=61559278119680\" \/>\n<meta property=\"article:published_time\" content=\"2025-12-19T11:46:18+00:00\" \/>\n<meta property=\"og:image\" content=\"http:\/\/sulsc.com\/wp-content\/uploads\/2025\/12\/viacosteira-inicia-operacao-especial-para-o-fim-de-ano-com-expec.coreimg.jpeg\" \/>\n\t<meta property=\"og:image:width\" content=\"1280\" \/>\n\t<meta property=\"og:image:height\" content=\"852\" \/>\n\t<meta property=\"og:image:type\" content=\"image\/jpeg\" \/>\n<meta name=\"author\" content=\"Reda\u00e7\u00e3o Sul SC\" \/>\n<meta name=\"twitter:card\" content=\"summary_large_image\" \/>\n<meta name=\"twitter:creator\" content=\"@https:\/\/twitter.com\/PortalSulSC\" \/>\n<meta name=\"twitter:label1\" content=\"Written by\" \/>\n\t<meta name=\"twitter:data1\" content=\"Reda\u00e7\u00e3o Sul SC\" \/>\n\t<meta name=\"twitter:label2\" content=\"Est. reading time\" \/>\n\t<meta name=\"twitter:data2\" content=\"3 minutes\" \/>\n<script type=\"application\/ld+json\" class=\"yoast-schema-graph\">{\"@context\":\"https:\/\/schema.org\",\"@graph\":[{\"@type\":\"WebPage\",\"@id\":\"https:\/\/sulsc.com\/index.php\/2025\/12\/19\/viacosteira-inicia-operacao-especial-para-o-fim-de-ano-nesta-sexta-feira-19-com-expectativa-de-mais-de-33-milhoes-de-fluxo\/\",\"url\":\"https:\/\/sulsc.com\/index.php\/2025\/12\/19\/viacosteira-inicia-operacao-especial-para-o-fim-de-ano-nesta-sexta-feira-19-com-expectativa-de-mais-de-33-milhoes-de-fluxo\/\",\"name\":\"ViaCosteira inicia opera\u00e7\u00e3o especial para o fim de ano nesta sexta-feira (19) com expectativa de mais de 3,3 milh\u00f5es de fluxo -\",\"isPartOf\":{\"@id\":\"https:\/\/sulsc.com\/#website\"},\"datePublished\":\"2025-12-19T11:46:18+00:00\",\"dateModified\":\"2025-12-19T11:46:18+00:00\",\"author\":{\"@id\":\"https:\/\/sulsc.com\/#\/schema\/person\/84d2fc571684f6248ba83092f07750a3\"},\"breadcrumb\":{\"@id\":\"https:\/\/sulsc.com\/index.php\/2025\/12\/19\/viacosteira-inicia-operacao-especial-para-o-fim-de-ano-nesta-sexta-feira-19-com-expectativa-de-mais-de-33-milhoes-de-fluxo\/#breadcrumb\"},\"inLanguage\":\"en-US\",\"potentialAction\":[{\"@type\":\"ReadAction\",\"target\":[\"https:\/\/sulsc.com\/index.php\/2025\/12\/19\/viacosteira-inicia-operacao-especial-para-o-fim-de-ano-nesta-sexta-feira-19-com-expectativa-de-mais-de-33-milhoes-de-fluxo\/\"]}]},{\"@type\":\"BreadcrumbList\",\"@id\":\"https:\/\/sulsc.com\/index.php\/2025\/12\/19\/viacosteira-inicia-operacao-especial-para-o-fim-de-ano-nesta-sexta-feira-19-com-expectativa-de-mais-de-33-milhoes-de-fluxo\/#breadcrumb\",\"itemListElement\":[{\"@type\":\"ListItem\",\"position\":1,\"name\":\"In\u00edcio\",\"item\":\"https:\/\/sulsc.com\/\"},{\"@type\":\"ListItem\",\"position\":2,\"name\":\"ViaCosteira inicia opera\u00e7\u00e3o especial para o fim de ano nesta sexta-feira (19) com expectativa de mais de 3,3 milh\u00f5es de fluxo\"}]},{\"@type\":\"WebSite\",\"@id\":\"https:\/\/sulsc.com\/#website\",\"url\":\"https:\/\/sulsc.com\/\",\"name\":\"\",\"description\":\"\",\"potentialAction\":[{\"@type\":\"SearchAction\",\"target\":{\"@type\":\"EntryPoint\",\"urlTemplate\":\"https:\/\/sulsc.com\/?s={search_term_string}\"},\"query-input\":\"required name=search_term_string\"}],\"inLanguage\":\"en-US\"},{\"@type\":\"Person\",\"@id\":\"https:\/\/sulsc.com\/#\/schema\/person\/84d2fc571684f6248ba83092f07750a3\",\"name\":\"Reda\u00e7\u00e3o Sul SC\",\"image\":{\"@type\":\"ImageObject\",\"inLanguage\":\"en-US\",\"@id\":\"https:\/\/sulsc.com\/#\/schema\/person\/image\/e08d7fe2cc4ed596372063bbe852b8d0\",\"url\":\"https:\/\/sulsc.com\/wp-content\/uploads\/2023\/09\/redacao.png\",\"contentUrl\":\"https:\/\/sulsc.com\/wp-content\/uploads\/2023\/09\/redacao.png\",\"caption\":\"Reda\u00e7\u00e3o Sul SC\"},\"description\":\"Foco em um jornalismo imparcial, voltado \u00e0 qualidade dos seus conte\u00fados e, assim, levar informa\u00e7\u00e3o de valor que agregue \u00e0 vida dos leitores. Esta \u00e9 grande miss\u00e3o do Portal de Not\u00edcias Sul SC. N\u00e3o \u00e9 quantidade que muda o mundo, sempre foi e seguir\u00e1 sendo qualidade!\",\"sameAs\":[\"https:\/\/sulsc.com\/\",\"https:\/\/www.facebook.com\/profile.php?id=61559278119680\",\"https:\/\/www.instagram.com\/sulscportal\/?hl=pt-br\",\"https:\/\/twitter.com\/https:\/\/twitter.com\/PortalSulSC\",\"https:\/\/www.youtube.com\/channel\/UCv_BE8GeySluDov2n8qhVmw\"],\"url\":\"https:\/\/sulsc.com\/index.php\/author\/redacao\/\"}]}<\/script>\n<!-- \/ Yoast SEO plugin. -->","yoast_head_json":{"title":"ViaCosteira inicia opera\u00e7\u00e3o especial para o fim de ano nesta sexta-feira (19) com expectativa de mais de 3,3 milh\u00f5es de fluxo -","robots":{"index":"index","follow":"follow","max-snippet":"max-snippet:-1","max-image-preview":"max-image-preview:large","max-video-preview":"max-video-preview:-1"},"canonical":"https:\/\/sulsc.com\/index.php\/2025\/12\/19\/viacosteira-inicia-operacao-especial-para-o-fim-de-ano-nesta-sexta-feira-19-com-expectativa-de-mais-de-33-milhoes-de-fluxo\/","og_locale":"en_US","og_type":"article","og_title":"ViaCosteira inicia opera\u00e7\u00e3o especial para o fim de ano nesta sexta-feira (19) com expectativa de mais de 3,3 milh\u00f5es de fluxo -","og_description":"A ViaCosteira, uma empresa Motiva, inicia na pr\u00f3xima sexta (19) a\u00e7\u00f5es para a Opera\u00e7\u00e3o Ver\u00e3o na rodovia BR-101 Sul\/SC, no trecho entre Paulo Lopes a Passo de Torres. Durante o per\u00edodo de 19 de dezembro a 05 de janeiro, a expectativa da Concession\u00e1ria \u00e9 que mais de 3,3 milh\u00f5es de ve\u00edculos trafeguem pelos trechos que &hellip; ViaCosteira inicia opera\u00e7\u00e3o especial para o fim de ano nesta sexta-feira (19) com expectativa de mais de 3,3 milh\u00f5es de fluxo Read More &raquo;","og_url":"https:\/\/sulsc.com\/index.php\/2025\/12\/19\/viacosteira-inicia-operacao-especial-para-o-fim-de-ano-nesta-sexta-feira-19-com-expectativa-de-mais-de-33-milhoes-de-fluxo\/","article_author":"https:\/\/www.facebook.com\/profile.php?id=61559278119680","article_published_time":"2025-12-19T11:46:18+00:00","og_image":[{"width":1280,"height":852,"url":"http:\/\/sulsc.com\/wp-content\/uploads\/2025\/12\/viacosteira-inicia-operacao-especial-para-o-fim-de-ano-com-expec.coreimg.jpeg","type":"image\/jpeg"}],"author":"Reda\u00e7\u00e3o Sul SC","twitter_card":"summary_large_image","twitter_creator":"@https:\/\/twitter.com\/PortalSulSC","twitter_misc":{"Written by":"Reda\u00e7\u00e3o Sul SC","Est. reading time":"3 minutes"},"schema":{"@context":"https:\/\/schema.org","@graph":[{"@type":"WebPage","@id":"https:\/\/sulsc.com\/index.php\/2025\/12\/19\/viacosteira-inicia-operacao-especial-para-o-fim-de-ano-nesta-sexta-feira-19-com-expectativa-de-mais-de-33-milhoes-de-fluxo\/","url":"https:\/\/sulsc.com\/index.php\/2025\/12\/19\/viacosteira-inicia-operacao-especial-para-o-fim-de-ano-nesta-sexta-feira-19-com-expectativa-de-mais-de-33-milhoes-de-fluxo\/","name":"ViaCosteira inicia opera\u00e7\u00e3o especial para o fim de ano nesta sexta-feira (19) com expectativa de mais de 3,3 milh\u00f5es de fluxo -","isPartOf":{"@id":"https:\/\/sulsc.com\/#website"},"datePublished":"2025-12-19T11:46:18+00:00","dateModified":"2025-12-19T11:46:18+00:00","author":{"@id":"https:\/\/sulsc.com\/#\/schema\/person\/84d2fc571684f6248ba83092f07750a3"},"breadcrumb":{"@id":"https:\/\/sulsc.com\/index.php\/2025\/12\/19\/viacosteira-inicia-operacao-especial-para-o-fim-de-ano-nesta-sexta-feira-19-com-expectativa-de-mais-de-33-milhoes-de-fluxo\/#breadcrumb"},"inLanguage":"en-US","potentialAction":[{"@type":"ReadAction","target":["https:\/\/sulsc.com\/index.php\/2025\/12\/19\/viacosteira-inicia-operacao-especial-para-o-fim-de-ano-nesta-sexta-feira-19-com-expectativa-de-mais-de-33-milhoes-de-fluxo\/"]}]},{"@type":"BreadcrumbList","@id":"https:\/\/sulsc.com\/index.php\/2025\/12\/19\/viacosteira-inicia-operacao-especial-para-o-fim-de-ano-nesta-sexta-feira-19-com-expectativa-de-mais-de-33-milhoes-de-fluxo\/#breadcrumb","itemListElement":[{"@type":"ListItem","position":1,"name":"In\u00edcio","item":"https:\/\/sulsc.com\/"},{"@type":"ListItem","position":2,"name":"ViaCosteira inicia opera\u00e7\u00e3o especial para o fim de ano nesta sexta-feira (19) com expectativa de mais de 3,3 milh\u00f5es de fluxo"}]},{"@type":"WebSite","@id":"https:\/\/sulsc.com\/#website","url":"https:\/\/sulsc.com\/","name":"","description":"","potentialAction":[{"@type":"SearchAction","target":{"@type":"EntryPoint","urlTemplate":"https:\/\/sulsc.com\/?s={search_term_string}"},"query-input":"required name=search_term_string"}],"inLanguage":"en-US"},{"@type":"Person","@id":"https:\/\/sulsc.com\/#\/schema\/person\/84d2fc571684f6248ba83092f07750a3","name":"Reda\u00e7\u00e3o Sul SC","image":{"@type":"ImageObject","inLanguage":"en-US","@id":"https:\/\/sulsc.com\/#\/schema\/person\/image\/e08d7fe2cc4ed596372063bbe852b8d0","url":"https:\/\/sulsc.com\/wp-content\/uploads\/2023\/09\/redacao.png","contentUrl":"https:\/\/sulsc.com\/wp-content\/uploads\/2023\/09\/redacao.png","caption":"Reda\u00e7\u00e3o Sul SC"},"description":"Foco em um jornalismo imparcial, voltado \u00e0 qualidade dos seus conte\u00fados e, assim, levar informa\u00e7\u00e3o de valor que agregue \u00e0 vida dos leitores. Esta \u00e9 grande miss\u00e3o do Portal de Not\u00edcias Sul SC. N\u00e3o \u00e9 quantidade que muda o mundo, sempre foi e seguir\u00e1 sendo qualidade!","sameAs":["https:\/\/sulsc.com\/","https:\/\/www.facebook.com\/profile.php?id=61559278119680","https:\/\/www.instagram.com\/sulscportal\/?hl=pt-br","https:\/\/twitter.com\/https:\/\/twitter.com\/PortalSulSC","https:\/\/www.youtube.com\/channel\/UCv_BE8GeySluDov2n8qhVmw"],"url":"https:\/\/sulsc.com\/index.php\/author\/redacao\/"}]}},"authors":[],"_links":{"self":[{"href":"https:\/\/sulsc.com\/index.php\/wp-json\/wp\/v2\/posts\/31010"}],"collection":[{"href":"https:\/\/sulsc.com\/index.php\/wp-json\/wp\/v2\/posts"}],"about":[{"href":"https:\/\/sulsc.com\/index.php\/wp-json\/wp\/v2\/types\/post"}],"author":[{"embeddable":true,"href":"https:\/\/sulsc.com\/index.php\/wp-json\/wp\/v2\/users\/3"}],"replies":[{"embeddable":true,"href":"https:\/\/sulsc.com\/index.php\/wp-json\/wp\/v2\/comments?post=31010"}],"version-history":[{"count":1,"href":"https:\/\/sulsc.com\/index.php\/wp-json\/wp\/v2\/posts\/31010\/revisions"}],"predecessor-version":[{"id":31012,"href":"https:\/\/sulsc.com\/index.php\/wp-json\/wp\/v2\/posts\/31010\/revisions\/31012"}],"wp:featuredmedia":[{"embeddable":true,"href":"https:\/\/sulsc.com\/index.php\/wp-json\/wp\/v2\/media\/31011"}],"wp:attachment":[{"href":"https:\/\/sulsc.com\/index.php\/wp-json\/wp\/v2\/media?parent=31010"}],"wp:term":[{"taxonomy":"category","embeddable":true,"href":"https:\/\/sulsc.com\/index.php\/wp-json\/wp\/v2\/categories?post=31010"},{"taxonomy":"post_tag","embeddable":true,"href":"https:\/\/sulsc.com\/index.php\/wp-json\/wp\/v2\/tags?post=31010"}],"curies":[{"name":"wp","href":"https:\/\/api.w.org\/{rel}","templated":true}]}}