{"id":31021,"date":"2025-12-19T16:32:01","date_gmt":"2025-12-19T19:32:01","guid":{"rendered":"https:\/\/sulsc.com\/?p=31021"},"modified":"2025-12-19T16:32:01","modified_gmt":"2025-12-19T19:32:01","slug":"policia-rodoviaria-federal-prf-inicia-operacao-rodovida-2025-26","status":"publish","type":"post","link":"https:\/\/sulsc.com\/index.php\/2025\/12\/19\/policia-rodoviaria-federal-prf-inicia-operacao-rodovida-2025-26\/","title":{"rendered":"Policia Rodovi\u00e1ria Federal (PRF) inicia Opera\u00e7\u00e3o Rodovida 2025\/26"},"content":{"rendered":"<p>A Pol\u00edcia Rodovi\u00e1ria Federal (PRF) iniciou nesta quinta-feira (18), em todo o pa\u00eds, a Opera\u00e7\u00e3o Rodovida, maior a\u00e7\u00e3o do ano de enfrentamento \u00e0 viol\u00eancia no tr\u00e2nsito. Ela abrange as festas de Natal e Ano Novo, a temporada de ver\u00e3o e s\u00f3 termina depois do Carnaval.<\/p>\n<p>Em Santa Catarina, o lan\u00e7amento operacional foi marcado por uma fiscaliza\u00e7\u00e3o especial integrada na Unidade Operacional na BR-101, em Palho\u00e7a. Participaram tamb\u00e9m a Pol\u00edcia Militar, a Pol\u00edcia Militar Rodovi\u00e1ria, as Guardas Municipais de Florian\u00f3polis, S\u00e3o Jos\u00e9 e Palho\u00e7a, o Corpo de Bombeiros e a DNIT. A &#8220;blitz&#8221; foi educativa, com a presen\u00e7a da carreta do Cinema Rodovi\u00e1rio da PRF, que conscientizou os motoristas e passageiros abordados.<\/p>\n<div id=\"metaslider-id-25573\" style=\"width: 100%;\" class=\"ml-slider-3-99-0 metaslider metaslider-flex metaslider-25573 ml-slider has-onhover-arrows ms-theme-default-base has-dots-nav\" role=\"region\" aria-label=\"Meio\" data-width=\"1200\">\n    <div id=\"metaslider_container_25573\">\n        <div id=\"metaslider_25573\">\n            <ul class='slides'>\n                <li style=\"display: block; width: 100%;\" class=\"slide-25684 ms-image \" aria-roledescription=\"slide\" data-date=\"2025-07-24 07:55:40\"><img src=\"https:\/\/sulsc.com\/wp-content\/uploads\/2025\/07\/Marr-2-1000x166.jpg\" height=\"200\" width=\"1200\" alt=\"\" class=\"slider-25573 slide-25684 msDefaultImage\" title=\"Marr 2\" \/><\/li>\n                <li style=\"display: none; width: 100%;\" class=\"slide-32412 ms-image \" aria-roledescription=\"slide\" data-date=\"2026-02-18 13:59:46\"><img src=\"https:\/\/sulsc.com\/wp-content\/uploads\/2026\/02\/40dc1580-cad5-4867-bc58-c4243821ad38-1000x166.jpeg\" height=\"200\" width=\"1200\" alt=\"\" class=\"slider-25573 slide-32412 msDefaultImage\" title=\"40dc1580-cad5-4867-bc58-c4243821ad38\" \/><\/li>\n                <li style=\"display: none; width: 100%;\" class=\"slide-32766 ms-image \" aria-roledescription=\"slide\" data-date=\"2026-03-03 17:22:59\"><img src=\"https:\/\/sulsc.com\/wp-content\/uploads\/2026\/03\/271ce739-f268-41c5-8051-3de1a1750359-1000x166.jpeg\" height=\"200\" width=\"1200\" alt=\"\" class=\"slider-25573 slide-32766 msDefaultImage\" title=\"271ce739-f268-41c5-8051-3de1a1750359\" \/><\/li>\n            <\/ul>\n        <\/div>\n        \n    <\/div>\n<\/div>\n<p><strong>Ver\u00e3o nas estradas &#8211;<\/strong> Nos pr\u00f3ximos dias, a chegada simult\u00e2nea em Santa Catarina de turistas de diferentes estados brasileiros e de pa\u00edses vizinhos, como Uruguai, Paraguai e, principalmente, Argentina, representar\u00e1 um desafio log\u00edstico \u00e0 Pol\u00edcia Rodovi\u00e1ria Federal. O principal gargalo operacional \u00e9 a satura\u00e7\u00e3o da capacidade das rodovias, o que exige mobiliza\u00e7\u00e3o de refor\u00e7os, uso de motociclistas para vencer congestionamentos e de tecnologias, como drones. A PRF tamb\u00e9m fiscaliza motoristas para evitar que o cansa\u00e7o acumulado em viagens interestaduais e internacionais seja causador de acidentes graves.<\/p>\n<p>Este ano, tamb\u00e9m haver\u00e1 aten\u00e7\u00e3o redobrada aos motociclistas, grupo que, ano ap\u00f3s ano, figura entre as principais v\u00edtimas de acidentes graves e fatais. Em compara\u00e7\u00e3o aos condutores de autom\u00f3veis, os motociclistas continuam representando a parcela mais vulner\u00e1vel do tr\u00e2nsito, com \u00edndices de mortalidade superiores e uma tend\u00eancia de crescimento que refor\u00e7a a necessidade de interven\u00e7\u00f5es espec\u00edficas.<\/p>\n<p><img fetchpriority=\"high\" decoding=\"async\" class=\"aligncenter size-full wp-image-31024\" src=\"http:\/\/sulsc.com\/wp-content\/uploads\/2025\/12\/8678f8f6-bb61-427f-853c-36f81f91f7f4.jpeg\" alt=\"\" width=\"720\" height=\"920\" srcset=\"https:\/\/sulsc.com\/wp-content\/uploads\/2025\/12\/8678f8f6-bb61-427f-853c-36f81f91f7f4.jpeg 720w, https:\/\/sulsc.com\/wp-content\/uploads\/2025\/12\/8678f8f6-bb61-427f-853c-36f81f91f7f4-235x300.jpeg 235w\" sizes=\"(max-width: 720px) 100vw, 720px\" \/><\/p>\n<p>&nbsp;<\/p>\n<p>Fotos: PRF\/Divulga\u00e7\u00e3o\/SulSC<\/p>\n<p><strong>Refor\u00e7o sobre duas rodas \u2013<\/strong> Durante a Opera\u00e7\u00e3o Rodovida, o Grupo de Motociclismo Policial da PRF vai atuar nos trechos mais congestionados da BR-101, como nas regi\u00f5es de Itapema, Balne\u00e1rio Cambori\u00fa, Itaja\u00ed, Barra Velha, Joinville e Grande Florian\u00f3polis. As motos s\u00e3o \u00e1geis e permitem maior mobilidade em meio ao tr\u00e1fego intenso, especialmente no ver\u00e3o, quando milhares de ve\u00edculos de outros estados e pa\u00edses convergem para as praias de Santa Catarina.<\/p>\n<p>Por isso, ser\u00e3o desenvolvidas a\u00e7\u00f5es de forma integrada com \u00f3rg\u00e3os municipais e pol\u00edcias militares, focadas em prevenir condutas que aumentam o risco de acidentes graves ou que agravam les\u00f5es das v\u00edtimas, como ultrapassagens indevidas, excesso de velocidade, consumo de \u00e1lcool, uso do celular ao volante e falta de equipamentos de seguran\u00e7a (capacete, cinto de seguran\u00e7a ou cadeirinhas para crian\u00e7as).<\/p>\n<p><strong>A Opera\u00e7\u00e3o Rodovida<\/strong> foi criada pela PRF em 2011 e, em 2021, foi transformada em programa de governo pela Secretaria Nacional de Tr\u00e2nsito (Senatran), sendo hoje a maior opera\u00e7\u00e3o de seguran\u00e7a vi\u00e1ria do Brasil. No per\u00edodo da opera\u00e7\u00e3o, institui\u00e7\u00f5es respons\u00e1veis pela fiscaliza\u00e7\u00e3o em vias urbanas e rurais se unem para reduzir a letalidade e os \u00edndices de acidentes no tr\u00e2nsito.<\/p>\n<p><strong>Recomenda\u00e7\u00f5es aos viajantes:<\/strong><\/p>\n<p><strong>Planejamento:<\/strong> Nesta \u00e9poca, as viagens tendem a ser de longa dura\u00e7\u00e3o devido ao per\u00edodo de f\u00e9rias. O motorista deve se informar sobre as dist\u00e2ncias, condi\u00e7\u00f5es do tempo, pontos de parada, postos de combust\u00edveis e restaurantes. N\u00e3o esque\u00e7a a documenta\u00e7\u00e3o pessoal e do ve\u00edculo.<\/p>\n<p><strong>Revis\u00e3o preventiva:<\/strong> Providencie a checagem do autom\u00f3vel: pneus calibrados e em bom estado; motor revisado, com \u00f3leo e n\u00edvel da \u00e1gua do radiador em dia. Verifique os equipamentos de porte obrigat\u00f3rio: estepe, macaco, tri\u00e2ngulo, chave de roda, limpadores de para-brisa e luzes.<\/p>\n<p><strong>Pausas para descanso:<\/strong> O condutor deve programar paradas a cada tr\u00eas horas. Dirigir por muitas horas exp\u00f5e o motorista \u00e0 \u201chipnose rodovi\u00e1ria\u201d, onde se mant\u00e9m os olhos abertos, mas sem percep\u00e7\u00e3o da realidade, acompanhada de sonol\u00eancia e perda de reflexos.<\/p>\n<p><strong>Per\u00edodo noturno:<\/strong> Evite circular \u00e0 noite devido \u00e0 redu\u00e7\u00e3o da visibilidade. Viaje de dia, de prefer\u00eancia de manh\u00e3 cedo, quando h\u00e1 luz solar, a temperatura est\u00e1 agrad\u00e1vel e as rodovias est\u00e3o menos movimentadas.<\/p>\n<p><strong>Condi\u00e7\u00f5es clim\u00e1ticas:<\/strong> Sob chuva ou cerra\u00e7\u00e3o, reduza imediatamente a velocidade e aumente a dist\u00e2ncia do ve\u00edculo \u00e0 frente. O pavimento \u00famido reduz a ader\u00eancia dos pneus e eleva o risco de aquaplanagem.<\/p>\n<p><img decoding=\"async\" class=\"aligncenter size-full wp-image-31022\" src=\"http:\/\/sulsc.com\/wp-content\/uploads\/2025\/12\/36c11825-99a2-49d9-81c1-46f8430f940b.jpeg\" alt=\"\" width=\"1536\" height=\"848\" srcset=\"https:\/\/sulsc.com\/wp-content\/uploads\/2025\/12\/36c11825-99a2-49d9-81c1-46f8430f940b.jpeg 1536w, https:\/\/sulsc.com\/wp-content\/uploads\/2025\/12\/36c11825-99a2-49d9-81c1-46f8430f940b-300x166.jpeg 300w, https:\/\/sulsc.com\/wp-content\/uploads\/2025\/12\/36c11825-99a2-49d9-81c1-46f8430f940b-1024x565.jpeg 1024w, https:\/\/sulsc.com\/wp-content\/uploads\/2025\/12\/36c11825-99a2-49d9-81c1-46f8430f940b-768x424.jpeg 768w\" sizes=\"(max-width: 1536px) 100vw, 1536px\" \/>Balan\u00e7o Opera\u00e7\u00e3o Rodovida 2024\/2025 em Santa Catarina<\/p>\n<p>Em caso de acidentes com v\u00edtimas, o n\u00famero de emerg\u00eancia da PRF \u00e9 o <strong>191<\/strong>. Para acidentes sem v\u00edtimas, com apenas danos materiais e em que o ve\u00edculo possa seguir rodando com seguran\u00e7a, o envolvido pode fazer o registro pela internet, chamada CST (Comunica\u00e7\u00e3o de Sinistro de Tr\u00e2nsito). O documento tem valor legal para \u00f3rg\u00e3os e seguradoras. Endere\u00e7o: <strong>https:\/\/comunicante.prf.gov.br\/<\/strong><\/p>\n","protected":false},"excerpt":{"rendered":"<p>A Pol\u00edcia Rodovi\u00e1ria Federal (PRF) iniciou nesta quinta-feira (18), em todo o pa\u00eds, a Opera\u00e7\u00e3o Rodovida, maior a\u00e7\u00e3o do ano de enfrentamento \u00e0 viol\u00eancia no tr\u00e2nsito. Ela abrange as festas de Natal e Ano Novo, a temporada de ver\u00e3o e s\u00f3 termina depois do Carnaval. Em Santa Catarina, o lan\u00e7amento operacional foi marcado por uma &hellip;<\/p>\n<p class=\"read-more\"> <a class=\"\" href=\"https:\/\/sulsc.com\/index.php\/2025\/12\/19\/policia-rodoviaria-federal-prf-inicia-operacao-rodovida-2025-26\/\"> <span class=\"screen-reader-text\">Policia Rodovi\u00e1ria Federal (PRF) inicia Opera\u00e7\u00e3o Rodovida 2025\/26<\/span> Read More &raquo;<\/a><\/p>\n","protected":false},"author":3,"featured_media":31025,"comment_status":"open","ping_status":"open","sticky":false,"template":"","format":"standard","meta":{"site-sidebar-layout":"default","site-content-layout":"","ast-site-content-layout":"default","site-content-style":"default","site-sidebar-style":"default","ast-global-header-display":"","ast-banner-title-visibility":"","ast-main-header-display":"","ast-hfb-above-header-display":"","ast-hfb-below-header-display":"","ast-hfb-mobile-header-display":"","site-post-title":"","ast-breadcrumbs-content":"","ast-featured-img":"","footer-sml-layout":"","theme-transparent-header-meta":"default","adv-header-id-meta":"","stick-header-meta":"","header-above-stick-meta":"","header-main-stick-meta":"","header-below-stick-meta":"","astra-migrate-meta-layouts":"set","footnotes":""},"categories":[2354,2231,1,14,2782,12],"tags":[476],"yoast_head":"<!-- This site is optimized with the Yoast SEO plugin v21.4 - https:\/\/yoast.com\/wordpress\/plugins\/seo\/ -->\n<title>Policia Rodovi\u00e1ria Federal (PRF) inicia Opera\u00e7\u00e3o Rodovida 2025\/26 -<\/title>\n<meta name=\"robots\" content=\"index, follow, max-snippet:-1, max-image-preview:large, max-video-preview:-1\" \/>\n<link rel=\"canonical\" href=\"https:\/\/sulsc.com\/index.php\/2025\/12\/19\/policia-rodoviaria-federal-prf-inicia-operacao-rodovida-2025-26\/\" \/>\n<meta property=\"og:locale\" content=\"en_US\" \/>\n<meta property=\"og:type\" content=\"article\" \/>\n<meta property=\"og:title\" content=\"Policia Rodovi\u00e1ria Federal (PRF) inicia Opera\u00e7\u00e3o Rodovida 2025\/26 -\" \/>\n<meta property=\"og:description\" content=\"A Pol\u00edcia Rodovi\u00e1ria Federal (PRF) iniciou nesta quinta-feira (18), em todo o pa\u00eds, a Opera\u00e7\u00e3o Rodovida, maior a\u00e7\u00e3o do ano de enfrentamento \u00e0 viol\u00eancia no tr\u00e2nsito. Ela abrange as festas de Natal e Ano Novo, a temporada de ver\u00e3o e s\u00f3 termina depois do Carnaval. Em Santa Catarina, o lan\u00e7amento operacional foi marcado por uma &hellip; Policia Rodovi\u00e1ria Federal (PRF) inicia Opera\u00e7\u00e3o Rodovida 2025\/26 Read More &raquo;\" \/>\n<meta property=\"og:url\" content=\"https:\/\/sulsc.com\/index.php\/2025\/12\/19\/policia-rodoviaria-federal-prf-inicia-operacao-rodovida-2025-26\/\" \/>\n<meta property=\"article:author\" content=\"https:\/\/www.facebook.com\/profile.php?id=61559278119680\" \/>\n<meta property=\"article:published_time\" content=\"2025-12-19T19:32:01+00:00\" \/>\n<meta property=\"og:image\" content=\"http:\/\/sulsc.com\/wp-content\/uploads\/2025\/12\/23db3333-aaab-431a-a0c2-8c143f5ccb0e-2.jpeg\" \/>\n\t<meta property=\"og:image:width\" content=\"1600\" \/>\n\t<meta property=\"og:image:height\" content=\"1055\" \/>\n\t<meta property=\"og:image:type\" content=\"image\/jpeg\" \/>\n<meta name=\"author\" content=\"Reda\u00e7\u00e3o Sul SC\" \/>\n<meta name=\"twitter:card\" content=\"summary_large_image\" \/>\n<meta name=\"twitter:creator\" content=\"@https:\/\/twitter.com\/PortalSulSC\" \/>\n<meta name=\"twitter:label1\" content=\"Written by\" \/>\n\t<meta name=\"twitter:data1\" content=\"Reda\u00e7\u00e3o Sul SC\" \/>\n\t<meta name=\"twitter:label2\" content=\"Est. reading time\" \/>\n\t<meta name=\"twitter:data2\" content=\"4 minutes\" \/>\n<script type=\"application\/ld+json\" class=\"yoast-schema-graph\">{\"@context\":\"https:\/\/schema.org\",\"@graph\":[{\"@type\":\"WebPage\",\"@id\":\"https:\/\/sulsc.com\/index.php\/2025\/12\/19\/policia-rodoviaria-federal-prf-inicia-operacao-rodovida-2025-26\/\",\"url\":\"https:\/\/sulsc.com\/index.php\/2025\/12\/19\/policia-rodoviaria-federal-prf-inicia-operacao-rodovida-2025-26\/\",\"name\":\"Policia Rodovi\u00e1ria Federal (PRF) inicia Opera\u00e7\u00e3o Rodovida 2025\/26 -\",\"isPartOf\":{\"@id\":\"https:\/\/sulsc.com\/#website\"},\"datePublished\":\"2025-12-19T19:32:01+00:00\",\"dateModified\":\"2025-12-19T19:32:01+00:00\",\"author\":{\"@id\":\"https:\/\/sulsc.com\/#\/schema\/person\/84d2fc571684f6248ba83092f07750a3\"},\"breadcrumb\":{\"@id\":\"https:\/\/sulsc.com\/index.php\/2025\/12\/19\/policia-rodoviaria-federal-prf-inicia-operacao-rodovida-2025-26\/#breadcrumb\"},\"inLanguage\":\"en-US\",\"potentialAction\":[{\"@type\":\"ReadAction\",\"target\":[\"https:\/\/sulsc.com\/index.php\/2025\/12\/19\/policia-rodoviaria-federal-prf-inicia-operacao-rodovida-2025-26\/\"]}]},{\"@type\":\"BreadcrumbList\",\"@id\":\"https:\/\/sulsc.com\/index.php\/2025\/12\/19\/policia-rodoviaria-federal-prf-inicia-operacao-rodovida-2025-26\/#breadcrumb\",\"itemListElement\":[{\"@type\":\"ListItem\",\"position\":1,\"name\":\"In\u00edcio\",\"item\":\"https:\/\/sulsc.com\/\"},{\"@type\":\"ListItem\",\"position\":2,\"name\":\"Policia Rodovi\u00e1ria Federal (PRF) inicia Opera\u00e7\u00e3o Rodovida 2025\/26\"}]},{\"@type\":\"WebSite\",\"@id\":\"https:\/\/sulsc.com\/#website\",\"url\":\"https:\/\/sulsc.com\/\",\"name\":\"\",\"description\":\"\",\"potentialAction\":[{\"@type\":\"SearchAction\",\"target\":{\"@type\":\"EntryPoint\",\"urlTemplate\":\"https:\/\/sulsc.com\/?s={search_term_string}\"},\"query-input\":\"required name=search_term_string\"}],\"inLanguage\":\"en-US\"},{\"@type\":\"Person\",\"@id\":\"https:\/\/sulsc.com\/#\/schema\/person\/84d2fc571684f6248ba83092f07750a3\",\"name\":\"Reda\u00e7\u00e3o Sul SC\",\"image\":{\"@type\":\"ImageObject\",\"inLanguage\":\"en-US\",\"@id\":\"https:\/\/sulsc.com\/#\/schema\/person\/image\/e08d7fe2cc4ed596372063bbe852b8d0\",\"url\":\"https:\/\/sulsc.com\/wp-content\/uploads\/2023\/09\/redacao.png\",\"contentUrl\":\"https:\/\/sulsc.com\/wp-content\/uploads\/2023\/09\/redacao.png\",\"caption\":\"Reda\u00e7\u00e3o Sul SC\"},\"description\":\"Foco em um jornalismo imparcial, voltado \u00e0 qualidade dos seus conte\u00fados e, assim, levar informa\u00e7\u00e3o de valor que agregue \u00e0 vida dos leitores. Esta \u00e9 grande miss\u00e3o do Portal de Not\u00edcias Sul SC. N\u00e3o \u00e9 quantidade que muda o mundo, sempre foi e seguir\u00e1 sendo qualidade!\",\"sameAs\":[\"https:\/\/sulsc.com\/\",\"https:\/\/www.facebook.com\/profile.php?id=61559278119680\",\"https:\/\/www.instagram.com\/sulscportal\/?hl=pt-br\",\"https:\/\/twitter.com\/https:\/\/twitter.com\/PortalSulSC\",\"https:\/\/www.youtube.com\/channel\/UCv_BE8GeySluDov2n8qhVmw\"],\"url\":\"https:\/\/sulsc.com\/index.php\/author\/redacao\/\"}]}<\/script>\n<!-- \/ Yoast SEO plugin. -->","yoast_head_json":{"title":"Policia Rodovi\u00e1ria Federal (PRF) inicia Opera\u00e7\u00e3o Rodovida 2025\/26 -","robots":{"index":"index","follow":"follow","max-snippet":"max-snippet:-1","max-image-preview":"max-image-preview:large","max-video-preview":"max-video-preview:-1"},"canonical":"https:\/\/sulsc.com\/index.php\/2025\/12\/19\/policia-rodoviaria-federal-prf-inicia-operacao-rodovida-2025-26\/","og_locale":"en_US","og_type":"article","og_title":"Policia Rodovi\u00e1ria Federal (PRF) inicia Opera\u00e7\u00e3o Rodovida 2025\/26 -","og_description":"A Pol\u00edcia Rodovi\u00e1ria Federal (PRF) iniciou nesta quinta-feira (18), em todo o pa\u00eds, a Opera\u00e7\u00e3o Rodovida, maior a\u00e7\u00e3o do ano de enfrentamento \u00e0 viol\u00eancia no tr\u00e2nsito. Ela abrange as festas de Natal e Ano Novo, a temporada de ver\u00e3o e s\u00f3 termina depois do Carnaval. Em Santa Catarina, o lan\u00e7amento operacional foi marcado por uma &hellip; Policia Rodovi\u00e1ria Federal (PRF) inicia Opera\u00e7\u00e3o Rodovida 2025\/26 Read More &raquo;","og_url":"https:\/\/sulsc.com\/index.php\/2025\/12\/19\/policia-rodoviaria-federal-prf-inicia-operacao-rodovida-2025-26\/","article_author":"https:\/\/www.facebook.com\/profile.php?id=61559278119680","article_published_time":"2025-12-19T19:32:01+00:00","og_image":[{"width":1600,"height":1055,"url":"http:\/\/sulsc.com\/wp-content\/uploads\/2025\/12\/23db3333-aaab-431a-a0c2-8c143f5ccb0e-2.jpeg","type":"image\/jpeg"}],"author":"Reda\u00e7\u00e3o Sul SC","twitter_card":"summary_large_image","twitter_creator":"@https:\/\/twitter.com\/PortalSulSC","twitter_misc":{"Written by":"Reda\u00e7\u00e3o Sul SC","Est. reading time":"4 minutes"},"schema":{"@context":"https:\/\/schema.org","@graph":[{"@type":"WebPage","@id":"https:\/\/sulsc.com\/index.php\/2025\/12\/19\/policia-rodoviaria-federal-prf-inicia-operacao-rodovida-2025-26\/","url":"https:\/\/sulsc.com\/index.php\/2025\/12\/19\/policia-rodoviaria-federal-prf-inicia-operacao-rodovida-2025-26\/","name":"Policia Rodovi\u00e1ria Federal (PRF) inicia Opera\u00e7\u00e3o Rodovida 2025\/26 -","isPartOf":{"@id":"https:\/\/sulsc.com\/#website"},"datePublished":"2025-12-19T19:32:01+00:00","dateModified":"2025-12-19T19:32:01+00:00","author":{"@id":"https:\/\/sulsc.com\/#\/schema\/person\/84d2fc571684f6248ba83092f07750a3"},"breadcrumb":{"@id":"https:\/\/sulsc.com\/index.php\/2025\/12\/19\/policia-rodoviaria-federal-prf-inicia-operacao-rodovida-2025-26\/#breadcrumb"},"inLanguage":"en-US","potentialAction":[{"@type":"ReadAction","target":["https:\/\/sulsc.com\/index.php\/2025\/12\/19\/policia-rodoviaria-federal-prf-inicia-operacao-rodovida-2025-26\/"]}]},{"@type":"BreadcrumbList","@id":"https:\/\/sulsc.com\/index.php\/2025\/12\/19\/policia-rodoviaria-federal-prf-inicia-operacao-rodovida-2025-26\/#breadcrumb","itemListElement":[{"@type":"ListItem","position":1,"name":"In\u00edcio","item":"https:\/\/sulsc.com\/"},{"@type":"ListItem","position":2,"name":"Policia Rodovi\u00e1ria Federal (PRF) inicia Opera\u00e7\u00e3o Rodovida 2025\/26"}]},{"@type":"WebSite","@id":"https:\/\/sulsc.com\/#website","url":"https:\/\/sulsc.com\/","name":"","description":"","potentialAction":[{"@type":"SearchAction","target":{"@type":"EntryPoint","urlTemplate":"https:\/\/sulsc.com\/?s={search_term_string}"},"query-input":"required name=search_term_string"}],"inLanguage":"en-US"},{"@type":"Person","@id":"https:\/\/sulsc.com\/#\/schema\/person\/84d2fc571684f6248ba83092f07750a3","name":"Reda\u00e7\u00e3o Sul SC","image":{"@type":"ImageObject","inLanguage":"en-US","@id":"https:\/\/sulsc.com\/#\/schema\/person\/image\/e08d7fe2cc4ed596372063bbe852b8d0","url":"https:\/\/sulsc.com\/wp-content\/uploads\/2023\/09\/redacao.png","contentUrl":"https:\/\/sulsc.com\/wp-content\/uploads\/2023\/09\/redacao.png","caption":"Reda\u00e7\u00e3o Sul SC"},"description":"Foco em um jornalismo imparcial, voltado \u00e0 qualidade dos seus conte\u00fados e, assim, levar informa\u00e7\u00e3o de valor que agregue \u00e0 vida dos leitores. Esta \u00e9 grande miss\u00e3o do Portal de Not\u00edcias Sul SC. N\u00e3o \u00e9 quantidade que muda o mundo, sempre foi e seguir\u00e1 sendo qualidade!","sameAs":["https:\/\/sulsc.com\/","https:\/\/www.facebook.com\/profile.php?id=61559278119680","https:\/\/www.instagram.com\/sulscportal\/?hl=pt-br","https:\/\/twitter.com\/https:\/\/twitter.com\/PortalSulSC","https:\/\/www.youtube.com\/channel\/UCv_BE8GeySluDov2n8qhVmw"],"url":"https:\/\/sulsc.com\/index.php\/author\/redacao\/"}]}},"authors":[],"_links":{"self":[{"href":"https:\/\/sulsc.com\/index.php\/wp-json\/wp\/v2\/posts\/31021"}],"collection":[{"href":"https:\/\/sulsc.com\/index.php\/wp-json\/wp\/v2\/posts"}],"about":[{"href":"https:\/\/sulsc.com\/index.php\/wp-json\/wp\/v2\/types\/post"}],"author":[{"embeddable":true,"href":"https:\/\/sulsc.com\/index.php\/wp-json\/wp\/v2\/users\/3"}],"replies":[{"embeddable":true,"href":"https:\/\/sulsc.com\/index.php\/wp-json\/wp\/v2\/comments?post=31021"}],"version-history":[{"count":1,"href":"https:\/\/sulsc.com\/index.php\/wp-json\/wp\/v2\/posts\/31021\/revisions"}],"predecessor-version":[{"id":31026,"href":"https:\/\/sulsc.com\/index.php\/wp-json\/wp\/v2\/posts\/31021\/revisions\/31026"}],"wp:featuredmedia":[{"embeddable":true,"href":"https:\/\/sulsc.com\/index.php\/wp-json\/wp\/v2\/media\/31025"}],"wp:attachment":[{"href":"https:\/\/sulsc.com\/index.php\/wp-json\/wp\/v2\/media?parent=31021"}],"wp:term":[{"taxonomy":"category","embeddable":true,"href":"https:\/\/sulsc.com\/index.php\/wp-json\/wp\/v2\/categories?post=31021"},{"taxonomy":"post_tag","embeddable":true,"href":"https:\/\/sulsc.com\/index.php\/wp-json\/wp\/v2\/tags?post=31021"}],"curies":[{"name":"wp","href":"https:\/\/api.w.org\/{rel}","templated":true}]}}