{"id":31034,"date":"2025-12-21T17:27:46","date_gmt":"2025-12-21T20:27:46","guid":{"rendered":"https:\/\/sulsc.com\/?p=31034"},"modified":"2025-12-21T17:27:46","modified_gmt":"2025-12-21T20:27:46","slug":"previsao-climatica-para-o-trimestre-janeiro-fevereiro-e-marco-de-2026","status":"publish","type":"post","link":"https:\/\/sulsc.com\/index.php\/2025\/12\/21\/previsao-climatica-para-o-trimestre-janeiro-fevereiro-e-marco-de-2026\/","title":{"rendered":"Previs\u00e3o Clim\u00e1tica para o trimestre Janeiro, Fevereiro e Mar\u00e7o de 2026"},"content":{"rendered":"<p>Nesta sexta-feira (19), foi realizado o 236\u00ba F\u00f3rum Clim\u00e1tico Catarinense, com a participa\u00e7\u00e3o de meteorologistas de diversas institui\u00e7\u00f5es do estado de Santa Catarina. Estiveram presentes representantes da Secretaria de Prote\u00e7\u00e3o e Defesa Civil de SC, Epagri\/Ciram, AlertaBlu, al\u00e9m de profissionais e pesquisadores de institui\u00e7\u00f5es de ensino como o IFSC e a UFSC.<\/p>\n<p>Por mais que no momento n\u00e3o temos\u00a0uma La Ni\u00f1a configurada, caracter\u00edsticas do fen\u00f4meno j\u00e1 est\u00e3o estabelecidas. Essa condi\u00e7\u00e3o tende a persistir at\u00e9 fevereiro de 2026, trazendo reflexos no padr\u00e3o de chuvas e temperaturas em Santa Catarina ao longo do ver\u00e3o.<\/p>\n<p>No m\u00eas de janeiro, \u00e9 comum que a circula\u00e7\u00e3o mar\u00edtima se torne mais ativa, favorecendo chuvas frequentes e intensas dos Planaltos ao Litoral. Em janeiro de 2026 n\u00e3o ser\u00e1 diferente: a previs\u00e3o indica chuva mais frequente entre a Grande Florian\u00f3polis e o norte catarinense. Nessas \u00e1reas, n\u00e3o se descartam eventos extremos associados a alagamentos e enxurradas.<\/p>\n<p><img fetchpriority=\"high\" decoding=\"async\" class=\"aligncenter size-full wp-image-31035\" src=\"http:\/\/sulsc.com\/wp-content\/uploads\/2025\/12\/cff353e8-2961-40e8-99de-cf66f2dbed90.jpeg\" alt=\"\" width=\"1024\" height=\"678\" srcset=\"https:\/\/sulsc.com\/wp-content\/uploads\/2025\/12\/cff353e8-2961-40e8-99de-cf66f2dbed90.jpeg 1024w, https:\/\/sulsc.com\/wp-content\/uploads\/2025\/12\/cff353e8-2961-40e8-99de-cf66f2dbed90-300x199.jpeg 300w, https:\/\/sulsc.com\/wp-content\/uploads\/2025\/12\/cff353e8-2961-40e8-99de-cf66f2dbed90-768x509.jpeg 768w\" sizes=\"(max-width: 1024px) 100vw, 1024px\" \/><\/p>\n<p>Divulga\u00e7\u00e3o\/SulSC<\/p>\n<p>Por outro lado, nas regi\u00f5es do Grande Oeste e sul catarinense as chuvas tendem a ser mais irregulares e mal distribu\u00eddas, n\u00e3o descartando eventos de chuva intensa, mas podendo registrar valores abaixo da normalidade na regi\u00e3o. Entre fevereiro e mar\u00e7o s\u00e3o esperados meses t\u00edpicos de ver\u00e3o, com a frequente forma\u00e7\u00e3o de temporais, principalmente no decorrer das tardes. Os acumulados previstos ficam dentro da normalidade para o trimestre. Quanto \u00e0s temperaturas, devem permanecer pr\u00f3ximas \u00e0 acima da m\u00e9dia neste per\u00edodo.<\/p>\n<div id=\"metaslider-id-25573\" style=\"width: 100%;\" class=\"ml-slider-3-99-0 metaslider metaslider-flex metaslider-25573 ml-slider has-onhover-arrows ms-theme-default-base has-dots-nav\" role=\"region\" aria-label=\"Meio\" data-width=\"1200\">\n    <div id=\"metaslider_container_25573\">\n        <div id=\"metaslider_25573\">\n            <ul class='slides'>\n                <li style=\"display: block; width: 100%;\" class=\"slide-25684 ms-image \" aria-roledescription=\"slide\" data-date=\"2025-07-24 07:55:40\"><img src=\"https:\/\/sulsc.com\/wp-content\/uploads\/2025\/07\/Marr-2-1000x166.jpg\" height=\"200\" width=\"1200\" alt=\"\" class=\"slider-25573 slide-25684 msDefaultImage\" title=\"Marr 2\" \/><\/li>\n                <li style=\"display: none; width: 100%;\" class=\"slide-32412 ms-image \" aria-roledescription=\"slide\" data-date=\"2026-02-18 13:59:46\"><img src=\"https:\/\/sulsc.com\/wp-content\/uploads\/2026\/02\/40dc1580-cad5-4867-bc58-c4243821ad38-1000x166.jpeg\" height=\"200\" width=\"1200\" alt=\"\" class=\"slider-25573 slide-32412 msDefaultImage\" title=\"40dc1580-cad5-4867-bc58-c4243821ad38\" \/><\/li>\n                <li style=\"display: none; width: 100%;\" class=\"slide-32766 ms-image \" aria-roledescription=\"slide\" data-date=\"2026-03-03 17:22:59\"><img src=\"https:\/\/sulsc.com\/wp-content\/uploads\/2026\/03\/271ce739-f268-41c5-8051-3de1a1750359-1000x166.jpeg\" height=\"200\" width=\"1200\" alt=\"\" class=\"slider-25573 slide-32766 msDefaultImage\" title=\"271ce739-f268-41c5-8051-3de1a1750359\" \/><\/li>\n            <\/ul>\n        <\/div>\n        \n    <\/div>\n<\/div>\n<p><strong>Para amanh\u00e3 segunda-feira (22),<\/strong> o dia ser\u00e1 com sol entre nuvens em SC. Mais nuvens e pancadas de chuva a partir da tarde no Extremo Oeste, Oeste e Meio-Oeste, devido a uma frente fria no litoral do RS e sul de SC. As temperaturas ficam elevada, com m\u00e1ximas pr\u00f3ximas e acima de 30\u00b0C, chegando a 34\u00b0C e 36\u00b0C e v\u00e1rias localidades do oeste e no litoral, ar abafado.<\/p>\n<p>Fontes: Defesa Civil-SC\/Epagri-Ciram<\/p>\n<p>Imagem Capa\/Freepik<\/p>\n","protected":false},"excerpt":{"rendered":"<p>Nesta sexta-feira (19), foi realizado o 236\u00ba F\u00f3rum Clim\u00e1tico Catarinense, com a participa\u00e7\u00e3o de meteorologistas de diversas institui\u00e7\u00f5es do estado de Santa Catarina. Estiveram presentes representantes da Secretaria de Prote\u00e7\u00e3o e Defesa Civil de SC, Epagri\/Ciram, AlertaBlu, al\u00e9m de profissionais e pesquisadores de institui\u00e7\u00f5es de ensino como o IFSC e a UFSC. Por mais que &hellip;<\/p>\n<p class=\"read-more\"> <a class=\"\" href=\"https:\/\/sulsc.com\/index.php\/2025\/12\/21\/previsao-climatica-para-o-trimestre-janeiro-fevereiro-e-marco-de-2026\/\"> <span class=\"screen-reader-text\">Previs\u00e3o Clim\u00e1tica para o trimestre Janeiro, Fevereiro e Mar\u00e7o de 2026<\/span> Read More &raquo;<\/a><\/p>\n","protected":false},"author":3,"featured_media":31036,"comment_status":"open","ping_status":"open","sticky":false,"template":"","format":"standard","meta":{"site-sidebar-layout":"default","site-content-layout":"","ast-site-content-layout":"default","site-content-style":"default","site-sidebar-style":"default","ast-global-header-display":"","ast-banner-title-visibility":"","ast-main-header-display":"","ast-hfb-above-header-display":"","ast-hfb-below-header-display":"","ast-hfb-mobile-header-display":"","site-post-title":"","ast-breadcrumbs-content":"","ast-featured-img":"","footer-sml-layout":"","theme-transparent-header-meta":"default","adv-header-id-meta":"","stick-header-meta":"","header-above-stick-meta":"","header-main-stick-meta":"","header-below-stick-meta":"","astra-migrate-meta-layouts":"set","footnotes":""},"categories":[2354,2231,1,14,38,12],"tags":[90],"yoast_head":"<!-- This site is optimized with the Yoast SEO plugin v21.4 - https:\/\/yoast.com\/wordpress\/plugins\/seo\/ -->\n<title>Previs\u00e3o Clim\u00e1tica para o trimestre Janeiro, Fevereiro e Mar\u00e7o de 2026 -<\/title>\n<meta name=\"robots\" content=\"index, follow, max-snippet:-1, max-image-preview:large, max-video-preview:-1\" \/>\n<link rel=\"canonical\" href=\"https:\/\/sulsc.com\/index.php\/2025\/12\/21\/previsao-climatica-para-o-trimestre-janeiro-fevereiro-e-marco-de-2026\/\" \/>\n<meta property=\"og:locale\" content=\"en_US\" \/>\n<meta property=\"og:type\" content=\"article\" \/>\n<meta property=\"og:title\" content=\"Previs\u00e3o Clim\u00e1tica para o trimestre Janeiro, Fevereiro e Mar\u00e7o de 2026 -\" \/>\n<meta property=\"og:description\" content=\"Nesta sexta-feira (19), foi realizado o 236\u00ba F\u00f3rum Clim\u00e1tico Catarinense, com a participa\u00e7\u00e3o de meteorologistas de diversas institui\u00e7\u00f5es do estado de Santa Catarina. Estiveram presentes representantes da Secretaria de Prote\u00e7\u00e3o e Defesa Civil de SC, Epagri\/Ciram, AlertaBlu, al\u00e9m de profissionais e pesquisadores de institui\u00e7\u00f5es de ensino como o IFSC e a UFSC. Por mais que &hellip; Previs\u00e3o Clim\u00e1tica para o trimestre Janeiro, Fevereiro e Mar\u00e7o de 2026 Read More &raquo;\" \/>\n<meta property=\"og:url\" content=\"https:\/\/sulsc.com\/index.php\/2025\/12\/21\/previsao-climatica-para-o-trimestre-janeiro-fevereiro-e-marco-de-2026\/\" \/>\n<meta property=\"article:author\" content=\"https:\/\/www.facebook.com\/profile.php?id=61559278119680\" \/>\n<meta property=\"article:published_time\" content=\"2025-12-21T20:27:46+00:00\" \/>\n<meta property=\"og:image\" content=\"http:\/\/sulsc.com\/wp-content\/uploads\/2025\/12\/mulher-com-o-calor-que-prende-um-grande-termometro-scaled.jpg\" \/>\n\t<meta property=\"og:image:width\" content=\"2560\" \/>\n\t<meta property=\"og:image:height\" content=\"1774\" \/>\n\t<meta property=\"og:image:type\" content=\"image\/jpeg\" \/>\n<meta name=\"author\" content=\"Reda\u00e7\u00e3o Sul SC\" \/>\n<meta name=\"twitter:card\" content=\"summary_large_image\" \/>\n<meta name=\"twitter:creator\" content=\"@https:\/\/twitter.com\/PortalSulSC\" \/>\n<meta name=\"twitter:label1\" content=\"Written by\" \/>\n\t<meta name=\"twitter:data1\" content=\"Reda\u00e7\u00e3o Sul SC\" \/>\n\t<meta name=\"twitter:label2\" content=\"Est. reading time\" \/>\n\t<meta name=\"twitter:data2\" content=\"2 minutes\" \/>\n<script type=\"application\/ld+json\" class=\"yoast-schema-graph\">{\"@context\":\"https:\/\/schema.org\",\"@graph\":[{\"@type\":\"WebPage\",\"@id\":\"https:\/\/sulsc.com\/index.php\/2025\/12\/21\/previsao-climatica-para-o-trimestre-janeiro-fevereiro-e-marco-de-2026\/\",\"url\":\"https:\/\/sulsc.com\/index.php\/2025\/12\/21\/previsao-climatica-para-o-trimestre-janeiro-fevereiro-e-marco-de-2026\/\",\"name\":\"Previs\u00e3o Clim\u00e1tica para o trimestre Janeiro, Fevereiro e Mar\u00e7o de 2026 -\",\"isPartOf\":{\"@id\":\"https:\/\/sulsc.com\/#website\"},\"datePublished\":\"2025-12-21T20:27:46+00:00\",\"dateModified\":\"2025-12-21T20:27:46+00:00\",\"author\":{\"@id\":\"https:\/\/sulsc.com\/#\/schema\/person\/84d2fc571684f6248ba83092f07750a3\"},\"breadcrumb\":{\"@id\":\"https:\/\/sulsc.com\/index.php\/2025\/12\/21\/previsao-climatica-para-o-trimestre-janeiro-fevereiro-e-marco-de-2026\/#breadcrumb\"},\"inLanguage\":\"en-US\",\"potentialAction\":[{\"@type\":\"ReadAction\",\"target\":[\"https:\/\/sulsc.com\/index.php\/2025\/12\/21\/previsao-climatica-para-o-trimestre-janeiro-fevereiro-e-marco-de-2026\/\"]}]},{\"@type\":\"BreadcrumbList\",\"@id\":\"https:\/\/sulsc.com\/index.php\/2025\/12\/21\/previsao-climatica-para-o-trimestre-janeiro-fevereiro-e-marco-de-2026\/#breadcrumb\",\"itemListElement\":[{\"@type\":\"ListItem\",\"position\":1,\"name\":\"In\u00edcio\",\"item\":\"https:\/\/sulsc.com\/\"},{\"@type\":\"ListItem\",\"position\":2,\"name\":\"Previs\u00e3o Clim\u00e1tica para o trimestre Janeiro, Fevereiro e Mar\u00e7o de 2026\"}]},{\"@type\":\"WebSite\",\"@id\":\"https:\/\/sulsc.com\/#website\",\"url\":\"https:\/\/sulsc.com\/\",\"name\":\"\",\"description\":\"\",\"potentialAction\":[{\"@type\":\"SearchAction\",\"target\":{\"@type\":\"EntryPoint\",\"urlTemplate\":\"https:\/\/sulsc.com\/?s={search_term_string}\"},\"query-input\":\"required name=search_term_string\"}],\"inLanguage\":\"en-US\"},{\"@type\":\"Person\",\"@id\":\"https:\/\/sulsc.com\/#\/schema\/person\/84d2fc571684f6248ba83092f07750a3\",\"name\":\"Reda\u00e7\u00e3o Sul SC\",\"image\":{\"@type\":\"ImageObject\",\"inLanguage\":\"en-US\",\"@id\":\"https:\/\/sulsc.com\/#\/schema\/person\/image\/e08d7fe2cc4ed596372063bbe852b8d0\",\"url\":\"https:\/\/sulsc.com\/wp-content\/uploads\/2023\/09\/redacao.png\",\"contentUrl\":\"https:\/\/sulsc.com\/wp-content\/uploads\/2023\/09\/redacao.png\",\"caption\":\"Reda\u00e7\u00e3o Sul SC\"},\"description\":\"Foco em um jornalismo imparcial, voltado \u00e0 qualidade dos seus conte\u00fados e, assim, levar informa\u00e7\u00e3o de valor que agregue \u00e0 vida dos leitores. Esta \u00e9 grande miss\u00e3o do Portal de Not\u00edcias Sul SC. N\u00e3o \u00e9 quantidade que muda o mundo, sempre foi e seguir\u00e1 sendo qualidade!\",\"sameAs\":[\"https:\/\/sulsc.com\/\",\"https:\/\/www.facebook.com\/profile.php?id=61559278119680\",\"https:\/\/www.instagram.com\/sulscportal\/?hl=pt-br\",\"https:\/\/twitter.com\/https:\/\/twitter.com\/PortalSulSC\",\"https:\/\/www.youtube.com\/channel\/UCv_BE8GeySluDov2n8qhVmw\"],\"url\":\"https:\/\/sulsc.com\/index.php\/author\/redacao\/\"}]}<\/script>\n<!-- \/ Yoast SEO plugin. -->","yoast_head_json":{"title":"Previs\u00e3o Clim\u00e1tica para o trimestre Janeiro, Fevereiro e Mar\u00e7o de 2026 -","robots":{"index":"index","follow":"follow","max-snippet":"max-snippet:-1","max-image-preview":"max-image-preview:large","max-video-preview":"max-video-preview:-1"},"canonical":"https:\/\/sulsc.com\/index.php\/2025\/12\/21\/previsao-climatica-para-o-trimestre-janeiro-fevereiro-e-marco-de-2026\/","og_locale":"en_US","og_type":"article","og_title":"Previs\u00e3o Clim\u00e1tica para o trimestre Janeiro, Fevereiro e Mar\u00e7o de 2026 -","og_description":"Nesta sexta-feira (19), foi realizado o 236\u00ba F\u00f3rum Clim\u00e1tico Catarinense, com a participa\u00e7\u00e3o de meteorologistas de diversas institui\u00e7\u00f5es do estado de Santa Catarina. Estiveram presentes representantes da Secretaria de Prote\u00e7\u00e3o e Defesa Civil de SC, Epagri\/Ciram, AlertaBlu, al\u00e9m de profissionais e pesquisadores de institui\u00e7\u00f5es de ensino como o IFSC e a UFSC. Por mais que &hellip; Previs\u00e3o Clim\u00e1tica para o trimestre Janeiro, Fevereiro e Mar\u00e7o de 2026 Read More &raquo;","og_url":"https:\/\/sulsc.com\/index.php\/2025\/12\/21\/previsao-climatica-para-o-trimestre-janeiro-fevereiro-e-marco-de-2026\/","article_author":"https:\/\/www.facebook.com\/profile.php?id=61559278119680","article_published_time":"2025-12-21T20:27:46+00:00","og_image":[{"width":2560,"height":1774,"url":"http:\/\/sulsc.com\/wp-content\/uploads\/2025\/12\/mulher-com-o-calor-que-prende-um-grande-termometro-scaled.jpg","type":"image\/jpeg"}],"author":"Reda\u00e7\u00e3o Sul SC","twitter_card":"summary_large_image","twitter_creator":"@https:\/\/twitter.com\/PortalSulSC","twitter_misc":{"Written by":"Reda\u00e7\u00e3o Sul SC","Est. reading time":"2 minutes"},"schema":{"@context":"https:\/\/schema.org","@graph":[{"@type":"WebPage","@id":"https:\/\/sulsc.com\/index.php\/2025\/12\/21\/previsao-climatica-para-o-trimestre-janeiro-fevereiro-e-marco-de-2026\/","url":"https:\/\/sulsc.com\/index.php\/2025\/12\/21\/previsao-climatica-para-o-trimestre-janeiro-fevereiro-e-marco-de-2026\/","name":"Previs\u00e3o Clim\u00e1tica para o trimestre Janeiro, Fevereiro e Mar\u00e7o de 2026 -","isPartOf":{"@id":"https:\/\/sulsc.com\/#website"},"datePublished":"2025-12-21T20:27:46+00:00","dateModified":"2025-12-21T20:27:46+00:00","author":{"@id":"https:\/\/sulsc.com\/#\/schema\/person\/84d2fc571684f6248ba83092f07750a3"},"breadcrumb":{"@id":"https:\/\/sulsc.com\/index.php\/2025\/12\/21\/previsao-climatica-para-o-trimestre-janeiro-fevereiro-e-marco-de-2026\/#breadcrumb"},"inLanguage":"en-US","potentialAction":[{"@type":"ReadAction","target":["https:\/\/sulsc.com\/index.php\/2025\/12\/21\/previsao-climatica-para-o-trimestre-janeiro-fevereiro-e-marco-de-2026\/"]}]},{"@type":"BreadcrumbList","@id":"https:\/\/sulsc.com\/index.php\/2025\/12\/21\/previsao-climatica-para-o-trimestre-janeiro-fevereiro-e-marco-de-2026\/#breadcrumb","itemListElement":[{"@type":"ListItem","position":1,"name":"In\u00edcio","item":"https:\/\/sulsc.com\/"},{"@type":"ListItem","position":2,"name":"Previs\u00e3o Clim\u00e1tica para o trimestre Janeiro, Fevereiro e Mar\u00e7o de 2026"}]},{"@type":"WebSite","@id":"https:\/\/sulsc.com\/#website","url":"https:\/\/sulsc.com\/","name":"","description":"","potentialAction":[{"@type":"SearchAction","target":{"@type":"EntryPoint","urlTemplate":"https:\/\/sulsc.com\/?s={search_term_string}"},"query-input":"required name=search_term_string"}],"inLanguage":"en-US"},{"@type":"Person","@id":"https:\/\/sulsc.com\/#\/schema\/person\/84d2fc571684f6248ba83092f07750a3","name":"Reda\u00e7\u00e3o Sul SC","image":{"@type":"ImageObject","inLanguage":"en-US","@id":"https:\/\/sulsc.com\/#\/schema\/person\/image\/e08d7fe2cc4ed596372063bbe852b8d0","url":"https:\/\/sulsc.com\/wp-content\/uploads\/2023\/09\/redacao.png","contentUrl":"https:\/\/sulsc.com\/wp-content\/uploads\/2023\/09\/redacao.png","caption":"Reda\u00e7\u00e3o Sul SC"},"description":"Foco em um jornalismo imparcial, voltado \u00e0 qualidade dos seus conte\u00fados e, assim, levar informa\u00e7\u00e3o de valor que agregue \u00e0 vida dos leitores. Esta \u00e9 grande miss\u00e3o do Portal de Not\u00edcias Sul SC. N\u00e3o \u00e9 quantidade que muda o mundo, sempre foi e seguir\u00e1 sendo qualidade!","sameAs":["https:\/\/sulsc.com\/","https:\/\/www.facebook.com\/profile.php?id=61559278119680","https:\/\/www.instagram.com\/sulscportal\/?hl=pt-br","https:\/\/twitter.com\/https:\/\/twitter.com\/PortalSulSC","https:\/\/www.youtube.com\/channel\/UCv_BE8GeySluDov2n8qhVmw"],"url":"https:\/\/sulsc.com\/index.php\/author\/redacao\/"}]}},"authors":[],"_links":{"self":[{"href":"https:\/\/sulsc.com\/index.php\/wp-json\/wp\/v2\/posts\/31034"}],"collection":[{"href":"https:\/\/sulsc.com\/index.php\/wp-json\/wp\/v2\/posts"}],"about":[{"href":"https:\/\/sulsc.com\/index.php\/wp-json\/wp\/v2\/types\/post"}],"author":[{"embeddable":true,"href":"https:\/\/sulsc.com\/index.php\/wp-json\/wp\/v2\/users\/3"}],"replies":[{"embeddable":true,"href":"https:\/\/sulsc.com\/index.php\/wp-json\/wp\/v2\/comments?post=31034"}],"version-history":[{"count":1,"href":"https:\/\/sulsc.com\/index.php\/wp-json\/wp\/v2\/posts\/31034\/revisions"}],"predecessor-version":[{"id":31037,"href":"https:\/\/sulsc.com\/index.php\/wp-json\/wp\/v2\/posts\/31034\/revisions\/31037"}],"wp:featuredmedia":[{"embeddable":true,"href":"https:\/\/sulsc.com\/index.php\/wp-json\/wp\/v2\/media\/31036"}],"wp:attachment":[{"href":"https:\/\/sulsc.com\/index.php\/wp-json\/wp\/v2\/media?parent=31034"}],"wp:term":[{"taxonomy":"category","embeddable":true,"href":"https:\/\/sulsc.com\/index.php\/wp-json\/wp\/v2\/categories?post=31034"},{"taxonomy":"post_tag","embeddable":true,"href":"https:\/\/sulsc.com\/index.php\/wp-json\/wp\/v2\/tags?post=31034"}],"curies":[{"name":"wp","href":"https:\/\/api.w.org\/{rel}","templated":true}]}}