{"id":31039,"date":"2025-12-22T06:47:33","date_gmt":"2025-12-22T09:47:33","guid":{"rendered":"https:\/\/sulsc.com\/?p=31039"},"modified":"2025-12-22T06:47:33","modified_gmt":"2025-12-22T09:47:33","slug":"segunda-feira-22-com-destaques-nas-maximas-chegando-aos-37oc-no-litoral-sul","status":"publish","type":"post","link":"https:\/\/sulsc.com\/index.php\/2025\/12\/22\/segunda-feira-22-com-destaques-nas-maximas-chegando-aos-37oc-no-litoral-sul\/","title":{"rendered":"Segunda-feira (22) com destaques nas m\u00e1ximas chegando aos 37\u00baC no litoral sul"},"content":{"rendered":"<p>A segunda-feira (22), o dia come\u00e7a com tempo est\u00e1vel pelo estado com sol e varia\u00e7\u00e3o de nuvens. Entre a tarde e \u00e0 noite, a combina\u00e7\u00e3o de calor, umidade e de uma baixa press\u00e3o nos m\u00e9dios n\u00edveis da atmosfera voltam a favorecer a ocorr\u00eancia de temporais bastante isolados com raios, chuva pontualmente intensa, rajadas de vento e eventual precipita\u00e7\u00e3o de granizo, especialmente entre o Grande Oeste, Planalto Sul, Litoral Sul e Alto Vale do Itaja\u00ed. O risco \u00e9 baixo a moderado para ocorr\u00eancias associadas \u00e0 alagamentos e enxurradas pontuais e destelhamentos.<\/p>\n<div id=\"metaslider-id-25573\" style=\"width: 100%;\" class=\"ml-slider-3-99-0 metaslider metaslider-flex metaslider-25573 ml-slider has-onhover-arrows ms-theme-default-base has-dots-nav\" role=\"region\" aria-label=\"Meio\" data-width=\"1200\">\n    <div id=\"metaslider_container_25573\">\n        <div id=\"metaslider_25573\">\n            <ul class='slides'>\n                <li style=\"display: block; width: 100%;\" class=\"slide-25684 ms-image \" aria-roledescription=\"slide\" data-date=\"2025-07-24 07:55:40\"><img src=\"https:\/\/sulsc.com\/wp-content\/uploads\/2025\/07\/Marr-2-1000x166.jpg\" height=\"200\" width=\"1200\" alt=\"\" class=\"slider-25573 slide-25684 msDefaultImage\" title=\"Marr 2\" \/><\/li>\n                <li style=\"display: none; width: 100%;\" class=\"slide-32412 ms-image \" aria-roledescription=\"slide\" data-date=\"2026-02-18 13:59:46\"><img src=\"https:\/\/sulsc.com\/wp-content\/uploads\/2026\/02\/40dc1580-cad5-4867-bc58-c4243821ad38-1000x166.jpeg\" height=\"200\" width=\"1200\" alt=\"\" class=\"slider-25573 slide-32412 msDefaultImage\" title=\"40dc1580-cad5-4867-bc58-c4243821ad38\" \/><\/li>\n                <li style=\"display: none; width: 100%;\" class=\"slide-32766 ms-image \" aria-roledescription=\"slide\" data-date=\"2026-03-03 17:22:59\"><img src=\"https:\/\/sulsc.com\/wp-content\/uploads\/2026\/03\/271ce739-f268-41c5-8051-3de1a1750359-1000x166.jpeg\" height=\"200\" width=\"1200\" alt=\"\" class=\"slider-25573 slide-32766 msDefaultImage\" title=\"271ce739-f268-41c5-8051-3de1a1750359\" \/><\/li>\n            <\/ul>\n        <\/div>\n        \n    <\/div>\n<\/div>\n<p><strong>Temperaturas<\/strong><\/p>\n<p>As temperaturas se mant\u00eam elevadas, com m\u00ednimas entre 16\u00b0C e 24\u00b0C em todo o estado. O calor ganha destaque \u00e0 tarde, com m\u00e1ximas chegando a 36\u00b0C\/37\u00b0C no Litoral Sul e 34\u00b0C\/35\u00b0C no Oeste e Extremo Oeste, enquanto variam entre 27\u00b0C e 34\u00b0C nas demais regi\u00f5es, com valores menores nos pontos mais altos.<\/p>\n<p><img fetchpriority=\"high\" decoding=\"async\" class=\"aligncenter size-full wp-image-31040\" src=\"http:\/\/sulsc.com\/wp-content\/uploads\/2025\/12\/image-417-1024x699-1.png\" alt=\"\" width=\"1024\" height=\"699\" srcset=\"https:\/\/sulsc.com\/wp-content\/uploads\/2025\/12\/image-417-1024x699-1.png 1024w, https:\/\/sulsc.com\/wp-content\/uploads\/2025\/12\/image-417-1024x699-1-300x205.png 300w, https:\/\/sulsc.com\/wp-content\/uploads\/2025\/12\/image-417-1024x699-1-768x524.png 768w\" sizes=\"(max-width: 1024px) 100vw, 1024px\" \/><\/p>\n<p><img decoding=\"async\" class=\"aligncenter size-full wp-image-22836\" src=\"http:\/\/sulsc.com\/wp-content\/uploads\/2025\/04\/Tempo-2.png\" alt=\"\" width=\"1024\" height=\"189\" srcset=\"https:\/\/sulsc.com\/wp-content\/uploads\/2025\/04\/Tempo-2.png 1024w, https:\/\/sulsc.com\/wp-content\/uploads\/2025\/04\/Tempo-2-300x55.png 300w, https:\/\/sulsc.com\/wp-content\/uploads\/2025\/04\/Tempo-2-768x142.png 768w\" sizes=\"(max-width: 1024px) 100vw, 1024px\" \/><\/p>\n<p><strong>Vento:<\/strong> nordeste, com varia\u00e7\u00e3o de noroeste na ter\u00e7a-feira, fraco a moderado, com rajadas.<\/p>\n<p><strong>Amanh\u00e3 ter\u00e7a-feira (23),<\/strong> ser\u00e1 muito semelhante ao dia anterior no estado. O dia come\u00e7a com tempo est\u00e1vel e predom\u00ednio de sol, com maior nebulosidade entre o Planalto Sul, Vale do Itaja\u00ed, Grd. Florian\u00f3polis e Litoral Norte. J\u00e1 as temperaturas na parte da tarde se aproximam dos 37\u00b0C\/38\u00b0C no Litoral Sul, 34\u00b0C\/36\u00b0C em trechos do Grande Oeste, Grd. Florian\u00f3polis, Vale do Itaja\u00ed e Litoral Norte.<\/p>\n<p>Fontes: Defesa Civil-SC\/Epagri-Ciram<\/p>\n<p><strong>As charges mais hil\u00e1rias do cotidiano e do meio pol\u00edtico voc\u00ea encontra no SulSC.<\/strong><\/p>\n<p><img decoding=\"async\" class=\"size-full wp-image-7851\" src=\"http:\/\/sulsc.com\/wp-content\/uploads\/2024\/01\/Charge-Sul-SC-18-scaled.jpg\" alt=\"\" width=\"2560\" height=\"1829\" srcset=\"https:\/\/sulsc.com\/wp-content\/uploads\/2024\/01\/Charge-Sul-SC-18-scaled.jpg 2560w, https:\/\/sulsc.com\/wp-content\/uploads\/2024\/01\/Charge-Sul-SC-18-300x214.jpg 300w, https:\/\/sulsc.com\/wp-content\/uploads\/2024\/01\/Charge-Sul-SC-18-1024x731.jpg 1024w, https:\/\/sulsc.com\/wp-content\/uploads\/2024\/01\/Charge-Sul-SC-18-768x549.jpg 768w, https:\/\/sulsc.com\/wp-content\/uploads\/2024\/01\/Charge-Sul-SC-18-1536x1097.jpg 1536w, https:\/\/sulsc.com\/wp-content\/uploads\/2024\/01\/Charge-Sul-SC-18-2048x1463.jpg 2048w\" sizes=\"(max-width: 2560px) 100vw, 2560px\" \/><\/p>\n","protected":false},"excerpt":{"rendered":"<p>A segunda-feira (22), o dia come\u00e7a com tempo est\u00e1vel pelo estado com sol e varia\u00e7\u00e3o de nuvens. Entre a tarde e \u00e0 noite, a combina\u00e7\u00e3o de calor, umidade e de uma baixa press\u00e3o nos m\u00e9dios n\u00edveis da atmosfera voltam a favorecer a ocorr\u00eancia de temporais bastante isolados com raios, chuva pontualmente intensa, rajadas de vento &hellip;<\/p>\n<p class=\"read-more\"> <a class=\"\" href=\"https:\/\/sulsc.com\/index.php\/2025\/12\/22\/segunda-feira-22-com-destaques-nas-maximas-chegando-aos-37oc-no-litoral-sul\/\"> <span class=\"screen-reader-text\">Segunda-feira (22) com destaques nas m\u00e1ximas chegando aos 37\u00baC no litoral sul<\/span> Read More &raquo;<\/a><\/p>\n","protected":false},"author":3,"featured_media":31041,"comment_status":"open","ping_status":"open","sticky":false,"template":"","format":"standard","meta":{"site-sidebar-layout":"default","site-content-layout":"","ast-site-content-layout":"default","site-content-style":"default","site-sidebar-style":"default","ast-global-header-display":"","ast-banner-title-visibility":"","ast-main-header-display":"","ast-hfb-above-header-display":"","ast-hfb-below-header-display":"","ast-hfb-mobile-header-display":"","site-post-title":"","ast-breadcrumbs-content":"","ast-featured-img":"","footer-sml-layout":"","theme-transparent-header-meta":"default","adv-header-id-meta":"","stick-header-meta":"","header-above-stick-meta":"","header-main-stick-meta":"","header-below-stick-meta":"","astra-migrate-meta-layouts":"set","footnotes":""},"categories":[2354,2231,1,14,38,12],"tags":[90],"yoast_head":"<!-- This site is optimized with the Yoast SEO plugin v21.4 - https:\/\/yoast.com\/wordpress\/plugins\/seo\/ -->\n<title>Segunda-feira (22) com destaques nas m\u00e1ximas chegando aos 37\u00baC no litoral sul -<\/title>\n<meta name=\"robots\" content=\"index, follow, max-snippet:-1, max-image-preview:large, max-video-preview:-1\" \/>\n<link rel=\"canonical\" href=\"https:\/\/sulsc.com\/index.php\/2025\/12\/22\/segunda-feira-22-com-destaques-nas-maximas-chegando-aos-37oc-no-litoral-sul\/\" \/>\n<meta property=\"og:locale\" content=\"en_US\" \/>\n<meta property=\"og:type\" content=\"article\" \/>\n<meta property=\"og:title\" content=\"Segunda-feira (22) com destaques nas m\u00e1ximas chegando aos 37\u00baC no litoral sul -\" \/>\n<meta property=\"og:description\" content=\"A segunda-feira (22), o dia come\u00e7a com tempo est\u00e1vel pelo estado com sol e varia\u00e7\u00e3o de nuvens. Entre a tarde e \u00e0 noite, a combina\u00e7\u00e3o de calor, umidade e de uma baixa press\u00e3o nos m\u00e9dios n\u00edveis da atmosfera voltam a favorecer a ocorr\u00eancia de temporais bastante isolados com raios, chuva pontualmente intensa, rajadas de vento &hellip; Segunda-feira (22) com destaques nas m\u00e1ximas chegando aos 37\u00baC no litoral sul Read More &raquo;\" \/>\n<meta property=\"og:url\" content=\"https:\/\/sulsc.com\/index.php\/2025\/12\/22\/segunda-feira-22-com-destaques-nas-maximas-chegando-aos-37oc-no-litoral-sul\/\" \/>\n<meta property=\"article:author\" content=\"https:\/\/www.facebook.com\/profile.php?id=61559278119680\" \/>\n<meta property=\"article:published_time\" content=\"2025-12-22T09:47:33+00:00\" \/>\n<meta property=\"og:image\" content=\"http:\/\/sulsc.com\/wp-content\/uploads\/2025\/12\/fechar-o-termometro-mostrando-alta-temperatura-scaled.jpg\" \/>\n\t<meta property=\"og:image:width\" content=\"2560\" \/>\n\t<meta property=\"og:image:height\" content=\"1707\" \/>\n\t<meta property=\"og:image:type\" content=\"image\/jpeg\" \/>\n<meta name=\"author\" content=\"Reda\u00e7\u00e3o Sul SC\" \/>\n<meta name=\"twitter:card\" content=\"summary_large_image\" \/>\n<meta name=\"twitter:creator\" content=\"@https:\/\/twitter.com\/PortalSulSC\" \/>\n<meta name=\"twitter:label1\" content=\"Written by\" \/>\n\t<meta name=\"twitter:data1\" content=\"Reda\u00e7\u00e3o Sul SC\" \/>\n\t<meta name=\"twitter:label2\" content=\"Est. reading time\" \/>\n\t<meta name=\"twitter:data2\" content=\"2 minutes\" \/>\n<script type=\"application\/ld+json\" class=\"yoast-schema-graph\">{\"@context\":\"https:\/\/schema.org\",\"@graph\":[{\"@type\":\"WebPage\",\"@id\":\"https:\/\/sulsc.com\/index.php\/2025\/12\/22\/segunda-feira-22-com-destaques-nas-maximas-chegando-aos-37oc-no-litoral-sul\/\",\"url\":\"https:\/\/sulsc.com\/index.php\/2025\/12\/22\/segunda-feira-22-com-destaques-nas-maximas-chegando-aos-37oc-no-litoral-sul\/\",\"name\":\"Segunda-feira (22) com destaques nas m\u00e1ximas chegando aos 37\u00baC no litoral sul -\",\"isPartOf\":{\"@id\":\"https:\/\/sulsc.com\/#website\"},\"datePublished\":\"2025-12-22T09:47:33+00:00\",\"dateModified\":\"2025-12-22T09:47:33+00:00\",\"author\":{\"@id\":\"https:\/\/sulsc.com\/#\/schema\/person\/84d2fc571684f6248ba83092f07750a3\"},\"breadcrumb\":{\"@id\":\"https:\/\/sulsc.com\/index.php\/2025\/12\/22\/segunda-feira-22-com-destaques-nas-maximas-chegando-aos-37oc-no-litoral-sul\/#breadcrumb\"},\"inLanguage\":\"en-US\",\"potentialAction\":[{\"@type\":\"ReadAction\",\"target\":[\"https:\/\/sulsc.com\/index.php\/2025\/12\/22\/segunda-feira-22-com-destaques-nas-maximas-chegando-aos-37oc-no-litoral-sul\/\"]}]},{\"@type\":\"BreadcrumbList\",\"@id\":\"https:\/\/sulsc.com\/index.php\/2025\/12\/22\/segunda-feira-22-com-destaques-nas-maximas-chegando-aos-37oc-no-litoral-sul\/#breadcrumb\",\"itemListElement\":[{\"@type\":\"ListItem\",\"position\":1,\"name\":\"In\u00edcio\",\"item\":\"https:\/\/sulsc.com\/\"},{\"@type\":\"ListItem\",\"position\":2,\"name\":\"Segunda-feira (22) com destaques nas m\u00e1ximas chegando aos 37\u00baC no litoral sul\"}]},{\"@type\":\"WebSite\",\"@id\":\"https:\/\/sulsc.com\/#website\",\"url\":\"https:\/\/sulsc.com\/\",\"name\":\"\",\"description\":\"\",\"potentialAction\":[{\"@type\":\"SearchAction\",\"target\":{\"@type\":\"EntryPoint\",\"urlTemplate\":\"https:\/\/sulsc.com\/?s={search_term_string}\"},\"query-input\":\"required name=search_term_string\"}],\"inLanguage\":\"en-US\"},{\"@type\":\"Person\",\"@id\":\"https:\/\/sulsc.com\/#\/schema\/person\/84d2fc571684f6248ba83092f07750a3\",\"name\":\"Reda\u00e7\u00e3o Sul SC\",\"image\":{\"@type\":\"ImageObject\",\"inLanguage\":\"en-US\",\"@id\":\"https:\/\/sulsc.com\/#\/schema\/person\/image\/e08d7fe2cc4ed596372063bbe852b8d0\",\"url\":\"https:\/\/sulsc.com\/wp-content\/uploads\/2023\/09\/redacao.png\",\"contentUrl\":\"https:\/\/sulsc.com\/wp-content\/uploads\/2023\/09\/redacao.png\",\"caption\":\"Reda\u00e7\u00e3o Sul SC\"},\"description\":\"Foco em um jornalismo imparcial, voltado \u00e0 qualidade dos seus conte\u00fados e, assim, levar informa\u00e7\u00e3o de valor que agregue \u00e0 vida dos leitores. Esta \u00e9 grande miss\u00e3o do Portal de Not\u00edcias Sul SC. N\u00e3o \u00e9 quantidade que muda o mundo, sempre foi e seguir\u00e1 sendo qualidade!\",\"sameAs\":[\"https:\/\/sulsc.com\/\",\"https:\/\/www.facebook.com\/profile.php?id=61559278119680\",\"https:\/\/www.instagram.com\/sulscportal\/?hl=pt-br\",\"https:\/\/twitter.com\/https:\/\/twitter.com\/PortalSulSC\",\"https:\/\/www.youtube.com\/channel\/UCv_BE8GeySluDov2n8qhVmw\"],\"url\":\"https:\/\/sulsc.com\/index.php\/author\/redacao\/\"}]}<\/script>\n<!-- \/ Yoast SEO plugin. -->","yoast_head_json":{"title":"Segunda-feira (22) com destaques nas m\u00e1ximas chegando aos 37\u00baC no litoral sul -","robots":{"index":"index","follow":"follow","max-snippet":"max-snippet:-1","max-image-preview":"max-image-preview:large","max-video-preview":"max-video-preview:-1"},"canonical":"https:\/\/sulsc.com\/index.php\/2025\/12\/22\/segunda-feira-22-com-destaques-nas-maximas-chegando-aos-37oc-no-litoral-sul\/","og_locale":"en_US","og_type":"article","og_title":"Segunda-feira (22) com destaques nas m\u00e1ximas chegando aos 37\u00baC no litoral sul -","og_description":"A segunda-feira (22), o dia come\u00e7a com tempo est\u00e1vel pelo estado com sol e varia\u00e7\u00e3o de nuvens. Entre a tarde e \u00e0 noite, a combina\u00e7\u00e3o de calor, umidade e de uma baixa press\u00e3o nos m\u00e9dios n\u00edveis da atmosfera voltam a favorecer a ocorr\u00eancia de temporais bastante isolados com raios, chuva pontualmente intensa, rajadas de vento &hellip; Segunda-feira (22) com destaques nas m\u00e1ximas chegando aos 37\u00baC no litoral sul Read More &raquo;","og_url":"https:\/\/sulsc.com\/index.php\/2025\/12\/22\/segunda-feira-22-com-destaques-nas-maximas-chegando-aos-37oc-no-litoral-sul\/","article_author":"https:\/\/www.facebook.com\/profile.php?id=61559278119680","article_published_time":"2025-12-22T09:47:33+00:00","og_image":[{"width":2560,"height":1707,"url":"http:\/\/sulsc.com\/wp-content\/uploads\/2025\/12\/fechar-o-termometro-mostrando-alta-temperatura-scaled.jpg","type":"image\/jpeg"}],"author":"Reda\u00e7\u00e3o Sul SC","twitter_card":"summary_large_image","twitter_creator":"@https:\/\/twitter.com\/PortalSulSC","twitter_misc":{"Written by":"Reda\u00e7\u00e3o Sul SC","Est. reading time":"2 minutes"},"schema":{"@context":"https:\/\/schema.org","@graph":[{"@type":"WebPage","@id":"https:\/\/sulsc.com\/index.php\/2025\/12\/22\/segunda-feira-22-com-destaques-nas-maximas-chegando-aos-37oc-no-litoral-sul\/","url":"https:\/\/sulsc.com\/index.php\/2025\/12\/22\/segunda-feira-22-com-destaques-nas-maximas-chegando-aos-37oc-no-litoral-sul\/","name":"Segunda-feira (22) com destaques nas m\u00e1ximas chegando aos 37\u00baC no litoral sul -","isPartOf":{"@id":"https:\/\/sulsc.com\/#website"},"datePublished":"2025-12-22T09:47:33+00:00","dateModified":"2025-12-22T09:47:33+00:00","author":{"@id":"https:\/\/sulsc.com\/#\/schema\/person\/84d2fc571684f6248ba83092f07750a3"},"breadcrumb":{"@id":"https:\/\/sulsc.com\/index.php\/2025\/12\/22\/segunda-feira-22-com-destaques-nas-maximas-chegando-aos-37oc-no-litoral-sul\/#breadcrumb"},"inLanguage":"en-US","potentialAction":[{"@type":"ReadAction","target":["https:\/\/sulsc.com\/index.php\/2025\/12\/22\/segunda-feira-22-com-destaques-nas-maximas-chegando-aos-37oc-no-litoral-sul\/"]}]},{"@type":"BreadcrumbList","@id":"https:\/\/sulsc.com\/index.php\/2025\/12\/22\/segunda-feira-22-com-destaques-nas-maximas-chegando-aos-37oc-no-litoral-sul\/#breadcrumb","itemListElement":[{"@type":"ListItem","position":1,"name":"In\u00edcio","item":"https:\/\/sulsc.com\/"},{"@type":"ListItem","position":2,"name":"Segunda-feira (22) com destaques nas m\u00e1ximas chegando aos 37\u00baC no litoral sul"}]},{"@type":"WebSite","@id":"https:\/\/sulsc.com\/#website","url":"https:\/\/sulsc.com\/","name":"","description":"","potentialAction":[{"@type":"SearchAction","target":{"@type":"EntryPoint","urlTemplate":"https:\/\/sulsc.com\/?s={search_term_string}"},"query-input":"required name=search_term_string"}],"inLanguage":"en-US"},{"@type":"Person","@id":"https:\/\/sulsc.com\/#\/schema\/person\/84d2fc571684f6248ba83092f07750a3","name":"Reda\u00e7\u00e3o Sul SC","image":{"@type":"ImageObject","inLanguage":"en-US","@id":"https:\/\/sulsc.com\/#\/schema\/person\/image\/e08d7fe2cc4ed596372063bbe852b8d0","url":"https:\/\/sulsc.com\/wp-content\/uploads\/2023\/09\/redacao.png","contentUrl":"https:\/\/sulsc.com\/wp-content\/uploads\/2023\/09\/redacao.png","caption":"Reda\u00e7\u00e3o Sul SC"},"description":"Foco em um jornalismo imparcial, voltado \u00e0 qualidade dos seus conte\u00fados e, assim, levar informa\u00e7\u00e3o de valor que agregue \u00e0 vida dos leitores. Esta \u00e9 grande miss\u00e3o do Portal de Not\u00edcias Sul SC. N\u00e3o \u00e9 quantidade que muda o mundo, sempre foi e seguir\u00e1 sendo qualidade!","sameAs":["https:\/\/sulsc.com\/","https:\/\/www.facebook.com\/profile.php?id=61559278119680","https:\/\/www.instagram.com\/sulscportal\/?hl=pt-br","https:\/\/twitter.com\/https:\/\/twitter.com\/PortalSulSC","https:\/\/www.youtube.com\/channel\/UCv_BE8GeySluDov2n8qhVmw"],"url":"https:\/\/sulsc.com\/index.php\/author\/redacao\/"}]}},"authors":[],"_links":{"self":[{"href":"https:\/\/sulsc.com\/index.php\/wp-json\/wp\/v2\/posts\/31039"}],"collection":[{"href":"https:\/\/sulsc.com\/index.php\/wp-json\/wp\/v2\/posts"}],"about":[{"href":"https:\/\/sulsc.com\/index.php\/wp-json\/wp\/v2\/types\/post"}],"author":[{"embeddable":true,"href":"https:\/\/sulsc.com\/index.php\/wp-json\/wp\/v2\/users\/3"}],"replies":[{"embeddable":true,"href":"https:\/\/sulsc.com\/index.php\/wp-json\/wp\/v2\/comments?post=31039"}],"version-history":[{"count":1,"href":"https:\/\/sulsc.com\/index.php\/wp-json\/wp\/v2\/posts\/31039\/revisions"}],"predecessor-version":[{"id":31042,"href":"https:\/\/sulsc.com\/index.php\/wp-json\/wp\/v2\/posts\/31039\/revisions\/31042"}],"wp:featuredmedia":[{"embeddable":true,"href":"https:\/\/sulsc.com\/index.php\/wp-json\/wp\/v2\/media\/31041"}],"wp:attachment":[{"href":"https:\/\/sulsc.com\/index.php\/wp-json\/wp\/v2\/media?parent=31039"}],"wp:term":[{"taxonomy":"category","embeddable":true,"href":"https:\/\/sulsc.com\/index.php\/wp-json\/wp\/v2\/categories?post=31039"},{"taxonomy":"post_tag","embeddable":true,"href":"https:\/\/sulsc.com\/index.php\/wp-json\/wp\/v2\/tags?post=31039"}],"curies":[{"name":"wp","href":"https:\/\/api.w.org\/{rel}","templated":true}]}}