{"id":31068,"date":"2025-12-23T09:35:13","date_gmt":"2025-12-23T12:35:13","guid":{"rendered":"https:\/\/sulsc.com\/?p=31068"},"modified":"2025-12-23T09:35:13","modified_gmt":"2025-12-23T12:35:13","slug":"terca-feira-23-com-condicoes-parecidas-aos-dia-anterior-com-maximas-chegando-aos-35oc","status":"publish","type":"post","link":"https:\/\/sulsc.com\/index.php\/2025\/12\/23\/terca-feira-23-com-condicoes-parecidas-aos-dia-anterior-com-maximas-chegando-aos-35oc\/","title":{"rendered":"Ter\u00e7a-feira (23) com condi\u00e7\u00f5es parecidas aos dia anterior com m\u00e1ximas chegando aos 35\u00baC"},"content":{"rendered":"<p>A ter\u00e7a-feira (23), come\u00e7a com tempo est\u00e1vel semelhante ao dia anterior. Ao longo da manh\u00e3 e principalmente entre a tarde e \u00e0 noite, a aproxima\u00e7\u00e3o de instabilidades pela divisa com o RS, associadas a uma \u00e1rea de baixa press\u00e3o em m\u00e9dios n\u00edveis da atmosfera, combinadas com calor e umidade, voltam a favorecer a forma\u00e7\u00e3o de temporais isolados por todo estado.<\/p>\n<p>O risco \u00e9 moderado a alto para ocorr\u00eancias associadas a alagamentos e enxurradas e moderado para destelhamentos, danos na rede el\u00e9trica e queda de galhos e \u00e1rvores.<\/p>\n<p><strong>Temperaturas<\/strong><\/p>\n<p>O calor segue ganhando intensidade, com temperaturas m\u00ednimas entre 18\u00b0C e 24\u00b0C na maior parte do estado. Durante \u00e0 tarde, as temperaturas se aproximam dos 37\u00b0C\/38\u00b0C no Litoral Sul, 34\u00b0C\/35\u00b0C em trechos do Grande Oeste, Grd. Florian\u00f3polis, Vale do Itaja\u00ed e Litoral Norte. O risco \u00e9 baixo a moderado para ocorr\u00eancias relacionadas ao calor intenso.<\/p>\n<p><img fetchpriority=\"high\" decoding=\"async\" class=\"aligncenter size-full wp-image-31069\" src=\"http:\/\/sulsc.com\/wp-content\/uploads\/2025\/12\/image-417-1024x699-2.png\" alt=\"\" width=\"1024\" height=\"699\" srcset=\"https:\/\/sulsc.com\/wp-content\/uploads\/2025\/12\/image-417-1024x699-2.png 1024w, https:\/\/sulsc.com\/wp-content\/uploads\/2025\/12\/image-417-1024x699-2-300x205.png 300w, https:\/\/sulsc.com\/wp-content\/uploads\/2025\/12\/image-417-1024x699-2-768x524.png 768w\" sizes=\"(max-width: 1024px) 100vw, 1024px\" \/><\/p>\n<p><img decoding=\"async\" class=\"aligncenter size-full wp-image-22254\" src=\"http:\/\/sulsc.com\/wp-content\/uploads\/2025\/04\/Tempo.png\" alt=\"\" width=\"1024\" height=\"189\" srcset=\"https:\/\/sulsc.com\/wp-content\/uploads\/2025\/04\/Tempo.png 1024w, https:\/\/sulsc.com\/wp-content\/uploads\/2025\/04\/Tempo-300x55.png 300w, https:\/\/sulsc.com\/wp-content\/uploads\/2025\/04\/Tempo-768x142.png 768w\" sizes=\"(max-width: 1024px) 100vw, 1024px\" \/><\/p>\n<p><strong>Vento:<\/strong> nordeste, com varia\u00e7\u00e3o de noroeste na ter\u00e7a-feira, fraco a moderado, com rajadas.<\/p>\n<p><strong>Sistema predominante:<\/strong> massa de ar quente e \u00famido em SC na segunda-feira. Na ter\u00e7a-feira \u00e1reas de baixa press\u00e3o no oeste catarinense devido a uma frente fria no litoral do RS e sul de SC.<\/p>\n<div id=\"metaslider-id-25573\" style=\"width: 100%;\" class=\"ml-slider-3-99-0 metaslider metaslider-flex metaslider-25573 ml-slider has-onhover-arrows ms-theme-default-base has-dots-nav\" role=\"region\" aria-label=\"Meio\" data-width=\"1200\">\n    <div id=\"metaslider_container_25573\">\n        <div id=\"metaslider_25573\">\n            <ul class='slides'>\n                <li style=\"display: block; width: 100%;\" class=\"slide-25684 ms-image \" aria-roledescription=\"slide\" data-date=\"2025-07-24 07:55:40\"><img src=\"https:\/\/sulsc.com\/wp-content\/uploads\/2025\/07\/Marr-2-1000x166.jpg\" height=\"200\" width=\"1200\" alt=\"\" class=\"slider-25573 slide-25684 msDefaultImage\" title=\"Marr 2\" \/><\/li>\n                <li style=\"display: none; width: 100%;\" class=\"slide-32412 ms-image \" aria-roledescription=\"slide\" data-date=\"2026-02-18 13:59:46\"><img src=\"https:\/\/sulsc.com\/wp-content\/uploads\/2026\/02\/40dc1580-cad5-4867-bc58-c4243821ad38-1000x166.jpeg\" height=\"200\" width=\"1200\" alt=\"\" class=\"slider-25573 slide-32412 msDefaultImage\" title=\"40dc1580-cad5-4867-bc58-c4243821ad38\" \/><\/li>\n                <li style=\"display: none; width: 100%;\" class=\"slide-32766 ms-image \" aria-roledescription=\"slide\" data-date=\"2026-03-03 17:22:59\"><img src=\"https:\/\/sulsc.com\/wp-content\/uploads\/2026\/03\/271ce739-f268-41c5-8051-3de1a1750359-1000x166.jpeg\" height=\"200\" width=\"1200\" alt=\"\" class=\"slider-25573 slide-32766 msDefaultImage\" title=\"271ce739-f268-41c5-8051-3de1a1750359\" \/><\/li>\n            <\/ul>\n        <\/div>\n        \n    <\/div>\n<\/div>\n<p><strong>Amanh\u00e3 v\u00e9spera de Natal,<\/strong> ser\u00e1 com muitas nuvens a encoberto em SC, com chuva por alguns momentos no decorrer do dia do Extremo Oeste ao Litoral Sul e com chuva \u00e0 noite nas demais r\u00e9gios do estado. As temperaturas diminuem um pouco em rela\u00e7\u00e3o ao dia anterior, com m\u00e1ximas variando de 26\u00b0C a 29\u00b0C na maior parte de SC e mais altas no Vale do Itaja\u00ed e Litoral Norte onde as m\u00e1ximas podem chegar a 36\u00b0C e 38\u00b0C.<\/p>\n<p>Fontes: Defesa Civil-SC\/Epagri-Ciram<\/p>\n","protected":false},"excerpt":{"rendered":"<p>A ter\u00e7a-feira (23), come\u00e7a com tempo est\u00e1vel semelhante ao dia anterior. Ao longo da manh\u00e3 e principalmente entre a tarde e \u00e0 noite, a aproxima\u00e7\u00e3o de instabilidades pela divisa com o RS, associadas a uma \u00e1rea de baixa press\u00e3o em m\u00e9dios n\u00edveis da atmosfera, combinadas com calor e umidade, voltam a favorecer a forma\u00e7\u00e3o de &hellip;<\/p>\n<p class=\"read-more\"> <a class=\"\" href=\"https:\/\/sulsc.com\/index.php\/2025\/12\/23\/terca-feira-23-com-condicoes-parecidas-aos-dia-anterior-com-maximas-chegando-aos-35oc\/\"> <span class=\"screen-reader-text\">Ter\u00e7a-feira (23) com condi\u00e7\u00f5es parecidas aos dia anterior com m\u00e1ximas chegando aos 35\u00baC<\/span> Read More &raquo;<\/a><\/p>\n","protected":false},"author":3,"featured_media":18447,"comment_status":"open","ping_status":"open","sticky":false,"template":"","format":"standard","meta":{"site-sidebar-layout":"default","site-content-layout":"","ast-site-content-layout":"default","site-content-style":"default","site-sidebar-style":"default","ast-global-header-display":"","ast-banner-title-visibility":"","ast-main-header-display":"","ast-hfb-above-header-display":"","ast-hfb-below-header-display":"","ast-hfb-mobile-header-display":"","site-post-title":"","ast-breadcrumbs-content":"","ast-featured-img":"","footer-sml-layout":"","theme-transparent-header-meta":"default","adv-header-id-meta":"","stick-header-meta":"","header-above-stick-meta":"","header-main-stick-meta":"","header-below-stick-meta":"","astra-migrate-meta-layouts":"set","footnotes":""},"categories":[2354,2231,1,14,12],"tags":[90],"yoast_head":"<!-- This site is optimized with the Yoast SEO plugin v21.4 - https:\/\/yoast.com\/wordpress\/plugins\/seo\/ -->\n<title>Ter\u00e7a-feira (23) com condi\u00e7\u00f5es parecidas aos dia anterior com m\u00e1ximas chegando aos 35\u00baC -<\/title>\n<meta name=\"robots\" content=\"index, follow, max-snippet:-1, max-image-preview:large, max-video-preview:-1\" \/>\n<link rel=\"canonical\" href=\"https:\/\/sulsc.com\/index.php\/2025\/12\/23\/terca-feira-23-com-condicoes-parecidas-aos-dia-anterior-com-maximas-chegando-aos-35oc\/\" \/>\n<meta property=\"og:locale\" content=\"en_US\" \/>\n<meta property=\"og:type\" content=\"article\" \/>\n<meta property=\"og:title\" content=\"Ter\u00e7a-feira (23) com condi\u00e7\u00f5es parecidas aos dia anterior com m\u00e1ximas chegando aos 35\u00baC -\" \/>\n<meta property=\"og:description\" content=\"A ter\u00e7a-feira (23), come\u00e7a com tempo est\u00e1vel semelhante ao dia anterior. Ao longo da manh\u00e3 e principalmente entre a tarde e \u00e0 noite, a aproxima\u00e7\u00e3o de instabilidades pela divisa com o RS, associadas a uma \u00e1rea de baixa press\u00e3o em m\u00e9dios n\u00edveis da atmosfera, combinadas com calor e umidade, voltam a favorecer a forma\u00e7\u00e3o de &hellip; Ter\u00e7a-feira (23) com condi\u00e7\u00f5es parecidas aos dia anterior com m\u00e1ximas chegando aos 35\u00baC Read More &raquo;\" \/>\n<meta property=\"og:url\" content=\"https:\/\/sulsc.com\/index.php\/2025\/12\/23\/terca-feira-23-com-condicoes-parecidas-aos-dia-anterior-com-maximas-chegando-aos-35oc\/\" \/>\n<meta property=\"article:author\" content=\"https:\/\/www.facebook.com\/profile.php?id=61559278119680\" \/>\n<meta property=\"article:published_time\" content=\"2025-12-23T12:35:13+00:00\" \/>\n<meta property=\"og:image\" content=\"http:\/\/sulsc.com\/wp-content\/uploads\/2024\/12\/Sol-tempo-previsao-calor-10.11.19.jpg\" \/>\n\t<meta property=\"og:image:width\" content=\"750\" \/>\n\t<meta property=\"og:image:height\" content=\"500\" \/>\n\t<meta property=\"og:image:type\" content=\"image\/jpeg\" \/>\n<meta name=\"author\" content=\"Reda\u00e7\u00e3o Sul SC\" \/>\n<meta name=\"twitter:card\" content=\"summary_large_image\" \/>\n<meta name=\"twitter:creator\" content=\"@https:\/\/twitter.com\/PortalSulSC\" \/>\n<meta name=\"twitter:label1\" content=\"Written by\" \/>\n\t<meta name=\"twitter:data1\" content=\"Reda\u00e7\u00e3o Sul SC\" \/>\n\t<meta name=\"twitter:label2\" content=\"Est. reading time\" \/>\n\t<meta name=\"twitter:data2\" content=\"2 minutes\" \/>\n<script type=\"application\/ld+json\" class=\"yoast-schema-graph\">{\"@context\":\"https:\/\/schema.org\",\"@graph\":[{\"@type\":\"WebPage\",\"@id\":\"https:\/\/sulsc.com\/index.php\/2025\/12\/23\/terca-feira-23-com-condicoes-parecidas-aos-dia-anterior-com-maximas-chegando-aos-35oc\/\",\"url\":\"https:\/\/sulsc.com\/index.php\/2025\/12\/23\/terca-feira-23-com-condicoes-parecidas-aos-dia-anterior-com-maximas-chegando-aos-35oc\/\",\"name\":\"Ter\u00e7a-feira (23) com condi\u00e7\u00f5es parecidas aos dia anterior com m\u00e1ximas chegando aos 35\u00baC -\",\"isPartOf\":{\"@id\":\"https:\/\/sulsc.com\/#website\"},\"datePublished\":\"2025-12-23T12:35:13+00:00\",\"dateModified\":\"2025-12-23T12:35:13+00:00\",\"author\":{\"@id\":\"https:\/\/sulsc.com\/#\/schema\/person\/84d2fc571684f6248ba83092f07750a3\"},\"breadcrumb\":{\"@id\":\"https:\/\/sulsc.com\/index.php\/2025\/12\/23\/terca-feira-23-com-condicoes-parecidas-aos-dia-anterior-com-maximas-chegando-aos-35oc\/#breadcrumb\"},\"inLanguage\":\"en-US\",\"potentialAction\":[{\"@type\":\"ReadAction\",\"target\":[\"https:\/\/sulsc.com\/index.php\/2025\/12\/23\/terca-feira-23-com-condicoes-parecidas-aos-dia-anterior-com-maximas-chegando-aos-35oc\/\"]}]},{\"@type\":\"BreadcrumbList\",\"@id\":\"https:\/\/sulsc.com\/index.php\/2025\/12\/23\/terca-feira-23-com-condicoes-parecidas-aos-dia-anterior-com-maximas-chegando-aos-35oc\/#breadcrumb\",\"itemListElement\":[{\"@type\":\"ListItem\",\"position\":1,\"name\":\"In\u00edcio\",\"item\":\"https:\/\/sulsc.com\/\"},{\"@type\":\"ListItem\",\"position\":2,\"name\":\"Ter\u00e7a-feira (23) com condi\u00e7\u00f5es parecidas aos dia anterior com m\u00e1ximas chegando aos 35\u00baC\"}]},{\"@type\":\"WebSite\",\"@id\":\"https:\/\/sulsc.com\/#website\",\"url\":\"https:\/\/sulsc.com\/\",\"name\":\"\",\"description\":\"\",\"potentialAction\":[{\"@type\":\"SearchAction\",\"target\":{\"@type\":\"EntryPoint\",\"urlTemplate\":\"https:\/\/sulsc.com\/?s={search_term_string}\"},\"query-input\":\"required name=search_term_string\"}],\"inLanguage\":\"en-US\"},{\"@type\":\"Person\",\"@id\":\"https:\/\/sulsc.com\/#\/schema\/person\/84d2fc571684f6248ba83092f07750a3\",\"name\":\"Reda\u00e7\u00e3o Sul SC\",\"image\":{\"@type\":\"ImageObject\",\"inLanguage\":\"en-US\",\"@id\":\"https:\/\/sulsc.com\/#\/schema\/person\/image\/e08d7fe2cc4ed596372063bbe852b8d0\",\"url\":\"https:\/\/sulsc.com\/wp-content\/uploads\/2023\/09\/redacao.png\",\"contentUrl\":\"https:\/\/sulsc.com\/wp-content\/uploads\/2023\/09\/redacao.png\",\"caption\":\"Reda\u00e7\u00e3o Sul SC\"},\"description\":\"Foco em um jornalismo imparcial, voltado \u00e0 qualidade dos seus conte\u00fados e, assim, levar informa\u00e7\u00e3o de valor que agregue \u00e0 vida dos leitores. Esta \u00e9 grande miss\u00e3o do Portal de Not\u00edcias Sul SC. N\u00e3o \u00e9 quantidade que muda o mundo, sempre foi e seguir\u00e1 sendo qualidade!\",\"sameAs\":[\"https:\/\/sulsc.com\/\",\"https:\/\/www.facebook.com\/profile.php?id=61559278119680\",\"https:\/\/www.instagram.com\/sulscportal\/?hl=pt-br\",\"https:\/\/twitter.com\/https:\/\/twitter.com\/PortalSulSC\",\"https:\/\/www.youtube.com\/channel\/UCv_BE8GeySluDov2n8qhVmw\"],\"url\":\"https:\/\/sulsc.com\/index.php\/author\/redacao\/\"}]}<\/script>\n<!-- \/ Yoast SEO plugin. -->","yoast_head_json":{"title":"Ter\u00e7a-feira (23) com condi\u00e7\u00f5es parecidas aos dia anterior com m\u00e1ximas chegando aos 35\u00baC -","robots":{"index":"index","follow":"follow","max-snippet":"max-snippet:-1","max-image-preview":"max-image-preview:large","max-video-preview":"max-video-preview:-1"},"canonical":"https:\/\/sulsc.com\/index.php\/2025\/12\/23\/terca-feira-23-com-condicoes-parecidas-aos-dia-anterior-com-maximas-chegando-aos-35oc\/","og_locale":"en_US","og_type":"article","og_title":"Ter\u00e7a-feira (23) com condi\u00e7\u00f5es parecidas aos dia anterior com m\u00e1ximas chegando aos 35\u00baC -","og_description":"A ter\u00e7a-feira (23), come\u00e7a com tempo est\u00e1vel semelhante ao dia anterior. Ao longo da manh\u00e3 e principalmente entre a tarde e \u00e0 noite, a aproxima\u00e7\u00e3o de instabilidades pela divisa com o RS, associadas a uma \u00e1rea de baixa press\u00e3o em m\u00e9dios n\u00edveis da atmosfera, combinadas com calor e umidade, voltam a favorecer a forma\u00e7\u00e3o de &hellip; Ter\u00e7a-feira (23) com condi\u00e7\u00f5es parecidas aos dia anterior com m\u00e1ximas chegando aos 35\u00baC Read More &raquo;","og_url":"https:\/\/sulsc.com\/index.php\/2025\/12\/23\/terca-feira-23-com-condicoes-parecidas-aos-dia-anterior-com-maximas-chegando-aos-35oc\/","article_author":"https:\/\/www.facebook.com\/profile.php?id=61559278119680","article_published_time":"2025-12-23T12:35:13+00:00","og_image":[{"width":750,"height":500,"url":"http:\/\/sulsc.com\/wp-content\/uploads\/2024\/12\/Sol-tempo-previsao-calor-10.11.19.jpg","type":"image\/jpeg"}],"author":"Reda\u00e7\u00e3o Sul SC","twitter_card":"summary_large_image","twitter_creator":"@https:\/\/twitter.com\/PortalSulSC","twitter_misc":{"Written by":"Reda\u00e7\u00e3o Sul SC","Est. reading time":"2 minutes"},"schema":{"@context":"https:\/\/schema.org","@graph":[{"@type":"WebPage","@id":"https:\/\/sulsc.com\/index.php\/2025\/12\/23\/terca-feira-23-com-condicoes-parecidas-aos-dia-anterior-com-maximas-chegando-aos-35oc\/","url":"https:\/\/sulsc.com\/index.php\/2025\/12\/23\/terca-feira-23-com-condicoes-parecidas-aos-dia-anterior-com-maximas-chegando-aos-35oc\/","name":"Ter\u00e7a-feira (23) com condi\u00e7\u00f5es parecidas aos dia anterior com m\u00e1ximas chegando aos 35\u00baC -","isPartOf":{"@id":"https:\/\/sulsc.com\/#website"},"datePublished":"2025-12-23T12:35:13+00:00","dateModified":"2025-12-23T12:35:13+00:00","author":{"@id":"https:\/\/sulsc.com\/#\/schema\/person\/84d2fc571684f6248ba83092f07750a3"},"breadcrumb":{"@id":"https:\/\/sulsc.com\/index.php\/2025\/12\/23\/terca-feira-23-com-condicoes-parecidas-aos-dia-anterior-com-maximas-chegando-aos-35oc\/#breadcrumb"},"inLanguage":"en-US","potentialAction":[{"@type":"ReadAction","target":["https:\/\/sulsc.com\/index.php\/2025\/12\/23\/terca-feira-23-com-condicoes-parecidas-aos-dia-anterior-com-maximas-chegando-aos-35oc\/"]}]},{"@type":"BreadcrumbList","@id":"https:\/\/sulsc.com\/index.php\/2025\/12\/23\/terca-feira-23-com-condicoes-parecidas-aos-dia-anterior-com-maximas-chegando-aos-35oc\/#breadcrumb","itemListElement":[{"@type":"ListItem","position":1,"name":"In\u00edcio","item":"https:\/\/sulsc.com\/"},{"@type":"ListItem","position":2,"name":"Ter\u00e7a-feira (23) com condi\u00e7\u00f5es parecidas aos dia anterior com m\u00e1ximas chegando aos 35\u00baC"}]},{"@type":"WebSite","@id":"https:\/\/sulsc.com\/#website","url":"https:\/\/sulsc.com\/","name":"","description":"","potentialAction":[{"@type":"SearchAction","target":{"@type":"EntryPoint","urlTemplate":"https:\/\/sulsc.com\/?s={search_term_string}"},"query-input":"required name=search_term_string"}],"inLanguage":"en-US"},{"@type":"Person","@id":"https:\/\/sulsc.com\/#\/schema\/person\/84d2fc571684f6248ba83092f07750a3","name":"Reda\u00e7\u00e3o Sul SC","image":{"@type":"ImageObject","inLanguage":"en-US","@id":"https:\/\/sulsc.com\/#\/schema\/person\/image\/e08d7fe2cc4ed596372063bbe852b8d0","url":"https:\/\/sulsc.com\/wp-content\/uploads\/2023\/09\/redacao.png","contentUrl":"https:\/\/sulsc.com\/wp-content\/uploads\/2023\/09\/redacao.png","caption":"Reda\u00e7\u00e3o Sul SC"},"description":"Foco em um jornalismo imparcial, voltado \u00e0 qualidade dos seus conte\u00fados e, assim, levar informa\u00e7\u00e3o de valor que agregue \u00e0 vida dos leitores. Esta \u00e9 grande miss\u00e3o do Portal de Not\u00edcias Sul SC. N\u00e3o \u00e9 quantidade que muda o mundo, sempre foi e seguir\u00e1 sendo qualidade!","sameAs":["https:\/\/sulsc.com\/","https:\/\/www.facebook.com\/profile.php?id=61559278119680","https:\/\/www.instagram.com\/sulscportal\/?hl=pt-br","https:\/\/twitter.com\/https:\/\/twitter.com\/PortalSulSC","https:\/\/www.youtube.com\/channel\/UCv_BE8GeySluDov2n8qhVmw"],"url":"https:\/\/sulsc.com\/index.php\/author\/redacao\/"}]}},"authors":[],"_links":{"self":[{"href":"https:\/\/sulsc.com\/index.php\/wp-json\/wp\/v2\/posts\/31068"}],"collection":[{"href":"https:\/\/sulsc.com\/index.php\/wp-json\/wp\/v2\/posts"}],"about":[{"href":"https:\/\/sulsc.com\/index.php\/wp-json\/wp\/v2\/types\/post"}],"author":[{"embeddable":true,"href":"https:\/\/sulsc.com\/index.php\/wp-json\/wp\/v2\/users\/3"}],"replies":[{"embeddable":true,"href":"https:\/\/sulsc.com\/index.php\/wp-json\/wp\/v2\/comments?post=31068"}],"version-history":[{"count":1,"href":"https:\/\/sulsc.com\/index.php\/wp-json\/wp\/v2\/posts\/31068\/revisions"}],"predecessor-version":[{"id":31070,"href":"https:\/\/sulsc.com\/index.php\/wp-json\/wp\/v2\/posts\/31068\/revisions\/31070"}],"wp:featuredmedia":[{"embeddable":true,"href":"https:\/\/sulsc.com\/index.php\/wp-json\/wp\/v2\/media\/18447"}],"wp:attachment":[{"href":"https:\/\/sulsc.com\/index.php\/wp-json\/wp\/v2\/media?parent=31068"}],"wp:term":[{"taxonomy":"category","embeddable":true,"href":"https:\/\/sulsc.com\/index.php\/wp-json\/wp\/v2\/categories?post=31068"},{"taxonomy":"post_tag","embeddable":true,"href":"https:\/\/sulsc.com\/index.php\/wp-json\/wp\/v2\/tags?post=31068"}],"curies":[{"name":"wp","href":"https:\/\/api.w.org\/{rel}","templated":true}]}}