{"id":31078,"date":"2025-12-24T12:35:04","date_gmt":"2025-12-24T15:35:04","guid":{"rendered":"https:\/\/sulsc.com\/?p=31078"},"modified":"2025-12-24T12:35:04","modified_gmt":"2025-12-24T15:35:04","slug":"prf-reforca-fiscalizacao-nas-rodovias-federais-durante-o-feriadao-com-auxilio-de-drones","status":"publish","type":"post","link":"https:\/\/sulsc.com\/index.php\/2025\/12\/24\/prf-reforca-fiscalizacao-nas-rodovias-federais-durante-o-feriadao-com-auxilio-de-drones\/","title":{"rendered":"PRF refor\u00e7a fiscaliza\u00e7\u00e3o nas rodovias federais durante o feriad\u00e3o com aux\u00edlio de drones"},"content":{"rendered":"<p>A Pol\u00edcia Rodovi\u00e1ria Federal (PRF) est\u00e1 com seu efetivo mobilizado em Santa Catarina para o feriado de Natal. Nesta ter\u00e7a-feira, os agentes que atuaram na Via Expressa (BR-282), em Florian\u00f3polis, contaram com refor\u00e7o a\u00e9reo: a fiscaliza\u00e7\u00e3o com o aux\u00edlio de drones.<\/p>\n<p>Equipados com c\u00e2meras de alta performance, os drones permitem flagrar infra\u00e7\u00f5es de tr\u00e2nsito, como o uso de celular ao volante, o tr\u00e1fego de ve\u00edculos pesados pela faixa da esquerda e a n\u00e3o utiliza\u00e7\u00e3o do cinto de seguran\u00e7a. A fiscaliza\u00e7\u00e3o \u00e9 poss\u00edvel em raz\u00e3o das caracter\u00edsticas do dispositivo, que voa a at\u00e9 50 metros de altura e tem zoom de 56x.<\/p>\n<div id=\"metaslider-id-25573\" style=\"width: 100%;\" class=\"ml-slider-3-99-0 metaslider metaslider-flex metaslider-25573 ml-slider has-onhover-arrows ms-theme-default-base has-dots-nav\" role=\"region\" aria-label=\"Meio\" data-width=\"1200\">\n    <div id=\"metaslider_container_25573\">\n        <div id=\"metaslider_25573\">\n            <ul class='slides'>\n                <li style=\"display: block; width: 100%;\" class=\"slide-25684 ms-image \" aria-roledescription=\"slide\" data-date=\"2025-07-24 07:55:40\"><img src=\"https:\/\/sulsc.com\/wp-content\/uploads\/2025\/07\/Marr-2-1000x166.jpg\" height=\"200\" width=\"1200\" alt=\"\" class=\"slider-25573 slide-25684 msDefaultImage\" title=\"Marr 2\" \/><\/li>\n                <li style=\"display: none; width: 100%;\" class=\"slide-32412 ms-image \" aria-roledescription=\"slide\" data-date=\"2026-02-18 13:59:46\"><img src=\"https:\/\/sulsc.com\/wp-content\/uploads\/2026\/02\/40dc1580-cad5-4867-bc58-c4243821ad38-1000x166.jpeg\" height=\"200\" width=\"1200\" alt=\"\" class=\"slider-25573 slide-32412 msDefaultImage\" title=\"40dc1580-cad5-4867-bc58-c4243821ad38\" \/><\/li>\n                <li style=\"display: none; width: 100%;\" class=\"slide-32766 ms-image \" aria-roledescription=\"slide\" data-date=\"2026-03-03 17:22:59\"><img src=\"https:\/\/sulsc.com\/wp-content\/uploads\/2026\/03\/271ce739-f268-41c5-8051-3de1a1750359-1000x166.jpeg\" height=\"200\" width=\"1200\" alt=\"\" class=\"slider-25573 slide-32766 msDefaultImage\" title=\"271ce739-f268-41c5-8051-3de1a1750359\" \/><\/li>\n            <\/ul>\n        <\/div>\n        \n    <\/div>\n<\/div>\n<p>Al\u00e9m de garantir ao policial uma vis\u00e3o privilegiada, o equipamento oferece seguran\u00e7a para todos que utilizam a rodovia. Com os drones, os agentes n\u00e3o precisam intervir no tr\u00e2nsito, especialmente em trechos com grande volume de ve\u00edculos ou sem acostamento. Os motoristas n\u00e3o s\u00e3o abordados no momento do flagrante; em vez disso, as infra\u00e7\u00f5es s\u00e3o registradas para posterior autua\u00e7\u00e3o.<\/p>\n<p><img fetchpriority=\"high\" decoding=\"async\" class=\"aligncenter size-full wp-image-31079\" src=\"http:\/\/sulsc.com\/wp-content\/uploads\/2025\/12\/005467e9-1157-49b2-a33b-7d31b19a35f2.jpeg\" alt=\"\" width=\"433\" height=\"471\" srcset=\"https:\/\/sulsc.com\/wp-content\/uploads\/2025\/12\/005467e9-1157-49b2-a33b-7d31b19a35f2.jpeg 433w, https:\/\/sulsc.com\/wp-content\/uploads\/2025\/12\/005467e9-1157-49b2-a33b-7d31b19a35f2-276x300.jpeg 276w\" sizes=\"(max-width: 433px) 100vw, 433px\" \/><\/p>\n<p>Fotos: PRF\/Divulga\u00e7\u00e3o\/SulSC<\/p>\n<p>A opera\u00e7\u00e3o com o drone \u00e9 executada por dois PRFs: um respons\u00e1vel por operar o equipamento, e outro que observa o ambiente e tamb\u00e9m realiza o registro de informa\u00e7\u00f5es relevantes. Os dispositivos s\u00e3o registrados na Ag\u00eancia Nacional de Avia\u00e7\u00e3o Civil (Anac), e os agentes encarregados pela opera\u00e7\u00e3o possuem certifica\u00e7\u00e3o t\u00e9cnica para a condu\u00e7\u00e3o das aeronaves. Cada opera\u00e7\u00e3o \u00e9 planejada previamente e tem plano de voo registrado no sistema da Aeron\u00e1utica, em conformidade com as normas de seguran\u00e7a.<\/p>\n<p>Durante os pr\u00f3ximos meses, a fiscaliza\u00e7\u00e3o a\u00e9rea estar\u00e1 concentrada na BR-101, rodovia com maior volume de ve\u00edculos no estado. O calend\u00e1rio t\u00e1tico da PRF para 2026 prev\u00ea a amplia\u00e7\u00e3o das opera\u00e7\u00f5es em toda Santa Catarina, al\u00e9m da capacita\u00e7\u00e3o de novos operadores de drones.<\/p>\n","protected":false},"excerpt":{"rendered":"<p>A Pol\u00edcia Rodovi\u00e1ria Federal (PRF) est\u00e1 com seu efetivo mobilizado em Santa Catarina para o feriado de Natal. Nesta ter\u00e7a-feira, os agentes que atuaram na Via Expressa (BR-282), em Florian\u00f3polis, contaram com refor\u00e7o a\u00e9reo: a fiscaliza\u00e7\u00e3o com o aux\u00edlio de drones. Equipados com c\u00e2meras de alta performance, os drones permitem flagrar infra\u00e7\u00f5es de tr\u00e2nsito, como &hellip;<\/p>\n<p class=\"read-more\"> <a class=\"\" href=\"https:\/\/sulsc.com\/index.php\/2025\/12\/24\/prf-reforca-fiscalizacao-nas-rodovias-federais-durante-o-feriadao-com-auxilio-de-drones\/\"> <span class=\"screen-reader-text\">PRF refor\u00e7a fiscaliza\u00e7\u00e3o nas rodovias federais durante o feriad\u00e3o com aux\u00edlio de drones<\/span> Read More &raquo;<\/a><\/p>\n","protected":false},"author":3,"featured_media":31080,"comment_status":"open","ping_status":"open","sticky":false,"template":"","format":"standard","meta":{"site-sidebar-layout":"default","site-content-layout":"","ast-site-content-layout":"default","site-content-style":"default","site-sidebar-style":"default","ast-global-header-display":"","ast-banner-title-visibility":"","ast-main-header-display":"","ast-hfb-above-header-display":"","ast-hfb-below-header-display":"","ast-hfb-mobile-header-display":"","site-post-title":"","ast-breadcrumbs-content":"","ast-featured-img":"","footer-sml-layout":"","theme-transparent-header-meta":"default","adv-header-id-meta":"","stick-header-meta":"","header-above-stick-meta":"","header-main-stick-meta":"","header-below-stick-meta":"","astra-migrate-meta-layouts":"set","footnotes":""},"categories":[2354,1,15,14,2782,12],"tags":[2316],"yoast_head":"<!-- This site is optimized with the Yoast SEO plugin v21.4 - https:\/\/yoast.com\/wordpress\/plugins\/seo\/ -->\n<title>PRF refor\u00e7a fiscaliza\u00e7\u00e3o nas rodovias federais durante o feriad\u00e3o com aux\u00edlio de drones -<\/title>\n<meta name=\"robots\" content=\"index, follow, max-snippet:-1, max-image-preview:large, max-video-preview:-1\" \/>\n<link rel=\"canonical\" href=\"https:\/\/sulsc.com\/index.php\/2025\/12\/24\/prf-reforca-fiscalizacao-nas-rodovias-federais-durante-o-feriadao-com-auxilio-de-drones\/\" \/>\n<meta property=\"og:locale\" content=\"en_US\" \/>\n<meta property=\"og:type\" content=\"article\" \/>\n<meta property=\"og:title\" content=\"PRF refor\u00e7a fiscaliza\u00e7\u00e3o nas rodovias federais durante o feriad\u00e3o com aux\u00edlio de drones -\" \/>\n<meta property=\"og:description\" content=\"A Pol\u00edcia Rodovi\u00e1ria Federal (PRF) est\u00e1 com seu efetivo mobilizado em Santa Catarina para o feriado de Natal. Nesta ter\u00e7a-feira, os agentes que atuaram na Via Expressa (BR-282), em Florian\u00f3polis, contaram com refor\u00e7o a\u00e9reo: a fiscaliza\u00e7\u00e3o com o aux\u00edlio de drones. Equipados com c\u00e2meras de alta performance, os drones permitem flagrar infra\u00e7\u00f5es de tr\u00e2nsito, como &hellip; PRF refor\u00e7a fiscaliza\u00e7\u00e3o nas rodovias federais durante o feriad\u00e3o com aux\u00edlio de drones Read More &raquo;\" \/>\n<meta property=\"og:url\" content=\"https:\/\/sulsc.com\/index.php\/2025\/12\/24\/prf-reforca-fiscalizacao-nas-rodovias-federais-durante-o-feriadao-com-auxilio-de-drones\/\" \/>\n<meta property=\"article:author\" content=\"https:\/\/www.facebook.com\/profile.php?id=61559278119680\" \/>\n<meta property=\"article:published_time\" content=\"2025-12-24T15:35:04+00:00\" \/>\n<meta property=\"og:image\" content=\"http:\/\/sulsc.com\/wp-content\/uploads\/2025\/12\/d9951f62-5530-4482-9b1e-e98f8f3df172.jpeg\" \/>\n\t<meta property=\"og:image:width\" content=\"1080\" \/>\n\t<meta property=\"og:image:height\" content=\"619\" \/>\n\t<meta property=\"og:image:type\" content=\"image\/jpeg\" \/>\n<meta name=\"author\" content=\"Reda\u00e7\u00e3o Sul SC\" \/>\n<meta name=\"twitter:card\" content=\"summary_large_image\" \/>\n<meta name=\"twitter:creator\" content=\"@https:\/\/twitter.com\/PortalSulSC\" \/>\n<meta name=\"twitter:label1\" content=\"Written by\" \/>\n\t<meta name=\"twitter:data1\" content=\"Reda\u00e7\u00e3o Sul SC\" \/>\n\t<meta name=\"twitter:label2\" content=\"Est. reading time\" \/>\n\t<meta name=\"twitter:data2\" content=\"2 minutes\" \/>\n<script type=\"application\/ld+json\" class=\"yoast-schema-graph\">{\"@context\":\"https:\/\/schema.org\",\"@graph\":[{\"@type\":\"WebPage\",\"@id\":\"https:\/\/sulsc.com\/index.php\/2025\/12\/24\/prf-reforca-fiscalizacao-nas-rodovias-federais-durante-o-feriadao-com-auxilio-de-drones\/\",\"url\":\"https:\/\/sulsc.com\/index.php\/2025\/12\/24\/prf-reforca-fiscalizacao-nas-rodovias-federais-durante-o-feriadao-com-auxilio-de-drones\/\",\"name\":\"PRF refor\u00e7a fiscaliza\u00e7\u00e3o nas rodovias federais durante o feriad\u00e3o com aux\u00edlio de drones -\",\"isPartOf\":{\"@id\":\"https:\/\/sulsc.com\/#website\"},\"datePublished\":\"2025-12-24T15:35:04+00:00\",\"dateModified\":\"2025-12-24T15:35:04+00:00\",\"author\":{\"@id\":\"https:\/\/sulsc.com\/#\/schema\/person\/84d2fc571684f6248ba83092f07750a3\"},\"breadcrumb\":{\"@id\":\"https:\/\/sulsc.com\/index.php\/2025\/12\/24\/prf-reforca-fiscalizacao-nas-rodovias-federais-durante-o-feriadao-com-auxilio-de-drones\/#breadcrumb\"},\"inLanguage\":\"en-US\",\"potentialAction\":[{\"@type\":\"ReadAction\",\"target\":[\"https:\/\/sulsc.com\/index.php\/2025\/12\/24\/prf-reforca-fiscalizacao-nas-rodovias-federais-durante-o-feriadao-com-auxilio-de-drones\/\"]}]},{\"@type\":\"BreadcrumbList\",\"@id\":\"https:\/\/sulsc.com\/index.php\/2025\/12\/24\/prf-reforca-fiscalizacao-nas-rodovias-federais-durante-o-feriadao-com-auxilio-de-drones\/#breadcrumb\",\"itemListElement\":[{\"@type\":\"ListItem\",\"position\":1,\"name\":\"In\u00edcio\",\"item\":\"https:\/\/sulsc.com\/\"},{\"@type\":\"ListItem\",\"position\":2,\"name\":\"PRF refor\u00e7a fiscaliza\u00e7\u00e3o nas rodovias federais durante o feriad\u00e3o com aux\u00edlio de drones\"}]},{\"@type\":\"WebSite\",\"@id\":\"https:\/\/sulsc.com\/#website\",\"url\":\"https:\/\/sulsc.com\/\",\"name\":\"\",\"description\":\"\",\"potentialAction\":[{\"@type\":\"SearchAction\",\"target\":{\"@type\":\"EntryPoint\",\"urlTemplate\":\"https:\/\/sulsc.com\/?s={search_term_string}\"},\"query-input\":\"required name=search_term_string\"}],\"inLanguage\":\"en-US\"},{\"@type\":\"Person\",\"@id\":\"https:\/\/sulsc.com\/#\/schema\/person\/84d2fc571684f6248ba83092f07750a3\",\"name\":\"Reda\u00e7\u00e3o Sul SC\",\"image\":{\"@type\":\"ImageObject\",\"inLanguage\":\"en-US\",\"@id\":\"https:\/\/sulsc.com\/#\/schema\/person\/image\/e08d7fe2cc4ed596372063bbe852b8d0\",\"url\":\"https:\/\/sulsc.com\/wp-content\/uploads\/2023\/09\/redacao.png\",\"contentUrl\":\"https:\/\/sulsc.com\/wp-content\/uploads\/2023\/09\/redacao.png\",\"caption\":\"Reda\u00e7\u00e3o Sul SC\"},\"description\":\"Foco em um jornalismo imparcial, voltado \u00e0 qualidade dos seus conte\u00fados e, assim, levar informa\u00e7\u00e3o de valor que agregue \u00e0 vida dos leitores. Esta \u00e9 grande miss\u00e3o do Portal de Not\u00edcias Sul SC. N\u00e3o \u00e9 quantidade que muda o mundo, sempre foi e seguir\u00e1 sendo qualidade!\",\"sameAs\":[\"https:\/\/sulsc.com\/\",\"https:\/\/www.facebook.com\/profile.php?id=61559278119680\",\"https:\/\/www.instagram.com\/sulscportal\/?hl=pt-br\",\"https:\/\/twitter.com\/https:\/\/twitter.com\/PortalSulSC\",\"https:\/\/www.youtube.com\/channel\/UCv_BE8GeySluDov2n8qhVmw\"],\"url\":\"https:\/\/sulsc.com\/index.php\/author\/redacao\/\"}]}<\/script>\n<!-- \/ Yoast SEO plugin. -->","yoast_head_json":{"title":"PRF refor\u00e7a fiscaliza\u00e7\u00e3o nas rodovias federais durante o feriad\u00e3o com aux\u00edlio de drones -","robots":{"index":"index","follow":"follow","max-snippet":"max-snippet:-1","max-image-preview":"max-image-preview:large","max-video-preview":"max-video-preview:-1"},"canonical":"https:\/\/sulsc.com\/index.php\/2025\/12\/24\/prf-reforca-fiscalizacao-nas-rodovias-federais-durante-o-feriadao-com-auxilio-de-drones\/","og_locale":"en_US","og_type":"article","og_title":"PRF refor\u00e7a fiscaliza\u00e7\u00e3o nas rodovias federais durante o feriad\u00e3o com aux\u00edlio de drones -","og_description":"A Pol\u00edcia Rodovi\u00e1ria Federal (PRF) est\u00e1 com seu efetivo mobilizado em Santa Catarina para o feriado de Natal. Nesta ter\u00e7a-feira, os agentes que atuaram na Via Expressa (BR-282), em Florian\u00f3polis, contaram com refor\u00e7o a\u00e9reo: a fiscaliza\u00e7\u00e3o com o aux\u00edlio de drones. Equipados com c\u00e2meras de alta performance, os drones permitem flagrar infra\u00e7\u00f5es de tr\u00e2nsito, como &hellip; PRF refor\u00e7a fiscaliza\u00e7\u00e3o nas rodovias federais durante o feriad\u00e3o com aux\u00edlio de drones Read More &raquo;","og_url":"https:\/\/sulsc.com\/index.php\/2025\/12\/24\/prf-reforca-fiscalizacao-nas-rodovias-federais-durante-o-feriadao-com-auxilio-de-drones\/","article_author":"https:\/\/www.facebook.com\/profile.php?id=61559278119680","article_published_time":"2025-12-24T15:35:04+00:00","og_image":[{"width":1080,"height":619,"url":"http:\/\/sulsc.com\/wp-content\/uploads\/2025\/12\/d9951f62-5530-4482-9b1e-e98f8f3df172.jpeg","type":"image\/jpeg"}],"author":"Reda\u00e7\u00e3o Sul SC","twitter_card":"summary_large_image","twitter_creator":"@https:\/\/twitter.com\/PortalSulSC","twitter_misc":{"Written by":"Reda\u00e7\u00e3o Sul SC","Est. reading time":"2 minutes"},"schema":{"@context":"https:\/\/schema.org","@graph":[{"@type":"WebPage","@id":"https:\/\/sulsc.com\/index.php\/2025\/12\/24\/prf-reforca-fiscalizacao-nas-rodovias-federais-durante-o-feriadao-com-auxilio-de-drones\/","url":"https:\/\/sulsc.com\/index.php\/2025\/12\/24\/prf-reforca-fiscalizacao-nas-rodovias-federais-durante-o-feriadao-com-auxilio-de-drones\/","name":"PRF refor\u00e7a fiscaliza\u00e7\u00e3o nas rodovias federais durante o feriad\u00e3o com aux\u00edlio de drones -","isPartOf":{"@id":"https:\/\/sulsc.com\/#website"},"datePublished":"2025-12-24T15:35:04+00:00","dateModified":"2025-12-24T15:35:04+00:00","author":{"@id":"https:\/\/sulsc.com\/#\/schema\/person\/84d2fc571684f6248ba83092f07750a3"},"breadcrumb":{"@id":"https:\/\/sulsc.com\/index.php\/2025\/12\/24\/prf-reforca-fiscalizacao-nas-rodovias-federais-durante-o-feriadao-com-auxilio-de-drones\/#breadcrumb"},"inLanguage":"en-US","potentialAction":[{"@type":"ReadAction","target":["https:\/\/sulsc.com\/index.php\/2025\/12\/24\/prf-reforca-fiscalizacao-nas-rodovias-federais-durante-o-feriadao-com-auxilio-de-drones\/"]}]},{"@type":"BreadcrumbList","@id":"https:\/\/sulsc.com\/index.php\/2025\/12\/24\/prf-reforca-fiscalizacao-nas-rodovias-federais-durante-o-feriadao-com-auxilio-de-drones\/#breadcrumb","itemListElement":[{"@type":"ListItem","position":1,"name":"In\u00edcio","item":"https:\/\/sulsc.com\/"},{"@type":"ListItem","position":2,"name":"PRF refor\u00e7a fiscaliza\u00e7\u00e3o nas rodovias federais durante o feriad\u00e3o com aux\u00edlio de drones"}]},{"@type":"WebSite","@id":"https:\/\/sulsc.com\/#website","url":"https:\/\/sulsc.com\/","name":"","description":"","potentialAction":[{"@type":"SearchAction","target":{"@type":"EntryPoint","urlTemplate":"https:\/\/sulsc.com\/?s={search_term_string}"},"query-input":"required name=search_term_string"}],"inLanguage":"en-US"},{"@type":"Person","@id":"https:\/\/sulsc.com\/#\/schema\/person\/84d2fc571684f6248ba83092f07750a3","name":"Reda\u00e7\u00e3o Sul SC","image":{"@type":"ImageObject","inLanguage":"en-US","@id":"https:\/\/sulsc.com\/#\/schema\/person\/image\/e08d7fe2cc4ed596372063bbe852b8d0","url":"https:\/\/sulsc.com\/wp-content\/uploads\/2023\/09\/redacao.png","contentUrl":"https:\/\/sulsc.com\/wp-content\/uploads\/2023\/09\/redacao.png","caption":"Reda\u00e7\u00e3o Sul SC"},"description":"Foco em um jornalismo imparcial, voltado \u00e0 qualidade dos seus conte\u00fados e, assim, levar informa\u00e7\u00e3o de valor que agregue \u00e0 vida dos leitores. Esta \u00e9 grande miss\u00e3o do Portal de Not\u00edcias Sul SC. N\u00e3o \u00e9 quantidade que muda o mundo, sempre foi e seguir\u00e1 sendo qualidade!","sameAs":["https:\/\/sulsc.com\/","https:\/\/www.facebook.com\/profile.php?id=61559278119680","https:\/\/www.instagram.com\/sulscportal\/?hl=pt-br","https:\/\/twitter.com\/https:\/\/twitter.com\/PortalSulSC","https:\/\/www.youtube.com\/channel\/UCv_BE8GeySluDov2n8qhVmw"],"url":"https:\/\/sulsc.com\/index.php\/author\/redacao\/"}]}},"authors":[],"_links":{"self":[{"href":"https:\/\/sulsc.com\/index.php\/wp-json\/wp\/v2\/posts\/31078"}],"collection":[{"href":"https:\/\/sulsc.com\/index.php\/wp-json\/wp\/v2\/posts"}],"about":[{"href":"https:\/\/sulsc.com\/index.php\/wp-json\/wp\/v2\/types\/post"}],"author":[{"embeddable":true,"href":"https:\/\/sulsc.com\/index.php\/wp-json\/wp\/v2\/users\/3"}],"replies":[{"embeddable":true,"href":"https:\/\/sulsc.com\/index.php\/wp-json\/wp\/v2\/comments?post=31078"}],"version-history":[{"count":1,"href":"https:\/\/sulsc.com\/index.php\/wp-json\/wp\/v2\/posts\/31078\/revisions"}],"predecessor-version":[{"id":31081,"href":"https:\/\/sulsc.com\/index.php\/wp-json\/wp\/v2\/posts\/31078\/revisions\/31081"}],"wp:featuredmedia":[{"embeddable":true,"href":"https:\/\/sulsc.com\/index.php\/wp-json\/wp\/v2\/media\/31080"}],"wp:attachment":[{"href":"https:\/\/sulsc.com\/index.php\/wp-json\/wp\/v2\/media?parent=31078"}],"wp:term":[{"taxonomy":"category","embeddable":true,"href":"https:\/\/sulsc.com\/index.php\/wp-json\/wp\/v2\/categories?post=31078"},{"taxonomy":"post_tag","embeddable":true,"href":"https:\/\/sulsc.com\/index.php\/wp-json\/wp\/v2\/tags?post=31078"}],"curies":[{"name":"wp","href":"https:\/\/api.w.org\/{rel}","templated":true}]}}