{"id":31090,"date":"2025-12-25T09:44:53","date_gmt":"2025-12-25T12:44:53","guid":{"rendered":"https:\/\/sulsc.com\/?p=31090"},"modified":"2025-12-25T09:44:53","modified_gmt":"2025-12-25T12:44:53","slug":"natal-2025-sera-com-calor-e-temporais-em-todas-as-regioes-do-estado","status":"publish","type":"post","link":"https:\/\/sulsc.com\/index.php\/2025\/12\/25\/natal-2025-sera-com-calor-e-temporais-em-todas-as-regioes-do-estado\/","title":{"rendered":"Natal 2025 ser\u00e1 com calor e  temporais em todas as regi\u00f5es do estado"},"content":{"rendered":"<p>Nesta quinta-feira de Natal (25), o dia ser\u00e1 marcado, mais uma vez, por calor intenso e temporais em Santa Catarina. O dia come\u00e7a com sensa\u00e7\u00e3o de abafamento em todas as regi\u00f5es e, j\u00e1 durante a manh\u00e3, h\u00e1 condi\u00e7\u00f5es para temporais com chuva intensa, raios, rajadas de vento e eventual queda de granizo no Grande Oeste e nas \u00e1reas que fazem divisa com o Rio Grande do Sul.<\/p>\n<p>Ao longo das horas, as instabilidades avan\u00e7am para as demais regi\u00f5es, chegando nas \u00e1reas litor\u00e2neas e no Norte catarinense no per\u00edodo da tarde. <strong>O risco \u00e9 moderado a alto<\/strong> para ocorr\u00eancias associadas a destelhamentos, danos na rede el\u00e9trica, queda de galhos e \u00e1rvores e, principalmente, a alagamentos e enxurradas.<\/p>\n<p><strong>Temperaturas<\/strong><\/p>\n<p>Durante \u00e0 tarde, as m\u00e1ximas superam os 30\u00b0C na maior parte do estado, com valores pr\u00f3ximos dos 38\u00b0C entre o M\u00e9dio Vale do Itaja\u00ed e Litoral Norte. O risco permanece moderado a alto para ocorr\u00eancias relacionadas ao calor intenso. Ao longo da noite, as instabilidades tendem a perder for\u00e7a e o risco associado diminui.<\/p>\n<p><img fetchpriority=\"high\" decoding=\"async\" class=\"aligncenter size-full wp-image-31091\" src=\"http:\/\/sulsc.com\/wp-content\/uploads\/2025\/12\/image-549-1536x1044-1.png\" alt=\"\" width=\"1536\" height=\"1044\" srcset=\"https:\/\/sulsc.com\/wp-content\/uploads\/2025\/12\/image-549-1536x1044-1.png 1536w, https:\/\/sulsc.com\/wp-content\/uploads\/2025\/12\/image-549-1536x1044-1-300x204.png 300w, https:\/\/sulsc.com\/wp-content\/uploads\/2025\/12\/image-549-1536x1044-1-1024x696.png 1024w, https:\/\/sulsc.com\/wp-content\/uploads\/2025\/12\/image-549-1536x1044-1-768x522.png 768w\" sizes=\"(max-width: 1536px) 100vw, 1536px\" \/><\/p>\n<p><img decoding=\"async\" class=\"aligncenter size-full wp-image-22836\" src=\"http:\/\/sulsc.com\/wp-content\/uploads\/2025\/04\/Tempo-2.png\" alt=\"\" width=\"1024\" height=\"189\" srcset=\"https:\/\/sulsc.com\/wp-content\/uploads\/2025\/04\/Tempo-2.png 1024w, https:\/\/sulsc.com\/wp-content\/uploads\/2025\/04\/Tempo-2-300x55.png 300w, https:\/\/sulsc.com\/wp-content\/uploads\/2025\/04\/Tempo-2-768x142.png 768w\" sizes=\"(max-width: 1024px) 100vw, 1024px\" \/><\/p>\n<p><strong>Ventos:<\/strong> noroeste passando a sul a partir da tarde, fraco a moderado, com rajadas.<\/p>\n<p><strong>Sistema predominante:<\/strong> ar quente e \u00famido em SC, com ventos em altitude trazendo ar quente e \u00famido do norte do Brasil e um cavado (\u00e1rea alongada de baixa press\u00e3o) no Litoral Sul do Brasil.<\/p>\n<div id=\"metaslider-id-25573\" style=\"width: 100%;\" class=\"ml-slider-3-99-0 metaslider metaslider-flex metaslider-25573 ml-slider has-onhover-arrows ms-theme-default-base has-dots-nav\" role=\"region\" aria-label=\"Meio\" data-width=\"1200\">\n    <div id=\"metaslider_container_25573\">\n        <div id=\"metaslider_25573\">\n            <ul class='slides'>\n                <li style=\"display: block; width: 100%;\" class=\"slide-25684 ms-image \" aria-roledescription=\"slide\" data-date=\"2025-07-24 07:55:40\"><img src=\"https:\/\/sulsc.com\/wp-content\/uploads\/2025\/07\/Marr-2-1000x166.jpg\" height=\"200\" width=\"1200\" alt=\"\" class=\"slider-25573 slide-25684 msDefaultImage\" title=\"Marr 2\" \/><\/li>\n                <li style=\"display: none; width: 100%;\" class=\"slide-32412 ms-image \" aria-roledescription=\"slide\" data-date=\"2026-02-18 13:59:46\"><img src=\"https:\/\/sulsc.com\/wp-content\/uploads\/2026\/02\/40dc1580-cad5-4867-bc58-c4243821ad38-1000x166.jpeg\" height=\"200\" width=\"1200\" alt=\"\" class=\"slider-25573 slide-32412 msDefaultImage\" title=\"40dc1580-cad5-4867-bc58-c4243821ad38\" \/><\/li>\n                <li style=\"display: none; width: 100%;\" class=\"slide-32766 ms-image \" aria-roledescription=\"slide\" data-date=\"2026-03-03 17:22:59\"><img src=\"https:\/\/sulsc.com\/wp-content\/uploads\/2026\/03\/271ce739-f268-41c5-8051-3de1a1750359-1000x166.jpeg\" height=\"200\" width=\"1200\" alt=\"\" class=\"slider-25573 slide-32766 msDefaultImage\" title=\"271ce739-f268-41c5-8051-3de1a1750359\" \/><\/li>\n            <\/ul>\n        <\/div>\n        \n    <\/div>\n<\/div>\n<p><strong>Amanha sexta-feira (26),<\/strong> o tempo ser\u00e1 com aberturas de sol em SC, com mais nuvens e chuva entre a tarde e noite. Risco de temporais no s\u00e1bado, no oeste e litoral do estado.<br \/>\nTemperatura: em eleva\u00e7\u00e3o, com m\u00e1ximas de 30\u00b0C a 35\u00b0C, mas altas no oeste e no leste do estado.<br \/>\nVento: nordeste, com varia\u00e7\u00f5es de sudeste e do Extremo Oeste ao Litoral Sul, fraco a moderado, com rajadas.<\/p>\n<p>Fontes: Defesa Civil-SC\/Epagri-Ciram<\/p>\n","protected":false},"excerpt":{"rendered":"<p>Nesta quinta-feira de Natal (25), o dia ser\u00e1 marcado, mais uma vez, por calor intenso e temporais em Santa Catarina. O dia come\u00e7a com sensa\u00e7\u00e3o de abafamento em todas as regi\u00f5es e, j\u00e1 durante a manh\u00e3, h\u00e1 condi\u00e7\u00f5es para temporais com chuva intensa, raios, rajadas de vento e eventual queda de granizo no Grande Oeste &hellip;<\/p>\n<p class=\"read-more\"> <a class=\"\" href=\"https:\/\/sulsc.com\/index.php\/2025\/12\/25\/natal-2025-sera-com-calor-e-temporais-em-todas-as-regioes-do-estado\/\"> <span class=\"screen-reader-text\">Natal 2025 ser\u00e1 com calor e  temporais em todas as regi\u00f5es do estado<\/span> Read More &raquo;<\/a><\/p>\n","protected":false},"author":3,"featured_media":12676,"comment_status":"open","ping_status":"open","sticky":false,"template":"","format":"standard","meta":{"site-sidebar-layout":"default","site-content-layout":"","ast-site-content-layout":"default","site-content-style":"default","site-sidebar-style":"default","ast-global-header-display":"","ast-banner-title-visibility":"","ast-main-header-display":"","ast-hfb-above-header-display":"","ast-hfb-below-header-display":"","ast-hfb-mobile-header-display":"","site-post-title":"","ast-breadcrumbs-content":"","ast-featured-img":"","footer-sml-layout":"","theme-transparent-header-meta":"default","adv-header-id-meta":"","stick-header-meta":"","header-above-stick-meta":"","header-main-stick-meta":"","header-below-stick-meta":"","astra-migrate-meta-layouts":"set","footnotes":""},"categories":[2354,2231,1,14,38,12],"tags":[90,1013],"yoast_head":"<!-- This site is optimized with the Yoast SEO plugin v21.4 - https:\/\/yoast.com\/wordpress\/plugins\/seo\/ -->\n<title>Natal 2025 ser\u00e1 com calor e temporais em todas as regi\u00f5es do estado -<\/title>\n<meta name=\"robots\" content=\"index, follow, max-snippet:-1, max-image-preview:large, max-video-preview:-1\" \/>\n<link rel=\"canonical\" href=\"https:\/\/sulsc.com\/index.php\/2025\/12\/25\/natal-2025-sera-com-calor-e-temporais-em-todas-as-regioes-do-estado\/\" \/>\n<meta property=\"og:locale\" content=\"en_US\" \/>\n<meta property=\"og:type\" content=\"article\" \/>\n<meta property=\"og:title\" content=\"Natal 2025 ser\u00e1 com calor e temporais em todas as regi\u00f5es do estado -\" \/>\n<meta property=\"og:description\" content=\"Nesta quinta-feira de Natal (25), o dia ser\u00e1 marcado, mais uma vez, por calor intenso e temporais em Santa Catarina. O dia come\u00e7a com sensa\u00e7\u00e3o de abafamento em todas as regi\u00f5es e, j\u00e1 durante a manh\u00e3, h\u00e1 condi\u00e7\u00f5es para temporais com chuva intensa, raios, rajadas de vento e eventual queda de granizo no Grande Oeste &hellip; Natal 2025 ser\u00e1 com calor e temporais em todas as regi\u00f5es do estado Read More &raquo;\" \/>\n<meta property=\"og:url\" content=\"https:\/\/sulsc.com\/index.php\/2025\/12\/25\/natal-2025-sera-com-calor-e-temporais-em-todas-as-regioes-do-estado\/\" \/>\n<meta property=\"article:author\" content=\"https:\/\/www.facebook.com\/profile.php?id=61559278119680\" \/>\n<meta property=\"article:published_time\" content=\"2025-12-25T12:44:53+00:00\" \/>\n<meta property=\"og:image\" content=\"http:\/\/sulsc.com\/wp-content\/uploads\/2024\/05\/tempo-1.jpeg\" \/>\n\t<meta property=\"og:image:width\" content=\"1080\" \/>\n\t<meta property=\"og:image:height\" content=\"603\" \/>\n\t<meta property=\"og:image:type\" content=\"image\/jpeg\" \/>\n<meta name=\"author\" content=\"Reda\u00e7\u00e3o Sul SC\" \/>\n<meta name=\"twitter:card\" content=\"summary_large_image\" \/>\n<meta name=\"twitter:creator\" content=\"@https:\/\/twitter.com\/PortalSulSC\" \/>\n<meta name=\"twitter:label1\" content=\"Written by\" \/>\n\t<meta name=\"twitter:data1\" content=\"Reda\u00e7\u00e3o Sul SC\" \/>\n\t<meta name=\"twitter:label2\" content=\"Est. reading time\" \/>\n\t<meta name=\"twitter:data2\" content=\"2 minutes\" \/>\n<script type=\"application\/ld+json\" class=\"yoast-schema-graph\">{\"@context\":\"https:\/\/schema.org\",\"@graph\":[{\"@type\":\"WebPage\",\"@id\":\"https:\/\/sulsc.com\/index.php\/2025\/12\/25\/natal-2025-sera-com-calor-e-temporais-em-todas-as-regioes-do-estado\/\",\"url\":\"https:\/\/sulsc.com\/index.php\/2025\/12\/25\/natal-2025-sera-com-calor-e-temporais-em-todas-as-regioes-do-estado\/\",\"name\":\"Natal 2025 ser\u00e1 com calor e temporais em todas as regi\u00f5es do estado -\",\"isPartOf\":{\"@id\":\"https:\/\/sulsc.com\/#website\"},\"datePublished\":\"2025-12-25T12:44:53+00:00\",\"dateModified\":\"2025-12-25T12:44:53+00:00\",\"author\":{\"@id\":\"https:\/\/sulsc.com\/#\/schema\/person\/84d2fc571684f6248ba83092f07750a3\"},\"breadcrumb\":{\"@id\":\"https:\/\/sulsc.com\/index.php\/2025\/12\/25\/natal-2025-sera-com-calor-e-temporais-em-todas-as-regioes-do-estado\/#breadcrumb\"},\"inLanguage\":\"en-US\",\"potentialAction\":[{\"@type\":\"ReadAction\",\"target\":[\"https:\/\/sulsc.com\/index.php\/2025\/12\/25\/natal-2025-sera-com-calor-e-temporais-em-todas-as-regioes-do-estado\/\"]}]},{\"@type\":\"BreadcrumbList\",\"@id\":\"https:\/\/sulsc.com\/index.php\/2025\/12\/25\/natal-2025-sera-com-calor-e-temporais-em-todas-as-regioes-do-estado\/#breadcrumb\",\"itemListElement\":[{\"@type\":\"ListItem\",\"position\":1,\"name\":\"In\u00edcio\",\"item\":\"https:\/\/sulsc.com\/\"},{\"@type\":\"ListItem\",\"position\":2,\"name\":\"Natal 2025 ser\u00e1 com calor e temporais em todas as regi\u00f5es do estado\"}]},{\"@type\":\"WebSite\",\"@id\":\"https:\/\/sulsc.com\/#website\",\"url\":\"https:\/\/sulsc.com\/\",\"name\":\"\",\"description\":\"\",\"potentialAction\":[{\"@type\":\"SearchAction\",\"target\":{\"@type\":\"EntryPoint\",\"urlTemplate\":\"https:\/\/sulsc.com\/?s={search_term_string}\"},\"query-input\":\"required name=search_term_string\"}],\"inLanguage\":\"en-US\"},{\"@type\":\"Person\",\"@id\":\"https:\/\/sulsc.com\/#\/schema\/person\/84d2fc571684f6248ba83092f07750a3\",\"name\":\"Reda\u00e7\u00e3o Sul SC\",\"image\":{\"@type\":\"ImageObject\",\"inLanguage\":\"en-US\",\"@id\":\"https:\/\/sulsc.com\/#\/schema\/person\/image\/e08d7fe2cc4ed596372063bbe852b8d0\",\"url\":\"https:\/\/sulsc.com\/wp-content\/uploads\/2023\/09\/redacao.png\",\"contentUrl\":\"https:\/\/sulsc.com\/wp-content\/uploads\/2023\/09\/redacao.png\",\"caption\":\"Reda\u00e7\u00e3o Sul SC\"},\"description\":\"Foco em um jornalismo imparcial, voltado \u00e0 qualidade dos seus conte\u00fados e, assim, levar informa\u00e7\u00e3o de valor que agregue \u00e0 vida dos leitores. Esta \u00e9 grande miss\u00e3o do Portal de Not\u00edcias Sul SC. N\u00e3o \u00e9 quantidade que muda o mundo, sempre foi e seguir\u00e1 sendo qualidade!\",\"sameAs\":[\"https:\/\/sulsc.com\/\",\"https:\/\/www.facebook.com\/profile.php?id=61559278119680\",\"https:\/\/www.instagram.com\/sulscportal\/?hl=pt-br\",\"https:\/\/twitter.com\/https:\/\/twitter.com\/PortalSulSC\",\"https:\/\/www.youtube.com\/channel\/UCv_BE8GeySluDov2n8qhVmw\"],\"url\":\"https:\/\/sulsc.com\/index.php\/author\/redacao\/\"}]}<\/script>\n<!-- \/ Yoast SEO plugin. -->","yoast_head_json":{"title":"Natal 2025 ser\u00e1 com calor e temporais em todas as regi\u00f5es do estado -","robots":{"index":"index","follow":"follow","max-snippet":"max-snippet:-1","max-image-preview":"max-image-preview:large","max-video-preview":"max-video-preview:-1"},"canonical":"https:\/\/sulsc.com\/index.php\/2025\/12\/25\/natal-2025-sera-com-calor-e-temporais-em-todas-as-regioes-do-estado\/","og_locale":"en_US","og_type":"article","og_title":"Natal 2025 ser\u00e1 com calor e temporais em todas as regi\u00f5es do estado -","og_description":"Nesta quinta-feira de Natal (25), o dia ser\u00e1 marcado, mais uma vez, por calor intenso e temporais em Santa Catarina. O dia come\u00e7a com sensa\u00e7\u00e3o de abafamento em todas as regi\u00f5es e, j\u00e1 durante a manh\u00e3, h\u00e1 condi\u00e7\u00f5es para temporais com chuva intensa, raios, rajadas de vento e eventual queda de granizo no Grande Oeste &hellip; Natal 2025 ser\u00e1 com calor e temporais em todas as regi\u00f5es do estado Read More &raquo;","og_url":"https:\/\/sulsc.com\/index.php\/2025\/12\/25\/natal-2025-sera-com-calor-e-temporais-em-todas-as-regioes-do-estado\/","article_author":"https:\/\/www.facebook.com\/profile.php?id=61559278119680","article_published_time":"2025-12-25T12:44:53+00:00","og_image":[{"width":1080,"height":603,"url":"http:\/\/sulsc.com\/wp-content\/uploads\/2024\/05\/tempo-1.jpeg","type":"image\/jpeg"}],"author":"Reda\u00e7\u00e3o Sul SC","twitter_card":"summary_large_image","twitter_creator":"@https:\/\/twitter.com\/PortalSulSC","twitter_misc":{"Written by":"Reda\u00e7\u00e3o Sul SC","Est. reading time":"2 minutes"},"schema":{"@context":"https:\/\/schema.org","@graph":[{"@type":"WebPage","@id":"https:\/\/sulsc.com\/index.php\/2025\/12\/25\/natal-2025-sera-com-calor-e-temporais-em-todas-as-regioes-do-estado\/","url":"https:\/\/sulsc.com\/index.php\/2025\/12\/25\/natal-2025-sera-com-calor-e-temporais-em-todas-as-regioes-do-estado\/","name":"Natal 2025 ser\u00e1 com calor e temporais em todas as regi\u00f5es do estado -","isPartOf":{"@id":"https:\/\/sulsc.com\/#website"},"datePublished":"2025-12-25T12:44:53+00:00","dateModified":"2025-12-25T12:44:53+00:00","author":{"@id":"https:\/\/sulsc.com\/#\/schema\/person\/84d2fc571684f6248ba83092f07750a3"},"breadcrumb":{"@id":"https:\/\/sulsc.com\/index.php\/2025\/12\/25\/natal-2025-sera-com-calor-e-temporais-em-todas-as-regioes-do-estado\/#breadcrumb"},"inLanguage":"en-US","potentialAction":[{"@type":"ReadAction","target":["https:\/\/sulsc.com\/index.php\/2025\/12\/25\/natal-2025-sera-com-calor-e-temporais-em-todas-as-regioes-do-estado\/"]}]},{"@type":"BreadcrumbList","@id":"https:\/\/sulsc.com\/index.php\/2025\/12\/25\/natal-2025-sera-com-calor-e-temporais-em-todas-as-regioes-do-estado\/#breadcrumb","itemListElement":[{"@type":"ListItem","position":1,"name":"In\u00edcio","item":"https:\/\/sulsc.com\/"},{"@type":"ListItem","position":2,"name":"Natal 2025 ser\u00e1 com calor e temporais em todas as regi\u00f5es do estado"}]},{"@type":"WebSite","@id":"https:\/\/sulsc.com\/#website","url":"https:\/\/sulsc.com\/","name":"","description":"","potentialAction":[{"@type":"SearchAction","target":{"@type":"EntryPoint","urlTemplate":"https:\/\/sulsc.com\/?s={search_term_string}"},"query-input":"required name=search_term_string"}],"inLanguage":"en-US"},{"@type":"Person","@id":"https:\/\/sulsc.com\/#\/schema\/person\/84d2fc571684f6248ba83092f07750a3","name":"Reda\u00e7\u00e3o Sul SC","image":{"@type":"ImageObject","inLanguage":"en-US","@id":"https:\/\/sulsc.com\/#\/schema\/person\/image\/e08d7fe2cc4ed596372063bbe852b8d0","url":"https:\/\/sulsc.com\/wp-content\/uploads\/2023\/09\/redacao.png","contentUrl":"https:\/\/sulsc.com\/wp-content\/uploads\/2023\/09\/redacao.png","caption":"Reda\u00e7\u00e3o Sul SC"},"description":"Foco em um jornalismo imparcial, voltado \u00e0 qualidade dos seus conte\u00fados e, assim, levar informa\u00e7\u00e3o de valor que agregue \u00e0 vida dos leitores. Esta \u00e9 grande miss\u00e3o do Portal de Not\u00edcias Sul SC. N\u00e3o \u00e9 quantidade que muda o mundo, sempre foi e seguir\u00e1 sendo qualidade!","sameAs":["https:\/\/sulsc.com\/","https:\/\/www.facebook.com\/profile.php?id=61559278119680","https:\/\/www.instagram.com\/sulscportal\/?hl=pt-br","https:\/\/twitter.com\/https:\/\/twitter.com\/PortalSulSC","https:\/\/www.youtube.com\/channel\/UCv_BE8GeySluDov2n8qhVmw"],"url":"https:\/\/sulsc.com\/index.php\/author\/redacao\/"}]}},"authors":[],"_links":{"self":[{"href":"https:\/\/sulsc.com\/index.php\/wp-json\/wp\/v2\/posts\/31090"}],"collection":[{"href":"https:\/\/sulsc.com\/index.php\/wp-json\/wp\/v2\/posts"}],"about":[{"href":"https:\/\/sulsc.com\/index.php\/wp-json\/wp\/v2\/types\/post"}],"author":[{"embeddable":true,"href":"https:\/\/sulsc.com\/index.php\/wp-json\/wp\/v2\/users\/3"}],"replies":[{"embeddable":true,"href":"https:\/\/sulsc.com\/index.php\/wp-json\/wp\/v2\/comments?post=31090"}],"version-history":[{"count":1,"href":"https:\/\/sulsc.com\/index.php\/wp-json\/wp\/v2\/posts\/31090\/revisions"}],"predecessor-version":[{"id":31092,"href":"https:\/\/sulsc.com\/index.php\/wp-json\/wp\/v2\/posts\/31090\/revisions\/31092"}],"wp:featuredmedia":[{"embeddable":true,"href":"https:\/\/sulsc.com\/index.php\/wp-json\/wp\/v2\/media\/12676"}],"wp:attachment":[{"href":"https:\/\/sulsc.com\/index.php\/wp-json\/wp\/v2\/media?parent=31090"}],"wp:term":[{"taxonomy":"category","embeddable":true,"href":"https:\/\/sulsc.com\/index.php\/wp-json\/wp\/v2\/categories?post=31090"},{"taxonomy":"post_tag","embeddable":true,"href":"https:\/\/sulsc.com\/index.php\/wp-json\/wp\/v2\/tags?post=31090"}],"curies":[{"name":"wp","href":"https:\/\/api.w.org\/{rel}","templated":true}]}}