{"id":31118,"date":"2025-12-26T17:15:40","date_gmt":"2025-12-26T20:15:40","guid":{"rendered":"https:\/\/sulsc.com\/?p=31118"},"modified":"2025-12-26T17:15:40","modified_gmt":"2025-12-26T20:15:40","slug":"feriado-de-ano-novo-brs-catarinenses-devem-registrar-aumento-de-75-no-fluxo-de-veiculos-ate-o-reveillon","status":"publish","type":"post","link":"https:\/\/sulsc.com\/index.php\/2025\/12\/26\/feriado-de-ano-novo-brs-catarinenses-devem-registrar-aumento-de-75-no-fluxo-de-veiculos-ate-o-reveillon\/","title":{"rendered":"Feriado de Ano Novo: BRs catarinenses devem registrar aumento de 75% no fluxo de ve\u00edculos at\u00e9 o R\u00e9veillon"},"content":{"rendered":"<p>A Pol\u00edcia Rodovi\u00e1ria Federal (PRF) projeta que a circula\u00e7\u00e3o de autom\u00f3veis em pontos estrat\u00e9gicos das rodovias federais catarinenses registre alta de at\u00e9 75% nos dias que antecedem o R\u00e9veillon. Na BR-101, maior corredor vi\u00e1rio do estado, as filas devem se concentrar nos acessos aos principais balne\u00e1rios, devido \u00e0 grande demanda de turistas para a virada do ano.<\/p>\n<div id=\"metaslider-id-25573\" style=\"width: 100%;\" class=\"ml-slider-3-99-0 metaslider metaslider-flex metaslider-25573 ml-slider has-onhover-arrows ms-theme-default-base has-dots-nav\" role=\"region\" aria-label=\"Meio\" data-width=\"1200\">\n    <div id=\"metaslider_container_25573\">\n        <div id=\"metaslider_25573\">\n            <ul class='slides'>\n                <li style=\"display: block; width: 100%;\" class=\"slide-25684 ms-image \" aria-roledescription=\"slide\" data-date=\"2025-07-24 07:55:40\"><img src=\"https:\/\/sulsc.com\/wp-content\/uploads\/2025\/07\/Marr-2-1000x166.jpg\" height=\"200\" width=\"1200\" alt=\"\" class=\"slider-25573 slide-25684 msDefaultImage\" title=\"Marr 2\" \/><\/li>\n                <li style=\"display: none; width: 100%;\" class=\"slide-32412 ms-image \" aria-roledescription=\"slide\" data-date=\"2026-02-18 13:59:46\"><img src=\"https:\/\/sulsc.com\/wp-content\/uploads\/2026\/02\/40dc1580-cad5-4867-bc58-c4243821ad38-1000x166.jpeg\" height=\"200\" width=\"1200\" alt=\"\" class=\"slider-25573 slide-32412 msDefaultImage\" title=\"40dc1580-cad5-4867-bc58-c4243821ad38\" \/><\/li>\n                <li style=\"display: none; width: 100%;\" class=\"slide-32766 ms-image \" aria-roledescription=\"slide\" data-date=\"2026-03-03 17:22:59\"><img src=\"https:\/\/sulsc.com\/wp-content\/uploads\/2026\/03\/271ce739-f268-41c5-8051-3de1a1750359-1000x166.jpeg\" height=\"200\" width=\"1200\" alt=\"\" class=\"slider-25573 slide-32766 msDefaultImage\" title=\"271ce739-f268-41c5-8051-3de1a1750359\" \/><\/li>\n            <\/ul>\n        <\/div>\n        \n    <\/div>\n<\/div>\n<p><strong>PRF orienta planejamento para evitar as filas<\/strong><\/p>\n<p>Com o estado preparado para uma temporada recorde de visitantes, os motoristas devem se planejar para enfrentar viagens mais longas e lentas. A recomenda\u00e7\u00e3o \u00e9 que os condutores tenham paci\u00eancia, considerem eventuais atrasos e levem \u00e1gua para enfrentar o calor intenso dentro dos ve\u00edculos.<\/p>\n<p>Para evitar os hor\u00e1rios de maior lentid\u00e3o, as viagens devem ocorrer preferencialmente no in\u00edcio da manh\u00e3, entre 5h e 8h, per\u00edodo em que o tr\u00e2nsito costuma ser mais tranquilo e o calor mais ameno. De toda forma, conferir previamente as condi\u00e7\u00f5es do tr\u00e2nsito por meio de aplicativos ou ferramentas digitais pode garantir um trajeto mais confort\u00e1vel.<\/p>\n<p>Antes de pegar a estrada, tamb\u00e9m \u00e9 essencial realizar revis\u00e3o detalhada no ve\u00edculo, conferindo pneus, freios, sistema de ilumina\u00e7\u00e3o e n\u00edveis de \u00f3leo e \u00e1gua. A PRF lembra que equipamentos como estepe, tri\u00e2ngulo, macaco e chave de roda s\u00e3o obrigat\u00f3rios e devem estar em perfeitas condi\u00e7\u00f5es, assim como toda a documenta\u00e7\u00e3o do condutor e do autom\u00f3vel.<\/p>\n<p>&nbsp;<\/p>\n<p><img fetchpriority=\"high\" decoding=\"async\" class=\"aligncenter size-full wp-image-31119\" src=\"http:\/\/sulsc.com\/wp-content\/uploads\/2025\/12\/9dc66ff4-ae24-4615-b83c-5fae0aaedbca.jpeg\" alt=\"\" width=\"768\" height=\"576\" srcset=\"https:\/\/sulsc.com\/wp-content\/uploads\/2025\/12\/9dc66ff4-ae24-4615-b83c-5fae0aaedbca.jpeg 768w, https:\/\/sulsc.com\/wp-content\/uploads\/2025\/12\/9dc66ff4-ae24-4615-b83c-5fae0aaedbca-300x225.jpeg 300w\" sizes=\"(max-width: 768px) 100vw, 768px\" \/><\/p>\n<p>PRF\/Divulga\u00e7\u00e3o\/SulSC<\/p>\n<p>A PRF alerta para o risco de temporais repentinos, comuns durante o ver\u00e3o. Em caso de chuva forte, a visibilidade diminui e o asfalto molhado aumenta o risco de aquaplanagem. Nessas condi\u00e7\u00f5es, o condutor deve reduzir a velocidade, aumentar a dist\u00e2ncia dos outros ve\u00edculos e evitar freadas bruscas, j\u00e1 que os pneus perdem ader\u00eancia mais facilmente.<\/p>\n<p>Comportamentos de risco tamb\u00e9m potencializam as chances de acidentes durante o feriado. O uso do celular ao volante desvia a aten\u00e7\u00e3o visual, enquanto o consumo de bebidas alco\u00f3licas compromete severamente os reflexos e as decis\u00f5es. Da mesma forma, a priva\u00e7\u00e3o de descanso e o cansa\u00e7o extremo podem causar cochilos breves, mas fatais, tornando o motorista t\u00e3o perigoso quanto algu\u00e9m embriagado.<\/p>\n<p>Procedimento em colis\u00f5es leves \u2013 Em acidentes que resultem apenas em danos materiais, sem v\u00edtimas, os ve\u00edculos devem ser removidos imediatamente para o acostamento ou \u00e1rea segura, a fim de n\u00e3o prejudicar a fluidez. Nesses casos, o boletim de ocorr\u00eancia \u00e9 digital e deve ser preenchido pelos pr\u00f3prios envolvidos por meio do site oficial da PRF.<\/p>\n","protected":false},"excerpt":{"rendered":"<p>A Pol\u00edcia Rodovi\u00e1ria Federal (PRF) projeta que a circula\u00e7\u00e3o de autom\u00f3veis em pontos estrat\u00e9gicos das rodovias federais catarinenses registre alta de at\u00e9 75% nos dias que antecedem o R\u00e9veillon. Na BR-101, maior corredor vi\u00e1rio do estado, as filas devem se concentrar nos acessos aos principais balne\u00e1rios, devido \u00e0 grande demanda de turistas para a virada &hellip;<\/p>\n<p class=\"read-more\"> <a class=\"\" href=\"https:\/\/sulsc.com\/index.php\/2025\/12\/26\/feriado-de-ano-novo-brs-catarinenses-devem-registrar-aumento-de-75-no-fluxo-de-veiculos-ate-o-reveillon\/\"> <span class=\"screen-reader-text\">Feriado de Ano Novo: BRs catarinenses devem registrar aumento de 75% no fluxo de ve\u00edculos at\u00e9 o R\u00e9veillon<\/span> Read More &raquo;<\/a><\/p>\n","protected":false},"author":3,"featured_media":31120,"comment_status":"open","ping_status":"open","sticky":false,"template":"","format":"standard","meta":{"site-sidebar-layout":"default","site-content-layout":"","ast-site-content-layout":"default","site-content-style":"default","site-sidebar-style":"default","ast-global-header-display":"","ast-banner-title-visibility":"","ast-main-header-display":"","ast-hfb-above-header-display":"","ast-hfb-below-header-display":"","ast-hfb-mobile-header-display":"","site-post-title":"","ast-breadcrumbs-content":"","ast-featured-img":"","footer-sml-layout":"","theme-transparent-header-meta":"default","adv-header-id-meta":"","stick-header-meta":"","header-above-stick-meta":"","header-main-stick-meta":"","header-below-stick-meta":"","astra-migrate-meta-layouts":"set","footnotes":""},"categories":[2354,2231,1,14,2782,12],"tags":[476,2316],"yoast_head":"<!-- This site is optimized with the Yoast SEO plugin v21.4 - https:\/\/yoast.com\/wordpress\/plugins\/seo\/ -->\n<title>Feriado de Ano Novo: BRs catarinenses devem registrar aumento de 75% no fluxo de ve\u00edculos at\u00e9 o R\u00e9veillon -<\/title>\n<meta name=\"robots\" content=\"index, follow, max-snippet:-1, max-image-preview:large, max-video-preview:-1\" \/>\n<link rel=\"canonical\" href=\"https:\/\/sulsc.com\/index.php\/2025\/12\/26\/feriado-de-ano-novo-brs-catarinenses-devem-registrar-aumento-de-75-no-fluxo-de-veiculos-ate-o-reveillon\/\" \/>\n<meta property=\"og:locale\" content=\"en_US\" \/>\n<meta property=\"og:type\" content=\"article\" \/>\n<meta property=\"og:title\" content=\"Feriado de Ano Novo: BRs catarinenses devem registrar aumento de 75% no fluxo de ve\u00edculos at\u00e9 o R\u00e9veillon -\" \/>\n<meta property=\"og:description\" content=\"A Pol\u00edcia Rodovi\u00e1ria Federal (PRF) projeta que a circula\u00e7\u00e3o de autom\u00f3veis em pontos estrat\u00e9gicos das rodovias federais catarinenses registre alta de at\u00e9 75% nos dias que antecedem o R\u00e9veillon. Na BR-101, maior corredor vi\u00e1rio do estado, as filas devem se concentrar nos acessos aos principais balne\u00e1rios, devido \u00e0 grande demanda de turistas para a virada &hellip; Feriado de Ano Novo: BRs catarinenses devem registrar aumento de 75% no fluxo de ve\u00edculos at\u00e9 o R\u00e9veillon Read More &raquo;\" \/>\n<meta property=\"og:url\" content=\"https:\/\/sulsc.com\/index.php\/2025\/12\/26\/feriado-de-ano-novo-brs-catarinenses-devem-registrar-aumento-de-75-no-fluxo-de-veiculos-ate-o-reveillon\/\" \/>\n<meta property=\"article:author\" content=\"https:\/\/www.facebook.com\/profile.php?id=61559278119680\" \/>\n<meta property=\"article:published_time\" content=\"2025-12-26T20:15:40+00:00\" \/>\n<meta property=\"og:image\" content=\"http:\/\/sulsc.com\/wp-content\/uploads\/2025\/12\/0ec608c5-d74e-4541-812a-fbc43cf633a3.jpeg\" \/>\n\t<meta property=\"og:image:width\" content=\"1270\" \/>\n\t<meta property=\"og:image:height\" content=\"952\" \/>\n\t<meta property=\"og:image:type\" content=\"image\/jpeg\" \/>\n<meta name=\"author\" content=\"Reda\u00e7\u00e3o Sul SC\" \/>\n<meta name=\"twitter:card\" content=\"summary_large_image\" \/>\n<meta name=\"twitter:creator\" content=\"@https:\/\/twitter.com\/PortalSulSC\" \/>\n<meta name=\"twitter:label1\" content=\"Written by\" \/>\n\t<meta name=\"twitter:data1\" content=\"Reda\u00e7\u00e3o Sul SC\" \/>\n\t<meta name=\"twitter:label2\" content=\"Est. reading time\" \/>\n\t<meta name=\"twitter:data2\" content=\"2 minutes\" \/>\n<script type=\"application\/ld+json\" class=\"yoast-schema-graph\">{\"@context\":\"https:\/\/schema.org\",\"@graph\":[{\"@type\":\"WebPage\",\"@id\":\"https:\/\/sulsc.com\/index.php\/2025\/12\/26\/feriado-de-ano-novo-brs-catarinenses-devem-registrar-aumento-de-75-no-fluxo-de-veiculos-ate-o-reveillon\/\",\"url\":\"https:\/\/sulsc.com\/index.php\/2025\/12\/26\/feriado-de-ano-novo-brs-catarinenses-devem-registrar-aumento-de-75-no-fluxo-de-veiculos-ate-o-reveillon\/\",\"name\":\"Feriado de Ano Novo: BRs catarinenses devem registrar aumento de 75% no fluxo de ve\u00edculos at\u00e9 o R\u00e9veillon -\",\"isPartOf\":{\"@id\":\"https:\/\/sulsc.com\/#website\"},\"datePublished\":\"2025-12-26T20:15:40+00:00\",\"dateModified\":\"2025-12-26T20:15:40+00:00\",\"author\":{\"@id\":\"https:\/\/sulsc.com\/#\/schema\/person\/84d2fc571684f6248ba83092f07750a3\"},\"breadcrumb\":{\"@id\":\"https:\/\/sulsc.com\/index.php\/2025\/12\/26\/feriado-de-ano-novo-brs-catarinenses-devem-registrar-aumento-de-75-no-fluxo-de-veiculos-ate-o-reveillon\/#breadcrumb\"},\"inLanguage\":\"en-US\",\"potentialAction\":[{\"@type\":\"ReadAction\",\"target\":[\"https:\/\/sulsc.com\/index.php\/2025\/12\/26\/feriado-de-ano-novo-brs-catarinenses-devem-registrar-aumento-de-75-no-fluxo-de-veiculos-ate-o-reveillon\/\"]}]},{\"@type\":\"BreadcrumbList\",\"@id\":\"https:\/\/sulsc.com\/index.php\/2025\/12\/26\/feriado-de-ano-novo-brs-catarinenses-devem-registrar-aumento-de-75-no-fluxo-de-veiculos-ate-o-reveillon\/#breadcrumb\",\"itemListElement\":[{\"@type\":\"ListItem\",\"position\":1,\"name\":\"In\u00edcio\",\"item\":\"https:\/\/sulsc.com\/\"},{\"@type\":\"ListItem\",\"position\":2,\"name\":\"Feriado de Ano Novo: BRs catarinenses devem registrar aumento de 75% no fluxo de ve\u00edculos at\u00e9 o R\u00e9veillon\"}]},{\"@type\":\"WebSite\",\"@id\":\"https:\/\/sulsc.com\/#website\",\"url\":\"https:\/\/sulsc.com\/\",\"name\":\"\",\"description\":\"\",\"potentialAction\":[{\"@type\":\"SearchAction\",\"target\":{\"@type\":\"EntryPoint\",\"urlTemplate\":\"https:\/\/sulsc.com\/?s={search_term_string}\"},\"query-input\":\"required name=search_term_string\"}],\"inLanguage\":\"en-US\"},{\"@type\":\"Person\",\"@id\":\"https:\/\/sulsc.com\/#\/schema\/person\/84d2fc571684f6248ba83092f07750a3\",\"name\":\"Reda\u00e7\u00e3o Sul SC\",\"image\":{\"@type\":\"ImageObject\",\"inLanguage\":\"en-US\",\"@id\":\"https:\/\/sulsc.com\/#\/schema\/person\/image\/e08d7fe2cc4ed596372063bbe852b8d0\",\"url\":\"https:\/\/sulsc.com\/wp-content\/uploads\/2023\/09\/redacao.png\",\"contentUrl\":\"https:\/\/sulsc.com\/wp-content\/uploads\/2023\/09\/redacao.png\",\"caption\":\"Reda\u00e7\u00e3o Sul SC\"},\"description\":\"Foco em um jornalismo imparcial, voltado \u00e0 qualidade dos seus conte\u00fados e, assim, levar informa\u00e7\u00e3o de valor que agregue \u00e0 vida dos leitores. Esta \u00e9 grande miss\u00e3o do Portal de Not\u00edcias Sul SC. N\u00e3o \u00e9 quantidade que muda o mundo, sempre foi e seguir\u00e1 sendo qualidade!\",\"sameAs\":[\"https:\/\/sulsc.com\/\",\"https:\/\/www.facebook.com\/profile.php?id=61559278119680\",\"https:\/\/www.instagram.com\/sulscportal\/?hl=pt-br\",\"https:\/\/twitter.com\/https:\/\/twitter.com\/PortalSulSC\",\"https:\/\/www.youtube.com\/channel\/UCv_BE8GeySluDov2n8qhVmw\"],\"url\":\"https:\/\/sulsc.com\/index.php\/author\/redacao\/\"}]}<\/script>\n<!-- \/ Yoast SEO plugin. -->","yoast_head_json":{"title":"Feriado de Ano Novo: BRs catarinenses devem registrar aumento de 75% no fluxo de ve\u00edculos at\u00e9 o R\u00e9veillon -","robots":{"index":"index","follow":"follow","max-snippet":"max-snippet:-1","max-image-preview":"max-image-preview:large","max-video-preview":"max-video-preview:-1"},"canonical":"https:\/\/sulsc.com\/index.php\/2025\/12\/26\/feriado-de-ano-novo-brs-catarinenses-devem-registrar-aumento-de-75-no-fluxo-de-veiculos-ate-o-reveillon\/","og_locale":"en_US","og_type":"article","og_title":"Feriado de Ano Novo: BRs catarinenses devem registrar aumento de 75% no fluxo de ve\u00edculos at\u00e9 o R\u00e9veillon -","og_description":"A Pol\u00edcia Rodovi\u00e1ria Federal (PRF) projeta que a circula\u00e7\u00e3o de autom\u00f3veis em pontos estrat\u00e9gicos das rodovias federais catarinenses registre alta de at\u00e9 75% nos dias que antecedem o R\u00e9veillon. Na BR-101, maior corredor vi\u00e1rio do estado, as filas devem se concentrar nos acessos aos principais balne\u00e1rios, devido \u00e0 grande demanda de turistas para a virada &hellip; Feriado de Ano Novo: BRs catarinenses devem registrar aumento de 75% no fluxo de ve\u00edculos at\u00e9 o R\u00e9veillon Read More &raquo;","og_url":"https:\/\/sulsc.com\/index.php\/2025\/12\/26\/feriado-de-ano-novo-brs-catarinenses-devem-registrar-aumento-de-75-no-fluxo-de-veiculos-ate-o-reveillon\/","article_author":"https:\/\/www.facebook.com\/profile.php?id=61559278119680","article_published_time":"2025-12-26T20:15:40+00:00","og_image":[{"width":1270,"height":952,"url":"http:\/\/sulsc.com\/wp-content\/uploads\/2025\/12\/0ec608c5-d74e-4541-812a-fbc43cf633a3.jpeg","type":"image\/jpeg"}],"author":"Reda\u00e7\u00e3o Sul SC","twitter_card":"summary_large_image","twitter_creator":"@https:\/\/twitter.com\/PortalSulSC","twitter_misc":{"Written by":"Reda\u00e7\u00e3o Sul SC","Est. reading time":"2 minutes"},"schema":{"@context":"https:\/\/schema.org","@graph":[{"@type":"WebPage","@id":"https:\/\/sulsc.com\/index.php\/2025\/12\/26\/feriado-de-ano-novo-brs-catarinenses-devem-registrar-aumento-de-75-no-fluxo-de-veiculos-ate-o-reveillon\/","url":"https:\/\/sulsc.com\/index.php\/2025\/12\/26\/feriado-de-ano-novo-brs-catarinenses-devem-registrar-aumento-de-75-no-fluxo-de-veiculos-ate-o-reveillon\/","name":"Feriado de Ano Novo: BRs catarinenses devem registrar aumento de 75% no fluxo de ve\u00edculos at\u00e9 o R\u00e9veillon -","isPartOf":{"@id":"https:\/\/sulsc.com\/#website"},"datePublished":"2025-12-26T20:15:40+00:00","dateModified":"2025-12-26T20:15:40+00:00","author":{"@id":"https:\/\/sulsc.com\/#\/schema\/person\/84d2fc571684f6248ba83092f07750a3"},"breadcrumb":{"@id":"https:\/\/sulsc.com\/index.php\/2025\/12\/26\/feriado-de-ano-novo-brs-catarinenses-devem-registrar-aumento-de-75-no-fluxo-de-veiculos-ate-o-reveillon\/#breadcrumb"},"inLanguage":"en-US","potentialAction":[{"@type":"ReadAction","target":["https:\/\/sulsc.com\/index.php\/2025\/12\/26\/feriado-de-ano-novo-brs-catarinenses-devem-registrar-aumento-de-75-no-fluxo-de-veiculos-ate-o-reveillon\/"]}]},{"@type":"BreadcrumbList","@id":"https:\/\/sulsc.com\/index.php\/2025\/12\/26\/feriado-de-ano-novo-brs-catarinenses-devem-registrar-aumento-de-75-no-fluxo-de-veiculos-ate-o-reveillon\/#breadcrumb","itemListElement":[{"@type":"ListItem","position":1,"name":"In\u00edcio","item":"https:\/\/sulsc.com\/"},{"@type":"ListItem","position":2,"name":"Feriado de Ano Novo: BRs catarinenses devem registrar aumento de 75% no fluxo de ve\u00edculos at\u00e9 o R\u00e9veillon"}]},{"@type":"WebSite","@id":"https:\/\/sulsc.com\/#website","url":"https:\/\/sulsc.com\/","name":"","description":"","potentialAction":[{"@type":"SearchAction","target":{"@type":"EntryPoint","urlTemplate":"https:\/\/sulsc.com\/?s={search_term_string}"},"query-input":"required name=search_term_string"}],"inLanguage":"en-US"},{"@type":"Person","@id":"https:\/\/sulsc.com\/#\/schema\/person\/84d2fc571684f6248ba83092f07750a3","name":"Reda\u00e7\u00e3o Sul SC","image":{"@type":"ImageObject","inLanguage":"en-US","@id":"https:\/\/sulsc.com\/#\/schema\/person\/image\/e08d7fe2cc4ed596372063bbe852b8d0","url":"https:\/\/sulsc.com\/wp-content\/uploads\/2023\/09\/redacao.png","contentUrl":"https:\/\/sulsc.com\/wp-content\/uploads\/2023\/09\/redacao.png","caption":"Reda\u00e7\u00e3o Sul SC"},"description":"Foco em um jornalismo imparcial, voltado \u00e0 qualidade dos seus conte\u00fados e, assim, levar informa\u00e7\u00e3o de valor que agregue \u00e0 vida dos leitores. Esta \u00e9 grande miss\u00e3o do Portal de Not\u00edcias Sul SC. N\u00e3o \u00e9 quantidade que muda o mundo, sempre foi e seguir\u00e1 sendo qualidade!","sameAs":["https:\/\/sulsc.com\/","https:\/\/www.facebook.com\/profile.php?id=61559278119680","https:\/\/www.instagram.com\/sulscportal\/?hl=pt-br","https:\/\/twitter.com\/https:\/\/twitter.com\/PortalSulSC","https:\/\/www.youtube.com\/channel\/UCv_BE8GeySluDov2n8qhVmw"],"url":"https:\/\/sulsc.com\/index.php\/author\/redacao\/"}]}},"authors":[],"_links":{"self":[{"href":"https:\/\/sulsc.com\/index.php\/wp-json\/wp\/v2\/posts\/31118"}],"collection":[{"href":"https:\/\/sulsc.com\/index.php\/wp-json\/wp\/v2\/posts"}],"about":[{"href":"https:\/\/sulsc.com\/index.php\/wp-json\/wp\/v2\/types\/post"}],"author":[{"embeddable":true,"href":"https:\/\/sulsc.com\/index.php\/wp-json\/wp\/v2\/users\/3"}],"replies":[{"embeddable":true,"href":"https:\/\/sulsc.com\/index.php\/wp-json\/wp\/v2\/comments?post=31118"}],"version-history":[{"count":1,"href":"https:\/\/sulsc.com\/index.php\/wp-json\/wp\/v2\/posts\/31118\/revisions"}],"predecessor-version":[{"id":31121,"href":"https:\/\/sulsc.com\/index.php\/wp-json\/wp\/v2\/posts\/31118\/revisions\/31121"}],"wp:featuredmedia":[{"embeddable":true,"href":"https:\/\/sulsc.com\/index.php\/wp-json\/wp\/v2\/media\/31120"}],"wp:attachment":[{"href":"https:\/\/sulsc.com\/index.php\/wp-json\/wp\/v2\/media?parent=31118"}],"wp:term":[{"taxonomy":"category","embeddable":true,"href":"https:\/\/sulsc.com\/index.php\/wp-json\/wp\/v2\/categories?post=31118"},{"taxonomy":"post_tag","embeddable":true,"href":"https:\/\/sulsc.com\/index.php\/wp-json\/wp\/v2\/tags?post=31118"}],"curies":[{"name":"wp","href":"https:\/\/api.w.org\/{rel}","templated":true}]}}