{"id":31125,"date":"2025-12-27T07:51:28","date_gmt":"2025-12-27T10:51:28","guid":{"rendered":"https:\/\/sulsc.com\/?p=31125"},"modified":"2025-12-27T07:51:28","modified_gmt":"2025-12-27T10:51:28","slug":"mais-um-dia-abafado-e-de-muito-calor-neste-sabado-27","status":"publish","type":"post","link":"https:\/\/sulsc.com\/index.php\/2025\/12\/27\/mais-um-dia-abafado-e-de-muito-calor-neste-sabado-27\/","title":{"rendered":"Mais um dia abafado e de muito calor neste s\u00e1bado (27)"},"content":{"rendered":"<p>Neste s\u00e1bado (27), o dia ser\u00e1 de predom\u00ednio de sol entre poucas nuvens e sensa\u00e7\u00e3o de calor intenso e abafado em Santa Catarina, especialmente no Norte do estado.<\/p>\n<p><strong>Temperaturas<\/strong><\/p>\n<p>Temperaturas bem elevada, com m\u00e1ximas de 32\u00b0C a 36\u00b0C, mais altas no oeste e leste do estado. O risco permanece moderado a alto para ocorr\u00eancias associadas ao calor intenso. No entanto, as condi\u00e7\u00f5es do tempo mudam a partir da tarde, quando o calor, combinado \u00e0 umidade dispon\u00edvel na atmosfera e \u00e0 forma\u00e7\u00e3o de uma nova frente fria no RS, favorece a ocorr\u00eancia de temporais isolados com raios, rajadas de vento e chuva pontualmente intensa.<\/p>\n<p><img fetchpriority=\"high\" decoding=\"async\" class=\"aligncenter size-full wp-image-31126\" src=\"http:\/\/sulsc.com\/wp-content\/uploads\/2025\/12\/image-602-1024x698-1.png\" alt=\"\" width=\"1024\" height=\"698\" srcset=\"https:\/\/sulsc.com\/wp-content\/uploads\/2025\/12\/image-602-1024x698-1.png 1024w, https:\/\/sulsc.com\/wp-content\/uploads\/2025\/12\/image-602-1024x698-1-300x204.png 300w, https:\/\/sulsc.com\/wp-content\/uploads\/2025\/12\/image-602-1024x698-1-768x524.png 768w\" sizes=\"(max-width: 1024px) 100vw, 1024px\" \/><\/p>\n<p><img decoding=\"async\" class=\"aligncenter size-full wp-image-22254\" src=\"http:\/\/sulsc.com\/wp-content\/uploads\/2025\/04\/Tempo.png\" alt=\"\" width=\"1024\" height=\"189\" srcset=\"https:\/\/sulsc.com\/wp-content\/uploads\/2025\/04\/Tempo.png 1024w, https:\/\/sulsc.com\/wp-content\/uploads\/2025\/04\/Tempo-300x55.png 300w, https:\/\/sulsc.com\/wp-content\/uploads\/2025\/04\/Tempo-768x142.png 768w\" sizes=\"(max-width: 1024px) 100vw, 1024px\" \/><\/p>\n<p><strong>O risco \u00e9 baixo a moderado<\/strong> para ocorr\u00eancias associadas a alagamentos, danos na rede el\u00e9trica, queda de galhos e \u00e1rvores e destelhamentos, especialmente no Litoral e no Vale do Itaja\u00ed.<\/p>\n<p><strong>Ventos:<\/strong> nordeste a noroeste, fraco a moderado.<\/p>\n<p><strong>Sistema predominante:<\/strong> massa de ar quente e \u00famido em SC.<\/p>\n<div id=\"metaslider-id-25573\" style=\"width: 100%;\" class=\"ml-slider-3-99-0 metaslider metaslider-flex metaslider-25573 ml-slider has-onhover-arrows ms-theme-default-base has-dots-nav\" role=\"region\" aria-label=\"Meio\" data-width=\"1200\">\n    <div id=\"metaslider_container_25573\">\n        <div id=\"metaslider_25573\">\n            <ul class='slides'>\n                <li style=\"display: block; width: 100%;\" class=\"slide-25684 ms-image \" aria-roledescription=\"slide\" data-date=\"2025-07-24 07:55:40\"><img src=\"https:\/\/sulsc.com\/wp-content\/uploads\/2025\/07\/Marr-2-1000x166.jpg\" height=\"200\" width=\"1200\" alt=\"\" class=\"slider-25573 slide-25684 msDefaultImage\" title=\"Marr 2\" \/><\/li>\n                <li style=\"display: none; width: 100%;\" class=\"slide-32412 ms-image \" aria-roledescription=\"slide\" data-date=\"2026-02-18 13:59:46\"><img src=\"https:\/\/sulsc.com\/wp-content\/uploads\/2026\/02\/40dc1580-cad5-4867-bc58-c4243821ad38-1000x166.jpeg\" height=\"200\" width=\"1200\" alt=\"\" class=\"slider-25573 slide-32412 msDefaultImage\" title=\"40dc1580-cad5-4867-bc58-c4243821ad38\" \/><\/li>\n                <li style=\"display: none; width: 100%;\" class=\"slide-32766 ms-image \" aria-roledescription=\"slide\" data-date=\"2026-03-03 17:22:59\"><img src=\"https:\/\/sulsc.com\/wp-content\/uploads\/2026\/03\/271ce739-f268-41c5-8051-3de1a1750359-1000x166.jpeg\" height=\"200\" width=\"1200\" alt=\"\" class=\"slider-25573 slide-32766 msDefaultImage\" title=\"271ce739-f268-41c5-8051-3de1a1750359\" \/><\/li>\n            <\/ul>\n        <\/div>\n        \n    <\/div>\n<\/div>\n<p><strong>Amanh\u00e3 \u00faltimo Domingo de 2026 (28\/12),<\/strong> o dia amanhece com predom\u00ednio de sol entre poucas nuvens. O vento muda de dire\u00e7\u00e3o nas regi\u00f5es litor\u00e2neas \u2013 passando de norte\/nordeste para sul\/sudeste \u2013 as temperaturas ainda continuam altas, principalmente no Litoral Norte e Sul, Grande Florian\u00f3polis e Vale do Itaja\u00ed. As temperaturas permanecem alta, com m\u00e1ximas de 34\u00b0C a 38\u00b0C, mais altas no oeste e leste do estado.<\/p>\n<p>Fontes: Defesa Civil-SC\/Epagri-Ciram<\/p>\n","protected":false},"excerpt":{"rendered":"<p>Neste s\u00e1bado (27), o dia ser\u00e1 de predom\u00ednio de sol entre poucas nuvens e sensa\u00e7\u00e3o de calor intenso e abafado em Santa Catarina, especialmente no Norte do estado. Temperaturas Temperaturas bem elevada, com m\u00e1ximas de 32\u00b0C a 36\u00b0C, mais altas no oeste e leste do estado. O risco permanece moderado a alto para ocorr\u00eancias associadas &hellip;<\/p>\n<p class=\"read-more\"> <a class=\"\" href=\"https:\/\/sulsc.com\/index.php\/2025\/12\/27\/mais-um-dia-abafado-e-de-muito-calor-neste-sabado-27\/\"> <span class=\"screen-reader-text\">Mais um dia abafado e de muito calor neste s\u00e1bado (27)<\/span> Read More &raquo;<\/a><\/p>\n","protected":false},"author":3,"featured_media":31127,"comment_status":"open","ping_status":"open","sticky":false,"template":"","format":"standard","meta":{"site-sidebar-layout":"default","site-content-layout":"","ast-site-content-layout":"default","site-content-style":"default","site-sidebar-style":"default","ast-global-header-display":"","ast-banner-title-visibility":"","ast-main-header-display":"","ast-hfb-above-header-display":"","ast-hfb-below-header-display":"","ast-hfb-mobile-header-display":"","site-post-title":"","ast-breadcrumbs-content":"","ast-featured-img":"","footer-sml-layout":"","theme-transparent-header-meta":"default","adv-header-id-meta":"","stick-header-meta":"","header-above-stick-meta":"","header-main-stick-meta":"","header-below-stick-meta":"","astra-migrate-meta-layouts":"set","footnotes":""},"categories":[2354,2231,1,38,12],"tags":[90,1013],"yoast_head":"<!-- This site is optimized with the Yoast SEO plugin v21.4 - https:\/\/yoast.com\/wordpress\/plugins\/seo\/ -->\n<title>Mais um dia abafado e de muito calor neste s\u00e1bado (27) -<\/title>\n<meta name=\"robots\" content=\"index, follow, max-snippet:-1, max-image-preview:large, max-video-preview:-1\" \/>\n<link rel=\"canonical\" href=\"https:\/\/sulsc.com\/index.php\/2025\/12\/27\/mais-um-dia-abafado-e-de-muito-calor-neste-sabado-27\/\" \/>\n<meta property=\"og:locale\" content=\"en_US\" \/>\n<meta property=\"og:type\" content=\"article\" \/>\n<meta property=\"og:title\" content=\"Mais um dia abafado e de muito calor neste s\u00e1bado (27) -\" \/>\n<meta property=\"og:description\" content=\"Neste s\u00e1bado (27), o dia ser\u00e1 de predom\u00ednio de sol entre poucas nuvens e sensa\u00e7\u00e3o de calor intenso e abafado em Santa Catarina, especialmente no Norte do estado. Temperaturas Temperaturas bem elevada, com m\u00e1ximas de 32\u00b0C a 36\u00b0C, mais altas no oeste e leste do estado. O risco permanece moderado a alto para ocorr\u00eancias associadas &hellip; Mais um dia abafado e de muito calor neste s\u00e1bado (27) Read More &raquo;\" \/>\n<meta property=\"og:url\" content=\"https:\/\/sulsc.com\/index.php\/2025\/12\/27\/mais-um-dia-abafado-e-de-muito-calor-neste-sabado-27\/\" \/>\n<meta property=\"article:author\" content=\"https:\/\/www.facebook.com\/profile.php?id=61559278119680\" \/>\n<meta property=\"article:published_time\" content=\"2025-12-27T10:51:28+00:00\" \/>\n<meta property=\"og:image\" content=\"http:\/\/sulsc.com\/wp-content\/uploads\/2025\/12\/uma-foto-em-close-de-um-termometro-na-areia-da-praia-scaled.jpg\" \/>\n\t<meta property=\"og:image:width\" content=\"2560\" \/>\n\t<meta property=\"og:image:height\" content=\"1695\" \/>\n\t<meta property=\"og:image:type\" content=\"image\/jpeg\" \/>\n<meta name=\"author\" content=\"Reda\u00e7\u00e3o Sul SC\" \/>\n<meta name=\"twitter:card\" content=\"summary_large_image\" \/>\n<meta name=\"twitter:creator\" content=\"@https:\/\/twitter.com\/PortalSulSC\" \/>\n<meta name=\"twitter:label1\" content=\"Written by\" \/>\n\t<meta name=\"twitter:data1\" content=\"Reda\u00e7\u00e3o Sul SC\" \/>\n\t<meta name=\"twitter:label2\" content=\"Est. reading time\" \/>\n\t<meta name=\"twitter:data2\" content=\"2 minutes\" \/>\n<script type=\"application\/ld+json\" class=\"yoast-schema-graph\">{\"@context\":\"https:\/\/schema.org\",\"@graph\":[{\"@type\":\"WebPage\",\"@id\":\"https:\/\/sulsc.com\/index.php\/2025\/12\/27\/mais-um-dia-abafado-e-de-muito-calor-neste-sabado-27\/\",\"url\":\"https:\/\/sulsc.com\/index.php\/2025\/12\/27\/mais-um-dia-abafado-e-de-muito-calor-neste-sabado-27\/\",\"name\":\"Mais um dia abafado e de muito calor neste s\u00e1bado (27) -\",\"isPartOf\":{\"@id\":\"https:\/\/sulsc.com\/#website\"},\"datePublished\":\"2025-12-27T10:51:28+00:00\",\"dateModified\":\"2025-12-27T10:51:28+00:00\",\"author\":{\"@id\":\"https:\/\/sulsc.com\/#\/schema\/person\/84d2fc571684f6248ba83092f07750a3\"},\"breadcrumb\":{\"@id\":\"https:\/\/sulsc.com\/index.php\/2025\/12\/27\/mais-um-dia-abafado-e-de-muito-calor-neste-sabado-27\/#breadcrumb\"},\"inLanguage\":\"en-US\",\"potentialAction\":[{\"@type\":\"ReadAction\",\"target\":[\"https:\/\/sulsc.com\/index.php\/2025\/12\/27\/mais-um-dia-abafado-e-de-muito-calor-neste-sabado-27\/\"]}]},{\"@type\":\"BreadcrumbList\",\"@id\":\"https:\/\/sulsc.com\/index.php\/2025\/12\/27\/mais-um-dia-abafado-e-de-muito-calor-neste-sabado-27\/#breadcrumb\",\"itemListElement\":[{\"@type\":\"ListItem\",\"position\":1,\"name\":\"In\u00edcio\",\"item\":\"https:\/\/sulsc.com\/\"},{\"@type\":\"ListItem\",\"position\":2,\"name\":\"Mais um dia abafado e de muito calor neste s\u00e1bado (27)\"}]},{\"@type\":\"WebSite\",\"@id\":\"https:\/\/sulsc.com\/#website\",\"url\":\"https:\/\/sulsc.com\/\",\"name\":\"\",\"description\":\"\",\"potentialAction\":[{\"@type\":\"SearchAction\",\"target\":{\"@type\":\"EntryPoint\",\"urlTemplate\":\"https:\/\/sulsc.com\/?s={search_term_string}\"},\"query-input\":\"required name=search_term_string\"}],\"inLanguage\":\"en-US\"},{\"@type\":\"Person\",\"@id\":\"https:\/\/sulsc.com\/#\/schema\/person\/84d2fc571684f6248ba83092f07750a3\",\"name\":\"Reda\u00e7\u00e3o Sul SC\",\"image\":{\"@type\":\"ImageObject\",\"inLanguage\":\"en-US\",\"@id\":\"https:\/\/sulsc.com\/#\/schema\/person\/image\/e08d7fe2cc4ed596372063bbe852b8d0\",\"url\":\"https:\/\/sulsc.com\/wp-content\/uploads\/2023\/09\/redacao.png\",\"contentUrl\":\"https:\/\/sulsc.com\/wp-content\/uploads\/2023\/09\/redacao.png\",\"caption\":\"Reda\u00e7\u00e3o Sul SC\"},\"description\":\"Foco em um jornalismo imparcial, voltado \u00e0 qualidade dos seus conte\u00fados e, assim, levar informa\u00e7\u00e3o de valor que agregue \u00e0 vida dos leitores. Esta \u00e9 grande miss\u00e3o do Portal de Not\u00edcias Sul SC. N\u00e3o \u00e9 quantidade que muda o mundo, sempre foi e seguir\u00e1 sendo qualidade!\",\"sameAs\":[\"https:\/\/sulsc.com\/\",\"https:\/\/www.facebook.com\/profile.php?id=61559278119680\",\"https:\/\/www.instagram.com\/sulscportal\/?hl=pt-br\",\"https:\/\/twitter.com\/https:\/\/twitter.com\/PortalSulSC\",\"https:\/\/www.youtube.com\/channel\/UCv_BE8GeySluDov2n8qhVmw\"],\"url\":\"https:\/\/sulsc.com\/index.php\/author\/redacao\/\"}]}<\/script>\n<!-- \/ Yoast SEO plugin. -->","yoast_head_json":{"title":"Mais um dia abafado e de muito calor neste s\u00e1bado (27) -","robots":{"index":"index","follow":"follow","max-snippet":"max-snippet:-1","max-image-preview":"max-image-preview:large","max-video-preview":"max-video-preview:-1"},"canonical":"https:\/\/sulsc.com\/index.php\/2025\/12\/27\/mais-um-dia-abafado-e-de-muito-calor-neste-sabado-27\/","og_locale":"en_US","og_type":"article","og_title":"Mais um dia abafado e de muito calor neste s\u00e1bado (27) -","og_description":"Neste s\u00e1bado (27), o dia ser\u00e1 de predom\u00ednio de sol entre poucas nuvens e sensa\u00e7\u00e3o de calor intenso e abafado em Santa Catarina, especialmente no Norte do estado. Temperaturas Temperaturas bem elevada, com m\u00e1ximas de 32\u00b0C a 36\u00b0C, mais altas no oeste e leste do estado. O risco permanece moderado a alto para ocorr\u00eancias associadas &hellip; Mais um dia abafado e de muito calor neste s\u00e1bado (27) Read More &raquo;","og_url":"https:\/\/sulsc.com\/index.php\/2025\/12\/27\/mais-um-dia-abafado-e-de-muito-calor-neste-sabado-27\/","article_author":"https:\/\/www.facebook.com\/profile.php?id=61559278119680","article_published_time":"2025-12-27T10:51:28+00:00","og_image":[{"width":2560,"height":1695,"url":"http:\/\/sulsc.com\/wp-content\/uploads\/2025\/12\/uma-foto-em-close-de-um-termometro-na-areia-da-praia-scaled.jpg","type":"image\/jpeg"}],"author":"Reda\u00e7\u00e3o Sul SC","twitter_card":"summary_large_image","twitter_creator":"@https:\/\/twitter.com\/PortalSulSC","twitter_misc":{"Written by":"Reda\u00e7\u00e3o Sul SC","Est. reading time":"2 minutes"},"schema":{"@context":"https:\/\/schema.org","@graph":[{"@type":"WebPage","@id":"https:\/\/sulsc.com\/index.php\/2025\/12\/27\/mais-um-dia-abafado-e-de-muito-calor-neste-sabado-27\/","url":"https:\/\/sulsc.com\/index.php\/2025\/12\/27\/mais-um-dia-abafado-e-de-muito-calor-neste-sabado-27\/","name":"Mais um dia abafado e de muito calor neste s\u00e1bado (27) -","isPartOf":{"@id":"https:\/\/sulsc.com\/#website"},"datePublished":"2025-12-27T10:51:28+00:00","dateModified":"2025-12-27T10:51:28+00:00","author":{"@id":"https:\/\/sulsc.com\/#\/schema\/person\/84d2fc571684f6248ba83092f07750a3"},"breadcrumb":{"@id":"https:\/\/sulsc.com\/index.php\/2025\/12\/27\/mais-um-dia-abafado-e-de-muito-calor-neste-sabado-27\/#breadcrumb"},"inLanguage":"en-US","potentialAction":[{"@type":"ReadAction","target":["https:\/\/sulsc.com\/index.php\/2025\/12\/27\/mais-um-dia-abafado-e-de-muito-calor-neste-sabado-27\/"]}]},{"@type":"BreadcrumbList","@id":"https:\/\/sulsc.com\/index.php\/2025\/12\/27\/mais-um-dia-abafado-e-de-muito-calor-neste-sabado-27\/#breadcrumb","itemListElement":[{"@type":"ListItem","position":1,"name":"In\u00edcio","item":"https:\/\/sulsc.com\/"},{"@type":"ListItem","position":2,"name":"Mais um dia abafado e de muito calor neste s\u00e1bado (27)"}]},{"@type":"WebSite","@id":"https:\/\/sulsc.com\/#website","url":"https:\/\/sulsc.com\/","name":"","description":"","potentialAction":[{"@type":"SearchAction","target":{"@type":"EntryPoint","urlTemplate":"https:\/\/sulsc.com\/?s={search_term_string}"},"query-input":"required name=search_term_string"}],"inLanguage":"en-US"},{"@type":"Person","@id":"https:\/\/sulsc.com\/#\/schema\/person\/84d2fc571684f6248ba83092f07750a3","name":"Reda\u00e7\u00e3o Sul SC","image":{"@type":"ImageObject","inLanguage":"en-US","@id":"https:\/\/sulsc.com\/#\/schema\/person\/image\/e08d7fe2cc4ed596372063bbe852b8d0","url":"https:\/\/sulsc.com\/wp-content\/uploads\/2023\/09\/redacao.png","contentUrl":"https:\/\/sulsc.com\/wp-content\/uploads\/2023\/09\/redacao.png","caption":"Reda\u00e7\u00e3o Sul SC"},"description":"Foco em um jornalismo imparcial, voltado \u00e0 qualidade dos seus conte\u00fados e, assim, levar informa\u00e7\u00e3o de valor que agregue \u00e0 vida dos leitores. Esta \u00e9 grande miss\u00e3o do Portal de Not\u00edcias Sul SC. N\u00e3o \u00e9 quantidade que muda o mundo, sempre foi e seguir\u00e1 sendo qualidade!","sameAs":["https:\/\/sulsc.com\/","https:\/\/www.facebook.com\/profile.php?id=61559278119680","https:\/\/www.instagram.com\/sulscportal\/?hl=pt-br","https:\/\/twitter.com\/https:\/\/twitter.com\/PortalSulSC","https:\/\/www.youtube.com\/channel\/UCv_BE8GeySluDov2n8qhVmw"],"url":"https:\/\/sulsc.com\/index.php\/author\/redacao\/"}]}},"authors":[],"_links":{"self":[{"href":"https:\/\/sulsc.com\/index.php\/wp-json\/wp\/v2\/posts\/31125"}],"collection":[{"href":"https:\/\/sulsc.com\/index.php\/wp-json\/wp\/v2\/posts"}],"about":[{"href":"https:\/\/sulsc.com\/index.php\/wp-json\/wp\/v2\/types\/post"}],"author":[{"embeddable":true,"href":"https:\/\/sulsc.com\/index.php\/wp-json\/wp\/v2\/users\/3"}],"replies":[{"embeddable":true,"href":"https:\/\/sulsc.com\/index.php\/wp-json\/wp\/v2\/comments?post=31125"}],"version-history":[{"count":1,"href":"https:\/\/sulsc.com\/index.php\/wp-json\/wp\/v2\/posts\/31125\/revisions"}],"predecessor-version":[{"id":31128,"href":"https:\/\/sulsc.com\/index.php\/wp-json\/wp\/v2\/posts\/31125\/revisions\/31128"}],"wp:featuredmedia":[{"embeddable":true,"href":"https:\/\/sulsc.com\/index.php\/wp-json\/wp\/v2\/media\/31127"}],"wp:attachment":[{"href":"https:\/\/sulsc.com\/index.php\/wp-json\/wp\/v2\/media?parent=31125"}],"wp:term":[{"taxonomy":"category","embeddable":true,"href":"https:\/\/sulsc.com\/index.php\/wp-json\/wp\/v2\/categories?post=31125"},{"taxonomy":"post_tag","embeddable":true,"href":"https:\/\/sulsc.com\/index.php\/wp-json\/wp\/v2\/tags?post=31125"}],"curies":[{"name":"wp","href":"https:\/\/api.w.org\/{rel}","templated":true}]}}