{"id":31150,"date":"2025-12-29T09:00:07","date_gmt":"2025-12-29T12:00:07","guid":{"rendered":"https:\/\/sulsc.com\/?p=31150"},"modified":"2025-12-29T09:00:07","modified_gmt":"2025-12-29T12:00:07","slug":"segunda-feira-29-de-temperaturas-altas-e-condicoes-de-temporais-para-todo-estado","status":"publish","type":"post","link":"https:\/\/sulsc.com\/index.php\/2025\/12\/29\/segunda-feira-29-de-temperaturas-altas-e-condicoes-de-temporais-para-todo-estado\/","title":{"rendered":"Segunda-feira (29) de temperaturas altas e condi\u00e7\u00f5es de temporais para todo estado"},"content":{"rendered":"<p>Nesta segunda-feira (29), o dia come\u00e7a com sol entre nuvens em grande parte do estado, semelhante aos dias anteriores. Entre a tarde e \u00e0 noite, o calor, o transporte de umidade continental e a circula\u00e7\u00e3o dos ventos do quadrante leste, vindos do mar, favorecem temporais em todo o estado a partir do final da manh\u00e3, com raios, rajadas de vento (podendo ultrapassar 70 km\/h entre a Grande Florian\u00f3polis e o Litoral Norte), chuva intensa e eventual queda de granizo. O risco \u00e9 alto para alagamentos, enxurradas pontuais, queda de galhos e \u00e1rvores e destelhamentos, com maior concentra\u00e7\u00e3o de chuva no litoral devido \u00e0 mudan\u00e7a da dire\u00e7\u00e3o do vento para leste e ao in\u00edcio da forma\u00e7\u00e3o de um sistema de baixa press\u00e3o na costa do PR e SC no final do dia.<\/p>\n<p><strong>Temperaturas<\/strong><\/p>\n<p>As temperaturas seguem elevadas, por\u00e9m com leve redu\u00e7\u00e3o em rela\u00e7\u00e3o \u00e0 onda de calor, com m\u00e1ximas entre 30\u00b0C e 33\u00b0C no Litoral Norte, Vale do Itaja\u00ed, Grande Florian\u00f3polis e Grande Oeste, enquanto nas demais regi\u00f5es chegam a at\u00e9 30\u00b0C.<\/p>\n<p><img fetchpriority=\"high\" decoding=\"async\" class=\"aligncenter size-full wp-image-31151\" src=\"http:\/\/sulsc.com\/wp-content\/uploads\/2025\/12\/image-603-1024x698-2.png\" alt=\"\" width=\"1024\" height=\"698\" srcset=\"https:\/\/sulsc.com\/wp-content\/uploads\/2025\/12\/image-603-1024x698-2.png 1024w, https:\/\/sulsc.com\/wp-content\/uploads\/2025\/12\/image-603-1024x698-2-300x204.png 300w, https:\/\/sulsc.com\/wp-content\/uploads\/2025\/12\/image-603-1024x698-2-768x524.png 768w\" sizes=\"(max-width: 1024px) 100vw, 1024px\" \/><\/p>\n<p><img decoding=\"async\" class=\"aligncenter size-full wp-image-22836\" src=\"http:\/\/sulsc.com\/wp-content\/uploads\/2025\/04\/Tempo-2.png\" alt=\"\" width=\"1024\" height=\"189\" srcset=\"https:\/\/sulsc.com\/wp-content\/uploads\/2025\/04\/Tempo-2.png 1024w, https:\/\/sulsc.com\/wp-content\/uploads\/2025\/04\/Tempo-2-300x55.png 300w, https:\/\/sulsc.com\/wp-content\/uploads\/2025\/04\/Tempo-2-768x142.png 768w\" sizes=\"(max-width: 1024px) 100vw, 1024px\" \/><\/p>\n<p><strong>Ventos:<\/strong> sudeste a nordeste, fraco a moderado, com rajadas.<\/p>\n<p><strong>Sistema predominante:<\/strong> calor intenso e perturba\u00e7\u00f5es em n\u00edveis mais altos da atmosfera.<\/p>\n<div id=\"metaslider-id-25573\" style=\"width: 100%;\" class=\"ml-slider-3-99-0 metaslider metaslider-flex metaslider-25573 ml-slider has-onhover-arrows ms-theme-default-base has-dots-nav\" role=\"region\" aria-label=\"Meio\" data-width=\"1200\">\n    <div id=\"metaslider_container_25573\">\n        <div id=\"metaslider_25573\">\n            <ul class='slides'>\n                <li style=\"display: block; width: 100%;\" class=\"slide-25684 ms-image \" aria-roledescription=\"slide\" data-date=\"2025-07-24 07:55:40\"><img src=\"https:\/\/sulsc.com\/wp-content\/uploads\/2025\/07\/Marr-2-1000x166.jpg\" height=\"200\" width=\"1200\" alt=\"\" class=\"slider-25573 slide-25684 msDefaultImage\" title=\"Marr 2\" \/><\/li>\n                <li style=\"display: none; width: 100%;\" class=\"slide-32412 ms-image \" aria-roledescription=\"slide\" data-date=\"2026-02-18 13:59:46\"><img src=\"https:\/\/sulsc.com\/wp-content\/uploads\/2026\/02\/40dc1580-cad5-4867-bc58-c4243821ad38-1000x166.jpeg\" height=\"200\" width=\"1200\" alt=\"\" class=\"slider-25573 slide-32412 msDefaultImage\" title=\"40dc1580-cad5-4867-bc58-c4243821ad38\" \/><\/li>\n                <li style=\"display: none; width: 100%;\" class=\"slide-32766 ms-image \" aria-roledescription=\"slide\" data-date=\"2026-03-03 17:22:59\"><img src=\"https:\/\/sulsc.com\/wp-content\/uploads\/2026\/03\/271ce739-f268-41c5-8051-3de1a1750359-1000x166.jpeg\" height=\"200\" width=\"1200\" alt=\"\" class=\"slider-25573 slide-32766 msDefaultImage\" title=\"271ce739-f268-41c5-8051-3de1a1750359\" \/><\/li>\n            <\/ul>\n        <\/div>\n        \n    <\/div>\n<\/div>\n<p><strong>Amanh\u00e3 ter\u00e7a-feira (30),<\/strong> o tempo segue a condi\u00e7\u00e3o de nebulosidade vari\u00e1vel e pancadas de chuva em SC, especialmente \u00e0 tarde e noite, com risco para temporais com vento forte e granizo. No leste de SC, a condi\u00e7\u00e3o de chuva mais persistente e volumosa permanece. As temperaturas diminuem um pouco, com m\u00e1ximas inferiores a 30\u00b0C no estado, devido \u00e0 cobertura de nuvens. Ar abafado.<\/p>\n<p>Fontes: Defesa Civil-SC\/Epagri-Ciram<\/p>\n","protected":false},"excerpt":{"rendered":"<p>Nesta segunda-feira (29), o dia come\u00e7a com sol entre nuvens em grande parte do estado, semelhante aos dias anteriores. Entre a tarde e \u00e0 noite, o calor, o transporte de umidade continental e a circula\u00e7\u00e3o dos ventos do quadrante leste, vindos do mar, favorecem temporais em todo o estado a partir do final da manh\u00e3, &hellip;<\/p>\n<p class=\"read-more\"> <a class=\"\" href=\"https:\/\/sulsc.com\/index.php\/2025\/12\/29\/segunda-feira-29-de-temperaturas-altas-e-condicoes-de-temporais-para-todo-estado\/\"> <span class=\"screen-reader-text\">Segunda-feira (29) de temperaturas altas e condi\u00e7\u00f5es de temporais para todo estado<\/span> Read More &raquo;<\/a><\/p>\n","protected":false},"author":3,"featured_media":13306,"comment_status":"open","ping_status":"open","sticky":false,"template":"","format":"standard","meta":{"site-sidebar-layout":"default","site-content-layout":"","ast-site-content-layout":"default","site-content-style":"default","site-sidebar-style":"default","ast-global-header-display":"","ast-banner-title-visibility":"","ast-main-header-display":"","ast-hfb-above-header-display":"","ast-hfb-below-header-display":"","ast-hfb-mobile-header-display":"","site-post-title":"","ast-breadcrumbs-content":"","ast-featured-img":"","footer-sml-layout":"","theme-transparent-header-meta":"default","adv-header-id-meta":"","stick-header-meta":"","header-above-stick-meta":"","header-main-stick-meta":"","header-below-stick-meta":"","astra-migrate-meta-layouts":"set","footnotes":""},"categories":[2354,2231,1,14,38,12],"tags":[90],"yoast_head":"<!-- This site is optimized with the Yoast SEO plugin v21.4 - https:\/\/yoast.com\/wordpress\/plugins\/seo\/ -->\n<title>Segunda-feira (29) de temperaturas altas e condi\u00e7\u00f5es de temporais para todo estado -<\/title>\n<meta name=\"robots\" content=\"index, follow, max-snippet:-1, max-image-preview:large, max-video-preview:-1\" \/>\n<link rel=\"canonical\" href=\"https:\/\/sulsc.com\/index.php\/2025\/12\/29\/segunda-feira-29-de-temperaturas-altas-e-condicoes-de-temporais-para-todo-estado\/\" \/>\n<meta property=\"og:locale\" content=\"en_US\" \/>\n<meta property=\"og:type\" content=\"article\" \/>\n<meta property=\"og:title\" content=\"Segunda-feira (29) de temperaturas altas e condi\u00e7\u00f5es de temporais para todo estado -\" \/>\n<meta property=\"og:description\" content=\"Nesta segunda-feira (29), o dia come\u00e7a com sol entre nuvens em grande parte do estado, semelhante aos dias anteriores. Entre a tarde e \u00e0 noite, o calor, o transporte de umidade continental e a circula\u00e7\u00e3o dos ventos do quadrante leste, vindos do mar, favorecem temporais em todo o estado a partir do final da manh\u00e3, &hellip; Segunda-feira (29) de temperaturas altas e condi\u00e7\u00f5es de temporais para todo estado Read More &raquo;\" \/>\n<meta property=\"og:url\" content=\"https:\/\/sulsc.com\/index.php\/2025\/12\/29\/segunda-feira-29-de-temperaturas-altas-e-condicoes-de-temporais-para-todo-estado\/\" \/>\n<meta property=\"article:author\" content=\"https:\/\/www.facebook.com\/profile.php?id=61559278119680\" \/>\n<meta property=\"article:published_time\" content=\"2025-12-29T12:00:07+00:00\" \/>\n<meta property=\"og:image\" content=\"http:\/\/sulsc.com\/wp-content\/uploads\/2024\/06\/tempo.jpg\" \/>\n\t<meta property=\"og:image:width\" content=\"1500\" \/>\n\t<meta property=\"og:image:height\" content=\"1000\" \/>\n\t<meta property=\"og:image:type\" content=\"image\/jpeg\" \/>\n<meta name=\"author\" content=\"Reda\u00e7\u00e3o Sul SC\" \/>\n<meta name=\"twitter:card\" content=\"summary_large_image\" \/>\n<meta name=\"twitter:creator\" content=\"@https:\/\/twitter.com\/PortalSulSC\" \/>\n<meta name=\"twitter:label1\" content=\"Written by\" \/>\n\t<meta name=\"twitter:data1\" content=\"Reda\u00e7\u00e3o Sul SC\" \/>\n\t<meta name=\"twitter:label2\" content=\"Est. reading time\" \/>\n\t<meta name=\"twitter:data2\" content=\"2 minutes\" \/>\n<script type=\"application\/ld+json\" class=\"yoast-schema-graph\">{\"@context\":\"https:\/\/schema.org\",\"@graph\":[{\"@type\":\"WebPage\",\"@id\":\"https:\/\/sulsc.com\/index.php\/2025\/12\/29\/segunda-feira-29-de-temperaturas-altas-e-condicoes-de-temporais-para-todo-estado\/\",\"url\":\"https:\/\/sulsc.com\/index.php\/2025\/12\/29\/segunda-feira-29-de-temperaturas-altas-e-condicoes-de-temporais-para-todo-estado\/\",\"name\":\"Segunda-feira (29) de temperaturas altas e condi\u00e7\u00f5es de temporais para todo estado -\",\"isPartOf\":{\"@id\":\"https:\/\/sulsc.com\/#website\"},\"datePublished\":\"2025-12-29T12:00:07+00:00\",\"dateModified\":\"2025-12-29T12:00:07+00:00\",\"author\":{\"@id\":\"https:\/\/sulsc.com\/#\/schema\/person\/84d2fc571684f6248ba83092f07750a3\"},\"breadcrumb\":{\"@id\":\"https:\/\/sulsc.com\/index.php\/2025\/12\/29\/segunda-feira-29-de-temperaturas-altas-e-condicoes-de-temporais-para-todo-estado\/#breadcrumb\"},\"inLanguage\":\"en-US\",\"potentialAction\":[{\"@type\":\"ReadAction\",\"target\":[\"https:\/\/sulsc.com\/index.php\/2025\/12\/29\/segunda-feira-29-de-temperaturas-altas-e-condicoes-de-temporais-para-todo-estado\/\"]}]},{\"@type\":\"BreadcrumbList\",\"@id\":\"https:\/\/sulsc.com\/index.php\/2025\/12\/29\/segunda-feira-29-de-temperaturas-altas-e-condicoes-de-temporais-para-todo-estado\/#breadcrumb\",\"itemListElement\":[{\"@type\":\"ListItem\",\"position\":1,\"name\":\"In\u00edcio\",\"item\":\"https:\/\/sulsc.com\/\"},{\"@type\":\"ListItem\",\"position\":2,\"name\":\"Segunda-feira (29) de temperaturas altas e condi\u00e7\u00f5es de temporais para todo estado\"}]},{\"@type\":\"WebSite\",\"@id\":\"https:\/\/sulsc.com\/#website\",\"url\":\"https:\/\/sulsc.com\/\",\"name\":\"\",\"description\":\"\",\"potentialAction\":[{\"@type\":\"SearchAction\",\"target\":{\"@type\":\"EntryPoint\",\"urlTemplate\":\"https:\/\/sulsc.com\/?s={search_term_string}\"},\"query-input\":\"required name=search_term_string\"}],\"inLanguage\":\"en-US\"},{\"@type\":\"Person\",\"@id\":\"https:\/\/sulsc.com\/#\/schema\/person\/84d2fc571684f6248ba83092f07750a3\",\"name\":\"Reda\u00e7\u00e3o Sul SC\",\"image\":{\"@type\":\"ImageObject\",\"inLanguage\":\"en-US\",\"@id\":\"https:\/\/sulsc.com\/#\/schema\/person\/image\/e08d7fe2cc4ed596372063bbe852b8d0\",\"url\":\"https:\/\/sulsc.com\/wp-content\/uploads\/2023\/09\/redacao.png\",\"contentUrl\":\"https:\/\/sulsc.com\/wp-content\/uploads\/2023\/09\/redacao.png\",\"caption\":\"Reda\u00e7\u00e3o Sul SC\"},\"description\":\"Foco em um jornalismo imparcial, voltado \u00e0 qualidade dos seus conte\u00fados e, assim, levar informa\u00e7\u00e3o de valor que agregue \u00e0 vida dos leitores. Esta \u00e9 grande miss\u00e3o do Portal de Not\u00edcias Sul SC. N\u00e3o \u00e9 quantidade que muda o mundo, sempre foi e seguir\u00e1 sendo qualidade!\",\"sameAs\":[\"https:\/\/sulsc.com\/\",\"https:\/\/www.facebook.com\/profile.php?id=61559278119680\",\"https:\/\/www.instagram.com\/sulscportal\/?hl=pt-br\",\"https:\/\/twitter.com\/https:\/\/twitter.com\/PortalSulSC\",\"https:\/\/www.youtube.com\/channel\/UCv_BE8GeySluDov2n8qhVmw\"],\"url\":\"https:\/\/sulsc.com\/index.php\/author\/redacao\/\"}]}<\/script>\n<!-- \/ Yoast SEO plugin. -->","yoast_head_json":{"title":"Segunda-feira (29) de temperaturas altas e condi\u00e7\u00f5es de temporais para todo estado -","robots":{"index":"index","follow":"follow","max-snippet":"max-snippet:-1","max-image-preview":"max-image-preview:large","max-video-preview":"max-video-preview:-1"},"canonical":"https:\/\/sulsc.com\/index.php\/2025\/12\/29\/segunda-feira-29-de-temperaturas-altas-e-condicoes-de-temporais-para-todo-estado\/","og_locale":"en_US","og_type":"article","og_title":"Segunda-feira (29) de temperaturas altas e condi\u00e7\u00f5es de temporais para todo estado -","og_description":"Nesta segunda-feira (29), o dia come\u00e7a com sol entre nuvens em grande parte do estado, semelhante aos dias anteriores. Entre a tarde e \u00e0 noite, o calor, o transporte de umidade continental e a circula\u00e7\u00e3o dos ventos do quadrante leste, vindos do mar, favorecem temporais em todo o estado a partir do final da manh\u00e3, &hellip; Segunda-feira (29) de temperaturas altas e condi\u00e7\u00f5es de temporais para todo estado Read More &raquo;","og_url":"https:\/\/sulsc.com\/index.php\/2025\/12\/29\/segunda-feira-29-de-temperaturas-altas-e-condicoes-de-temporais-para-todo-estado\/","article_author":"https:\/\/www.facebook.com\/profile.php?id=61559278119680","article_published_time":"2025-12-29T12:00:07+00:00","og_image":[{"width":1500,"height":1000,"url":"http:\/\/sulsc.com\/wp-content\/uploads\/2024\/06\/tempo.jpg","type":"image\/jpeg"}],"author":"Reda\u00e7\u00e3o Sul SC","twitter_card":"summary_large_image","twitter_creator":"@https:\/\/twitter.com\/PortalSulSC","twitter_misc":{"Written by":"Reda\u00e7\u00e3o Sul SC","Est. reading time":"2 minutes"},"schema":{"@context":"https:\/\/schema.org","@graph":[{"@type":"WebPage","@id":"https:\/\/sulsc.com\/index.php\/2025\/12\/29\/segunda-feira-29-de-temperaturas-altas-e-condicoes-de-temporais-para-todo-estado\/","url":"https:\/\/sulsc.com\/index.php\/2025\/12\/29\/segunda-feira-29-de-temperaturas-altas-e-condicoes-de-temporais-para-todo-estado\/","name":"Segunda-feira (29) de temperaturas altas e condi\u00e7\u00f5es de temporais para todo estado -","isPartOf":{"@id":"https:\/\/sulsc.com\/#website"},"datePublished":"2025-12-29T12:00:07+00:00","dateModified":"2025-12-29T12:00:07+00:00","author":{"@id":"https:\/\/sulsc.com\/#\/schema\/person\/84d2fc571684f6248ba83092f07750a3"},"breadcrumb":{"@id":"https:\/\/sulsc.com\/index.php\/2025\/12\/29\/segunda-feira-29-de-temperaturas-altas-e-condicoes-de-temporais-para-todo-estado\/#breadcrumb"},"inLanguage":"en-US","potentialAction":[{"@type":"ReadAction","target":["https:\/\/sulsc.com\/index.php\/2025\/12\/29\/segunda-feira-29-de-temperaturas-altas-e-condicoes-de-temporais-para-todo-estado\/"]}]},{"@type":"BreadcrumbList","@id":"https:\/\/sulsc.com\/index.php\/2025\/12\/29\/segunda-feira-29-de-temperaturas-altas-e-condicoes-de-temporais-para-todo-estado\/#breadcrumb","itemListElement":[{"@type":"ListItem","position":1,"name":"In\u00edcio","item":"https:\/\/sulsc.com\/"},{"@type":"ListItem","position":2,"name":"Segunda-feira (29) de temperaturas altas e condi\u00e7\u00f5es de temporais para todo estado"}]},{"@type":"WebSite","@id":"https:\/\/sulsc.com\/#website","url":"https:\/\/sulsc.com\/","name":"","description":"","potentialAction":[{"@type":"SearchAction","target":{"@type":"EntryPoint","urlTemplate":"https:\/\/sulsc.com\/?s={search_term_string}"},"query-input":"required name=search_term_string"}],"inLanguage":"en-US"},{"@type":"Person","@id":"https:\/\/sulsc.com\/#\/schema\/person\/84d2fc571684f6248ba83092f07750a3","name":"Reda\u00e7\u00e3o Sul SC","image":{"@type":"ImageObject","inLanguage":"en-US","@id":"https:\/\/sulsc.com\/#\/schema\/person\/image\/e08d7fe2cc4ed596372063bbe852b8d0","url":"https:\/\/sulsc.com\/wp-content\/uploads\/2023\/09\/redacao.png","contentUrl":"https:\/\/sulsc.com\/wp-content\/uploads\/2023\/09\/redacao.png","caption":"Reda\u00e7\u00e3o Sul SC"},"description":"Foco em um jornalismo imparcial, voltado \u00e0 qualidade dos seus conte\u00fados e, assim, levar informa\u00e7\u00e3o de valor que agregue \u00e0 vida dos leitores. Esta \u00e9 grande miss\u00e3o do Portal de Not\u00edcias Sul SC. N\u00e3o \u00e9 quantidade que muda o mundo, sempre foi e seguir\u00e1 sendo qualidade!","sameAs":["https:\/\/sulsc.com\/","https:\/\/www.facebook.com\/profile.php?id=61559278119680","https:\/\/www.instagram.com\/sulscportal\/?hl=pt-br","https:\/\/twitter.com\/https:\/\/twitter.com\/PortalSulSC","https:\/\/www.youtube.com\/channel\/UCv_BE8GeySluDov2n8qhVmw"],"url":"https:\/\/sulsc.com\/index.php\/author\/redacao\/"}]}},"authors":[],"_links":{"self":[{"href":"https:\/\/sulsc.com\/index.php\/wp-json\/wp\/v2\/posts\/31150"}],"collection":[{"href":"https:\/\/sulsc.com\/index.php\/wp-json\/wp\/v2\/posts"}],"about":[{"href":"https:\/\/sulsc.com\/index.php\/wp-json\/wp\/v2\/types\/post"}],"author":[{"embeddable":true,"href":"https:\/\/sulsc.com\/index.php\/wp-json\/wp\/v2\/users\/3"}],"replies":[{"embeddable":true,"href":"https:\/\/sulsc.com\/index.php\/wp-json\/wp\/v2\/comments?post=31150"}],"version-history":[{"count":1,"href":"https:\/\/sulsc.com\/index.php\/wp-json\/wp\/v2\/posts\/31150\/revisions"}],"predecessor-version":[{"id":31152,"href":"https:\/\/sulsc.com\/index.php\/wp-json\/wp\/v2\/posts\/31150\/revisions\/31152"}],"wp:featuredmedia":[{"embeddable":true,"href":"https:\/\/sulsc.com\/index.php\/wp-json\/wp\/v2\/media\/13306"}],"wp:attachment":[{"href":"https:\/\/sulsc.com\/index.php\/wp-json\/wp\/v2\/media?parent=31150"}],"wp:term":[{"taxonomy":"category","embeddable":true,"href":"https:\/\/sulsc.com\/index.php\/wp-json\/wp\/v2\/categories?post=31150"},{"taxonomy":"post_tag","embeddable":true,"href":"https:\/\/sulsc.com\/index.php\/wp-json\/wp\/v2\/tags?post=31150"}],"curies":[{"name":"wp","href":"https:\/\/api.w.org\/{rel}","templated":true}]}}