{"id":31157,"date":"2025-12-29T09:39:15","date_gmt":"2025-12-29T12:39:15","guid":{"rendered":"https:\/\/sulsc.com\/?p=31157"},"modified":"2025-12-29T09:39:15","modified_gmt":"2025-12-29T12:39:15","slug":"saque-aniversario-caixa-comeca-a-pagar-saldo-do-fgts-retido","status":"publish","type":"post","link":"https:\/\/sulsc.com\/index.php\/2025\/12\/29\/saque-aniversario-caixa-comeca-a-pagar-saldo-do-fgts-retido\/","title":{"rendered":"Saque-anivers\u00e1rio &#8211; Caixa come\u00e7a a pagar saldo do FGTS retido"},"content":{"rendered":"<p>A Caixa Econ\u00f4mica Federal <strong>inicia, nesta segunda-feira (29)<\/strong>, o pagamento dos valores do Fundo de Garantia do Tempo de Servi\u00e7o (FGTS) que estavam retidos para trabalhadores que optaram pelo saque-anivers\u00e1rio e foram demitidos ou tiveram o contrato suspenso de 1\u00ba de janeiro de 2020 a 23 de dezembro de 2025.<\/p>\n<p>A libera\u00e7\u00e3o dos recursos foi autorizada pela<strong> <a href=\"https:\/\/www.planalto.gov.br\/ccivil_03\/_Ato2023-2026\/2025\/Mpv\/mpv1331.htm\" target=\"_blank\" rel=\"noopener\">Medida Provis\u00f3ria (MP) 1.331\/2025<\/a><\/strong>, publicada na ter\u00e7a-feira (23), pelo governo federal. Ao todo, ser\u00e3o liberados cerca de R$ 7,8 bilh\u00f5es, beneficiando aproximadamente 14,1 milh\u00f5es de trabalhadores em todo o pa\u00eds.<\/p>\n<div id=\"metaslider-id-25573\" style=\"width: 100%;\" class=\"ml-slider-3-99-0 metaslider metaslider-flex metaslider-25573 ml-slider has-onhover-arrows ms-theme-default-base has-dots-nav\" role=\"region\" aria-label=\"Meio\" data-width=\"1200\">\n    <div id=\"metaslider_container_25573\">\n        <div id=\"metaslider_25573\">\n            <ul class='slides'>\n                <li style=\"display: block; width: 100%;\" class=\"slide-25684 ms-image \" aria-roledescription=\"slide\" data-date=\"2025-07-24 07:55:40\"><img src=\"https:\/\/sulsc.com\/wp-content\/uploads\/2025\/07\/Marr-2-1000x166.jpg\" height=\"200\" width=\"1200\" alt=\"\" class=\"slider-25573 slide-25684 msDefaultImage\" title=\"Marr 2\" \/><\/li>\n                <li style=\"display: none; width: 100%;\" class=\"slide-32412 ms-image \" aria-roledescription=\"slide\" data-date=\"2026-02-18 13:59:46\"><img src=\"https:\/\/sulsc.com\/wp-content\/uploads\/2026\/02\/40dc1580-cad5-4867-bc58-c4243821ad38-1000x166.jpeg\" height=\"200\" width=\"1200\" alt=\"\" class=\"slider-25573 slide-32412 msDefaultImage\" title=\"40dc1580-cad5-4867-bc58-c4243821ad38\" \/><\/li>\n                <li style=\"display: none; width: 100%;\" class=\"slide-32766 ms-image \" aria-roledescription=\"slide\" data-date=\"2026-03-03 17:22:59\"><img src=\"https:\/\/sulsc.com\/wp-content\/uploads\/2026\/03\/271ce739-f268-41c5-8051-3de1a1750359-1000x166.jpeg\" height=\"200\" width=\"1200\" alt=\"\" class=\"slider-25573 slide-32766 msDefaultImage\" title=\"271ce739-f268-41c5-8051-3de1a1750359\" \/><\/li>\n            <\/ul>\n        <\/div>\n        \n    <\/div>\n<\/div>\n<p><strong>O pagamento ser\u00e1 feito em duas etapas:<\/strong><\/p>\n<p><strong>Primeira etapa:<\/strong> a partir de 29 de dezembro, com libera\u00e7\u00e3o de at\u00e9 R$ 1,8 mil por conta vinculada, limitado ao saldo dispon\u00edvel. Nesta fase, a Caixa estima liberar cerca de R$ 3,9 bilh\u00f5es.<\/p>\n<p><strong>Segunda etapa:<\/strong> pagamento do saldo restante, tamb\u00e9m estimado em R$ 3,9 bilh\u00f5es, a partir de 2 de fevereiro de 2026, de forma escalonada at\u00e9 12 de fevereiro de 2026.<\/p>\n<p><img fetchpriority=\"high\" decoding=\"async\" class=\"aligncenter size-full wp-image-31158\" src=\"http:\/\/sulsc.com\/wp-content\/uploads\/2025\/12\/9acde5d9-79f6-40d2-8792-7c3ba08afc6b.jpeg\" alt=\"\" width=\"678\" height=\"452\" srcset=\"https:\/\/sulsc.com\/wp-content\/uploads\/2025\/12\/9acde5d9-79f6-40d2-8792-7c3ba08afc6b.jpeg 678w, https:\/\/sulsc.com\/wp-content\/uploads\/2025\/12\/9acde5d9-79f6-40d2-8792-7c3ba08afc6b-300x200.jpeg 300w\" sizes=\"(max-width: 678px) 100vw, 678px\" \/><\/p>\n<p>Imagem divulga\u00e7\u00e3o<\/p>\n<p><strong>Cr\u00e9dito autom\u00e1tico na conta<\/strong><br \/>\nOs valores ser\u00e3o liberados automaticamente, sem necessidade de solicita\u00e7\u00e3o por parte do trabalhador. O cr\u00e9dito ser\u00e1 feito prioritariamente na conta banc\u00e1ria cadastrada no aplicativo FGTS.<\/p>\n<p>Segundo a Caixa, cerca de 87% dos trabalhadores j\u00e1 possuem conta cadastrada no aplicativo (app) e receber\u00e3o o dinheiro diretamente no banco. O cr\u00e9dito vale para contas cadastradas at\u00e9 18 de dezembro.<\/p>\n<p><strong>Quem n\u00e3o tem conta cadastrada poder\u00e1 sacar o valor nos canais f\u00edsicos da Caixa, como:<\/strong><\/p>\n<p>casas lot\u00e9ricas;<br \/>\nterminais de autoatendimento;<br \/>\ncorrespondentes Caixa Aqui;<br \/>\nag\u00eancias da Caixa.<\/p>\n<p>O saque pode ser feito com Cart\u00e3o Cidad\u00e3o e senha. Em terminais da Caixa, tamb\u00e9m \u00e9 poss\u00edvel usar biometria ou apenas a senha. Os valores ficar\u00e3o dispon\u00edveis enquanto a medida provis\u00f3ria estiver em vigor.<\/p>\n<p><strong>Quem n\u00e3o poder\u00e1 sacar<\/strong><br \/>\nvalores usados como garantia em empr\u00e9stimos de antecipa\u00e7\u00e3o do saque-anivers\u00e1rio<br \/>\ncontas com bloqueio judicial, como em casos de pens\u00e3o aliment\u00edcia<br \/>\nNessas situa\u00e7\u00f5es, o saldo permanece indispon\u00edvel.<\/p>\n<p><strong>Quem tem direito \u00e0 libera\u00e7\u00e3o<\/strong><br \/>\noptou pelo saque-anivers\u00e1rio;<br \/>\nteve o contrato de trabalho suspenso ou rescindido entre 1\u00ba de janeiro de 2020 e 23 de dezembro de 2025;<br \/>\npossui saldo na conta do FGTS referente ao contrato.<\/p>\n<p><strong>Mais informa\u00e7\u00f5es<\/strong> click aqui no<strong> <a href=\"https:\/\/www.caixa.gov.br\/beneficios-trabalhador\/fgts\/saque-FGTS\/Paginas\/default.aspx\" target=\"_blank\" rel=\"noopener\">\u00a0site da Caixa<\/a><\/strong> \u00a0e no aplicativo FGTS.<\/p>\n<p>Fonte: Ag\u00eancia Brasil<\/p>\n","protected":false},"excerpt":{"rendered":"<p>A Caixa Econ\u00f4mica Federal inicia, nesta segunda-feira (29), o pagamento dos valores do Fundo de Garantia do Tempo de Servi\u00e7o (FGTS) que estavam retidos para trabalhadores que optaram pelo saque-anivers\u00e1rio e foram demitidos ou tiveram o contrato suspenso de 1\u00ba de janeiro de 2020 a 23 de dezembro de 2025. A libera\u00e7\u00e3o dos recursos foi &hellip;<\/p>\n<p class=\"read-more\"> <a class=\"\" href=\"https:\/\/sulsc.com\/index.php\/2025\/12\/29\/saque-aniversario-caixa-comeca-a-pagar-saldo-do-fgts-retido\/\"> <span class=\"screen-reader-text\">Saque-anivers\u00e1rio &#8211; Caixa come\u00e7a a pagar saldo do FGTS retido<\/span> Read More &raquo;<\/a><\/p>\n","protected":false},"author":3,"featured_media":31158,"comment_status":"open","ping_status":"open","sticky":false,"template":"","format":"standard","meta":{"site-sidebar-layout":"default","site-content-layout":"","ast-site-content-layout":"default","site-content-style":"default","site-sidebar-style":"default","ast-global-header-display":"","ast-banner-title-visibility":"","ast-main-header-display":"","ast-hfb-above-header-display":"","ast-hfb-below-header-display":"","ast-hfb-mobile-header-display":"","site-post-title":"","ast-breadcrumbs-content":"","ast-featured-img":"","footer-sml-layout":"","theme-transparent-header-meta":"default","adv-header-id-meta":"","stick-header-meta":"","header-above-stick-meta":"","header-main-stick-meta":"","header-below-stick-meta":"","astra-migrate-meta-layouts":"set","footnotes":""},"categories":[2354,2231,11,1,15,14,12],"tags":[426],"yoast_head":"<!-- This site is optimized with the Yoast SEO plugin v21.4 - https:\/\/yoast.com\/wordpress\/plugins\/seo\/ -->\n<title>Saque-anivers\u00e1rio - Caixa come\u00e7a a pagar saldo do FGTS retido -<\/title>\n<meta name=\"robots\" content=\"index, follow, max-snippet:-1, max-image-preview:large, max-video-preview:-1\" \/>\n<link rel=\"canonical\" href=\"https:\/\/sulsc.com\/index.php\/2025\/12\/29\/saque-aniversario-caixa-comeca-a-pagar-saldo-do-fgts-retido\/\" \/>\n<meta property=\"og:locale\" content=\"en_US\" \/>\n<meta property=\"og:type\" content=\"article\" \/>\n<meta property=\"og:title\" content=\"Saque-anivers\u00e1rio - Caixa come\u00e7a a pagar saldo do FGTS retido -\" \/>\n<meta property=\"og:description\" content=\"A Caixa Econ\u00f4mica Federal inicia, nesta segunda-feira (29), o pagamento dos valores do Fundo de Garantia do Tempo de Servi\u00e7o (FGTS) que estavam retidos para trabalhadores que optaram pelo saque-anivers\u00e1rio e foram demitidos ou tiveram o contrato suspenso de 1\u00ba de janeiro de 2020 a 23 de dezembro de 2025. A libera\u00e7\u00e3o dos recursos foi &hellip; Saque-anivers\u00e1rio &#8211; Caixa come\u00e7a a pagar saldo do FGTS retido Read More &raquo;\" \/>\n<meta property=\"og:url\" content=\"https:\/\/sulsc.com\/index.php\/2025\/12\/29\/saque-aniversario-caixa-comeca-a-pagar-saldo-do-fgts-retido\/\" \/>\n<meta property=\"article:author\" content=\"https:\/\/www.facebook.com\/profile.php?id=61559278119680\" \/>\n<meta property=\"article:published_time\" content=\"2025-12-29T12:39:15+00:00\" \/>\n<meta property=\"og:image\" content=\"http:\/\/sulsc.com\/wp-content\/uploads\/2025\/12\/9acde5d9-79f6-40d2-8792-7c3ba08afc6b.jpeg\" \/>\n\t<meta property=\"og:image:width\" content=\"678\" \/>\n\t<meta property=\"og:image:height\" content=\"452\" \/>\n\t<meta property=\"og:image:type\" content=\"image\/jpeg\" \/>\n<meta name=\"author\" content=\"Reda\u00e7\u00e3o Sul SC\" \/>\n<meta name=\"twitter:card\" content=\"summary_large_image\" \/>\n<meta name=\"twitter:creator\" content=\"@https:\/\/twitter.com\/PortalSulSC\" \/>\n<meta name=\"twitter:label1\" content=\"Written by\" \/>\n\t<meta name=\"twitter:data1\" content=\"Reda\u00e7\u00e3o Sul SC\" \/>\n\t<meta name=\"twitter:label2\" content=\"Est. reading time\" \/>\n\t<meta name=\"twitter:data2\" content=\"2 minutes\" \/>\n<script type=\"application\/ld+json\" class=\"yoast-schema-graph\">{\"@context\":\"https:\/\/schema.org\",\"@graph\":[{\"@type\":\"WebPage\",\"@id\":\"https:\/\/sulsc.com\/index.php\/2025\/12\/29\/saque-aniversario-caixa-comeca-a-pagar-saldo-do-fgts-retido\/\",\"url\":\"https:\/\/sulsc.com\/index.php\/2025\/12\/29\/saque-aniversario-caixa-comeca-a-pagar-saldo-do-fgts-retido\/\",\"name\":\"Saque-anivers\u00e1rio - Caixa come\u00e7a a pagar saldo do FGTS retido -\",\"isPartOf\":{\"@id\":\"https:\/\/sulsc.com\/#website\"},\"datePublished\":\"2025-12-29T12:39:15+00:00\",\"dateModified\":\"2025-12-29T12:39:15+00:00\",\"author\":{\"@id\":\"https:\/\/sulsc.com\/#\/schema\/person\/84d2fc571684f6248ba83092f07750a3\"},\"breadcrumb\":{\"@id\":\"https:\/\/sulsc.com\/index.php\/2025\/12\/29\/saque-aniversario-caixa-comeca-a-pagar-saldo-do-fgts-retido\/#breadcrumb\"},\"inLanguage\":\"en-US\",\"potentialAction\":[{\"@type\":\"ReadAction\",\"target\":[\"https:\/\/sulsc.com\/index.php\/2025\/12\/29\/saque-aniversario-caixa-comeca-a-pagar-saldo-do-fgts-retido\/\"]}]},{\"@type\":\"BreadcrumbList\",\"@id\":\"https:\/\/sulsc.com\/index.php\/2025\/12\/29\/saque-aniversario-caixa-comeca-a-pagar-saldo-do-fgts-retido\/#breadcrumb\",\"itemListElement\":[{\"@type\":\"ListItem\",\"position\":1,\"name\":\"In\u00edcio\",\"item\":\"https:\/\/sulsc.com\/\"},{\"@type\":\"ListItem\",\"position\":2,\"name\":\"Saque-anivers\u00e1rio &#8211; Caixa come\u00e7a a pagar saldo do FGTS retido\"}]},{\"@type\":\"WebSite\",\"@id\":\"https:\/\/sulsc.com\/#website\",\"url\":\"https:\/\/sulsc.com\/\",\"name\":\"\",\"description\":\"\",\"potentialAction\":[{\"@type\":\"SearchAction\",\"target\":{\"@type\":\"EntryPoint\",\"urlTemplate\":\"https:\/\/sulsc.com\/?s={search_term_string}\"},\"query-input\":\"required name=search_term_string\"}],\"inLanguage\":\"en-US\"},{\"@type\":\"Person\",\"@id\":\"https:\/\/sulsc.com\/#\/schema\/person\/84d2fc571684f6248ba83092f07750a3\",\"name\":\"Reda\u00e7\u00e3o Sul SC\",\"image\":{\"@type\":\"ImageObject\",\"inLanguage\":\"en-US\",\"@id\":\"https:\/\/sulsc.com\/#\/schema\/person\/image\/e08d7fe2cc4ed596372063bbe852b8d0\",\"url\":\"https:\/\/sulsc.com\/wp-content\/uploads\/2023\/09\/redacao.png\",\"contentUrl\":\"https:\/\/sulsc.com\/wp-content\/uploads\/2023\/09\/redacao.png\",\"caption\":\"Reda\u00e7\u00e3o Sul SC\"},\"description\":\"Foco em um jornalismo imparcial, voltado \u00e0 qualidade dos seus conte\u00fados e, assim, levar informa\u00e7\u00e3o de valor que agregue \u00e0 vida dos leitores. Esta \u00e9 grande miss\u00e3o do Portal de Not\u00edcias Sul SC. N\u00e3o \u00e9 quantidade que muda o mundo, sempre foi e seguir\u00e1 sendo qualidade!\",\"sameAs\":[\"https:\/\/sulsc.com\/\",\"https:\/\/www.facebook.com\/profile.php?id=61559278119680\",\"https:\/\/www.instagram.com\/sulscportal\/?hl=pt-br\",\"https:\/\/twitter.com\/https:\/\/twitter.com\/PortalSulSC\",\"https:\/\/www.youtube.com\/channel\/UCv_BE8GeySluDov2n8qhVmw\"],\"url\":\"https:\/\/sulsc.com\/index.php\/author\/redacao\/\"}]}<\/script>\n<!-- \/ Yoast SEO plugin. -->","yoast_head_json":{"title":"Saque-anivers\u00e1rio - Caixa come\u00e7a a pagar saldo do FGTS retido -","robots":{"index":"index","follow":"follow","max-snippet":"max-snippet:-1","max-image-preview":"max-image-preview:large","max-video-preview":"max-video-preview:-1"},"canonical":"https:\/\/sulsc.com\/index.php\/2025\/12\/29\/saque-aniversario-caixa-comeca-a-pagar-saldo-do-fgts-retido\/","og_locale":"en_US","og_type":"article","og_title":"Saque-anivers\u00e1rio - Caixa come\u00e7a a pagar saldo do FGTS retido -","og_description":"A Caixa Econ\u00f4mica Federal inicia, nesta segunda-feira (29), o pagamento dos valores do Fundo de Garantia do Tempo de Servi\u00e7o (FGTS) que estavam retidos para trabalhadores que optaram pelo saque-anivers\u00e1rio e foram demitidos ou tiveram o contrato suspenso de 1\u00ba de janeiro de 2020 a 23 de dezembro de 2025. A libera\u00e7\u00e3o dos recursos foi &hellip; Saque-anivers\u00e1rio &#8211; Caixa come\u00e7a a pagar saldo do FGTS retido Read More &raquo;","og_url":"https:\/\/sulsc.com\/index.php\/2025\/12\/29\/saque-aniversario-caixa-comeca-a-pagar-saldo-do-fgts-retido\/","article_author":"https:\/\/www.facebook.com\/profile.php?id=61559278119680","article_published_time":"2025-12-29T12:39:15+00:00","og_image":[{"width":678,"height":452,"url":"http:\/\/sulsc.com\/wp-content\/uploads\/2025\/12\/9acde5d9-79f6-40d2-8792-7c3ba08afc6b.jpeg","type":"image\/jpeg"}],"author":"Reda\u00e7\u00e3o Sul SC","twitter_card":"summary_large_image","twitter_creator":"@https:\/\/twitter.com\/PortalSulSC","twitter_misc":{"Written by":"Reda\u00e7\u00e3o Sul SC","Est. reading time":"2 minutes"},"schema":{"@context":"https:\/\/schema.org","@graph":[{"@type":"WebPage","@id":"https:\/\/sulsc.com\/index.php\/2025\/12\/29\/saque-aniversario-caixa-comeca-a-pagar-saldo-do-fgts-retido\/","url":"https:\/\/sulsc.com\/index.php\/2025\/12\/29\/saque-aniversario-caixa-comeca-a-pagar-saldo-do-fgts-retido\/","name":"Saque-anivers\u00e1rio - Caixa come\u00e7a a pagar saldo do FGTS retido -","isPartOf":{"@id":"https:\/\/sulsc.com\/#website"},"datePublished":"2025-12-29T12:39:15+00:00","dateModified":"2025-12-29T12:39:15+00:00","author":{"@id":"https:\/\/sulsc.com\/#\/schema\/person\/84d2fc571684f6248ba83092f07750a3"},"breadcrumb":{"@id":"https:\/\/sulsc.com\/index.php\/2025\/12\/29\/saque-aniversario-caixa-comeca-a-pagar-saldo-do-fgts-retido\/#breadcrumb"},"inLanguage":"en-US","potentialAction":[{"@type":"ReadAction","target":["https:\/\/sulsc.com\/index.php\/2025\/12\/29\/saque-aniversario-caixa-comeca-a-pagar-saldo-do-fgts-retido\/"]}]},{"@type":"BreadcrumbList","@id":"https:\/\/sulsc.com\/index.php\/2025\/12\/29\/saque-aniversario-caixa-comeca-a-pagar-saldo-do-fgts-retido\/#breadcrumb","itemListElement":[{"@type":"ListItem","position":1,"name":"In\u00edcio","item":"https:\/\/sulsc.com\/"},{"@type":"ListItem","position":2,"name":"Saque-anivers\u00e1rio &#8211; Caixa come\u00e7a a pagar saldo do FGTS retido"}]},{"@type":"WebSite","@id":"https:\/\/sulsc.com\/#website","url":"https:\/\/sulsc.com\/","name":"","description":"","potentialAction":[{"@type":"SearchAction","target":{"@type":"EntryPoint","urlTemplate":"https:\/\/sulsc.com\/?s={search_term_string}"},"query-input":"required name=search_term_string"}],"inLanguage":"en-US"},{"@type":"Person","@id":"https:\/\/sulsc.com\/#\/schema\/person\/84d2fc571684f6248ba83092f07750a3","name":"Reda\u00e7\u00e3o Sul SC","image":{"@type":"ImageObject","inLanguage":"en-US","@id":"https:\/\/sulsc.com\/#\/schema\/person\/image\/e08d7fe2cc4ed596372063bbe852b8d0","url":"https:\/\/sulsc.com\/wp-content\/uploads\/2023\/09\/redacao.png","contentUrl":"https:\/\/sulsc.com\/wp-content\/uploads\/2023\/09\/redacao.png","caption":"Reda\u00e7\u00e3o Sul SC"},"description":"Foco em um jornalismo imparcial, voltado \u00e0 qualidade dos seus conte\u00fados e, assim, levar informa\u00e7\u00e3o de valor que agregue \u00e0 vida dos leitores. Esta \u00e9 grande miss\u00e3o do Portal de Not\u00edcias Sul SC. N\u00e3o \u00e9 quantidade que muda o mundo, sempre foi e seguir\u00e1 sendo qualidade!","sameAs":["https:\/\/sulsc.com\/","https:\/\/www.facebook.com\/profile.php?id=61559278119680","https:\/\/www.instagram.com\/sulscportal\/?hl=pt-br","https:\/\/twitter.com\/https:\/\/twitter.com\/PortalSulSC","https:\/\/www.youtube.com\/channel\/UCv_BE8GeySluDov2n8qhVmw"],"url":"https:\/\/sulsc.com\/index.php\/author\/redacao\/"}]}},"authors":[],"_links":{"self":[{"href":"https:\/\/sulsc.com\/index.php\/wp-json\/wp\/v2\/posts\/31157"}],"collection":[{"href":"https:\/\/sulsc.com\/index.php\/wp-json\/wp\/v2\/posts"}],"about":[{"href":"https:\/\/sulsc.com\/index.php\/wp-json\/wp\/v2\/types\/post"}],"author":[{"embeddable":true,"href":"https:\/\/sulsc.com\/index.php\/wp-json\/wp\/v2\/users\/3"}],"replies":[{"embeddable":true,"href":"https:\/\/sulsc.com\/index.php\/wp-json\/wp\/v2\/comments?post=31157"}],"version-history":[{"count":1,"href":"https:\/\/sulsc.com\/index.php\/wp-json\/wp\/v2\/posts\/31157\/revisions"}],"predecessor-version":[{"id":31159,"href":"https:\/\/sulsc.com\/index.php\/wp-json\/wp\/v2\/posts\/31157\/revisions\/31159"}],"wp:featuredmedia":[{"embeddable":true,"href":"https:\/\/sulsc.com\/index.php\/wp-json\/wp\/v2\/media\/31158"}],"wp:attachment":[{"href":"https:\/\/sulsc.com\/index.php\/wp-json\/wp\/v2\/media?parent=31157"}],"wp:term":[{"taxonomy":"category","embeddable":true,"href":"https:\/\/sulsc.com\/index.php\/wp-json\/wp\/v2\/categories?post=31157"},{"taxonomy":"post_tag","embeddable":true,"href":"https:\/\/sulsc.com\/index.php\/wp-json\/wp\/v2\/tags?post=31157"}],"curies":[{"name":"wp","href":"https:\/\/api.w.org\/{rel}","templated":true}]}}