{"id":31163,"date":"2025-12-29T18:34:12","date_gmt":"2025-12-29T21:34:12","guid":{"rendered":"https:\/\/sulsc.com\/?p=31163"},"modified":"2025-12-29T18:34:50","modified_gmt":"2025-12-29T21:34:50","slug":"mulher-com-suspeita-de-meningite-em-cruzeiro-turistico-e-resgatada-em-laguna","status":"publish","type":"post","link":"https:\/\/sulsc.com\/index.php\/2025\/12\/29\/mulher-com-suspeita-de-meningite-em-cruzeiro-turistico-e-resgatada-em-laguna\/","title":{"rendered":"Mulher com suspeita de meningite em cruzeiro \u00e9 resgatada em Laguna"},"content":{"rendered":"<p><span dir=\"auto\" style=\"vertical-align: inherit;\"><span dir=\"auto\" style=\"vertical-align: inherit;\">No meio da tarde desta segunda-feira (29), por volta das 15h25, o CBMSC foi acionado pela Capitania de Portos de Laguna para prestar apoio como batedor no acesso da boca da barra para embarque de resgate de um cruzeiro (transatl\u00e2ntico), que saiu de Santos em dire\u00e7\u00e3o a Buenos Aires.<\/span><\/span><\/p>\n<div id=\"metaslider-id-25573\" style=\"width: 100%;\" class=\"ml-slider-3-99-0 metaslider metaslider-flex metaslider-25573 ml-slider has-onhover-arrows ms-theme-default-base has-dots-nav\" role=\"region\" aria-label=\"Meio\" data-width=\"1200\">\n    <div id=\"metaslider_container_25573\">\n        <div id=\"metaslider_25573\">\n            <ul class='slides'>\n                <li style=\"display: block; width: 100%;\" class=\"slide-25684 ms-image \" aria-roledescription=\"slide\" data-date=\"2025-07-24 07:55:40\"><img src=\"https:\/\/sulsc.com\/wp-content\/uploads\/2025\/07\/Marr-2-1000x166.jpg\" height=\"200\" width=\"1200\" alt=\"\" class=\"slider-25573 slide-25684 msDefaultImage\" title=\"Marr 2\" \/><\/li>\n                <li style=\"display: none; width: 100%;\" class=\"slide-32412 ms-image \" aria-roledescription=\"slide\" data-date=\"2026-02-18 13:59:46\"><img src=\"https:\/\/sulsc.com\/wp-content\/uploads\/2026\/02\/40dc1580-cad5-4867-bc58-c4243821ad38-1000x166.jpeg\" height=\"200\" width=\"1200\" alt=\"\" class=\"slider-25573 slide-32412 msDefaultImage\" title=\"40dc1580-cad5-4867-bc58-c4243821ad38\" \/><\/li>\n                <li style=\"display: none; width: 100%;\" class=\"slide-32766 ms-image \" aria-roledescription=\"slide\" data-date=\"2026-03-03 17:22:59\"><img src=\"https:\/\/sulsc.com\/wp-content\/uploads\/2026\/03\/271ce739-f268-41c5-8051-3de1a1750359-1000x166.jpeg\" height=\"200\" width=\"1200\" alt=\"\" class=\"slider-25573 slide-32766 msDefaultImage\" title=\"271ce739-f268-41c5-8051-3de1a1750359\" \/><\/li>\n            <\/ul>\n        <\/div>\n        \n    <\/div>\n<\/div>\n<p><span dir=\"auto\" style=\"vertical-align: inherit;\"><span dir=\"auto\" style=\"vertical-align: inherit;\">A embarca\u00e7\u00e3o ficou 1\/2 milha da costa, de onde o resgate deles trouxe uma feminina de 56 anos com suspeita de meningite. O Samu j\u00e1 aguardava no cais da barra, que atendeu e transferiu ao Hospital de Laguna. Em seguida o resgate -03 apoiou na sa\u00edda da barra e acompanhou o resgate deles at\u00e9 ficar em seguran\u00e7a no Cruzeiro.<\/span><\/span><\/p>\n<p><img fetchpriority=\"high\" decoding=\"async\" class=\"aligncenter size-full wp-image-31164\" src=\"http:\/\/sulsc.com\/wp-content\/uploads\/2025\/12\/2f2c41a7-ff91-4877-9a6c-1ffb3712c4b3.jpeg\" alt=\"\" width=\"960\" height=\"1280\" srcset=\"https:\/\/sulsc.com\/wp-content\/uploads\/2025\/12\/2f2c41a7-ff91-4877-9a6c-1ffb3712c4b3.jpeg 960w, https:\/\/sulsc.com\/wp-content\/uploads\/2025\/12\/2f2c41a7-ff91-4877-9a6c-1ffb3712c4b3-225x300.jpeg 225w, https:\/\/sulsc.com\/wp-content\/uploads\/2025\/12\/2f2c41a7-ff91-4877-9a6c-1ffb3712c4b3-768x1024.jpeg 768w\" sizes=\"(max-width: 960px) 100vw, 960px\" \/><\/p>\n<p><span dir=\"auto\" style=\"vertical-align: inherit;\"><span dir=\"auto\" style=\"vertical-align: inherit;\">8\u00baBBM\/Divulga\u00e7\u00e3o\/SulSC<\/span><\/span><\/p>\n","protected":false},"excerpt":{"rendered":"<p>No meio da tarde desta segunda-feira (29), por volta das 15h25, o CBMSC foi acionado pela Capitania de Portos de Laguna para prestar apoio como batedor no acesso da boca da barra para embarque de resgate de um cruzeiro (transatl\u00e2ntico), que saiu de Santos em dire\u00e7\u00e3o a Buenos Aires. A embarca\u00e7\u00e3o ficou 1\/2 milha da &hellip;<\/p>\n<p class=\"read-more\"> <a class=\"\" href=\"https:\/\/sulsc.com\/index.php\/2025\/12\/29\/mulher-com-suspeita-de-meningite-em-cruzeiro-turistico-e-resgatada-em-laguna\/\"> <span class=\"screen-reader-text\">Mulher com suspeita de meningite em cruzeiro \u00e9 resgatada em Laguna<\/span> Read More &raquo;<\/a><\/p>\n","protected":false},"author":3,"featured_media":31165,"comment_status":"open","ping_status":"open","sticky":false,"template":"","format":"standard","meta":{"site-sidebar-layout":"default","site-content-layout":"","ast-site-content-layout":"default","site-content-style":"default","site-sidebar-style":"default","ast-global-header-display":"","ast-banner-title-visibility":"","ast-main-header-display":"","ast-hfb-above-header-display":"","ast-hfb-below-header-display":"","ast-hfb-mobile-header-display":"","site-post-title":"","ast-breadcrumbs-content":"","ast-featured-img":"","footer-sml-layout":"","theme-transparent-header-meta":"default","adv-header-id-meta":"","stick-header-meta":"","header-above-stick-meta":"","header-main-stick-meta":"","header-below-stick-meta":"","astra-migrate-meta-layouts":"set","footnotes":""},"categories":[2354,1,22,14,2782,12],"tags":[391],"yoast_head":"<!-- This site is optimized with the Yoast SEO plugin v21.4 - https:\/\/yoast.com\/wordpress\/plugins\/seo\/ -->\n<title>Mulher com suspeita de meningite em cruzeiro \u00e9 resgatada em Laguna -<\/title>\n<meta name=\"robots\" content=\"index, follow, max-snippet:-1, max-image-preview:large, max-video-preview:-1\" \/>\n<link rel=\"canonical\" href=\"https:\/\/sulsc.com\/index.php\/2025\/12\/29\/mulher-com-suspeita-de-meningite-em-cruzeiro-turistico-e-resgatada-em-laguna\/\" \/>\n<meta property=\"og:locale\" content=\"en_US\" \/>\n<meta property=\"og:type\" content=\"article\" \/>\n<meta property=\"og:title\" content=\"Mulher com suspeita de meningite em cruzeiro \u00e9 resgatada em Laguna -\" \/>\n<meta property=\"og:description\" content=\"No meio da tarde desta segunda-feira (29), por volta das 15h25, o CBMSC foi acionado pela Capitania de Portos de Laguna para prestar apoio como batedor no acesso da boca da barra para embarque de resgate de um cruzeiro (transatl\u00e2ntico), que saiu de Santos em dire\u00e7\u00e3o a Buenos Aires. A embarca\u00e7\u00e3o ficou 1\/2 milha da &hellip; Mulher com suspeita de meningite em cruzeiro \u00e9 resgatada em Laguna Read More &raquo;\" \/>\n<meta property=\"og:url\" content=\"https:\/\/sulsc.com\/index.php\/2025\/12\/29\/mulher-com-suspeita-de-meningite-em-cruzeiro-turistico-e-resgatada-em-laguna\/\" \/>\n<meta property=\"article:author\" content=\"https:\/\/www.facebook.com\/profile.php?id=61559278119680\" \/>\n<meta property=\"article:published_time\" content=\"2025-12-29T21:34:12+00:00\" \/>\n<meta property=\"article:modified_time\" content=\"2025-12-29T21:34:50+00:00\" \/>\n<meta property=\"og:image\" content=\"http:\/\/sulsc.com\/wp-content\/uploads\/2025\/12\/1e5ceacd-403e-4085-9a41-b799c1e92d07.jpeg\" \/>\n\t<meta property=\"og:image:width\" content=\"960\" \/>\n\t<meta property=\"og:image:height\" content=\"1280\" \/>\n\t<meta property=\"og:image:type\" content=\"image\/jpeg\" \/>\n<meta name=\"author\" content=\"Reda\u00e7\u00e3o Sul SC\" \/>\n<meta name=\"twitter:card\" content=\"summary_large_image\" \/>\n<meta name=\"twitter:creator\" content=\"@https:\/\/twitter.com\/PortalSulSC\" \/>\n<meta name=\"twitter:label1\" content=\"Written by\" \/>\n\t<meta name=\"twitter:data1\" content=\"Reda\u00e7\u00e3o Sul SC\" \/>\n\t<meta name=\"twitter:label2\" content=\"Est. reading time\" \/>\n\t<meta name=\"twitter:data2\" content=\"1 minute\" \/>\n<script type=\"application\/ld+json\" class=\"yoast-schema-graph\">{\"@context\":\"https:\/\/schema.org\",\"@graph\":[{\"@type\":\"WebPage\",\"@id\":\"https:\/\/sulsc.com\/index.php\/2025\/12\/29\/mulher-com-suspeita-de-meningite-em-cruzeiro-turistico-e-resgatada-em-laguna\/\",\"url\":\"https:\/\/sulsc.com\/index.php\/2025\/12\/29\/mulher-com-suspeita-de-meningite-em-cruzeiro-turistico-e-resgatada-em-laguna\/\",\"name\":\"Mulher com suspeita de meningite em cruzeiro \u00e9 resgatada em Laguna -\",\"isPartOf\":{\"@id\":\"https:\/\/sulsc.com\/#website\"},\"datePublished\":\"2025-12-29T21:34:12+00:00\",\"dateModified\":\"2025-12-29T21:34:50+00:00\",\"author\":{\"@id\":\"https:\/\/sulsc.com\/#\/schema\/person\/84d2fc571684f6248ba83092f07750a3\"},\"breadcrumb\":{\"@id\":\"https:\/\/sulsc.com\/index.php\/2025\/12\/29\/mulher-com-suspeita-de-meningite-em-cruzeiro-turistico-e-resgatada-em-laguna\/#breadcrumb\"},\"inLanguage\":\"en-US\",\"potentialAction\":[{\"@type\":\"ReadAction\",\"target\":[\"https:\/\/sulsc.com\/index.php\/2025\/12\/29\/mulher-com-suspeita-de-meningite-em-cruzeiro-turistico-e-resgatada-em-laguna\/\"]}]},{\"@type\":\"BreadcrumbList\",\"@id\":\"https:\/\/sulsc.com\/index.php\/2025\/12\/29\/mulher-com-suspeita-de-meningite-em-cruzeiro-turistico-e-resgatada-em-laguna\/#breadcrumb\",\"itemListElement\":[{\"@type\":\"ListItem\",\"position\":1,\"name\":\"In\u00edcio\",\"item\":\"https:\/\/sulsc.com\/\"},{\"@type\":\"ListItem\",\"position\":2,\"name\":\"Mulher com suspeita de meningite em cruzeiro \u00e9 resgatada em Laguna\"}]},{\"@type\":\"WebSite\",\"@id\":\"https:\/\/sulsc.com\/#website\",\"url\":\"https:\/\/sulsc.com\/\",\"name\":\"\",\"description\":\"\",\"potentialAction\":[{\"@type\":\"SearchAction\",\"target\":{\"@type\":\"EntryPoint\",\"urlTemplate\":\"https:\/\/sulsc.com\/?s={search_term_string}\"},\"query-input\":\"required name=search_term_string\"}],\"inLanguage\":\"en-US\"},{\"@type\":\"Person\",\"@id\":\"https:\/\/sulsc.com\/#\/schema\/person\/84d2fc571684f6248ba83092f07750a3\",\"name\":\"Reda\u00e7\u00e3o Sul SC\",\"image\":{\"@type\":\"ImageObject\",\"inLanguage\":\"en-US\",\"@id\":\"https:\/\/sulsc.com\/#\/schema\/person\/image\/e08d7fe2cc4ed596372063bbe852b8d0\",\"url\":\"https:\/\/sulsc.com\/wp-content\/uploads\/2023\/09\/redacao.png\",\"contentUrl\":\"https:\/\/sulsc.com\/wp-content\/uploads\/2023\/09\/redacao.png\",\"caption\":\"Reda\u00e7\u00e3o Sul SC\"},\"description\":\"Foco em um jornalismo imparcial, voltado \u00e0 qualidade dos seus conte\u00fados e, assim, levar informa\u00e7\u00e3o de valor que agregue \u00e0 vida dos leitores. Esta \u00e9 grande miss\u00e3o do Portal de Not\u00edcias Sul SC. N\u00e3o \u00e9 quantidade que muda o mundo, sempre foi e seguir\u00e1 sendo qualidade!\",\"sameAs\":[\"https:\/\/sulsc.com\/\",\"https:\/\/www.facebook.com\/profile.php?id=61559278119680\",\"https:\/\/www.instagram.com\/sulscportal\/?hl=pt-br\",\"https:\/\/twitter.com\/https:\/\/twitter.com\/PortalSulSC\",\"https:\/\/www.youtube.com\/channel\/UCv_BE8GeySluDov2n8qhVmw\"],\"url\":\"https:\/\/sulsc.com\/index.php\/author\/redacao\/\"}]}<\/script>\n<!-- \/ Yoast SEO plugin. -->","yoast_head_json":{"title":"Mulher com suspeita de meningite em cruzeiro \u00e9 resgatada em Laguna -","robots":{"index":"index","follow":"follow","max-snippet":"max-snippet:-1","max-image-preview":"max-image-preview:large","max-video-preview":"max-video-preview:-1"},"canonical":"https:\/\/sulsc.com\/index.php\/2025\/12\/29\/mulher-com-suspeita-de-meningite-em-cruzeiro-turistico-e-resgatada-em-laguna\/","og_locale":"en_US","og_type":"article","og_title":"Mulher com suspeita de meningite em cruzeiro \u00e9 resgatada em Laguna -","og_description":"No meio da tarde desta segunda-feira (29), por volta das 15h25, o CBMSC foi acionado pela Capitania de Portos de Laguna para prestar apoio como batedor no acesso da boca da barra para embarque de resgate de um cruzeiro (transatl\u00e2ntico), que saiu de Santos em dire\u00e7\u00e3o a Buenos Aires. A embarca\u00e7\u00e3o ficou 1\/2 milha da &hellip; Mulher com suspeita de meningite em cruzeiro \u00e9 resgatada em Laguna Read More &raquo;","og_url":"https:\/\/sulsc.com\/index.php\/2025\/12\/29\/mulher-com-suspeita-de-meningite-em-cruzeiro-turistico-e-resgatada-em-laguna\/","article_author":"https:\/\/www.facebook.com\/profile.php?id=61559278119680","article_published_time":"2025-12-29T21:34:12+00:00","article_modified_time":"2025-12-29T21:34:50+00:00","og_image":[{"width":960,"height":1280,"url":"http:\/\/sulsc.com\/wp-content\/uploads\/2025\/12\/1e5ceacd-403e-4085-9a41-b799c1e92d07.jpeg","type":"image\/jpeg"}],"author":"Reda\u00e7\u00e3o Sul SC","twitter_card":"summary_large_image","twitter_creator":"@https:\/\/twitter.com\/PortalSulSC","twitter_misc":{"Written by":"Reda\u00e7\u00e3o Sul SC","Est. reading time":"1 minute"},"schema":{"@context":"https:\/\/schema.org","@graph":[{"@type":"WebPage","@id":"https:\/\/sulsc.com\/index.php\/2025\/12\/29\/mulher-com-suspeita-de-meningite-em-cruzeiro-turistico-e-resgatada-em-laguna\/","url":"https:\/\/sulsc.com\/index.php\/2025\/12\/29\/mulher-com-suspeita-de-meningite-em-cruzeiro-turistico-e-resgatada-em-laguna\/","name":"Mulher com suspeita de meningite em cruzeiro \u00e9 resgatada em Laguna -","isPartOf":{"@id":"https:\/\/sulsc.com\/#website"},"datePublished":"2025-12-29T21:34:12+00:00","dateModified":"2025-12-29T21:34:50+00:00","author":{"@id":"https:\/\/sulsc.com\/#\/schema\/person\/84d2fc571684f6248ba83092f07750a3"},"breadcrumb":{"@id":"https:\/\/sulsc.com\/index.php\/2025\/12\/29\/mulher-com-suspeita-de-meningite-em-cruzeiro-turistico-e-resgatada-em-laguna\/#breadcrumb"},"inLanguage":"en-US","potentialAction":[{"@type":"ReadAction","target":["https:\/\/sulsc.com\/index.php\/2025\/12\/29\/mulher-com-suspeita-de-meningite-em-cruzeiro-turistico-e-resgatada-em-laguna\/"]}]},{"@type":"BreadcrumbList","@id":"https:\/\/sulsc.com\/index.php\/2025\/12\/29\/mulher-com-suspeita-de-meningite-em-cruzeiro-turistico-e-resgatada-em-laguna\/#breadcrumb","itemListElement":[{"@type":"ListItem","position":1,"name":"In\u00edcio","item":"https:\/\/sulsc.com\/"},{"@type":"ListItem","position":2,"name":"Mulher com suspeita de meningite em cruzeiro \u00e9 resgatada em Laguna"}]},{"@type":"WebSite","@id":"https:\/\/sulsc.com\/#website","url":"https:\/\/sulsc.com\/","name":"","description":"","potentialAction":[{"@type":"SearchAction","target":{"@type":"EntryPoint","urlTemplate":"https:\/\/sulsc.com\/?s={search_term_string}"},"query-input":"required name=search_term_string"}],"inLanguage":"en-US"},{"@type":"Person","@id":"https:\/\/sulsc.com\/#\/schema\/person\/84d2fc571684f6248ba83092f07750a3","name":"Reda\u00e7\u00e3o Sul SC","image":{"@type":"ImageObject","inLanguage":"en-US","@id":"https:\/\/sulsc.com\/#\/schema\/person\/image\/e08d7fe2cc4ed596372063bbe852b8d0","url":"https:\/\/sulsc.com\/wp-content\/uploads\/2023\/09\/redacao.png","contentUrl":"https:\/\/sulsc.com\/wp-content\/uploads\/2023\/09\/redacao.png","caption":"Reda\u00e7\u00e3o Sul SC"},"description":"Foco em um jornalismo imparcial, voltado \u00e0 qualidade dos seus conte\u00fados e, assim, levar informa\u00e7\u00e3o de valor que agregue \u00e0 vida dos leitores. Esta \u00e9 grande miss\u00e3o do Portal de Not\u00edcias Sul SC. N\u00e3o \u00e9 quantidade que muda o mundo, sempre foi e seguir\u00e1 sendo qualidade!","sameAs":["https:\/\/sulsc.com\/","https:\/\/www.facebook.com\/profile.php?id=61559278119680","https:\/\/www.instagram.com\/sulscportal\/?hl=pt-br","https:\/\/twitter.com\/https:\/\/twitter.com\/PortalSulSC","https:\/\/www.youtube.com\/channel\/UCv_BE8GeySluDov2n8qhVmw"],"url":"https:\/\/sulsc.com\/index.php\/author\/redacao\/"}]}},"authors":[],"_links":{"self":[{"href":"https:\/\/sulsc.com\/index.php\/wp-json\/wp\/v2\/posts\/31163"}],"collection":[{"href":"https:\/\/sulsc.com\/index.php\/wp-json\/wp\/v2\/posts"}],"about":[{"href":"https:\/\/sulsc.com\/index.php\/wp-json\/wp\/v2\/types\/post"}],"author":[{"embeddable":true,"href":"https:\/\/sulsc.com\/index.php\/wp-json\/wp\/v2\/users\/3"}],"replies":[{"embeddable":true,"href":"https:\/\/sulsc.com\/index.php\/wp-json\/wp\/v2\/comments?post=31163"}],"version-history":[{"count":2,"href":"https:\/\/sulsc.com\/index.php\/wp-json\/wp\/v2\/posts\/31163\/revisions"}],"predecessor-version":[{"id":31167,"href":"https:\/\/sulsc.com\/index.php\/wp-json\/wp\/v2\/posts\/31163\/revisions\/31167"}],"wp:featuredmedia":[{"embeddable":true,"href":"https:\/\/sulsc.com\/index.php\/wp-json\/wp\/v2\/media\/31165"}],"wp:attachment":[{"href":"https:\/\/sulsc.com\/index.php\/wp-json\/wp\/v2\/media?parent=31163"}],"wp:term":[{"taxonomy":"category","embeddable":true,"href":"https:\/\/sulsc.com\/index.php\/wp-json\/wp\/v2\/categories?post=31163"},{"taxonomy":"post_tag","embeddable":true,"href":"https:\/\/sulsc.com\/index.php\/wp-json\/wp\/v2\/tags?post=31163"}],"curies":[{"name":"wp","href":"https:\/\/api.w.org\/{rel}","templated":true}]}}