{"id":31173,"date":"2025-12-30T18:30:52","date_gmt":"2025-12-30T21:30:52","guid":{"rendered":"https:\/\/sulsc.com\/?p=31173"},"modified":"2025-12-30T18:30:52","modified_gmt":"2025-12-30T21:30:52","slug":"participacao-de-mulheres-na-sao-silvestre-2025-tem-numero-recorde","status":"publish","type":"post","link":"https:\/\/sulsc.com\/index.php\/2025\/12\/30\/participacao-de-mulheres-na-sao-silvestre-2025-tem-numero-recorde\/","title":{"rendered":"Participa\u00e7\u00e3o de mulheres na S\u00e3o Silvestre 2025 tem n\u00famero recorde"},"content":{"rendered":"<p>Ao chegar em sua cent\u00e9sima edi\u00e7\u00e3o, a Corrida Internacional de S\u00e3o Silvestre alcan\u00e7a novas marcas. Neste ano, 55 mil corredores, de 44 pa\u00edses, se inscreveram para participar da mais tradicional corrida de rua do Brasil, um recorde em sua hist\u00f3ria. Recorde tamb\u00e9m em participa\u00e7\u00e3o de mulheres, que representam 47% do total dos inscritos.<div id=\"metaslider-id-25573\" style=\"width: 100%;\" class=\"ml-slider-3-99-0 metaslider metaslider-flex metaslider-25573 ml-slider has-onhover-arrows ms-theme-default-base has-dots-nav\" role=\"region\" aria-label=\"Meio\" data-width=\"1200\">\n    <div id=\"metaslider_container_25573\">\n        <div id=\"metaslider_25573\">\n            <ul class='slides'>\n                <li style=\"display: block; width: 100%;\" class=\"slide-25684 ms-image \" aria-roledescription=\"slide\" data-date=\"2025-07-24 07:55:40\"><img src=\"https:\/\/sulsc.com\/wp-content\/uploads\/2025\/07\/Marr-2-1000x166.jpg\" height=\"200\" width=\"1200\" alt=\"\" class=\"slider-25573 slide-25684 msDefaultImage\" title=\"Marr 2\" \/><\/li>\n                <li style=\"display: none; width: 100%;\" class=\"slide-32412 ms-image \" aria-roledescription=\"slide\" data-date=\"2026-02-18 13:59:46\"><img src=\"https:\/\/sulsc.com\/wp-content\/uploads\/2026\/02\/40dc1580-cad5-4867-bc58-c4243821ad38-1000x166.jpeg\" height=\"200\" width=\"1200\" alt=\"\" class=\"slider-25573 slide-32412 msDefaultImage\" title=\"40dc1580-cad5-4867-bc58-c4243821ad38\" \/><\/li>\n                <li style=\"display: none; width: 100%;\" class=\"slide-32766 ms-image \" aria-roledescription=\"slide\" data-date=\"2026-03-03 17:22:59\"><img src=\"https:\/\/sulsc.com\/wp-content\/uploads\/2026\/03\/271ce739-f268-41c5-8051-3de1a1750359-1000x166.jpeg\" height=\"200\" width=\"1200\" alt=\"\" class=\"slider-25573 slide-32766 msDefaultImage\" title=\"271ce739-f268-41c5-8051-3de1a1750359\" \/><\/li>\n            <\/ul>\n        <\/div>\n        \n    <\/div>\n<\/div><\/p>\n<p>O aumento da participa\u00e7\u00e3o feminina na mais tradicional corrida do pa\u00eds foi celebrado pelos principais nomes do esporte brasileiro na prova. Durante entrevista \u00e0 imprensa concedida no fim da manh\u00e3 de hoje (30), na capital paulista, a <strong>atleta Nubia de Oliveira, melhor colocada na S\u00e3o Silvestre no ano passado<\/strong>, disse que esse crescimento na participa\u00e7\u00e3o de mulheres lhe motiva ainda mais para vencer a prova amanh\u00e3.<\/p>\n<p><img fetchpriority=\"high\" decoding=\"async\" class=\"aligncenter size-full wp-image-31174\" src=\"http:\/\/sulsc.com\/wp-content\/uploads\/2025\/12\/pint1919.jpg\" alt=\"\" width=\"754\" height=\"503\" srcset=\"https:\/\/sulsc.com\/wp-content\/uploads\/2025\/12\/pint1919.jpg 754w, https:\/\/sulsc.com\/wp-content\/uploads\/2025\/12\/pint1919-300x200.jpg 300w\" sizes=\"(max-width: 754px) 100vw, 754px\" \/><\/p>\n<p>Foto: Paulo Pinto\/Divulga\u00e7\u00e3o\/SulSC<\/p>\n<p>\u201cA S\u00e3o Silvestre tem 100 anos de hist\u00f3ria e, nos \u00faltimos anos, vem aumentando muito o n\u00famero de mulheres. Essa participa\u00e7\u00e3o era proibida para n\u00f3s [mulheres, no passado]. Foi s\u00f3 anos depois [a partir de 1975] que a mulher p\u00f4de participar [da S\u00e3o Silvestre]\u201d, disse.<\/p>\n<p><strong>\u201cTodas as mulheres que participaram da S\u00e3o Silvestre, e as que foram campe\u00e3s, me motivam e me inspiram, assim como a gente tamb\u00e9m, que agora est\u00e1 nesse cen\u00e1rio, motivamos outras mulheres a estarem participando [da prova]\u201d, acrescentou.<\/strong><\/p>\n<p>Na avalia\u00e7\u00e3o de Nubia, a corrida de rua aumentou muito, \u201cent\u00e3o esse \u00e9 um momento onde a mulher se reencontra e onde vencemos os nossos desafios, porque a gente n\u00e3o tem limite. A gente que imp\u00f5e os nossos limites, e a corrida mostra isso: supera\u00e7\u00e3o e determina\u00e7\u00e3o a todo momento\u201d, destacou.<\/p>\n<p><strong>A brasileira Jeane dos Santos<\/strong> foi outra corredora a exaltar o aumento da participa\u00e7\u00e3o de feminina na S\u00e3o Silvestre.<\/p>\n<p>\u201cN\u00e3o esperava hoje estar participando da cent\u00e9sima S\u00e3o Silvestre. E hoje eu me vejo nesse cen\u00e1rio lindo, que me tirou da depress\u00e3o e de uma crise de ansiedade\u201d, confessou.<\/p>\n<p>\u201cNa minha cidade, que \u00e9 Santo Ant\u00f4nio de Jesus, na Bahia, eu sou refer\u00eancia para todas mulheres. Muitas mulheres mandam mensagem para mim dizendo que come\u00e7aram a correr atrav\u00e9s de mim\u201d, disse a atleta.<\/p>\n<p>A cent\u00e9sima edi\u00e7\u00e3o da Corrida Internacional de S\u00e3o Silvestre acontece na manh\u00e3 desta quarta-feira (31) e encerra o calend\u00e1rio esportivo brasileiro. A programa\u00e7\u00e3o tem in\u00edcio \u00e0s 7h25, com a largada da categoria Cadeirantes. Em seguida, \u00e0s 7h40, ser\u00e1 a vez da Elite A e B feminina. \u00c0s 8h05 ser\u00e1 a vez dos corredores da Elite A e B masculina, pessoas com defici\u00eancia e Pelot\u00e3o Premium masculino e feminino. Em seguida, o pelot\u00e3o geral.<\/p>\n<p>Desde 1991, o percurso da S\u00e3o Silvestre tem 15 quil\u00f4metros. Com pequenos ajustes ao longo deste tempo, atualmente o trajeto passa por pontos tur\u00edsticos de S\u00e3o Paulo, com largada na Avenida Paulista, n\u00famero 2084, passando pela famosa subida da Avenida Brigadeiro Luiz Ant\u00f4nio e chegada em frente ao pr\u00e9dio da Funda\u00e7\u00e3o C\u00e1sper L\u00edbero, tamb\u00e9m na Avenida Paulista, no n\u00famero 900.<\/p>\n","protected":false},"excerpt":{"rendered":"<p>Ao chegar em sua cent\u00e9sima edi\u00e7\u00e3o, a Corrida Internacional de S\u00e3o Silvestre alcan\u00e7a novas marcas. Neste ano, 55 mil corredores, de 44 pa\u00edses, se inscreveram para participar da mais tradicional corrida de rua do Brasil, um recorde em sua hist\u00f3ria. Recorde tamb\u00e9m em participa\u00e7\u00e3o de mulheres, que representam 47% do total dos inscritos. O aumento &hellip;<\/p>\n<p class=\"read-more\"> <a class=\"\" href=\"https:\/\/sulsc.com\/index.php\/2025\/12\/30\/participacao-de-mulheres-na-sao-silvestre-2025-tem-numero-recorde\/\"> <span class=\"screen-reader-text\">Participa\u00e7\u00e3o de mulheres na S\u00e3o Silvestre 2025 tem n\u00famero recorde<\/span> Read More &raquo;<\/a><\/p>\n","protected":false},"author":3,"featured_media":31176,"comment_status":"open","ping_status":"open","sticky":false,"template":"","format":"standard","meta":{"site-sidebar-layout":"default","site-content-layout":"","ast-site-content-layout":"default","site-content-style":"default","site-sidebar-style":"default","ast-global-header-display":"","ast-banner-title-visibility":"","ast-main-header-display":"","ast-hfb-above-header-display":"","ast-hfb-below-header-display":"","ast-hfb-mobile-header-display":"","site-post-title":"","ast-breadcrumbs-content":"","ast-featured-img":"","footer-sml-layout":"","theme-transparent-header-meta":"default","adv-header-id-meta":"","stick-header-meta":"","header-above-stick-meta":"","header-main-stick-meta":"","header-below-stick-meta":"","astra-migrate-meta-layouts":"set","footnotes":""},"categories":[10,1,15,14,12],"tags":[2792],"yoast_head":"<!-- This site is optimized with the Yoast SEO plugin v21.4 - https:\/\/yoast.com\/wordpress\/plugins\/seo\/ -->\n<title>Participa\u00e7\u00e3o de mulheres na S\u00e3o Silvestre 2025 tem n\u00famero recorde -<\/title>\n<meta name=\"robots\" content=\"index, follow, max-snippet:-1, max-image-preview:large, max-video-preview:-1\" \/>\n<link rel=\"canonical\" href=\"https:\/\/sulsc.com\/index.php\/2025\/12\/30\/participacao-de-mulheres-na-sao-silvestre-2025-tem-numero-recorde\/\" \/>\n<meta property=\"og:locale\" content=\"en_US\" \/>\n<meta property=\"og:type\" content=\"article\" \/>\n<meta property=\"og:title\" content=\"Participa\u00e7\u00e3o de mulheres na S\u00e3o Silvestre 2025 tem n\u00famero recorde -\" \/>\n<meta property=\"og:description\" content=\"Ao chegar em sua cent\u00e9sima edi\u00e7\u00e3o, a Corrida Internacional de S\u00e3o Silvestre alcan\u00e7a novas marcas. Neste ano, 55 mil corredores, de 44 pa\u00edses, se inscreveram para participar da mais tradicional corrida de rua do Brasil, um recorde em sua hist\u00f3ria. Recorde tamb\u00e9m em participa\u00e7\u00e3o de mulheres, que representam 47% do total dos inscritos. O aumento &hellip; Participa\u00e7\u00e3o de mulheres na S\u00e3o Silvestre 2025 tem n\u00famero recorde Read More &raquo;\" \/>\n<meta property=\"og:url\" content=\"https:\/\/sulsc.com\/index.php\/2025\/12\/30\/participacao-de-mulheres-na-sao-silvestre-2025-tem-numero-recorde\/\" \/>\n<meta property=\"article:author\" content=\"https:\/\/www.facebook.com\/profile.php?id=61559278119680\" \/>\n<meta property=\"article:published_time\" content=\"2025-12-30T21:30:52+00:00\" \/>\n<meta property=\"og:image\" content=\"http:\/\/sulsc.com\/wp-content\/uploads\/2025\/12\/98_sao_silvestre_10.jpg\" \/>\n\t<meta property=\"og:image:width\" content=\"1170\" \/>\n\t<meta property=\"og:image:height\" content=\"700\" \/>\n\t<meta property=\"og:image:type\" content=\"image\/jpeg\" \/>\n<meta name=\"author\" content=\"Reda\u00e7\u00e3o Sul SC\" \/>\n<meta name=\"twitter:card\" content=\"summary_large_image\" \/>\n<meta name=\"twitter:creator\" content=\"@https:\/\/twitter.com\/PortalSulSC\" \/>\n<meta name=\"twitter:label1\" content=\"Written by\" \/>\n\t<meta name=\"twitter:data1\" content=\"Reda\u00e7\u00e3o Sul SC\" \/>\n\t<meta name=\"twitter:label2\" content=\"Est. reading time\" \/>\n\t<meta name=\"twitter:data2\" content=\"3 minutes\" \/>\n<script type=\"application\/ld+json\" class=\"yoast-schema-graph\">{\"@context\":\"https:\/\/schema.org\",\"@graph\":[{\"@type\":\"WebPage\",\"@id\":\"https:\/\/sulsc.com\/index.php\/2025\/12\/30\/participacao-de-mulheres-na-sao-silvestre-2025-tem-numero-recorde\/\",\"url\":\"https:\/\/sulsc.com\/index.php\/2025\/12\/30\/participacao-de-mulheres-na-sao-silvestre-2025-tem-numero-recorde\/\",\"name\":\"Participa\u00e7\u00e3o de mulheres na S\u00e3o Silvestre 2025 tem n\u00famero recorde -\",\"isPartOf\":{\"@id\":\"https:\/\/sulsc.com\/#website\"},\"datePublished\":\"2025-12-30T21:30:52+00:00\",\"dateModified\":\"2025-12-30T21:30:52+00:00\",\"author\":{\"@id\":\"https:\/\/sulsc.com\/#\/schema\/person\/84d2fc571684f6248ba83092f07750a3\"},\"breadcrumb\":{\"@id\":\"https:\/\/sulsc.com\/index.php\/2025\/12\/30\/participacao-de-mulheres-na-sao-silvestre-2025-tem-numero-recorde\/#breadcrumb\"},\"inLanguage\":\"en-US\",\"potentialAction\":[{\"@type\":\"ReadAction\",\"target\":[\"https:\/\/sulsc.com\/index.php\/2025\/12\/30\/participacao-de-mulheres-na-sao-silvestre-2025-tem-numero-recorde\/\"]}]},{\"@type\":\"BreadcrumbList\",\"@id\":\"https:\/\/sulsc.com\/index.php\/2025\/12\/30\/participacao-de-mulheres-na-sao-silvestre-2025-tem-numero-recorde\/#breadcrumb\",\"itemListElement\":[{\"@type\":\"ListItem\",\"position\":1,\"name\":\"In\u00edcio\",\"item\":\"https:\/\/sulsc.com\/\"},{\"@type\":\"ListItem\",\"position\":2,\"name\":\"Participa\u00e7\u00e3o de mulheres na S\u00e3o Silvestre 2025 tem n\u00famero recorde\"}]},{\"@type\":\"WebSite\",\"@id\":\"https:\/\/sulsc.com\/#website\",\"url\":\"https:\/\/sulsc.com\/\",\"name\":\"\",\"description\":\"\",\"potentialAction\":[{\"@type\":\"SearchAction\",\"target\":{\"@type\":\"EntryPoint\",\"urlTemplate\":\"https:\/\/sulsc.com\/?s={search_term_string}\"},\"query-input\":\"required name=search_term_string\"}],\"inLanguage\":\"en-US\"},{\"@type\":\"Person\",\"@id\":\"https:\/\/sulsc.com\/#\/schema\/person\/84d2fc571684f6248ba83092f07750a3\",\"name\":\"Reda\u00e7\u00e3o Sul SC\",\"image\":{\"@type\":\"ImageObject\",\"inLanguage\":\"en-US\",\"@id\":\"https:\/\/sulsc.com\/#\/schema\/person\/image\/e08d7fe2cc4ed596372063bbe852b8d0\",\"url\":\"https:\/\/sulsc.com\/wp-content\/uploads\/2023\/09\/redacao.png\",\"contentUrl\":\"https:\/\/sulsc.com\/wp-content\/uploads\/2023\/09\/redacao.png\",\"caption\":\"Reda\u00e7\u00e3o Sul SC\"},\"description\":\"Foco em um jornalismo imparcial, voltado \u00e0 qualidade dos seus conte\u00fados e, assim, levar informa\u00e7\u00e3o de valor que agregue \u00e0 vida dos leitores. Esta \u00e9 grande miss\u00e3o do Portal de Not\u00edcias Sul SC. N\u00e3o \u00e9 quantidade que muda o mundo, sempre foi e seguir\u00e1 sendo qualidade!\",\"sameAs\":[\"https:\/\/sulsc.com\/\",\"https:\/\/www.facebook.com\/profile.php?id=61559278119680\",\"https:\/\/www.instagram.com\/sulscportal\/?hl=pt-br\",\"https:\/\/twitter.com\/https:\/\/twitter.com\/PortalSulSC\",\"https:\/\/www.youtube.com\/channel\/UCv_BE8GeySluDov2n8qhVmw\"],\"url\":\"https:\/\/sulsc.com\/index.php\/author\/redacao\/\"}]}<\/script>\n<!-- \/ Yoast SEO plugin. -->","yoast_head_json":{"title":"Participa\u00e7\u00e3o de mulheres na S\u00e3o Silvestre 2025 tem n\u00famero recorde -","robots":{"index":"index","follow":"follow","max-snippet":"max-snippet:-1","max-image-preview":"max-image-preview:large","max-video-preview":"max-video-preview:-1"},"canonical":"https:\/\/sulsc.com\/index.php\/2025\/12\/30\/participacao-de-mulheres-na-sao-silvestre-2025-tem-numero-recorde\/","og_locale":"en_US","og_type":"article","og_title":"Participa\u00e7\u00e3o de mulheres na S\u00e3o Silvestre 2025 tem n\u00famero recorde -","og_description":"Ao chegar em sua cent\u00e9sima edi\u00e7\u00e3o, a Corrida Internacional de S\u00e3o Silvestre alcan\u00e7a novas marcas. Neste ano, 55 mil corredores, de 44 pa\u00edses, se inscreveram para participar da mais tradicional corrida de rua do Brasil, um recorde em sua hist\u00f3ria. Recorde tamb\u00e9m em participa\u00e7\u00e3o de mulheres, que representam 47% do total dos inscritos. O aumento &hellip; Participa\u00e7\u00e3o de mulheres na S\u00e3o Silvestre 2025 tem n\u00famero recorde Read More &raquo;","og_url":"https:\/\/sulsc.com\/index.php\/2025\/12\/30\/participacao-de-mulheres-na-sao-silvestre-2025-tem-numero-recorde\/","article_author":"https:\/\/www.facebook.com\/profile.php?id=61559278119680","article_published_time":"2025-12-30T21:30:52+00:00","og_image":[{"width":1170,"height":700,"url":"http:\/\/sulsc.com\/wp-content\/uploads\/2025\/12\/98_sao_silvestre_10.jpg","type":"image\/jpeg"}],"author":"Reda\u00e7\u00e3o Sul SC","twitter_card":"summary_large_image","twitter_creator":"@https:\/\/twitter.com\/PortalSulSC","twitter_misc":{"Written by":"Reda\u00e7\u00e3o Sul SC","Est. reading time":"3 minutes"},"schema":{"@context":"https:\/\/schema.org","@graph":[{"@type":"WebPage","@id":"https:\/\/sulsc.com\/index.php\/2025\/12\/30\/participacao-de-mulheres-na-sao-silvestre-2025-tem-numero-recorde\/","url":"https:\/\/sulsc.com\/index.php\/2025\/12\/30\/participacao-de-mulheres-na-sao-silvestre-2025-tem-numero-recorde\/","name":"Participa\u00e7\u00e3o de mulheres na S\u00e3o Silvestre 2025 tem n\u00famero recorde -","isPartOf":{"@id":"https:\/\/sulsc.com\/#website"},"datePublished":"2025-12-30T21:30:52+00:00","dateModified":"2025-12-30T21:30:52+00:00","author":{"@id":"https:\/\/sulsc.com\/#\/schema\/person\/84d2fc571684f6248ba83092f07750a3"},"breadcrumb":{"@id":"https:\/\/sulsc.com\/index.php\/2025\/12\/30\/participacao-de-mulheres-na-sao-silvestre-2025-tem-numero-recorde\/#breadcrumb"},"inLanguage":"en-US","potentialAction":[{"@type":"ReadAction","target":["https:\/\/sulsc.com\/index.php\/2025\/12\/30\/participacao-de-mulheres-na-sao-silvestre-2025-tem-numero-recorde\/"]}]},{"@type":"BreadcrumbList","@id":"https:\/\/sulsc.com\/index.php\/2025\/12\/30\/participacao-de-mulheres-na-sao-silvestre-2025-tem-numero-recorde\/#breadcrumb","itemListElement":[{"@type":"ListItem","position":1,"name":"In\u00edcio","item":"https:\/\/sulsc.com\/"},{"@type":"ListItem","position":2,"name":"Participa\u00e7\u00e3o de mulheres na S\u00e3o Silvestre 2025 tem n\u00famero recorde"}]},{"@type":"WebSite","@id":"https:\/\/sulsc.com\/#website","url":"https:\/\/sulsc.com\/","name":"","description":"","potentialAction":[{"@type":"SearchAction","target":{"@type":"EntryPoint","urlTemplate":"https:\/\/sulsc.com\/?s={search_term_string}"},"query-input":"required name=search_term_string"}],"inLanguage":"en-US"},{"@type":"Person","@id":"https:\/\/sulsc.com\/#\/schema\/person\/84d2fc571684f6248ba83092f07750a3","name":"Reda\u00e7\u00e3o Sul SC","image":{"@type":"ImageObject","inLanguage":"en-US","@id":"https:\/\/sulsc.com\/#\/schema\/person\/image\/e08d7fe2cc4ed596372063bbe852b8d0","url":"https:\/\/sulsc.com\/wp-content\/uploads\/2023\/09\/redacao.png","contentUrl":"https:\/\/sulsc.com\/wp-content\/uploads\/2023\/09\/redacao.png","caption":"Reda\u00e7\u00e3o Sul SC"},"description":"Foco em um jornalismo imparcial, voltado \u00e0 qualidade dos seus conte\u00fados e, assim, levar informa\u00e7\u00e3o de valor que agregue \u00e0 vida dos leitores. Esta \u00e9 grande miss\u00e3o do Portal de Not\u00edcias Sul SC. N\u00e3o \u00e9 quantidade que muda o mundo, sempre foi e seguir\u00e1 sendo qualidade!","sameAs":["https:\/\/sulsc.com\/","https:\/\/www.facebook.com\/profile.php?id=61559278119680","https:\/\/www.instagram.com\/sulscportal\/?hl=pt-br","https:\/\/twitter.com\/https:\/\/twitter.com\/PortalSulSC","https:\/\/www.youtube.com\/channel\/UCv_BE8GeySluDov2n8qhVmw"],"url":"https:\/\/sulsc.com\/index.php\/author\/redacao\/"}]}},"authors":[],"_links":{"self":[{"href":"https:\/\/sulsc.com\/index.php\/wp-json\/wp\/v2\/posts\/31173"}],"collection":[{"href":"https:\/\/sulsc.com\/index.php\/wp-json\/wp\/v2\/posts"}],"about":[{"href":"https:\/\/sulsc.com\/index.php\/wp-json\/wp\/v2\/types\/post"}],"author":[{"embeddable":true,"href":"https:\/\/sulsc.com\/index.php\/wp-json\/wp\/v2\/users\/3"}],"replies":[{"embeddable":true,"href":"https:\/\/sulsc.com\/index.php\/wp-json\/wp\/v2\/comments?post=31173"}],"version-history":[{"count":1,"href":"https:\/\/sulsc.com\/index.php\/wp-json\/wp\/v2\/posts\/31173\/revisions"}],"predecessor-version":[{"id":31177,"href":"https:\/\/sulsc.com\/index.php\/wp-json\/wp\/v2\/posts\/31173\/revisions\/31177"}],"wp:featuredmedia":[{"embeddable":true,"href":"https:\/\/sulsc.com\/index.php\/wp-json\/wp\/v2\/media\/31176"}],"wp:attachment":[{"href":"https:\/\/sulsc.com\/index.php\/wp-json\/wp\/v2\/media?parent=31173"}],"wp:term":[{"taxonomy":"category","embeddable":true,"href":"https:\/\/sulsc.com\/index.php\/wp-json\/wp\/v2\/categories?post=31173"},{"taxonomy":"post_tag","embeddable":true,"href":"https:\/\/sulsc.com\/index.php\/wp-json\/wp\/v2\/tags?post=31173"}],"curies":[{"name":"wp","href":"https:\/\/api.w.org\/{rel}","templated":true}]}}