{"id":31183,"date":"2025-12-31T06:48:00","date_gmt":"2025-12-31T09:48:00","guid":{"rendered":"https:\/\/sulsc.com\/?p=31183"},"modified":"2025-12-31T06:48:00","modified_gmt":"2025-12-31T09:48:00","slug":"cinco-veiculos-se-envolve-em-acidente-na-br-101-na-noite-de-terca-feira-em-tubarao","status":"publish","type":"post","link":"https:\/\/sulsc.com\/index.php\/2025\/12\/31\/cinco-veiculos-se-envolve-em-acidente-na-br-101-na-noite-de-terca-feira-em-tubarao\/","title":{"rendered":"Cinco ve\u00edculos se envolve em acidente na BR-101 na noite de Ter\u00e7a-feira em Tubar\u00e3o"},"content":{"rendered":"<p>Na noite desta ter\u00e7a-feira (30), o Corpo de Bombeiros de Tubar\u00e3o por volta das 21h:30, foi acionado para atendimento de um grave de acidente na BR-101 entre os bairros Fabio Silva e Morrotes, na colis\u00e3o acabaram se envolvendo cinco ve\u00edculos, sendo: uma carreta, um caminh\u00e3o, uma ambul\u00e2ncia (prefeitura de Treze de Maio) e dois ve\u00edculos de passeio.<\/p>\n<div id=\"metaslider-id-25573\" style=\"width: 100%;\" class=\"ml-slider-3-99-0 metaslider metaslider-flex metaslider-25573 ml-slider has-onhover-arrows ms-theme-default-base has-dots-nav\" role=\"region\" aria-label=\"Meio\" data-width=\"1200\">\n    <div id=\"metaslider_container_25573\">\n        <div id=\"metaslider_25573\">\n            <ul class='slides'>\n                <li style=\"display: block; width: 100%;\" class=\"slide-25684 ms-image \" aria-roledescription=\"slide\" data-date=\"2025-07-24 07:55:40\"><img src=\"https:\/\/sulsc.com\/wp-content\/uploads\/2025\/07\/Marr-2-1000x166.jpg\" height=\"200\" width=\"1200\" alt=\"\" class=\"slider-25573 slide-25684 msDefaultImage\" title=\"Marr 2\" \/><\/li>\n                <li style=\"display: none; width: 100%;\" class=\"slide-32412 ms-image \" aria-roledescription=\"slide\" data-date=\"2026-02-18 13:59:46\"><img src=\"https:\/\/sulsc.com\/wp-content\/uploads\/2026\/02\/40dc1580-cad5-4867-bc58-c4243821ad38-1000x166.jpeg\" height=\"200\" width=\"1200\" alt=\"\" class=\"slider-25573 slide-32412 msDefaultImage\" title=\"40dc1580-cad5-4867-bc58-c4243821ad38\" \/><\/li>\n                <li style=\"display: none; width: 100%;\" class=\"slide-32766 ms-image \" aria-roledescription=\"slide\" data-date=\"2026-03-03 17:22:59\"><img src=\"https:\/\/sulsc.com\/wp-content\/uploads\/2026\/03\/271ce739-f268-41c5-8051-3de1a1750359-1000x166.jpeg\" height=\"200\" width=\"1200\" alt=\"\" class=\"slider-25573 slide-32766 msDefaultImage\" title=\"271ce739-f268-41c5-8051-3de1a1750359\" \/><\/li>\n            <\/ul>\n        <\/div>\n        \n    <\/div>\n<\/div>\n<p>Segundo o Corpo de Bombeiros, estavam no local sete v\u00edtimas, todas conscientes e orientadas, sem necessidade de atendimento pr\u00e9-hospitalar ou condu\u00e7\u00e3o, apesar do numero de ve\u00edculos envolvidos felizmente o acidente foi apenas com danos materiais.<\/p>\n<p>&nbsp;<\/p>\n<p><img fetchpriority=\"high\" decoding=\"async\" class=\"aligncenter size-full wp-image-31185\" src=\"http:\/\/sulsc.com\/wp-content\/uploads\/2025\/12\/975184c5-a08d-47f3-82df-90f2a8ead036.jpeg\" alt=\"\" width=\"1074\" height=\"938\" srcset=\"https:\/\/sulsc.com\/wp-content\/uploads\/2025\/12\/975184c5-a08d-47f3-82df-90f2a8ead036.jpeg 1074w, https:\/\/sulsc.com\/wp-content\/uploads\/2025\/12\/975184c5-a08d-47f3-82df-90f2a8ead036-300x262.jpeg 300w, https:\/\/sulsc.com\/wp-content\/uploads\/2025\/12\/975184c5-a08d-47f3-82df-90f2a8ead036-1024x894.jpeg 1024w, https:\/\/sulsc.com\/wp-content\/uploads\/2025\/12\/975184c5-a08d-47f3-82df-90f2a8ead036-768x671.jpeg 768w\" sizes=\"(max-width: 1074px) 100vw, 1074px\" \/><\/p>\n<p>CBMSC\/Divulga\u00e7\u00e3o\/SulSC<\/p>\n<p>A guarni\u00e7\u00e3o realizou a sinaliza\u00e7\u00e3o da via, isolamento e seguran\u00e7a do local, bem como apoio na retirada dos ve\u00edculos envolvidos e limpeza da pista, visando restabelecer a seguran\u00e7a e a libera\u00e7\u00e3o do tr\u00e1fego.<br \/>\nAtuaram em conjunto na ocorr\u00eancia a concession\u00e1ria da via (CCR) e a Pol\u00edcia Rodovi\u00e1ria Federal (PRF). Ap\u00f3s a finaliza\u00e7\u00e3o dos trabalhos, o local permaneceu sob responsabilidade da PRF e da CCR.<\/p>\n<p><img decoding=\"async\" class=\"aligncenter size-full wp-image-31184\" src=\"http:\/\/sulsc.com\/wp-content\/uploads\/2025\/12\/e8fd6cd5-cbf5-472e-b4ab-dc2ee44ef2a9.jpeg\" alt=\"\" width=\"1204\" height=\"1600\" srcset=\"https:\/\/sulsc.com\/wp-content\/uploads\/2025\/12\/e8fd6cd5-cbf5-472e-b4ab-dc2ee44ef2a9.jpeg 1204w, https:\/\/sulsc.com\/wp-content\/uploads\/2025\/12\/e8fd6cd5-cbf5-472e-b4ab-dc2ee44ef2a9-226x300.jpeg 226w, https:\/\/sulsc.com\/wp-content\/uploads\/2025\/12\/e8fd6cd5-cbf5-472e-b4ab-dc2ee44ef2a9-771x1024.jpeg 771w, https:\/\/sulsc.com\/wp-content\/uploads\/2025\/12\/e8fd6cd5-cbf5-472e-b4ab-dc2ee44ef2a9-768x1021.jpeg 768w, https:\/\/sulsc.com\/wp-content\/uploads\/2025\/12\/e8fd6cd5-cbf5-472e-b4ab-dc2ee44ef2a9-1156x1536.jpeg 1156w\" sizes=\"(max-width: 1204px) 100vw, 1204px\" \/><\/p>\n","protected":false},"excerpt":{"rendered":"<p>Na noite desta ter\u00e7a-feira (30), o Corpo de Bombeiros de Tubar\u00e3o por volta das 21h:30, foi acionado para atendimento de um grave de acidente na BR-101 entre os bairros Fabio Silva e Morrotes, na colis\u00e3o acabaram se envolvendo cinco ve\u00edculos, sendo: uma carreta, um caminh\u00e3o, uma ambul\u00e2ncia (prefeitura de Treze de Maio) e dois ve\u00edculos &hellip;<\/p>\n<p class=\"read-more\"> <a class=\"\" href=\"https:\/\/sulsc.com\/index.php\/2025\/12\/31\/cinco-veiculos-se-envolve-em-acidente-na-br-101-na-noite-de-terca-feira-em-tubarao\/\"> <span class=\"screen-reader-text\">Cinco ve\u00edculos se envolve em acidente na BR-101 na noite de Ter\u00e7a-feira em Tubar\u00e3o<\/span> Read More &raquo;<\/a><\/p>\n","protected":false},"author":3,"featured_media":31186,"comment_status":"open","ping_status":"open","sticky":false,"template":"","format":"standard","meta":{"site-sidebar-layout":"default","site-content-layout":"","ast-site-content-layout":"default","site-content-style":"default","site-sidebar-style":"default","ast-global-header-display":"","ast-banner-title-visibility":"","ast-main-header-display":"","ast-hfb-above-header-display":"","ast-hfb-below-header-display":"","ast-hfb-mobile-header-display":"","site-post-title":"","ast-breadcrumbs-content":"","ast-featured-img":"","footer-sml-layout":"","theme-transparent-header-meta":"default","adv-header-id-meta":"","stick-header-meta":"","header-above-stick-meta":"","header-main-stick-meta":"","header-below-stick-meta":"","astra-migrate-meta-layouts":"set","footnotes":""},"categories":[2354,2231,1,14,2782,21,12],"tags":[224],"yoast_head":"<!-- This site is optimized with the Yoast SEO plugin v21.4 - https:\/\/yoast.com\/wordpress\/plugins\/seo\/ -->\n<title>Cinco ve\u00edculos se envolve em acidente na BR-101 na noite de Ter\u00e7a-feira em Tubar\u00e3o -<\/title>\n<meta name=\"robots\" content=\"index, follow, max-snippet:-1, max-image-preview:large, max-video-preview:-1\" \/>\n<link rel=\"canonical\" href=\"https:\/\/sulsc.com\/index.php\/2025\/12\/31\/cinco-veiculos-se-envolve-em-acidente-na-br-101-na-noite-de-terca-feira-em-tubarao\/\" \/>\n<meta property=\"og:locale\" content=\"en_US\" \/>\n<meta property=\"og:type\" content=\"article\" \/>\n<meta property=\"og:title\" content=\"Cinco ve\u00edculos se envolve em acidente na BR-101 na noite de Ter\u00e7a-feira em Tubar\u00e3o -\" \/>\n<meta property=\"og:description\" content=\"Na noite desta ter\u00e7a-feira (30), o Corpo de Bombeiros de Tubar\u00e3o por volta das 21h:30, foi acionado para atendimento de um grave de acidente na BR-101 entre os bairros Fabio Silva e Morrotes, na colis\u00e3o acabaram se envolvendo cinco ve\u00edculos, sendo: uma carreta, um caminh\u00e3o, uma ambul\u00e2ncia (prefeitura de Treze de Maio) e dois ve\u00edculos &hellip; Cinco ve\u00edculos se envolve em acidente na BR-101 na noite de Ter\u00e7a-feira em Tubar\u00e3o Read More &raquo;\" \/>\n<meta property=\"og:url\" content=\"https:\/\/sulsc.com\/index.php\/2025\/12\/31\/cinco-veiculos-se-envolve-em-acidente-na-br-101-na-noite-de-terca-feira-em-tubarao\/\" \/>\n<meta property=\"article:author\" content=\"https:\/\/www.facebook.com\/profile.php?id=61559278119680\" \/>\n<meta property=\"article:published_time\" content=\"2025-12-31T09:48:00+00:00\" \/>\n<meta property=\"og:image\" content=\"http:\/\/sulsc.com\/wp-content\/uploads\/2025\/12\/5749e3aa-66e7-42c4-935b-b954ec020f97.jpeg\" \/>\n\t<meta property=\"og:image:width\" content=\"1080\" \/>\n\t<meta property=\"og:image:height\" content=\"946\" \/>\n\t<meta property=\"og:image:type\" content=\"image\/jpeg\" \/>\n<meta name=\"author\" content=\"Reda\u00e7\u00e3o Sul SC\" \/>\n<meta name=\"twitter:card\" content=\"summary_large_image\" \/>\n<meta name=\"twitter:creator\" content=\"@https:\/\/twitter.com\/PortalSulSC\" \/>\n<meta name=\"twitter:label1\" content=\"Written by\" \/>\n\t<meta name=\"twitter:data1\" content=\"Reda\u00e7\u00e3o Sul SC\" \/>\n\t<meta name=\"twitter:label2\" content=\"Est. reading time\" \/>\n\t<meta name=\"twitter:data2\" content=\"2 minutes\" \/>\n<script type=\"application\/ld+json\" class=\"yoast-schema-graph\">{\"@context\":\"https:\/\/schema.org\",\"@graph\":[{\"@type\":\"WebPage\",\"@id\":\"https:\/\/sulsc.com\/index.php\/2025\/12\/31\/cinco-veiculos-se-envolve-em-acidente-na-br-101-na-noite-de-terca-feira-em-tubarao\/\",\"url\":\"https:\/\/sulsc.com\/index.php\/2025\/12\/31\/cinco-veiculos-se-envolve-em-acidente-na-br-101-na-noite-de-terca-feira-em-tubarao\/\",\"name\":\"Cinco ve\u00edculos se envolve em acidente na BR-101 na noite de Ter\u00e7a-feira em Tubar\u00e3o -\",\"isPartOf\":{\"@id\":\"https:\/\/sulsc.com\/#website\"},\"datePublished\":\"2025-12-31T09:48:00+00:00\",\"dateModified\":\"2025-12-31T09:48:00+00:00\",\"author\":{\"@id\":\"https:\/\/sulsc.com\/#\/schema\/person\/84d2fc571684f6248ba83092f07750a3\"},\"breadcrumb\":{\"@id\":\"https:\/\/sulsc.com\/index.php\/2025\/12\/31\/cinco-veiculos-se-envolve-em-acidente-na-br-101-na-noite-de-terca-feira-em-tubarao\/#breadcrumb\"},\"inLanguage\":\"en-US\",\"potentialAction\":[{\"@type\":\"ReadAction\",\"target\":[\"https:\/\/sulsc.com\/index.php\/2025\/12\/31\/cinco-veiculos-se-envolve-em-acidente-na-br-101-na-noite-de-terca-feira-em-tubarao\/\"]}]},{\"@type\":\"BreadcrumbList\",\"@id\":\"https:\/\/sulsc.com\/index.php\/2025\/12\/31\/cinco-veiculos-se-envolve-em-acidente-na-br-101-na-noite-de-terca-feira-em-tubarao\/#breadcrumb\",\"itemListElement\":[{\"@type\":\"ListItem\",\"position\":1,\"name\":\"In\u00edcio\",\"item\":\"https:\/\/sulsc.com\/\"},{\"@type\":\"ListItem\",\"position\":2,\"name\":\"Cinco ve\u00edculos se envolve em acidente na BR-101 na noite de Ter\u00e7a-feira em Tubar\u00e3o\"}]},{\"@type\":\"WebSite\",\"@id\":\"https:\/\/sulsc.com\/#website\",\"url\":\"https:\/\/sulsc.com\/\",\"name\":\"\",\"description\":\"\",\"potentialAction\":[{\"@type\":\"SearchAction\",\"target\":{\"@type\":\"EntryPoint\",\"urlTemplate\":\"https:\/\/sulsc.com\/?s={search_term_string}\"},\"query-input\":\"required name=search_term_string\"}],\"inLanguage\":\"en-US\"},{\"@type\":\"Person\",\"@id\":\"https:\/\/sulsc.com\/#\/schema\/person\/84d2fc571684f6248ba83092f07750a3\",\"name\":\"Reda\u00e7\u00e3o Sul SC\",\"image\":{\"@type\":\"ImageObject\",\"inLanguage\":\"en-US\",\"@id\":\"https:\/\/sulsc.com\/#\/schema\/person\/image\/e08d7fe2cc4ed596372063bbe852b8d0\",\"url\":\"https:\/\/sulsc.com\/wp-content\/uploads\/2023\/09\/redacao.png\",\"contentUrl\":\"https:\/\/sulsc.com\/wp-content\/uploads\/2023\/09\/redacao.png\",\"caption\":\"Reda\u00e7\u00e3o Sul SC\"},\"description\":\"Foco em um jornalismo imparcial, voltado \u00e0 qualidade dos seus conte\u00fados e, assim, levar informa\u00e7\u00e3o de valor que agregue \u00e0 vida dos leitores. Esta \u00e9 grande miss\u00e3o do Portal de Not\u00edcias Sul SC. N\u00e3o \u00e9 quantidade que muda o mundo, sempre foi e seguir\u00e1 sendo qualidade!\",\"sameAs\":[\"https:\/\/sulsc.com\/\",\"https:\/\/www.facebook.com\/profile.php?id=61559278119680\",\"https:\/\/www.instagram.com\/sulscportal\/?hl=pt-br\",\"https:\/\/twitter.com\/https:\/\/twitter.com\/PortalSulSC\",\"https:\/\/www.youtube.com\/channel\/UCv_BE8GeySluDov2n8qhVmw\"],\"url\":\"https:\/\/sulsc.com\/index.php\/author\/redacao\/\"}]}<\/script>\n<!-- \/ Yoast SEO plugin. -->","yoast_head_json":{"title":"Cinco ve\u00edculos se envolve em acidente na BR-101 na noite de Ter\u00e7a-feira em Tubar\u00e3o -","robots":{"index":"index","follow":"follow","max-snippet":"max-snippet:-1","max-image-preview":"max-image-preview:large","max-video-preview":"max-video-preview:-1"},"canonical":"https:\/\/sulsc.com\/index.php\/2025\/12\/31\/cinco-veiculos-se-envolve-em-acidente-na-br-101-na-noite-de-terca-feira-em-tubarao\/","og_locale":"en_US","og_type":"article","og_title":"Cinco ve\u00edculos se envolve em acidente na BR-101 na noite de Ter\u00e7a-feira em Tubar\u00e3o -","og_description":"Na noite desta ter\u00e7a-feira (30), o Corpo de Bombeiros de Tubar\u00e3o por volta das 21h:30, foi acionado para atendimento de um grave de acidente na BR-101 entre os bairros Fabio Silva e Morrotes, na colis\u00e3o acabaram se envolvendo cinco ve\u00edculos, sendo: uma carreta, um caminh\u00e3o, uma ambul\u00e2ncia (prefeitura de Treze de Maio) e dois ve\u00edculos &hellip; Cinco ve\u00edculos se envolve em acidente na BR-101 na noite de Ter\u00e7a-feira em Tubar\u00e3o Read More &raquo;","og_url":"https:\/\/sulsc.com\/index.php\/2025\/12\/31\/cinco-veiculos-se-envolve-em-acidente-na-br-101-na-noite-de-terca-feira-em-tubarao\/","article_author":"https:\/\/www.facebook.com\/profile.php?id=61559278119680","article_published_time":"2025-12-31T09:48:00+00:00","og_image":[{"width":1080,"height":946,"url":"http:\/\/sulsc.com\/wp-content\/uploads\/2025\/12\/5749e3aa-66e7-42c4-935b-b954ec020f97.jpeg","type":"image\/jpeg"}],"author":"Reda\u00e7\u00e3o Sul SC","twitter_card":"summary_large_image","twitter_creator":"@https:\/\/twitter.com\/PortalSulSC","twitter_misc":{"Written by":"Reda\u00e7\u00e3o Sul SC","Est. reading time":"2 minutes"},"schema":{"@context":"https:\/\/schema.org","@graph":[{"@type":"WebPage","@id":"https:\/\/sulsc.com\/index.php\/2025\/12\/31\/cinco-veiculos-se-envolve-em-acidente-na-br-101-na-noite-de-terca-feira-em-tubarao\/","url":"https:\/\/sulsc.com\/index.php\/2025\/12\/31\/cinco-veiculos-se-envolve-em-acidente-na-br-101-na-noite-de-terca-feira-em-tubarao\/","name":"Cinco ve\u00edculos se envolve em acidente na BR-101 na noite de Ter\u00e7a-feira em Tubar\u00e3o -","isPartOf":{"@id":"https:\/\/sulsc.com\/#website"},"datePublished":"2025-12-31T09:48:00+00:00","dateModified":"2025-12-31T09:48:00+00:00","author":{"@id":"https:\/\/sulsc.com\/#\/schema\/person\/84d2fc571684f6248ba83092f07750a3"},"breadcrumb":{"@id":"https:\/\/sulsc.com\/index.php\/2025\/12\/31\/cinco-veiculos-se-envolve-em-acidente-na-br-101-na-noite-de-terca-feira-em-tubarao\/#breadcrumb"},"inLanguage":"en-US","potentialAction":[{"@type":"ReadAction","target":["https:\/\/sulsc.com\/index.php\/2025\/12\/31\/cinco-veiculos-se-envolve-em-acidente-na-br-101-na-noite-de-terca-feira-em-tubarao\/"]}]},{"@type":"BreadcrumbList","@id":"https:\/\/sulsc.com\/index.php\/2025\/12\/31\/cinco-veiculos-se-envolve-em-acidente-na-br-101-na-noite-de-terca-feira-em-tubarao\/#breadcrumb","itemListElement":[{"@type":"ListItem","position":1,"name":"In\u00edcio","item":"https:\/\/sulsc.com\/"},{"@type":"ListItem","position":2,"name":"Cinco ve\u00edculos se envolve em acidente na BR-101 na noite de Ter\u00e7a-feira em Tubar\u00e3o"}]},{"@type":"WebSite","@id":"https:\/\/sulsc.com\/#website","url":"https:\/\/sulsc.com\/","name":"","description":"","potentialAction":[{"@type":"SearchAction","target":{"@type":"EntryPoint","urlTemplate":"https:\/\/sulsc.com\/?s={search_term_string}"},"query-input":"required name=search_term_string"}],"inLanguage":"en-US"},{"@type":"Person","@id":"https:\/\/sulsc.com\/#\/schema\/person\/84d2fc571684f6248ba83092f07750a3","name":"Reda\u00e7\u00e3o Sul SC","image":{"@type":"ImageObject","inLanguage":"en-US","@id":"https:\/\/sulsc.com\/#\/schema\/person\/image\/e08d7fe2cc4ed596372063bbe852b8d0","url":"https:\/\/sulsc.com\/wp-content\/uploads\/2023\/09\/redacao.png","contentUrl":"https:\/\/sulsc.com\/wp-content\/uploads\/2023\/09\/redacao.png","caption":"Reda\u00e7\u00e3o Sul SC"},"description":"Foco em um jornalismo imparcial, voltado \u00e0 qualidade dos seus conte\u00fados e, assim, levar informa\u00e7\u00e3o de valor que agregue \u00e0 vida dos leitores. Esta \u00e9 grande miss\u00e3o do Portal de Not\u00edcias Sul SC. N\u00e3o \u00e9 quantidade que muda o mundo, sempre foi e seguir\u00e1 sendo qualidade!","sameAs":["https:\/\/sulsc.com\/","https:\/\/www.facebook.com\/profile.php?id=61559278119680","https:\/\/www.instagram.com\/sulscportal\/?hl=pt-br","https:\/\/twitter.com\/https:\/\/twitter.com\/PortalSulSC","https:\/\/www.youtube.com\/channel\/UCv_BE8GeySluDov2n8qhVmw"],"url":"https:\/\/sulsc.com\/index.php\/author\/redacao\/"}]}},"authors":[],"_links":{"self":[{"href":"https:\/\/sulsc.com\/index.php\/wp-json\/wp\/v2\/posts\/31183"}],"collection":[{"href":"https:\/\/sulsc.com\/index.php\/wp-json\/wp\/v2\/posts"}],"about":[{"href":"https:\/\/sulsc.com\/index.php\/wp-json\/wp\/v2\/types\/post"}],"author":[{"embeddable":true,"href":"https:\/\/sulsc.com\/index.php\/wp-json\/wp\/v2\/users\/3"}],"replies":[{"embeddable":true,"href":"https:\/\/sulsc.com\/index.php\/wp-json\/wp\/v2\/comments?post=31183"}],"version-history":[{"count":1,"href":"https:\/\/sulsc.com\/index.php\/wp-json\/wp\/v2\/posts\/31183\/revisions"}],"predecessor-version":[{"id":31187,"href":"https:\/\/sulsc.com\/index.php\/wp-json\/wp\/v2\/posts\/31183\/revisions\/31187"}],"wp:featuredmedia":[{"embeddable":true,"href":"https:\/\/sulsc.com\/index.php\/wp-json\/wp\/v2\/media\/31186"}],"wp:attachment":[{"href":"https:\/\/sulsc.com\/index.php\/wp-json\/wp\/v2\/media?parent=31183"}],"wp:term":[{"taxonomy":"category","embeddable":true,"href":"https:\/\/sulsc.com\/index.php\/wp-json\/wp\/v2\/categories?post=31183"},{"taxonomy":"post_tag","embeddable":true,"href":"https:\/\/sulsc.com\/index.php\/wp-json\/wp\/v2\/tags?post=31183"}],"curies":[{"name":"wp","href":"https:\/\/api.w.org\/{rel}","templated":true}]}}