{"id":31188,"date":"2025-12-31T07:05:16","date_gmt":"2025-12-31T10:05:16","guid":{"rendered":"https:\/\/sulsc.com\/?p=31188"},"modified":"2025-12-31T07:05:16","modified_gmt":"2025-12-31T10:05:16","slug":"alerta-de-temporais-marcam-a-vespera-de-ano-novo-no-estado","status":"publish","type":"post","link":"https:\/\/sulsc.com\/index.php\/2025\/12\/31\/alerta-de-temporais-marcam-a-vespera-de-ano-novo-no-estado\/","title":{"rendered":"Alerta de Temporais marcam a V\u00e9spera de Ano Novo no estado"},"content":{"rendered":"<p>Nesta quarta-feira (31), v\u00e9spera de Ano Novo, o sistema de baixa press\u00e3o formado na costa do estado se desloca gradualmente para o alto mar ao longo do dia, mas ainda segue influenciando o transporte de umidade do oceano para o continente. Entre o final da manh\u00e3 e \u00e0 noite, o calor e a elevada disponibilidade de umidade favorecem temporais isolados em todas as regi\u00f5es. Na metade leste do estado, o risco \u00e9 moderado a alto e no restante do estado, o risco \u00e9 moderado para alagamentos, enxurradas, deslizamentos pontuais, queda de galhos e \u00e1rvores e destelhamentos. Al\u00e9m da chuva pontualmente intensa, os temporais podem ser acompanhados de raios, rajadas de vento e eventual queda de granizo.<\/p>\n<p><strong>Temperaturas<\/strong><\/p>\n<p>As m\u00e1ximas variam entre 30\u00b0C e 34\u00b0C entre o Vale do Itaja\u00ed e o Litoral Norte e entre 25\u00b0C e 32\u00b0C nas demais regi\u00f5es.<\/p>\n<p><img fetchpriority=\"high\" decoding=\"async\" class=\"aligncenter size-full wp-image-31189\" src=\"http:\/\/sulsc.com\/wp-content\/uploads\/2025\/12\/image-901-1536x1051-1.png\" alt=\"\" width=\"1536\" height=\"1051\" srcset=\"https:\/\/sulsc.com\/wp-content\/uploads\/2025\/12\/image-901-1536x1051-1.png 1536w, https:\/\/sulsc.com\/wp-content\/uploads\/2025\/12\/image-901-1536x1051-1-300x205.png 300w, https:\/\/sulsc.com\/wp-content\/uploads\/2025\/12\/image-901-1536x1051-1-1024x701.png 1024w, https:\/\/sulsc.com\/wp-content\/uploads\/2025\/12\/image-901-1536x1051-1-768x526.png 768w\" sizes=\"(max-width: 1536px) 100vw, 1536px\" \/><\/p>\n<p><img decoding=\"async\" class=\"aligncenter size-full wp-image-22836\" src=\"http:\/\/sulsc.com\/wp-content\/uploads\/2025\/04\/Tempo-2.png\" alt=\"\" width=\"1024\" height=\"189\" srcset=\"https:\/\/sulsc.com\/wp-content\/uploads\/2025\/04\/Tempo-2.png 1024w, https:\/\/sulsc.com\/wp-content\/uploads\/2025\/04\/Tempo-2-300x55.png 300w, https:\/\/sulsc.com\/wp-content\/uploads\/2025\/04\/Tempo-2-768x142.png 768w\" sizes=\"(max-width: 1024px) 100vw, 1024px\" \/><\/p>\n<p><strong>Ventos:<\/strong> nordeste a noroeste, fraco a moderado.<\/p>\n<p><strong>Sistema predominante:<\/strong> baixa press\u00e3o se afasta para alto mar. Massa de ar quente e \u00famido permanece sobre SC.<\/p>\n<div id=\"metaslider-id-25573\" style=\"width: 100%;\" class=\"ml-slider-3-99-0 metaslider metaslider-flex metaslider-25573 ml-slider has-onhover-arrows ms-theme-default-base has-dots-nav\" role=\"region\" aria-label=\"Meio\" data-width=\"1200\">\n    <div id=\"metaslider_container_25573\">\n        <div id=\"metaslider_25573\">\n            <ul class='slides'>\n                <li style=\"display: block; width: 100%;\" class=\"slide-25684 ms-image \" aria-roledescription=\"slide\" data-date=\"2025-07-24 07:55:40\"><img src=\"https:\/\/sulsc.com\/wp-content\/uploads\/2025\/07\/Marr-2-1000x166.jpg\" height=\"200\" width=\"1200\" alt=\"\" class=\"slider-25573 slide-25684 msDefaultImage\" title=\"Marr 2\" \/><\/li>\n                <li style=\"display: none; width: 100%;\" class=\"slide-32412 ms-image \" aria-roledescription=\"slide\" data-date=\"2026-02-18 13:59:46\"><img src=\"https:\/\/sulsc.com\/wp-content\/uploads\/2026\/02\/40dc1580-cad5-4867-bc58-c4243821ad38-1000x166.jpeg\" height=\"200\" width=\"1200\" alt=\"\" class=\"slider-25573 slide-32412 msDefaultImage\" title=\"40dc1580-cad5-4867-bc58-c4243821ad38\" \/><\/li>\n                <li style=\"display: none; width: 100%;\" class=\"slide-32766 ms-image \" aria-roledescription=\"slide\" data-date=\"2026-03-03 17:22:59\"><img src=\"https:\/\/sulsc.com\/wp-content\/uploads\/2026\/03\/271ce739-f268-41c5-8051-3de1a1750359-1000x166.jpeg\" height=\"200\" width=\"1200\" alt=\"\" class=\"slider-25573 slide-32766 msDefaultImage\" title=\"271ce739-f268-41c5-8051-3de1a1750359\" \/><\/li>\n            <\/ul>\n        <\/div>\n        \n    <\/div>\n<\/div>\n<p><strong>Amanh\u00e3 primeiro dia de 2026,<\/strong> ser\u00e1 de sol entre muitas nuvens em SC, com chuva isolada pela manh\u00e3. A partir da tarde teremos condi\u00e7\u00f5es de pancadas de chuva e temporais, t\u00edpicos de ver\u00e3o <strong>(isolados e passageiros)<\/strong>, que podem ser mais intensos no leste do estado, devido a aproxima\u00e7\u00e3o de uma frente fria. As temperatura ficam com m\u00e1ximas de 28 a 33\u00b0C no estado, com ar abafado.<\/p>\n<p>Fontes: Defesa Civil-SC\/Epagri-Ciram<\/p>\n","protected":false},"excerpt":{"rendered":"<p>Nesta quarta-feira (31), v\u00e9spera de Ano Novo, o sistema de baixa press\u00e3o formado na costa do estado se desloca gradualmente para o alto mar ao longo do dia, mas ainda segue influenciando o transporte de umidade do oceano para o continente. Entre o final da manh\u00e3 e \u00e0 noite, o calor e a elevada disponibilidade &hellip;<\/p>\n<p class=\"read-more\"> <a class=\"\" href=\"https:\/\/sulsc.com\/index.php\/2025\/12\/31\/alerta-de-temporais-marcam-a-vespera-de-ano-novo-no-estado\/\"> <span class=\"screen-reader-text\">Alerta de Temporais marcam a V\u00e9spera de Ano Novo no estado<\/span> Read More &raquo;<\/a><\/p>\n","protected":false},"author":3,"featured_media":12162,"comment_status":"open","ping_status":"open","sticky":false,"template":"","format":"standard","meta":{"site-sidebar-layout":"default","site-content-layout":"","ast-site-content-layout":"default","site-content-style":"default","site-sidebar-style":"default","ast-global-header-display":"","ast-banner-title-visibility":"","ast-main-header-display":"","ast-hfb-above-header-display":"","ast-hfb-below-header-display":"","ast-hfb-mobile-header-display":"","site-post-title":"","ast-breadcrumbs-content":"","ast-featured-img":"","footer-sml-layout":"","theme-transparent-header-meta":"default","adv-header-id-meta":"","stick-header-meta":"","header-above-stick-meta":"","header-main-stick-meta":"","header-below-stick-meta":"","astra-migrate-meta-layouts":"set","footnotes":""},"categories":[2354,2231,1,14,38,12],"tags":[90],"yoast_head":"<!-- This site is optimized with the Yoast SEO plugin v21.4 - https:\/\/yoast.com\/wordpress\/plugins\/seo\/ -->\n<title>Alerta de Temporais marcam a V\u00e9spera de Ano Novo no estado -<\/title>\n<meta name=\"robots\" content=\"index, follow, max-snippet:-1, max-image-preview:large, max-video-preview:-1\" \/>\n<link rel=\"canonical\" href=\"https:\/\/sulsc.com\/index.php\/2025\/12\/31\/alerta-de-temporais-marcam-a-vespera-de-ano-novo-no-estado\/\" \/>\n<meta property=\"og:locale\" content=\"en_US\" \/>\n<meta property=\"og:type\" content=\"article\" \/>\n<meta property=\"og:title\" content=\"Alerta de Temporais marcam a V\u00e9spera de Ano Novo no estado -\" \/>\n<meta property=\"og:description\" content=\"Nesta quarta-feira (31), v\u00e9spera de Ano Novo, o sistema de baixa press\u00e3o formado na costa do estado se desloca gradualmente para o alto mar ao longo do dia, mas ainda segue influenciando o transporte de umidade do oceano para o continente. Entre o final da manh\u00e3 e \u00e0 noite, o calor e a elevada disponibilidade &hellip; Alerta de Temporais marcam a V\u00e9spera de Ano Novo no estado Read More &raquo;\" \/>\n<meta property=\"og:url\" content=\"https:\/\/sulsc.com\/index.php\/2025\/12\/31\/alerta-de-temporais-marcam-a-vespera-de-ano-novo-no-estado\/\" \/>\n<meta property=\"article:author\" content=\"https:\/\/www.facebook.com\/profile.php?id=61559278119680\" \/>\n<meta property=\"article:published_time\" content=\"2025-12-31T10:05:16+00:00\" \/>\n<meta property=\"og:image\" content=\"http:\/\/sulsc.com\/wp-content\/uploads\/2024\/05\/mau-tempo.jpeg\" \/>\n\t<meta property=\"og:image:width\" content=\"243\" \/>\n\t<meta property=\"og:image:height\" content=\"208\" \/>\n\t<meta property=\"og:image:type\" content=\"image\/jpeg\" \/>\n<meta name=\"author\" content=\"Reda\u00e7\u00e3o Sul SC\" \/>\n<meta name=\"twitter:card\" content=\"summary_large_image\" \/>\n<meta name=\"twitter:creator\" content=\"@https:\/\/twitter.com\/PortalSulSC\" \/>\n<meta name=\"twitter:label1\" content=\"Written by\" \/>\n\t<meta name=\"twitter:data1\" content=\"Reda\u00e7\u00e3o Sul SC\" \/>\n\t<meta name=\"twitter:label2\" content=\"Est. reading time\" \/>\n\t<meta name=\"twitter:data2\" content=\"2 minutes\" \/>\n<script type=\"application\/ld+json\" class=\"yoast-schema-graph\">{\"@context\":\"https:\/\/schema.org\",\"@graph\":[{\"@type\":\"WebPage\",\"@id\":\"https:\/\/sulsc.com\/index.php\/2025\/12\/31\/alerta-de-temporais-marcam-a-vespera-de-ano-novo-no-estado\/\",\"url\":\"https:\/\/sulsc.com\/index.php\/2025\/12\/31\/alerta-de-temporais-marcam-a-vespera-de-ano-novo-no-estado\/\",\"name\":\"Alerta de Temporais marcam a V\u00e9spera de Ano Novo no estado -\",\"isPartOf\":{\"@id\":\"https:\/\/sulsc.com\/#website\"},\"datePublished\":\"2025-12-31T10:05:16+00:00\",\"dateModified\":\"2025-12-31T10:05:16+00:00\",\"author\":{\"@id\":\"https:\/\/sulsc.com\/#\/schema\/person\/84d2fc571684f6248ba83092f07750a3\"},\"breadcrumb\":{\"@id\":\"https:\/\/sulsc.com\/index.php\/2025\/12\/31\/alerta-de-temporais-marcam-a-vespera-de-ano-novo-no-estado\/#breadcrumb\"},\"inLanguage\":\"en-US\",\"potentialAction\":[{\"@type\":\"ReadAction\",\"target\":[\"https:\/\/sulsc.com\/index.php\/2025\/12\/31\/alerta-de-temporais-marcam-a-vespera-de-ano-novo-no-estado\/\"]}]},{\"@type\":\"BreadcrumbList\",\"@id\":\"https:\/\/sulsc.com\/index.php\/2025\/12\/31\/alerta-de-temporais-marcam-a-vespera-de-ano-novo-no-estado\/#breadcrumb\",\"itemListElement\":[{\"@type\":\"ListItem\",\"position\":1,\"name\":\"In\u00edcio\",\"item\":\"https:\/\/sulsc.com\/\"},{\"@type\":\"ListItem\",\"position\":2,\"name\":\"Alerta de Temporais marcam a V\u00e9spera de Ano Novo no estado\"}]},{\"@type\":\"WebSite\",\"@id\":\"https:\/\/sulsc.com\/#website\",\"url\":\"https:\/\/sulsc.com\/\",\"name\":\"\",\"description\":\"\",\"potentialAction\":[{\"@type\":\"SearchAction\",\"target\":{\"@type\":\"EntryPoint\",\"urlTemplate\":\"https:\/\/sulsc.com\/?s={search_term_string}\"},\"query-input\":\"required name=search_term_string\"}],\"inLanguage\":\"en-US\"},{\"@type\":\"Person\",\"@id\":\"https:\/\/sulsc.com\/#\/schema\/person\/84d2fc571684f6248ba83092f07750a3\",\"name\":\"Reda\u00e7\u00e3o Sul SC\",\"image\":{\"@type\":\"ImageObject\",\"inLanguage\":\"en-US\",\"@id\":\"https:\/\/sulsc.com\/#\/schema\/person\/image\/e08d7fe2cc4ed596372063bbe852b8d0\",\"url\":\"https:\/\/sulsc.com\/wp-content\/uploads\/2023\/09\/redacao.png\",\"contentUrl\":\"https:\/\/sulsc.com\/wp-content\/uploads\/2023\/09\/redacao.png\",\"caption\":\"Reda\u00e7\u00e3o Sul SC\"},\"description\":\"Foco em um jornalismo imparcial, voltado \u00e0 qualidade dos seus conte\u00fados e, assim, levar informa\u00e7\u00e3o de valor que agregue \u00e0 vida dos leitores. Esta \u00e9 grande miss\u00e3o do Portal de Not\u00edcias Sul SC. N\u00e3o \u00e9 quantidade que muda o mundo, sempre foi e seguir\u00e1 sendo qualidade!\",\"sameAs\":[\"https:\/\/sulsc.com\/\",\"https:\/\/www.facebook.com\/profile.php?id=61559278119680\",\"https:\/\/www.instagram.com\/sulscportal\/?hl=pt-br\",\"https:\/\/twitter.com\/https:\/\/twitter.com\/PortalSulSC\",\"https:\/\/www.youtube.com\/channel\/UCv_BE8GeySluDov2n8qhVmw\"],\"url\":\"https:\/\/sulsc.com\/index.php\/author\/redacao\/\"}]}<\/script>\n<!-- \/ Yoast SEO plugin. -->","yoast_head_json":{"title":"Alerta de Temporais marcam a V\u00e9spera de Ano Novo no estado -","robots":{"index":"index","follow":"follow","max-snippet":"max-snippet:-1","max-image-preview":"max-image-preview:large","max-video-preview":"max-video-preview:-1"},"canonical":"https:\/\/sulsc.com\/index.php\/2025\/12\/31\/alerta-de-temporais-marcam-a-vespera-de-ano-novo-no-estado\/","og_locale":"en_US","og_type":"article","og_title":"Alerta de Temporais marcam a V\u00e9spera de Ano Novo no estado -","og_description":"Nesta quarta-feira (31), v\u00e9spera de Ano Novo, o sistema de baixa press\u00e3o formado na costa do estado se desloca gradualmente para o alto mar ao longo do dia, mas ainda segue influenciando o transporte de umidade do oceano para o continente. Entre o final da manh\u00e3 e \u00e0 noite, o calor e a elevada disponibilidade &hellip; Alerta de Temporais marcam a V\u00e9spera de Ano Novo no estado Read More &raquo;","og_url":"https:\/\/sulsc.com\/index.php\/2025\/12\/31\/alerta-de-temporais-marcam-a-vespera-de-ano-novo-no-estado\/","article_author":"https:\/\/www.facebook.com\/profile.php?id=61559278119680","article_published_time":"2025-12-31T10:05:16+00:00","og_image":[{"width":243,"height":208,"url":"http:\/\/sulsc.com\/wp-content\/uploads\/2024\/05\/mau-tempo.jpeg","type":"image\/jpeg"}],"author":"Reda\u00e7\u00e3o Sul SC","twitter_card":"summary_large_image","twitter_creator":"@https:\/\/twitter.com\/PortalSulSC","twitter_misc":{"Written by":"Reda\u00e7\u00e3o Sul SC","Est. reading time":"2 minutes"},"schema":{"@context":"https:\/\/schema.org","@graph":[{"@type":"WebPage","@id":"https:\/\/sulsc.com\/index.php\/2025\/12\/31\/alerta-de-temporais-marcam-a-vespera-de-ano-novo-no-estado\/","url":"https:\/\/sulsc.com\/index.php\/2025\/12\/31\/alerta-de-temporais-marcam-a-vespera-de-ano-novo-no-estado\/","name":"Alerta de Temporais marcam a V\u00e9spera de Ano Novo no estado -","isPartOf":{"@id":"https:\/\/sulsc.com\/#website"},"datePublished":"2025-12-31T10:05:16+00:00","dateModified":"2025-12-31T10:05:16+00:00","author":{"@id":"https:\/\/sulsc.com\/#\/schema\/person\/84d2fc571684f6248ba83092f07750a3"},"breadcrumb":{"@id":"https:\/\/sulsc.com\/index.php\/2025\/12\/31\/alerta-de-temporais-marcam-a-vespera-de-ano-novo-no-estado\/#breadcrumb"},"inLanguage":"en-US","potentialAction":[{"@type":"ReadAction","target":["https:\/\/sulsc.com\/index.php\/2025\/12\/31\/alerta-de-temporais-marcam-a-vespera-de-ano-novo-no-estado\/"]}]},{"@type":"BreadcrumbList","@id":"https:\/\/sulsc.com\/index.php\/2025\/12\/31\/alerta-de-temporais-marcam-a-vespera-de-ano-novo-no-estado\/#breadcrumb","itemListElement":[{"@type":"ListItem","position":1,"name":"In\u00edcio","item":"https:\/\/sulsc.com\/"},{"@type":"ListItem","position":2,"name":"Alerta de Temporais marcam a V\u00e9spera de Ano Novo no estado"}]},{"@type":"WebSite","@id":"https:\/\/sulsc.com\/#website","url":"https:\/\/sulsc.com\/","name":"","description":"","potentialAction":[{"@type":"SearchAction","target":{"@type":"EntryPoint","urlTemplate":"https:\/\/sulsc.com\/?s={search_term_string}"},"query-input":"required name=search_term_string"}],"inLanguage":"en-US"},{"@type":"Person","@id":"https:\/\/sulsc.com\/#\/schema\/person\/84d2fc571684f6248ba83092f07750a3","name":"Reda\u00e7\u00e3o Sul SC","image":{"@type":"ImageObject","inLanguage":"en-US","@id":"https:\/\/sulsc.com\/#\/schema\/person\/image\/e08d7fe2cc4ed596372063bbe852b8d0","url":"https:\/\/sulsc.com\/wp-content\/uploads\/2023\/09\/redacao.png","contentUrl":"https:\/\/sulsc.com\/wp-content\/uploads\/2023\/09\/redacao.png","caption":"Reda\u00e7\u00e3o Sul SC"},"description":"Foco em um jornalismo imparcial, voltado \u00e0 qualidade dos seus conte\u00fados e, assim, levar informa\u00e7\u00e3o de valor que agregue \u00e0 vida dos leitores. Esta \u00e9 grande miss\u00e3o do Portal de Not\u00edcias Sul SC. N\u00e3o \u00e9 quantidade que muda o mundo, sempre foi e seguir\u00e1 sendo qualidade!","sameAs":["https:\/\/sulsc.com\/","https:\/\/www.facebook.com\/profile.php?id=61559278119680","https:\/\/www.instagram.com\/sulscportal\/?hl=pt-br","https:\/\/twitter.com\/https:\/\/twitter.com\/PortalSulSC","https:\/\/www.youtube.com\/channel\/UCv_BE8GeySluDov2n8qhVmw"],"url":"https:\/\/sulsc.com\/index.php\/author\/redacao\/"}]}},"authors":[],"_links":{"self":[{"href":"https:\/\/sulsc.com\/index.php\/wp-json\/wp\/v2\/posts\/31188"}],"collection":[{"href":"https:\/\/sulsc.com\/index.php\/wp-json\/wp\/v2\/posts"}],"about":[{"href":"https:\/\/sulsc.com\/index.php\/wp-json\/wp\/v2\/types\/post"}],"author":[{"embeddable":true,"href":"https:\/\/sulsc.com\/index.php\/wp-json\/wp\/v2\/users\/3"}],"replies":[{"embeddable":true,"href":"https:\/\/sulsc.com\/index.php\/wp-json\/wp\/v2\/comments?post=31188"}],"version-history":[{"count":1,"href":"https:\/\/sulsc.com\/index.php\/wp-json\/wp\/v2\/posts\/31188\/revisions"}],"predecessor-version":[{"id":31190,"href":"https:\/\/sulsc.com\/index.php\/wp-json\/wp\/v2\/posts\/31188\/revisions\/31190"}],"wp:featuredmedia":[{"embeddable":true,"href":"https:\/\/sulsc.com\/index.php\/wp-json\/wp\/v2\/media\/12162"}],"wp:attachment":[{"href":"https:\/\/sulsc.com\/index.php\/wp-json\/wp\/v2\/media?parent=31188"}],"wp:term":[{"taxonomy":"category","embeddable":true,"href":"https:\/\/sulsc.com\/index.php\/wp-json\/wp\/v2\/categories?post=31188"},{"taxonomy":"post_tag","embeddable":true,"href":"https:\/\/sulsc.com\/index.php\/wp-json\/wp\/v2\/tags?post=31188"}],"curies":[{"name":"wp","href":"https:\/\/api.w.org\/{rel}","templated":true}]}}