{"id":3119,"date":"2023-10-31T07:30:15","date_gmt":"2023-10-31T10:30:15","guid":{"rendered":"https:\/\/sulsc.com\/?p=3119"},"modified":"2023-10-31T07:05:51","modified_gmt":"2023-10-31T10:05:51","slug":"condicoes-de-chuva-em-todas-as-regioes-de-sc-entre-a-tarde-e-a-noite-desta-terca-feira-31","status":"publish","type":"post","link":"https:\/\/sulsc.com\/index.php\/2023\/10\/31\/condicoes-de-chuva-em-todas-as-regioes-de-sc-entre-a-tarde-e-a-noite-desta-terca-feira-31\/","title":{"rendered":"Condi\u00e7\u00f5es de chuva em todas as regi\u00f5es de SC entre a tarde e \u00e0 noite desta ter\u00e7a-feira (31)"},"content":{"rendered":"<p>A manh\u00e3 desta ter\u00e7a-feira (31), ser\u00e1 com predom\u00ednio de sol entre nuvens no Grande Oeste, j\u00e1 o Centro e o Leste de SC ter\u00e3o maior quantidade de nuvens e chance de chuva fraca\/garoa a qualquer momento. Entre a tarde e \u00e0 noite em todas as regi\u00f5es h\u00e1 condi\u00e7\u00f5es para pancadas isoladas de chuva e trovoadas que intercalam com per\u00edodos de melhora.<\/p>\n<p>A ocorr\u00eancia \u00e9 por conta da influ\u00eancia de perturba\u00e7\u00f5es em diversos n\u00edveis da atmosfera e do fluxo de calor e umidade vindo do Norte do pa\u00eds. O risco \u00e9 baixo para ocorr\u00eancias associadas \u00e0s trovoadas.<\/p>\n<p>As m\u00ednimas variam entre 14 e 17\u00b0C no Planalto Sul e oscilam entre 17 e 21\u00b0C no restante do estado. As m\u00e1ximas variam entre 23 e 27\u00b0C no Oeste e Extremo Oeste, marcam entre 13 e 20\u00b0C nos planaltos e no Litoral Sul e oscilam entre 19 e 23\u00b0C nas demais \u00e1reas.<\/p>\n<p>O vento m\u00e9dio sopra de dire\u00e7\u00e3o O\/NO, com intensidade fraca a moderada, entre 35 e 55 km\/h, entre a tarde e \u00e0 noite, principalmente no litoral e em \u00e1reas pr\u00f3ximas e no Extremo Oeste, virando de quadrante sul ao longo da noite nas \u00e1reas de divisa com o Rio Grande do Sul, com rajadas fracas pelo estado.<\/p>\n<p>Devido aos acumulados observados nos dias anteriores, se mant\u00e9m o risco alto para deslizamentos e inunda\u00e7\u00f5es. O mar fica pouco agitado, com ondas de dire\u00e7\u00e3o nordeste\/leste e alturas entre 1 e 1,5 m do Litoral Sul \u00e0 Grande Florian\u00f3polis e calmo com ondas entre 0,5 e 1,0 m no Litoral Norte.<\/p>\n<p><img fetchpriority=\"high\" decoding=\"async\" class=\"alignnone size-large wp-image-1788\" src=\"http:\/\/sulsc.com\/wp-content\/uploads\/2023\/10\/chuva-fora-das-janelas-da-vila-1024x683.jpg\" alt=\"\" width=\"1024\" height=\"683\" srcset=\"https:\/\/sulsc.com\/wp-content\/uploads\/2023\/10\/chuva-fora-das-janelas-da-vila-1024x683.jpg 1024w, https:\/\/sulsc.com\/wp-content\/uploads\/2023\/10\/chuva-fora-das-janelas-da-vila-300x200.jpg 300w, https:\/\/sulsc.com\/wp-content\/uploads\/2023\/10\/chuva-fora-das-janelas-da-vila-768x512.jpg 768w, https:\/\/sulsc.com\/wp-content\/uploads\/2023\/10\/chuva-fora-das-janelas-da-vila-1536x1024.jpg 1536w, https:\/\/sulsc.com\/wp-content\/uploads\/2023\/10\/chuva-fora-das-janelas-da-vila-2048x1365.jpg 2048w\" sizes=\"(max-width: 1024px) 100vw, 1024px\" \/><\/p>\n<p>Fonte: Defesa Civil<\/p>\n","protected":false},"excerpt":{"rendered":"<p>A manh\u00e3 desta ter\u00e7a-feira (31), ser\u00e1 com predom\u00ednio de sol entre nuvens no Grande Oeste, j\u00e1 o Centro e o Leste de SC ter\u00e3o maior quantidade de nuvens e chance de chuva fraca\/garoa a qualquer momento. Entre a tarde e \u00e0 noite em todas as regi\u00f5es h\u00e1 condi\u00e7\u00f5es para pancadas isoladas de chuva e trovoadas &hellip;<\/p>\n<p class=\"read-more\"> <a class=\"\" href=\"https:\/\/sulsc.com\/index.php\/2023\/10\/31\/condicoes-de-chuva-em-todas-as-regioes-de-sc-entre-a-tarde-e-a-noite-desta-terca-feira-31\/\"> <span class=\"screen-reader-text\">Condi\u00e7\u00f5es de chuva em todas as regi\u00f5es de SC entre a tarde e \u00e0 noite desta ter\u00e7a-feira (31)<\/span> Read More &raquo;<\/a><\/p>\n","protected":false},"author":3,"featured_media":815,"comment_status":"open","ping_status":"open","sticky":false,"template":"","format":"standard","meta":{"site-sidebar-layout":"default","site-content-layout":"","ast-site-content-layout":"default","site-content-style":"default","site-sidebar-style":"default","ast-global-header-display":"","ast-banner-title-visibility":"","ast-main-header-display":"","ast-hfb-above-header-display":"","ast-hfb-below-header-display":"","ast-hfb-mobile-header-display":"","site-post-title":"","ast-breadcrumbs-content":"","ast-featured-img":"","footer-sml-layout":"","theme-transparent-header-meta":"default","adv-header-id-meta":"","stick-header-meta":"","header-above-stick-meta":"","header-main-stick-meta":"","header-below-stick-meta":"","astra-migrate-meta-layouts":"set","footnotes":""},"categories":[1,38],"tags":[],"yoast_head":"<!-- This site is optimized with the Yoast SEO plugin v21.4 - https:\/\/yoast.com\/wordpress\/plugins\/seo\/ -->\n<title>Condi\u00e7\u00f5es de chuva em todas as regi\u00f5es de SC entre a tarde e \u00e0 noite desta ter\u00e7a-feira (31) -<\/title>\n<meta name=\"robots\" content=\"index, follow, max-snippet:-1, max-image-preview:large, max-video-preview:-1\" \/>\n<link rel=\"canonical\" href=\"https:\/\/sulsc.com\/index.php\/2023\/10\/31\/condicoes-de-chuva-em-todas-as-regioes-de-sc-entre-a-tarde-e-a-noite-desta-terca-feira-31\/\" \/>\n<meta property=\"og:locale\" content=\"en_US\" \/>\n<meta property=\"og:type\" content=\"article\" \/>\n<meta property=\"og:title\" content=\"Condi\u00e7\u00f5es de chuva em todas as regi\u00f5es de SC entre a tarde e \u00e0 noite desta ter\u00e7a-feira (31) -\" \/>\n<meta property=\"og:description\" content=\"A manh\u00e3 desta ter\u00e7a-feira (31), ser\u00e1 com predom\u00ednio de sol entre nuvens no Grande Oeste, j\u00e1 o Centro e o Leste de SC ter\u00e3o maior quantidade de nuvens e chance de chuva fraca\/garoa a qualquer momento. Entre a tarde e \u00e0 noite em todas as regi\u00f5es h\u00e1 condi\u00e7\u00f5es para pancadas isoladas de chuva e trovoadas &hellip; Condi\u00e7\u00f5es de chuva em todas as regi\u00f5es de SC entre a tarde e \u00e0 noite desta ter\u00e7a-feira (31) Read More &raquo;\" \/>\n<meta property=\"og:url\" content=\"https:\/\/sulsc.com\/index.php\/2023\/10\/31\/condicoes-de-chuva-em-todas-as-regioes-de-sc-entre-a-tarde-e-a-noite-desta-terca-feira-31\/\" \/>\n<meta property=\"article:author\" content=\"https:\/\/www.facebook.com\/profile.php?id=61559278119680\" \/>\n<meta property=\"article:published_time\" content=\"2023-10-31T10:30:15+00:00\" \/>\n<meta property=\"article:modified_time\" content=\"2023-10-31T10:05:51+00:00\" \/>\n<meta property=\"og:image\" content=\"https:\/\/sulsc.com\/wp-content\/uploads\/2023\/09\/chuva.jpeg\" \/>\n\t<meta property=\"og:image:width\" content=\"659\" \/>\n\t<meta property=\"og:image:height\" content=\"474\" \/>\n\t<meta property=\"og:image:type\" content=\"image\/jpeg\" \/>\n<meta name=\"author\" content=\"Reda\u00e7\u00e3o Sul SC\" \/>\n<meta name=\"twitter:card\" content=\"summary_large_image\" \/>\n<meta name=\"twitter:creator\" content=\"@https:\/\/twitter.com\/PortalSulSC\" \/>\n<meta name=\"twitter:label1\" content=\"Written by\" \/>\n\t<meta name=\"twitter:data1\" content=\"Reda\u00e7\u00e3o Sul SC\" \/>\n\t<meta name=\"twitter:label2\" content=\"Est. reading time\" \/>\n\t<meta name=\"twitter:data2\" content=\"2 minutes\" \/>\n<script type=\"application\/ld+json\" class=\"yoast-schema-graph\">{\"@context\":\"https:\/\/schema.org\",\"@graph\":[{\"@type\":\"WebPage\",\"@id\":\"https:\/\/sulsc.com\/index.php\/2023\/10\/31\/condicoes-de-chuva-em-todas-as-regioes-de-sc-entre-a-tarde-e-a-noite-desta-terca-feira-31\/\",\"url\":\"https:\/\/sulsc.com\/index.php\/2023\/10\/31\/condicoes-de-chuva-em-todas-as-regioes-de-sc-entre-a-tarde-e-a-noite-desta-terca-feira-31\/\",\"name\":\"Condi\u00e7\u00f5es de chuva em todas as regi\u00f5es de SC entre a tarde e \u00e0 noite desta ter\u00e7a-feira (31) -\",\"isPartOf\":{\"@id\":\"https:\/\/sulsc.com\/#website\"},\"datePublished\":\"2023-10-31T10:30:15+00:00\",\"dateModified\":\"2023-10-31T10:05:51+00:00\",\"author\":{\"@id\":\"https:\/\/sulsc.com\/#\/schema\/person\/84d2fc571684f6248ba83092f07750a3\"},\"breadcrumb\":{\"@id\":\"https:\/\/sulsc.com\/index.php\/2023\/10\/31\/condicoes-de-chuva-em-todas-as-regioes-de-sc-entre-a-tarde-e-a-noite-desta-terca-feira-31\/#breadcrumb\"},\"inLanguage\":\"en-US\",\"potentialAction\":[{\"@type\":\"ReadAction\",\"target\":[\"https:\/\/sulsc.com\/index.php\/2023\/10\/31\/condicoes-de-chuva-em-todas-as-regioes-de-sc-entre-a-tarde-e-a-noite-desta-terca-feira-31\/\"]}]},{\"@type\":\"BreadcrumbList\",\"@id\":\"https:\/\/sulsc.com\/index.php\/2023\/10\/31\/condicoes-de-chuva-em-todas-as-regioes-de-sc-entre-a-tarde-e-a-noite-desta-terca-feira-31\/#breadcrumb\",\"itemListElement\":[{\"@type\":\"ListItem\",\"position\":1,\"name\":\"In\u00edcio\",\"item\":\"https:\/\/sulsc.com\/\"},{\"@type\":\"ListItem\",\"position\":2,\"name\":\"Condi\u00e7\u00f5es de chuva em todas as regi\u00f5es de SC entre a tarde e \u00e0 noite desta ter\u00e7a-feira (31)\"}]},{\"@type\":\"WebSite\",\"@id\":\"https:\/\/sulsc.com\/#website\",\"url\":\"https:\/\/sulsc.com\/\",\"name\":\"\",\"description\":\"\",\"potentialAction\":[{\"@type\":\"SearchAction\",\"target\":{\"@type\":\"EntryPoint\",\"urlTemplate\":\"https:\/\/sulsc.com\/?s={search_term_string}\"},\"query-input\":\"required name=search_term_string\"}],\"inLanguage\":\"en-US\"},{\"@type\":\"Person\",\"@id\":\"https:\/\/sulsc.com\/#\/schema\/person\/84d2fc571684f6248ba83092f07750a3\",\"name\":\"Reda\u00e7\u00e3o Sul SC\",\"image\":{\"@type\":\"ImageObject\",\"inLanguage\":\"en-US\",\"@id\":\"https:\/\/sulsc.com\/#\/schema\/person\/image\/e08d7fe2cc4ed596372063bbe852b8d0\",\"url\":\"https:\/\/sulsc.com\/wp-content\/uploads\/2023\/09\/redacao.png\",\"contentUrl\":\"https:\/\/sulsc.com\/wp-content\/uploads\/2023\/09\/redacao.png\",\"caption\":\"Reda\u00e7\u00e3o Sul SC\"},\"description\":\"Foco em um jornalismo imparcial, voltado \u00e0 qualidade dos seus conte\u00fados e, assim, levar informa\u00e7\u00e3o de valor que agregue \u00e0 vida dos leitores. Esta \u00e9 grande miss\u00e3o do Portal de Not\u00edcias Sul SC. N\u00e3o \u00e9 quantidade que muda o mundo, sempre foi e seguir\u00e1 sendo qualidade!\",\"sameAs\":[\"https:\/\/sulsc.com\/\",\"https:\/\/www.facebook.com\/profile.php?id=61559278119680\",\"https:\/\/www.instagram.com\/sulscportal\/?hl=pt-br\",\"https:\/\/twitter.com\/https:\/\/twitter.com\/PortalSulSC\",\"https:\/\/www.youtube.com\/channel\/UCv_BE8GeySluDov2n8qhVmw\"],\"url\":\"https:\/\/sulsc.com\/index.php\/author\/redacao\/\"}]}<\/script>\n<!-- \/ Yoast SEO plugin. -->","yoast_head_json":{"title":"Condi\u00e7\u00f5es de chuva em todas as regi\u00f5es de SC entre a tarde e \u00e0 noite desta ter\u00e7a-feira (31) -","robots":{"index":"index","follow":"follow","max-snippet":"max-snippet:-1","max-image-preview":"max-image-preview:large","max-video-preview":"max-video-preview:-1"},"canonical":"https:\/\/sulsc.com\/index.php\/2023\/10\/31\/condicoes-de-chuva-em-todas-as-regioes-de-sc-entre-a-tarde-e-a-noite-desta-terca-feira-31\/","og_locale":"en_US","og_type":"article","og_title":"Condi\u00e7\u00f5es de chuva em todas as regi\u00f5es de SC entre a tarde e \u00e0 noite desta ter\u00e7a-feira (31) -","og_description":"A manh\u00e3 desta ter\u00e7a-feira (31), ser\u00e1 com predom\u00ednio de sol entre nuvens no Grande Oeste, j\u00e1 o Centro e o Leste de SC ter\u00e3o maior quantidade de nuvens e chance de chuva fraca\/garoa a qualquer momento. Entre a tarde e \u00e0 noite em todas as regi\u00f5es h\u00e1 condi\u00e7\u00f5es para pancadas isoladas de chuva e trovoadas &hellip; Condi\u00e7\u00f5es de chuva em todas as regi\u00f5es de SC entre a tarde e \u00e0 noite desta ter\u00e7a-feira (31) Read More &raquo;","og_url":"https:\/\/sulsc.com\/index.php\/2023\/10\/31\/condicoes-de-chuva-em-todas-as-regioes-de-sc-entre-a-tarde-e-a-noite-desta-terca-feira-31\/","article_author":"https:\/\/www.facebook.com\/profile.php?id=61559278119680","article_published_time":"2023-10-31T10:30:15+00:00","article_modified_time":"2023-10-31T10:05:51+00:00","og_image":[{"width":659,"height":474,"url":"https:\/\/sulsc.com\/wp-content\/uploads\/2023\/09\/chuva.jpeg","type":"image\/jpeg"}],"author":"Reda\u00e7\u00e3o Sul SC","twitter_card":"summary_large_image","twitter_creator":"@https:\/\/twitter.com\/PortalSulSC","twitter_misc":{"Written by":"Reda\u00e7\u00e3o Sul SC","Est. reading time":"2 minutes"},"schema":{"@context":"https:\/\/schema.org","@graph":[{"@type":"WebPage","@id":"https:\/\/sulsc.com\/index.php\/2023\/10\/31\/condicoes-de-chuva-em-todas-as-regioes-de-sc-entre-a-tarde-e-a-noite-desta-terca-feira-31\/","url":"https:\/\/sulsc.com\/index.php\/2023\/10\/31\/condicoes-de-chuva-em-todas-as-regioes-de-sc-entre-a-tarde-e-a-noite-desta-terca-feira-31\/","name":"Condi\u00e7\u00f5es de chuva em todas as regi\u00f5es de SC entre a tarde e \u00e0 noite desta ter\u00e7a-feira (31) -","isPartOf":{"@id":"https:\/\/sulsc.com\/#website"},"datePublished":"2023-10-31T10:30:15+00:00","dateModified":"2023-10-31T10:05:51+00:00","author":{"@id":"https:\/\/sulsc.com\/#\/schema\/person\/84d2fc571684f6248ba83092f07750a3"},"breadcrumb":{"@id":"https:\/\/sulsc.com\/index.php\/2023\/10\/31\/condicoes-de-chuva-em-todas-as-regioes-de-sc-entre-a-tarde-e-a-noite-desta-terca-feira-31\/#breadcrumb"},"inLanguage":"en-US","potentialAction":[{"@type":"ReadAction","target":["https:\/\/sulsc.com\/index.php\/2023\/10\/31\/condicoes-de-chuva-em-todas-as-regioes-de-sc-entre-a-tarde-e-a-noite-desta-terca-feira-31\/"]}]},{"@type":"BreadcrumbList","@id":"https:\/\/sulsc.com\/index.php\/2023\/10\/31\/condicoes-de-chuva-em-todas-as-regioes-de-sc-entre-a-tarde-e-a-noite-desta-terca-feira-31\/#breadcrumb","itemListElement":[{"@type":"ListItem","position":1,"name":"In\u00edcio","item":"https:\/\/sulsc.com\/"},{"@type":"ListItem","position":2,"name":"Condi\u00e7\u00f5es de chuva em todas as regi\u00f5es de SC entre a tarde e \u00e0 noite desta ter\u00e7a-feira (31)"}]},{"@type":"WebSite","@id":"https:\/\/sulsc.com\/#website","url":"https:\/\/sulsc.com\/","name":"","description":"","potentialAction":[{"@type":"SearchAction","target":{"@type":"EntryPoint","urlTemplate":"https:\/\/sulsc.com\/?s={search_term_string}"},"query-input":"required name=search_term_string"}],"inLanguage":"en-US"},{"@type":"Person","@id":"https:\/\/sulsc.com\/#\/schema\/person\/84d2fc571684f6248ba83092f07750a3","name":"Reda\u00e7\u00e3o Sul SC","image":{"@type":"ImageObject","inLanguage":"en-US","@id":"https:\/\/sulsc.com\/#\/schema\/person\/image\/e08d7fe2cc4ed596372063bbe852b8d0","url":"https:\/\/sulsc.com\/wp-content\/uploads\/2023\/09\/redacao.png","contentUrl":"https:\/\/sulsc.com\/wp-content\/uploads\/2023\/09\/redacao.png","caption":"Reda\u00e7\u00e3o Sul SC"},"description":"Foco em um jornalismo imparcial, voltado \u00e0 qualidade dos seus conte\u00fados e, assim, levar informa\u00e7\u00e3o de valor que agregue \u00e0 vida dos leitores. Esta \u00e9 grande miss\u00e3o do Portal de Not\u00edcias Sul SC. N\u00e3o \u00e9 quantidade que muda o mundo, sempre foi e seguir\u00e1 sendo qualidade!","sameAs":["https:\/\/sulsc.com\/","https:\/\/www.facebook.com\/profile.php?id=61559278119680","https:\/\/www.instagram.com\/sulscportal\/?hl=pt-br","https:\/\/twitter.com\/https:\/\/twitter.com\/PortalSulSC","https:\/\/www.youtube.com\/channel\/UCv_BE8GeySluDov2n8qhVmw"],"url":"https:\/\/sulsc.com\/index.php\/author\/redacao\/"}]}},"authors":[],"_links":{"self":[{"href":"https:\/\/sulsc.com\/index.php\/wp-json\/wp\/v2\/posts\/3119"}],"collection":[{"href":"https:\/\/sulsc.com\/index.php\/wp-json\/wp\/v2\/posts"}],"about":[{"href":"https:\/\/sulsc.com\/index.php\/wp-json\/wp\/v2\/types\/post"}],"author":[{"embeddable":true,"href":"https:\/\/sulsc.com\/index.php\/wp-json\/wp\/v2\/users\/3"}],"replies":[{"embeddable":true,"href":"https:\/\/sulsc.com\/index.php\/wp-json\/wp\/v2\/comments?post=3119"}],"version-history":[{"count":1,"href":"https:\/\/sulsc.com\/index.php\/wp-json\/wp\/v2\/posts\/3119\/revisions"}],"predecessor-version":[{"id":3120,"href":"https:\/\/sulsc.com\/index.php\/wp-json\/wp\/v2\/posts\/3119\/revisions\/3120"}],"wp:featuredmedia":[{"embeddable":true,"href":"https:\/\/sulsc.com\/index.php\/wp-json\/wp\/v2\/media\/815"}],"wp:attachment":[{"href":"https:\/\/sulsc.com\/index.php\/wp-json\/wp\/v2\/media?parent=3119"}],"wp:term":[{"taxonomy":"category","embeddable":true,"href":"https:\/\/sulsc.com\/index.php\/wp-json\/wp\/v2\/categories?post=3119"},{"taxonomy":"post_tag","embeddable":true,"href":"https:\/\/sulsc.com\/index.php\/wp-json\/wp\/v2\/tags?post=3119"}],"curies":[{"name":"wp","href":"https:\/\/api.w.org\/{rel}","templated":true}]}}