{"id":31199,"date":"2025-12-31T10:05:48","date_gmt":"2025-12-31T13:05:48","guid":{"rendered":"https:\/\/sulsc.com\/?p=31199"},"modified":"2025-12-31T10:05:48","modified_gmt":"2025-12-31T13:05:48","slug":"hospital-de-laguna-confirma-caso-de-meningite-bacteriana-em-paciente-vinda-de-cruzeiro","status":"publish","type":"post","link":"https:\/\/sulsc.com\/index.php\/2025\/12\/31\/hospital-de-laguna-confirma-caso-de-meningite-bacteriana-em-paciente-vinda-de-cruzeiro\/","title":{"rendered":"Hospital de Laguna confirma caso de meningite bacteriana em paciente vinda de Cruzeiro"},"content":{"rendered":"<p>O Hospital Bom Jesus dos Passos de Laguna divulgou uma nota oficial sobre o estado cl\u00ednico de uma paciente com suspeita de meningite, que chegou \u00e0 unidade na \u00faltima segunda-feira (29). O incidente ocorreu por volta das 15h25, quando o Corpo de Bombeiros Militar de Santa Catarina (CBMSC) foi acionado pela Capitania de Portos de Laguna para prestar apoio no resgate de uma paciente de um cruzeiro que partiu de Santos em dire\u00e7\u00e3o a Buenos Aires, a cerca de meia milha da costa.<\/p>\n<div id=\"metaslider-id-25573\" style=\"width: 100%;\" class=\"ml-slider-3-99-0 metaslider metaslider-flex metaslider-25573 ml-slider has-onhover-arrows ms-theme-default-base has-dots-nav\" role=\"region\" aria-label=\"Meio\" data-width=\"1200\">\n    <div id=\"metaslider_container_25573\">\n        <div id=\"metaslider_25573\">\n            <ul class='slides'>\n                <li style=\"display: block; width: 100%;\" class=\"slide-25684 ms-image \" aria-roledescription=\"slide\" data-date=\"2025-07-24 07:55:40\"><img src=\"https:\/\/sulsc.com\/wp-content\/uploads\/2025\/07\/Marr-2-1000x166.jpg\" height=\"200\" width=\"1200\" alt=\"\" class=\"slider-25573 slide-25684 msDefaultImage\" title=\"Marr 2\" \/><\/li>\n                <li style=\"display: none; width: 100%;\" class=\"slide-32412 ms-image \" aria-roledescription=\"slide\" data-date=\"2026-02-18 13:59:46\"><img src=\"https:\/\/sulsc.com\/wp-content\/uploads\/2026\/02\/40dc1580-cad5-4867-bc58-c4243821ad38-1000x166.jpeg\" height=\"200\" width=\"1200\" alt=\"\" class=\"slider-25573 slide-32412 msDefaultImage\" title=\"40dc1580-cad5-4867-bc58-c4243821ad38\" \/><\/li>\n                <li style=\"display: none; width: 100%;\" class=\"slide-32766 ms-image \" aria-roledescription=\"slide\" data-date=\"2026-03-03 17:22:59\"><img src=\"https:\/\/sulsc.com\/wp-content\/uploads\/2026\/03\/271ce739-f268-41c5-8051-3de1a1750359-1000x166.jpeg\" height=\"200\" width=\"1200\" alt=\"\" class=\"slider-25573 slide-32766 msDefaultImage\" title=\"271ce739-f268-41c5-8051-3de1a1750359\" \/><\/li>\n            <\/ul>\n        <\/div>\n        \n    <\/div>\n<\/div>\n<p>Desde a interna\u00e7\u00e3o, a paciente foi submetida a um rigoroso protocolo de investiga\u00e7\u00e3o diagn\u00f3stica. Inicialmente, uma resson\u00e2ncia magn\u00e9tica foi realizada para descartar a presen\u00e7a de edema cerebral, assegurando a seguran\u00e7a para a coleta do l\u00edquor cefalorraquidiano.<\/p>\n<p>Ap\u00f3s a an\u00e1lise do l\u00edquor, juntamente com exames laboratoriais e hemoculturas, a equipe m\u00e9dica confirmou o diagn\u00f3stico de meningite bacteriana. Diante da suspeita cl\u00ednica, o tratamento com antibioticoterapia em dose neurol\u00f3gica foi iniciado imediatamente ap\u00f3s a admiss\u00e3o, seguindo os protocolos m\u00e9dicos estabelecidos para garantir rapidez e seguran\u00e7a no atendimento.<\/p>\n<p><img fetchpriority=\"high\" decoding=\"async\" class=\"aligncenter size-full wp-image-31165\" src=\"http:\/\/sulsc.com\/wp-content\/uploads\/2025\/12\/1e5ceacd-403e-4085-9a41-b799c1e92d07.jpeg\" alt=\"\" width=\"960\" height=\"1280\" srcset=\"https:\/\/sulsc.com\/wp-content\/uploads\/2025\/12\/1e5ceacd-403e-4085-9a41-b799c1e92d07.jpeg 960w, https:\/\/sulsc.com\/wp-content\/uploads\/2025\/12\/1e5ceacd-403e-4085-9a41-b799c1e92d07-225x300.jpeg 225w, https:\/\/sulsc.com\/wp-content\/uploads\/2025\/12\/1e5ceacd-403e-4085-9a41-b799c1e92d07-768x1024.jpeg 768w\" sizes=\"(max-width: 960px) 100vw, 960px\" \/><\/p>\n<p>CBMSC\/SulSC<\/p>\n<p>As amostras coletadas foram enviadas ao Laborat\u00f3rio Central de Sa\u00fade P\u00fablica (LACEN) em Florian\u00f3polis, onde ser\u00e1 realizada a identifica\u00e7\u00e3o e tipagem da bact\u00e9ria causadora, etapa fundamental para orientar as medidas de vigil\u00e2ncia epidemiol\u00f3gica e profilaxia.<\/p>\n<p>Em nota, o diretor t\u00e9cnico do Hospital Bom Jesus dos Passos, Dr. Gabriel Scalon, destacou que todas as medidas de tratamento e acolhimento foram adotadas desde o in\u00edcio, reafirmando o compromisso da institui\u00e7\u00e3o com um cuidado seguro, humanizado e respons\u00e1vel para a paciente e seus familiares. At\u00e9 o momento, n\u00e3o h\u00e1 informa\u00e7\u00f5es oficiais sobre novos casos relacionados.<\/p>\n","protected":false},"excerpt":{"rendered":"<p>O Hospital Bom Jesus dos Passos de Laguna divulgou uma nota oficial sobre o estado cl\u00ednico de uma paciente com suspeita de meningite, que chegou \u00e0 unidade na \u00faltima segunda-feira (29). O incidente ocorreu por volta das 15h25, quando o Corpo de Bombeiros Militar de Santa Catarina (CBMSC) foi acionado pela Capitania de Portos de &hellip;<\/p>\n<p class=\"read-more\"> <a class=\"\" href=\"https:\/\/sulsc.com\/index.php\/2025\/12\/31\/hospital-de-laguna-confirma-caso-de-meningite-bacteriana-em-paciente-vinda-de-cruzeiro\/\"> <span class=\"screen-reader-text\">Hospital de Laguna confirma caso de meningite bacteriana em paciente vinda de Cruzeiro<\/span> Read More &raquo;<\/a><\/p>\n","protected":false},"author":3,"featured_media":31200,"comment_status":"open","ping_status":"open","sticky":false,"template":"","format":"standard","meta":{"site-sidebar-layout":"default","site-content-layout":"","ast-site-content-layout":"default","site-content-style":"default","site-sidebar-style":"default","ast-global-header-display":"","ast-banner-title-visibility":"","ast-main-header-display":"","ast-hfb-above-header-display":"","ast-hfb-below-header-display":"","ast-hfb-mobile-header-display":"","site-post-title":"","ast-breadcrumbs-content":"","ast-featured-img":"","footer-sml-layout":"","theme-transparent-header-meta":"default","adv-header-id-meta":"","stick-header-meta":"","header-above-stick-meta":"","header-main-stick-meta":"","header-below-stick-meta":"","astra-migrate-meta-layouts":"set","footnotes":""},"categories":[2231,1,22,2281,14,2782,12],"tags":[2793],"yoast_head":"<!-- This site is optimized with the Yoast SEO plugin v21.4 - https:\/\/yoast.com\/wordpress\/plugins\/seo\/ -->\n<title>Hospital de Laguna confirma caso de meningite bacteriana em paciente vinda de Cruzeiro -<\/title>\n<meta name=\"robots\" content=\"index, follow, max-snippet:-1, max-image-preview:large, max-video-preview:-1\" \/>\n<link rel=\"canonical\" href=\"https:\/\/sulsc.com\/index.php\/2025\/12\/31\/hospital-de-laguna-confirma-caso-de-meningite-bacteriana-em-paciente-vinda-de-cruzeiro\/\" \/>\n<meta property=\"og:locale\" content=\"en_US\" \/>\n<meta property=\"og:type\" content=\"article\" \/>\n<meta property=\"og:title\" content=\"Hospital de Laguna confirma caso de meningite bacteriana em paciente vinda de Cruzeiro -\" \/>\n<meta property=\"og:description\" content=\"O Hospital Bom Jesus dos Passos de Laguna divulgou uma nota oficial sobre o estado cl\u00ednico de uma paciente com suspeita de meningite, que chegou \u00e0 unidade na \u00faltima segunda-feira (29). O incidente ocorreu por volta das 15h25, quando o Corpo de Bombeiros Militar de Santa Catarina (CBMSC) foi acionado pela Capitania de Portos de &hellip; Hospital de Laguna confirma caso de meningite bacteriana em paciente vinda de Cruzeiro Read More &raquo;\" \/>\n<meta property=\"og:url\" content=\"https:\/\/sulsc.com\/index.php\/2025\/12\/31\/hospital-de-laguna-confirma-caso-de-meningite-bacteriana-em-paciente-vinda-de-cruzeiro\/\" \/>\n<meta property=\"article:author\" content=\"https:\/\/www.facebook.com\/profile.php?id=61559278119680\" \/>\n<meta property=\"article:published_time\" content=\"2025-12-31T13:05:48+00:00\" \/>\n<meta property=\"og:image\" content=\"http:\/\/sulsc.com\/wp-content\/uploads\/2025\/12\/a5c986c7-a04d-4716-b5e2-e4d85bd17f8a.jpeg\" \/>\n\t<meta property=\"og:image:width\" content=\"1080\" \/>\n\t<meta property=\"og:image:height\" content=\"713\" \/>\n\t<meta property=\"og:image:type\" content=\"image\/jpeg\" \/>\n<meta name=\"author\" content=\"Reda\u00e7\u00e3o Sul SC\" \/>\n<meta name=\"twitter:card\" content=\"summary_large_image\" \/>\n<meta name=\"twitter:creator\" content=\"@https:\/\/twitter.com\/PortalSulSC\" \/>\n<meta name=\"twitter:label1\" content=\"Written by\" \/>\n\t<meta name=\"twitter:data1\" content=\"Reda\u00e7\u00e3o Sul SC\" \/>\n\t<meta name=\"twitter:label2\" content=\"Est. reading time\" \/>\n\t<meta name=\"twitter:data2\" content=\"2 minutes\" \/>\n<script type=\"application\/ld+json\" class=\"yoast-schema-graph\">{\"@context\":\"https:\/\/schema.org\",\"@graph\":[{\"@type\":\"WebPage\",\"@id\":\"https:\/\/sulsc.com\/index.php\/2025\/12\/31\/hospital-de-laguna-confirma-caso-de-meningite-bacteriana-em-paciente-vinda-de-cruzeiro\/\",\"url\":\"https:\/\/sulsc.com\/index.php\/2025\/12\/31\/hospital-de-laguna-confirma-caso-de-meningite-bacteriana-em-paciente-vinda-de-cruzeiro\/\",\"name\":\"Hospital de Laguna confirma caso de meningite bacteriana em paciente vinda de Cruzeiro -\",\"isPartOf\":{\"@id\":\"https:\/\/sulsc.com\/#website\"},\"datePublished\":\"2025-12-31T13:05:48+00:00\",\"dateModified\":\"2025-12-31T13:05:48+00:00\",\"author\":{\"@id\":\"https:\/\/sulsc.com\/#\/schema\/person\/84d2fc571684f6248ba83092f07750a3\"},\"breadcrumb\":{\"@id\":\"https:\/\/sulsc.com\/index.php\/2025\/12\/31\/hospital-de-laguna-confirma-caso-de-meningite-bacteriana-em-paciente-vinda-de-cruzeiro\/#breadcrumb\"},\"inLanguage\":\"en-US\",\"potentialAction\":[{\"@type\":\"ReadAction\",\"target\":[\"https:\/\/sulsc.com\/index.php\/2025\/12\/31\/hospital-de-laguna-confirma-caso-de-meningite-bacteriana-em-paciente-vinda-de-cruzeiro\/\"]}]},{\"@type\":\"BreadcrumbList\",\"@id\":\"https:\/\/sulsc.com\/index.php\/2025\/12\/31\/hospital-de-laguna-confirma-caso-de-meningite-bacteriana-em-paciente-vinda-de-cruzeiro\/#breadcrumb\",\"itemListElement\":[{\"@type\":\"ListItem\",\"position\":1,\"name\":\"In\u00edcio\",\"item\":\"https:\/\/sulsc.com\/\"},{\"@type\":\"ListItem\",\"position\":2,\"name\":\"Hospital de Laguna confirma caso de meningite bacteriana em paciente vinda de Cruzeiro\"}]},{\"@type\":\"WebSite\",\"@id\":\"https:\/\/sulsc.com\/#website\",\"url\":\"https:\/\/sulsc.com\/\",\"name\":\"\",\"description\":\"\",\"potentialAction\":[{\"@type\":\"SearchAction\",\"target\":{\"@type\":\"EntryPoint\",\"urlTemplate\":\"https:\/\/sulsc.com\/?s={search_term_string}\"},\"query-input\":\"required name=search_term_string\"}],\"inLanguage\":\"en-US\"},{\"@type\":\"Person\",\"@id\":\"https:\/\/sulsc.com\/#\/schema\/person\/84d2fc571684f6248ba83092f07750a3\",\"name\":\"Reda\u00e7\u00e3o Sul SC\",\"image\":{\"@type\":\"ImageObject\",\"inLanguage\":\"en-US\",\"@id\":\"https:\/\/sulsc.com\/#\/schema\/person\/image\/e08d7fe2cc4ed596372063bbe852b8d0\",\"url\":\"https:\/\/sulsc.com\/wp-content\/uploads\/2023\/09\/redacao.png\",\"contentUrl\":\"https:\/\/sulsc.com\/wp-content\/uploads\/2023\/09\/redacao.png\",\"caption\":\"Reda\u00e7\u00e3o Sul SC\"},\"description\":\"Foco em um jornalismo imparcial, voltado \u00e0 qualidade dos seus conte\u00fados e, assim, levar informa\u00e7\u00e3o de valor que agregue \u00e0 vida dos leitores. Esta \u00e9 grande miss\u00e3o do Portal de Not\u00edcias Sul SC. N\u00e3o \u00e9 quantidade que muda o mundo, sempre foi e seguir\u00e1 sendo qualidade!\",\"sameAs\":[\"https:\/\/sulsc.com\/\",\"https:\/\/www.facebook.com\/profile.php?id=61559278119680\",\"https:\/\/www.instagram.com\/sulscportal\/?hl=pt-br\",\"https:\/\/twitter.com\/https:\/\/twitter.com\/PortalSulSC\",\"https:\/\/www.youtube.com\/channel\/UCv_BE8GeySluDov2n8qhVmw\"],\"url\":\"https:\/\/sulsc.com\/index.php\/author\/redacao\/\"}]}<\/script>\n<!-- \/ Yoast SEO plugin. -->","yoast_head_json":{"title":"Hospital de Laguna confirma caso de meningite bacteriana em paciente vinda de Cruzeiro -","robots":{"index":"index","follow":"follow","max-snippet":"max-snippet:-1","max-image-preview":"max-image-preview:large","max-video-preview":"max-video-preview:-1"},"canonical":"https:\/\/sulsc.com\/index.php\/2025\/12\/31\/hospital-de-laguna-confirma-caso-de-meningite-bacteriana-em-paciente-vinda-de-cruzeiro\/","og_locale":"en_US","og_type":"article","og_title":"Hospital de Laguna confirma caso de meningite bacteriana em paciente vinda de Cruzeiro -","og_description":"O Hospital Bom Jesus dos Passos de Laguna divulgou uma nota oficial sobre o estado cl\u00ednico de uma paciente com suspeita de meningite, que chegou \u00e0 unidade na \u00faltima segunda-feira (29). O incidente ocorreu por volta das 15h25, quando o Corpo de Bombeiros Militar de Santa Catarina (CBMSC) foi acionado pela Capitania de Portos de &hellip; Hospital de Laguna confirma caso de meningite bacteriana em paciente vinda de Cruzeiro Read More &raquo;","og_url":"https:\/\/sulsc.com\/index.php\/2025\/12\/31\/hospital-de-laguna-confirma-caso-de-meningite-bacteriana-em-paciente-vinda-de-cruzeiro\/","article_author":"https:\/\/www.facebook.com\/profile.php?id=61559278119680","article_published_time":"2025-12-31T13:05:48+00:00","og_image":[{"width":1080,"height":713,"url":"http:\/\/sulsc.com\/wp-content\/uploads\/2025\/12\/a5c986c7-a04d-4716-b5e2-e4d85bd17f8a.jpeg","type":"image\/jpeg"}],"author":"Reda\u00e7\u00e3o Sul SC","twitter_card":"summary_large_image","twitter_creator":"@https:\/\/twitter.com\/PortalSulSC","twitter_misc":{"Written by":"Reda\u00e7\u00e3o Sul SC","Est. reading time":"2 minutes"},"schema":{"@context":"https:\/\/schema.org","@graph":[{"@type":"WebPage","@id":"https:\/\/sulsc.com\/index.php\/2025\/12\/31\/hospital-de-laguna-confirma-caso-de-meningite-bacteriana-em-paciente-vinda-de-cruzeiro\/","url":"https:\/\/sulsc.com\/index.php\/2025\/12\/31\/hospital-de-laguna-confirma-caso-de-meningite-bacteriana-em-paciente-vinda-de-cruzeiro\/","name":"Hospital de Laguna confirma caso de meningite bacteriana em paciente vinda de Cruzeiro -","isPartOf":{"@id":"https:\/\/sulsc.com\/#website"},"datePublished":"2025-12-31T13:05:48+00:00","dateModified":"2025-12-31T13:05:48+00:00","author":{"@id":"https:\/\/sulsc.com\/#\/schema\/person\/84d2fc571684f6248ba83092f07750a3"},"breadcrumb":{"@id":"https:\/\/sulsc.com\/index.php\/2025\/12\/31\/hospital-de-laguna-confirma-caso-de-meningite-bacteriana-em-paciente-vinda-de-cruzeiro\/#breadcrumb"},"inLanguage":"en-US","potentialAction":[{"@type":"ReadAction","target":["https:\/\/sulsc.com\/index.php\/2025\/12\/31\/hospital-de-laguna-confirma-caso-de-meningite-bacteriana-em-paciente-vinda-de-cruzeiro\/"]}]},{"@type":"BreadcrumbList","@id":"https:\/\/sulsc.com\/index.php\/2025\/12\/31\/hospital-de-laguna-confirma-caso-de-meningite-bacteriana-em-paciente-vinda-de-cruzeiro\/#breadcrumb","itemListElement":[{"@type":"ListItem","position":1,"name":"In\u00edcio","item":"https:\/\/sulsc.com\/"},{"@type":"ListItem","position":2,"name":"Hospital de Laguna confirma caso de meningite bacteriana em paciente vinda de Cruzeiro"}]},{"@type":"WebSite","@id":"https:\/\/sulsc.com\/#website","url":"https:\/\/sulsc.com\/","name":"","description":"","potentialAction":[{"@type":"SearchAction","target":{"@type":"EntryPoint","urlTemplate":"https:\/\/sulsc.com\/?s={search_term_string}"},"query-input":"required name=search_term_string"}],"inLanguage":"en-US"},{"@type":"Person","@id":"https:\/\/sulsc.com\/#\/schema\/person\/84d2fc571684f6248ba83092f07750a3","name":"Reda\u00e7\u00e3o Sul SC","image":{"@type":"ImageObject","inLanguage":"en-US","@id":"https:\/\/sulsc.com\/#\/schema\/person\/image\/e08d7fe2cc4ed596372063bbe852b8d0","url":"https:\/\/sulsc.com\/wp-content\/uploads\/2023\/09\/redacao.png","contentUrl":"https:\/\/sulsc.com\/wp-content\/uploads\/2023\/09\/redacao.png","caption":"Reda\u00e7\u00e3o Sul SC"},"description":"Foco em um jornalismo imparcial, voltado \u00e0 qualidade dos seus conte\u00fados e, assim, levar informa\u00e7\u00e3o de valor que agregue \u00e0 vida dos leitores. Esta \u00e9 grande miss\u00e3o do Portal de Not\u00edcias Sul SC. N\u00e3o \u00e9 quantidade que muda o mundo, sempre foi e seguir\u00e1 sendo qualidade!","sameAs":["https:\/\/sulsc.com\/","https:\/\/www.facebook.com\/profile.php?id=61559278119680","https:\/\/www.instagram.com\/sulscportal\/?hl=pt-br","https:\/\/twitter.com\/https:\/\/twitter.com\/PortalSulSC","https:\/\/www.youtube.com\/channel\/UCv_BE8GeySluDov2n8qhVmw"],"url":"https:\/\/sulsc.com\/index.php\/author\/redacao\/"}]}},"authors":[],"_links":{"self":[{"href":"https:\/\/sulsc.com\/index.php\/wp-json\/wp\/v2\/posts\/31199"}],"collection":[{"href":"https:\/\/sulsc.com\/index.php\/wp-json\/wp\/v2\/posts"}],"about":[{"href":"https:\/\/sulsc.com\/index.php\/wp-json\/wp\/v2\/types\/post"}],"author":[{"embeddable":true,"href":"https:\/\/sulsc.com\/index.php\/wp-json\/wp\/v2\/users\/3"}],"replies":[{"embeddable":true,"href":"https:\/\/sulsc.com\/index.php\/wp-json\/wp\/v2\/comments?post=31199"}],"version-history":[{"count":1,"href":"https:\/\/sulsc.com\/index.php\/wp-json\/wp\/v2\/posts\/31199\/revisions"}],"predecessor-version":[{"id":31201,"href":"https:\/\/sulsc.com\/index.php\/wp-json\/wp\/v2\/posts\/31199\/revisions\/31201"}],"wp:featuredmedia":[{"embeddable":true,"href":"https:\/\/sulsc.com\/index.php\/wp-json\/wp\/v2\/media\/31200"}],"wp:attachment":[{"href":"https:\/\/sulsc.com\/index.php\/wp-json\/wp\/v2\/media?parent=31199"}],"wp:term":[{"taxonomy":"category","embeddable":true,"href":"https:\/\/sulsc.com\/index.php\/wp-json\/wp\/v2\/categories?post=31199"},{"taxonomy":"post_tag","embeddable":true,"href":"https:\/\/sulsc.com\/index.php\/wp-json\/wp\/v2\/tags?post=31199"}],"curies":[{"name":"wp","href":"https:\/\/api.w.org\/{rel}","templated":true}]}}