{"id":31208,"date":"2025-12-31T17:11:00","date_gmt":"2025-12-31T20:11:00","guid":{"rendered":"https:\/\/sulsc.com\/?p=31208"},"modified":"2025-12-31T17:11:00","modified_gmt":"2025-12-31T20:11:00","slug":"homem-de-46-anos-de-nacionalidade-argentina-morre-em-parada-cardiorrespiratoria-na-praia-da-galheta-em-laguna","status":"publish","type":"post","link":"https:\/\/sulsc.com\/index.php\/2025\/12\/31\/homem-de-46-anos-de-nacionalidade-argentina-morre-em-parada-cardiorrespiratoria-na-praia-da-galheta-em-laguna\/","title":{"rendered":"Homem de 46 Anos de nacionalidade Argentina morre em parada cardiorrespirat\u00f3ria na praia da Galheta em Laguna"},"content":{"rendered":"<p>Um homem de 46 anos, de origem argentina, foi declarado morto na manh\u00e3 de hoje ap\u00f3s sofrer uma parada cardiorrespirat\u00f3ria em uma resid\u00eancia localizada a cerca de 300 metros \u00e0 direita do Posto Galheta Sul. O incidente ocorreu por volta das 09h00.<\/p>\n<div id=\"metaslider-id-25573\" style=\"width: 100%;\" class=\"ml-slider-3-99-0 metaslider metaslider-flex metaslider-25573 ml-slider has-onhover-arrows ms-theme-default-base has-dots-nav\" role=\"region\" aria-label=\"Meio\" data-width=\"1200\">\n    <div id=\"metaslider_container_25573\">\n        <div id=\"metaslider_25573\">\n            <ul class='slides'>\n                <li style=\"display: block; width: 100%;\" class=\"slide-25684 ms-image \" aria-roledescription=\"slide\" data-date=\"2025-07-24 07:55:40\"><img src=\"https:\/\/sulsc.com\/wp-content\/uploads\/2025\/07\/Marr-2-1000x166.jpg\" height=\"200\" width=\"1200\" alt=\"\" class=\"slider-25573 slide-25684 msDefaultImage\" title=\"Marr 2\" \/><\/li>\n                <li style=\"display: none; width: 100%;\" class=\"slide-32412 ms-image \" aria-roledescription=\"slide\" data-date=\"2026-02-18 13:59:46\"><img src=\"https:\/\/sulsc.com\/wp-content\/uploads\/2026\/02\/40dc1580-cad5-4867-bc58-c4243821ad38-1000x166.jpeg\" height=\"200\" width=\"1200\" alt=\"\" class=\"slider-25573 slide-32412 msDefaultImage\" title=\"40dc1580-cad5-4867-bc58-c4243821ad38\" \/><\/li>\n                <li style=\"display: none; width: 100%;\" class=\"slide-32766 ms-image \" aria-roledescription=\"slide\" data-date=\"2026-03-03 17:22:59\"><img src=\"https:\/\/sulsc.com\/wp-content\/uploads\/2026\/03\/271ce739-f268-41c5-8051-3de1a1750359-1000x166.jpeg\" height=\"200\" width=\"1200\" alt=\"\" class=\"slider-25573 slide-32766 msDefaultImage\" title=\"271ce739-f268-41c5-8051-3de1a1750359\" \/><\/li>\n            <\/ul>\n        <\/div>\n        \n    <\/div>\n<\/div>\n<p>No momento em que os servi\u00e7os de emerg\u00eancia chegaram, dois m\u00e9dicos que estavam nas proximidades prestavam os primeiros socorros \u00e0 v\u00edtima. Guarda-vidas tamb\u00e9m se uniram ao esfor\u00e7o de atendimento, tentando estabilizar o quadro de sa\u00fade do homem.<\/p>\n<p>Uma ambul\u00e2ncia do Corpo de Bombeiros Militar de Santa Catarina (CBMSC) e o helic\u00f3ptero do Servi\u00e7o Aeropolicial de Emerg\u00eancia (SAER) foram acionados para auxiliar no resgate. Apesar dos esfor\u00e7os, o m\u00e9dico do SAER declarou o \u00f3bito no local.<\/p>\n<p><img fetchpriority=\"high\" decoding=\"async\" class=\"aligncenter size-full wp-image-31209\" src=\"http:\/\/sulsc.com\/wp-content\/uploads\/2025\/12\/93fda1c4-ce6b-432c-9bcb-1b1a935aba1b.jpeg\" alt=\"\" width=\"960\" height=\"961\" srcset=\"https:\/\/sulsc.com\/wp-content\/uploads\/2025\/12\/93fda1c4-ce6b-432c-9bcb-1b1a935aba1b.jpeg 960w, https:\/\/sulsc.com\/wp-content\/uploads\/2025\/12\/93fda1c4-ce6b-432c-9bcb-1b1a935aba1b-300x300.jpeg 300w, https:\/\/sulsc.com\/wp-content\/uploads\/2025\/12\/93fda1c4-ce6b-432c-9bcb-1b1a935aba1b-150x150.jpeg 150w, https:\/\/sulsc.com\/wp-content\/uploads\/2025\/12\/93fda1c4-ce6b-432c-9bcb-1b1a935aba1b-768x769.jpeg 768w\" sizes=\"(max-width: 960px) 100vw, 960px\" \/><\/p>\n<p>A v\u00edtima foi deixada sob a responsabilidade do Instituto Geral de Per\u00edcias (IGP) para os procedimentos de praxe. At\u00e9 o momento, n\u00e3o h\u00e1 informa\u00e7\u00f5es adicionais sobre as circunst\u00e2ncias que levaram \u00e0 parada cardiorrespirat\u00f3ria.<\/p>\n","protected":false},"excerpt":{"rendered":"<p>Um homem de 46 anos, de origem argentina, foi declarado morto na manh\u00e3 de hoje ap\u00f3s sofrer uma parada cardiorrespirat\u00f3ria em uma resid\u00eancia localizada a cerca de 300 metros \u00e0 direita do Posto Galheta Sul. O incidente ocorreu por volta das 09h00. No momento em que os servi\u00e7os de emerg\u00eancia chegaram, dois m\u00e9dicos que estavam &hellip;<\/p>\n<p class=\"read-more\"> <a class=\"\" href=\"https:\/\/sulsc.com\/index.php\/2025\/12\/31\/homem-de-46-anos-de-nacionalidade-argentina-morre-em-parada-cardiorrespiratoria-na-praia-da-galheta-em-laguna\/\"> <span class=\"screen-reader-text\">Homem de 46 Anos de nacionalidade Argentina morre em parada cardiorrespirat\u00f3ria na praia da Galheta em Laguna<\/span> Read More &raquo;<\/a><\/p>\n","protected":false},"author":3,"featured_media":31209,"comment_status":"open","ping_status":"open","sticky":false,"template":"","format":"standard","meta":{"site-sidebar-layout":"default","site-content-layout":"","ast-site-content-layout":"default","site-content-style":"default","site-sidebar-style":"default","ast-global-header-display":"","ast-banner-title-visibility":"","ast-main-header-display":"","ast-hfb-above-header-display":"","ast-hfb-below-header-display":"","ast-hfb-mobile-header-display":"","site-post-title":"","ast-breadcrumbs-content":"","ast-featured-img":"","footer-sml-layout":"","theme-transparent-header-meta":"default","adv-header-id-meta":"","stick-header-meta":"","header-above-stick-meta":"","header-main-stick-meta":"","header-below-stick-meta":"","astra-migrate-meta-layouts":"set","footnotes":""},"categories":[2354,2231,1,22,14,12],"tags":[2793],"yoast_head":"<!-- This site is optimized with the Yoast SEO plugin v21.4 - https:\/\/yoast.com\/wordpress\/plugins\/seo\/ -->\n<title>Homem de 46 Anos de nacionalidade Argentina morre em parada cardiorrespirat\u00f3ria na praia da Galheta em Laguna -<\/title>\n<meta name=\"robots\" content=\"index, follow, max-snippet:-1, max-image-preview:large, max-video-preview:-1\" \/>\n<link rel=\"canonical\" href=\"https:\/\/sulsc.com\/index.php\/2025\/12\/31\/homem-de-46-anos-de-nacionalidade-argentina-morre-em-parada-cardiorrespiratoria-na-praia-da-galheta-em-laguna\/\" \/>\n<meta property=\"og:locale\" content=\"en_US\" \/>\n<meta property=\"og:type\" content=\"article\" \/>\n<meta property=\"og:title\" content=\"Homem de 46 Anos de nacionalidade Argentina morre em parada cardiorrespirat\u00f3ria na praia da Galheta em Laguna -\" \/>\n<meta property=\"og:description\" content=\"Um homem de 46 anos, de origem argentina, foi declarado morto na manh\u00e3 de hoje ap\u00f3s sofrer uma parada cardiorrespirat\u00f3ria em uma resid\u00eancia localizada a cerca de 300 metros \u00e0 direita do Posto Galheta Sul. O incidente ocorreu por volta das 09h00. No momento em que os servi\u00e7os de emerg\u00eancia chegaram, dois m\u00e9dicos que estavam &hellip; Homem de 46 Anos de nacionalidade Argentina morre em parada cardiorrespirat\u00f3ria na praia da Galheta em Laguna Read More &raquo;\" \/>\n<meta property=\"og:url\" content=\"https:\/\/sulsc.com\/index.php\/2025\/12\/31\/homem-de-46-anos-de-nacionalidade-argentina-morre-em-parada-cardiorrespiratoria-na-praia-da-galheta-em-laguna\/\" \/>\n<meta property=\"article:author\" content=\"https:\/\/www.facebook.com\/profile.php?id=61559278119680\" \/>\n<meta property=\"article:published_time\" content=\"2025-12-31T20:11:00+00:00\" \/>\n<meta property=\"og:image\" content=\"http:\/\/sulsc.com\/wp-content\/uploads\/2025\/12\/93fda1c4-ce6b-432c-9bcb-1b1a935aba1b.jpeg\" \/>\n\t<meta property=\"og:image:width\" content=\"960\" \/>\n\t<meta property=\"og:image:height\" content=\"961\" \/>\n\t<meta property=\"og:image:type\" content=\"image\/jpeg\" \/>\n<meta name=\"author\" content=\"Reda\u00e7\u00e3o Sul SC\" \/>\n<meta name=\"twitter:card\" content=\"summary_large_image\" \/>\n<meta name=\"twitter:creator\" content=\"@https:\/\/twitter.com\/PortalSulSC\" \/>\n<meta name=\"twitter:label1\" content=\"Written by\" \/>\n\t<meta name=\"twitter:data1\" content=\"Reda\u00e7\u00e3o Sul SC\" \/>\n\t<meta name=\"twitter:label2\" content=\"Est. reading time\" \/>\n\t<meta name=\"twitter:data2\" content=\"1 minute\" \/>\n<script type=\"application\/ld+json\" class=\"yoast-schema-graph\">{\"@context\":\"https:\/\/schema.org\",\"@graph\":[{\"@type\":\"WebPage\",\"@id\":\"https:\/\/sulsc.com\/index.php\/2025\/12\/31\/homem-de-46-anos-de-nacionalidade-argentina-morre-em-parada-cardiorrespiratoria-na-praia-da-galheta-em-laguna\/\",\"url\":\"https:\/\/sulsc.com\/index.php\/2025\/12\/31\/homem-de-46-anos-de-nacionalidade-argentina-morre-em-parada-cardiorrespiratoria-na-praia-da-galheta-em-laguna\/\",\"name\":\"Homem de 46 Anos de nacionalidade Argentina morre em parada cardiorrespirat\u00f3ria na praia da Galheta em Laguna -\",\"isPartOf\":{\"@id\":\"https:\/\/sulsc.com\/#website\"},\"datePublished\":\"2025-12-31T20:11:00+00:00\",\"dateModified\":\"2025-12-31T20:11:00+00:00\",\"author\":{\"@id\":\"https:\/\/sulsc.com\/#\/schema\/person\/84d2fc571684f6248ba83092f07750a3\"},\"breadcrumb\":{\"@id\":\"https:\/\/sulsc.com\/index.php\/2025\/12\/31\/homem-de-46-anos-de-nacionalidade-argentina-morre-em-parada-cardiorrespiratoria-na-praia-da-galheta-em-laguna\/#breadcrumb\"},\"inLanguage\":\"en-US\",\"potentialAction\":[{\"@type\":\"ReadAction\",\"target\":[\"https:\/\/sulsc.com\/index.php\/2025\/12\/31\/homem-de-46-anos-de-nacionalidade-argentina-morre-em-parada-cardiorrespiratoria-na-praia-da-galheta-em-laguna\/\"]}]},{\"@type\":\"BreadcrumbList\",\"@id\":\"https:\/\/sulsc.com\/index.php\/2025\/12\/31\/homem-de-46-anos-de-nacionalidade-argentina-morre-em-parada-cardiorrespiratoria-na-praia-da-galheta-em-laguna\/#breadcrumb\",\"itemListElement\":[{\"@type\":\"ListItem\",\"position\":1,\"name\":\"In\u00edcio\",\"item\":\"https:\/\/sulsc.com\/\"},{\"@type\":\"ListItem\",\"position\":2,\"name\":\"Homem de 46 Anos de nacionalidade Argentina morre em parada cardiorrespirat\u00f3ria na praia da Galheta em Laguna\"}]},{\"@type\":\"WebSite\",\"@id\":\"https:\/\/sulsc.com\/#website\",\"url\":\"https:\/\/sulsc.com\/\",\"name\":\"\",\"description\":\"\",\"potentialAction\":[{\"@type\":\"SearchAction\",\"target\":{\"@type\":\"EntryPoint\",\"urlTemplate\":\"https:\/\/sulsc.com\/?s={search_term_string}\"},\"query-input\":\"required name=search_term_string\"}],\"inLanguage\":\"en-US\"},{\"@type\":\"Person\",\"@id\":\"https:\/\/sulsc.com\/#\/schema\/person\/84d2fc571684f6248ba83092f07750a3\",\"name\":\"Reda\u00e7\u00e3o Sul SC\",\"image\":{\"@type\":\"ImageObject\",\"inLanguage\":\"en-US\",\"@id\":\"https:\/\/sulsc.com\/#\/schema\/person\/image\/e08d7fe2cc4ed596372063bbe852b8d0\",\"url\":\"https:\/\/sulsc.com\/wp-content\/uploads\/2023\/09\/redacao.png\",\"contentUrl\":\"https:\/\/sulsc.com\/wp-content\/uploads\/2023\/09\/redacao.png\",\"caption\":\"Reda\u00e7\u00e3o Sul SC\"},\"description\":\"Foco em um jornalismo imparcial, voltado \u00e0 qualidade dos seus conte\u00fados e, assim, levar informa\u00e7\u00e3o de valor que agregue \u00e0 vida dos leitores. Esta \u00e9 grande miss\u00e3o do Portal de Not\u00edcias Sul SC. N\u00e3o \u00e9 quantidade que muda o mundo, sempre foi e seguir\u00e1 sendo qualidade!\",\"sameAs\":[\"https:\/\/sulsc.com\/\",\"https:\/\/www.facebook.com\/profile.php?id=61559278119680\",\"https:\/\/www.instagram.com\/sulscportal\/?hl=pt-br\",\"https:\/\/twitter.com\/https:\/\/twitter.com\/PortalSulSC\",\"https:\/\/www.youtube.com\/channel\/UCv_BE8GeySluDov2n8qhVmw\"],\"url\":\"https:\/\/sulsc.com\/index.php\/author\/redacao\/\"}]}<\/script>\n<!-- \/ Yoast SEO plugin. -->","yoast_head_json":{"title":"Homem de 46 Anos de nacionalidade Argentina morre em parada cardiorrespirat\u00f3ria na praia da Galheta em Laguna -","robots":{"index":"index","follow":"follow","max-snippet":"max-snippet:-1","max-image-preview":"max-image-preview:large","max-video-preview":"max-video-preview:-1"},"canonical":"https:\/\/sulsc.com\/index.php\/2025\/12\/31\/homem-de-46-anos-de-nacionalidade-argentina-morre-em-parada-cardiorrespiratoria-na-praia-da-galheta-em-laguna\/","og_locale":"en_US","og_type":"article","og_title":"Homem de 46 Anos de nacionalidade Argentina morre em parada cardiorrespirat\u00f3ria na praia da Galheta em Laguna -","og_description":"Um homem de 46 anos, de origem argentina, foi declarado morto na manh\u00e3 de hoje ap\u00f3s sofrer uma parada cardiorrespirat\u00f3ria em uma resid\u00eancia localizada a cerca de 300 metros \u00e0 direita do Posto Galheta Sul. O incidente ocorreu por volta das 09h00. No momento em que os servi\u00e7os de emerg\u00eancia chegaram, dois m\u00e9dicos que estavam &hellip; Homem de 46 Anos de nacionalidade Argentina morre em parada cardiorrespirat\u00f3ria na praia da Galheta em Laguna Read More &raquo;","og_url":"https:\/\/sulsc.com\/index.php\/2025\/12\/31\/homem-de-46-anos-de-nacionalidade-argentina-morre-em-parada-cardiorrespiratoria-na-praia-da-galheta-em-laguna\/","article_author":"https:\/\/www.facebook.com\/profile.php?id=61559278119680","article_published_time":"2025-12-31T20:11:00+00:00","og_image":[{"width":960,"height":961,"url":"http:\/\/sulsc.com\/wp-content\/uploads\/2025\/12\/93fda1c4-ce6b-432c-9bcb-1b1a935aba1b.jpeg","type":"image\/jpeg"}],"author":"Reda\u00e7\u00e3o Sul SC","twitter_card":"summary_large_image","twitter_creator":"@https:\/\/twitter.com\/PortalSulSC","twitter_misc":{"Written by":"Reda\u00e7\u00e3o Sul SC","Est. reading time":"1 minute"},"schema":{"@context":"https:\/\/schema.org","@graph":[{"@type":"WebPage","@id":"https:\/\/sulsc.com\/index.php\/2025\/12\/31\/homem-de-46-anos-de-nacionalidade-argentina-morre-em-parada-cardiorrespiratoria-na-praia-da-galheta-em-laguna\/","url":"https:\/\/sulsc.com\/index.php\/2025\/12\/31\/homem-de-46-anos-de-nacionalidade-argentina-morre-em-parada-cardiorrespiratoria-na-praia-da-galheta-em-laguna\/","name":"Homem de 46 Anos de nacionalidade Argentina morre em parada cardiorrespirat\u00f3ria na praia da Galheta em Laguna -","isPartOf":{"@id":"https:\/\/sulsc.com\/#website"},"datePublished":"2025-12-31T20:11:00+00:00","dateModified":"2025-12-31T20:11:00+00:00","author":{"@id":"https:\/\/sulsc.com\/#\/schema\/person\/84d2fc571684f6248ba83092f07750a3"},"breadcrumb":{"@id":"https:\/\/sulsc.com\/index.php\/2025\/12\/31\/homem-de-46-anos-de-nacionalidade-argentina-morre-em-parada-cardiorrespiratoria-na-praia-da-galheta-em-laguna\/#breadcrumb"},"inLanguage":"en-US","potentialAction":[{"@type":"ReadAction","target":["https:\/\/sulsc.com\/index.php\/2025\/12\/31\/homem-de-46-anos-de-nacionalidade-argentina-morre-em-parada-cardiorrespiratoria-na-praia-da-galheta-em-laguna\/"]}]},{"@type":"BreadcrumbList","@id":"https:\/\/sulsc.com\/index.php\/2025\/12\/31\/homem-de-46-anos-de-nacionalidade-argentina-morre-em-parada-cardiorrespiratoria-na-praia-da-galheta-em-laguna\/#breadcrumb","itemListElement":[{"@type":"ListItem","position":1,"name":"In\u00edcio","item":"https:\/\/sulsc.com\/"},{"@type":"ListItem","position":2,"name":"Homem de 46 Anos de nacionalidade Argentina morre em parada cardiorrespirat\u00f3ria na praia da Galheta em Laguna"}]},{"@type":"WebSite","@id":"https:\/\/sulsc.com\/#website","url":"https:\/\/sulsc.com\/","name":"","description":"","potentialAction":[{"@type":"SearchAction","target":{"@type":"EntryPoint","urlTemplate":"https:\/\/sulsc.com\/?s={search_term_string}"},"query-input":"required name=search_term_string"}],"inLanguage":"en-US"},{"@type":"Person","@id":"https:\/\/sulsc.com\/#\/schema\/person\/84d2fc571684f6248ba83092f07750a3","name":"Reda\u00e7\u00e3o Sul SC","image":{"@type":"ImageObject","inLanguage":"en-US","@id":"https:\/\/sulsc.com\/#\/schema\/person\/image\/e08d7fe2cc4ed596372063bbe852b8d0","url":"https:\/\/sulsc.com\/wp-content\/uploads\/2023\/09\/redacao.png","contentUrl":"https:\/\/sulsc.com\/wp-content\/uploads\/2023\/09\/redacao.png","caption":"Reda\u00e7\u00e3o Sul SC"},"description":"Foco em um jornalismo imparcial, voltado \u00e0 qualidade dos seus conte\u00fados e, assim, levar informa\u00e7\u00e3o de valor que agregue \u00e0 vida dos leitores. Esta \u00e9 grande miss\u00e3o do Portal de Not\u00edcias Sul SC. N\u00e3o \u00e9 quantidade que muda o mundo, sempre foi e seguir\u00e1 sendo qualidade!","sameAs":["https:\/\/sulsc.com\/","https:\/\/www.facebook.com\/profile.php?id=61559278119680","https:\/\/www.instagram.com\/sulscportal\/?hl=pt-br","https:\/\/twitter.com\/https:\/\/twitter.com\/PortalSulSC","https:\/\/www.youtube.com\/channel\/UCv_BE8GeySluDov2n8qhVmw"],"url":"https:\/\/sulsc.com\/index.php\/author\/redacao\/"}]}},"authors":[],"_links":{"self":[{"href":"https:\/\/sulsc.com\/index.php\/wp-json\/wp\/v2\/posts\/31208"}],"collection":[{"href":"https:\/\/sulsc.com\/index.php\/wp-json\/wp\/v2\/posts"}],"about":[{"href":"https:\/\/sulsc.com\/index.php\/wp-json\/wp\/v2\/types\/post"}],"author":[{"embeddable":true,"href":"https:\/\/sulsc.com\/index.php\/wp-json\/wp\/v2\/users\/3"}],"replies":[{"embeddable":true,"href":"https:\/\/sulsc.com\/index.php\/wp-json\/wp\/v2\/comments?post=31208"}],"version-history":[{"count":1,"href":"https:\/\/sulsc.com\/index.php\/wp-json\/wp\/v2\/posts\/31208\/revisions"}],"predecessor-version":[{"id":31210,"href":"https:\/\/sulsc.com\/index.php\/wp-json\/wp\/v2\/posts\/31208\/revisions\/31210"}],"wp:featuredmedia":[{"embeddable":true,"href":"https:\/\/sulsc.com\/index.php\/wp-json\/wp\/v2\/media\/31209"}],"wp:attachment":[{"href":"https:\/\/sulsc.com\/index.php\/wp-json\/wp\/v2\/media?parent=31208"}],"wp:term":[{"taxonomy":"category","embeddable":true,"href":"https:\/\/sulsc.com\/index.php\/wp-json\/wp\/v2\/categories?post=31208"},{"taxonomy":"post_tag","embeddable":true,"href":"https:\/\/sulsc.com\/index.php\/wp-json\/wp\/v2\/tags?post=31208"}],"curies":[{"name":"wp","href":"https:\/\/api.w.org\/{rel}","templated":true}]}}