{"id":31227,"date":"2026-01-02T09:28:21","date_gmt":"2026-01-02T12:28:21","guid":{"rendered":"https:\/\/sulsc.com\/?p=31227"},"modified":"2026-01-02T09:28:21","modified_gmt":"2026-01-02T12:28:21","slug":"papa-pede-paz-entre-nacoes-ensanguentadas-por-conflitos-e-miseria","status":"publish","type":"post","link":"https:\/\/sulsc.com\/index.php\/2026\/01\/02\/papa-pede-paz-entre-nacoes-ensanguentadas-por-conflitos-e-miseria\/","title":{"rendered":"Papa pede paz entre na\u00e7\u00f5es \u201censanguentadas por conflitos e mis\u00e9ria&#8221;"},"content":{"rendered":"<p>Ap\u00f3s celebrar sua primeira missa em 2026, o papa Le\u00e3o XIV fez um apelo \u00e0 paz no mundo, sobretudo entre \u201cna\u00e7\u00f5es ensanguentadas por conflitos e mis\u00e9ria\u201d.<\/p>\n<p>\u201c\u00c0 medida que o ritmo dos meses se repete, o Senhor convida-nos a renovar o nosso tempo, inaugurando por fim uma era de paz e amizade entre todos os povos. Sem este desejo de bem, n\u00e3o faria sentido virar as p\u00e1ginas do calend\u00e1rio nem preencher as nossas agendas\u201d, disse o pont\u00edfice a cerca de 40 mil fi\u00e9is reunidos na Pra\u00e7a S\u00e3o Pedro, durante a ora\u00e7\u00e3o do Angelus.<\/p>\n<div id=\"metaslider-id-25573\" style=\"width: 100%;\" class=\"ml-slider-3-99-0 metaslider metaslider-flex metaslider-25573 ml-slider has-onhover-arrows ms-theme-default-base has-dots-nav\" role=\"region\" aria-label=\"Meio\" data-width=\"1200\">\n    <div id=\"metaslider_container_25573\">\n        <div id=\"metaslider_25573\">\n            <ul class='slides'>\n                <li style=\"display: block; width: 100%;\" class=\"slide-25684 ms-image \" aria-roledescription=\"slide\" data-date=\"2025-07-24 07:55:40\"><img src=\"https:\/\/sulsc.com\/wp-content\/uploads\/2025\/07\/Marr-2-1000x166.jpg\" height=\"200\" width=\"1200\" alt=\"\" class=\"slider-25573 slide-25684 msDefaultImage\" title=\"Marr 2\" \/><\/li>\n                <li style=\"display: none; width: 100%;\" class=\"slide-32412 ms-image \" aria-roledescription=\"slide\" data-date=\"2026-02-18 13:59:46\"><img src=\"https:\/\/sulsc.com\/wp-content\/uploads\/2026\/02\/40dc1580-cad5-4867-bc58-c4243821ad38-1000x166.jpeg\" height=\"200\" width=\"1200\" alt=\"\" class=\"slider-25573 slide-32412 msDefaultImage\" title=\"40dc1580-cad5-4867-bc58-c4243821ad38\" \/><\/li>\n                <li style=\"display: none; width: 100%;\" class=\"slide-32766 ms-image \" aria-roledescription=\"slide\" data-date=\"2026-03-03 17:22:59\"><img src=\"https:\/\/sulsc.com\/wp-content\/uploads\/2026\/03\/271ce739-f268-41c5-8051-3de1a1750359-1000x166.jpeg\" height=\"200\" width=\"1200\" alt=\"\" class=\"slider-25573 slide-32766 msDefaultImage\" title=\"271ce739-f268-41c5-8051-3de1a1750359\" \/><\/li>\n            <\/ul>\n        <\/div>\n        \n    <\/div>\n<\/div>\n<p><strong>\u201cRezemos todos juntos pela paz<\/strong>. Antes de tudo, pela paz entre as na\u00e7\u00f5es ensanguentadas por conflitos e mis\u00e9ria, mas tamb\u00e9m pela paz nos nossos lares, nas fam\u00edlias feridas pela viol\u00eancia e pela dor. Certos de que Cristo, nossa esperan\u00e7a, \u00e9 o sol da justi\u00e7a que jamais se p\u00f5e, pe\u00e7amos com confian\u00e7a a intercess\u00e3o de Maria, M\u00e3e de Deus e M\u00e3e da Igreja<strong>\u201d, completou.<\/strong><\/p>\n<p><img fetchpriority=\"high\" decoding=\"async\" class=\"aligncenter size-full wp-image-31228\" src=\"http:\/\/sulsc.com\/wp-content\/uploads\/2026\/01\/f440b049-473a-47bd-b08b-e51ebd0f9b5b.jpeg\" alt=\"\" width=\"1200\" height=\"750\" srcset=\"https:\/\/sulsc.com\/wp-content\/uploads\/2026\/01\/f440b049-473a-47bd-b08b-e51ebd0f9b5b.jpeg 1200w, https:\/\/sulsc.com\/wp-content\/uploads\/2026\/01\/f440b049-473a-47bd-b08b-e51ebd0f9b5b-300x188.jpeg 300w, https:\/\/sulsc.com\/wp-content\/uploads\/2026\/01\/f440b049-473a-47bd-b08b-e51ebd0f9b5b-1024x640.jpeg 1024w, https:\/\/sulsc.com\/wp-content\/uploads\/2026\/01\/f440b049-473a-47bd-b08b-e51ebd0f9b5b-768x480.jpeg 768w\" sizes=\"(max-width: 1200px) 100vw, 1200px\" \/><\/p>\n<p>(Foto: Alberto PIZZOLI \/ AFP)<\/p>\n<p>Ao final da ora\u00e7\u00e3o, Le\u00e3o XIV lembrou que, desde 1\u00ba de janeiro de 1968, a data \u00e9 lembrada como Dia Mundial da Paz e citou parte da mensagem que proferiu ao ser eleito novo pont\u00edfice: \u201cA paz esteja com todos voc\u00eas\u201d, convidando crist\u00e3os a iniciarem o novo ano desarmando cora\u00e7\u00f5es, rejeitando toda forma de viol\u00eancia e manifestando apre\u00e7o por iniciativas de promo\u00e7\u00e3o da paz em todo o mundo.<\/p>\n<p>Em sua conclus\u00e3o, ao recordar o oitavo centen\u00e1rio da morte de S\u00e3o Francisco, o papa concedeu sua b\u00ean\u00e7\u00e3o ao mundo.<\/p>\n<p>Fonte\/Ag\u00eancia Brasil<\/p>\n","protected":false},"excerpt":{"rendered":"<p>Ap\u00f3s celebrar sua primeira missa em 2026, o papa Le\u00e3o XIV fez um apelo \u00e0 paz no mundo, sobretudo entre \u201cna\u00e7\u00f5es ensanguentadas por conflitos e mis\u00e9ria\u201d. \u201c\u00c0 medida que o ritmo dos meses se repete, o Senhor convida-nos a renovar o nosso tempo, inaugurando por fim uma era de paz e amizade entre todos os &hellip;<\/p>\n<p class=\"read-more\"> <a class=\"\" href=\"https:\/\/sulsc.com\/index.php\/2026\/01\/02\/papa-pede-paz-entre-nacoes-ensanguentadas-por-conflitos-e-miseria\/\"> <span class=\"screen-reader-text\">Papa pede paz entre na\u00e7\u00f5es \u201censanguentadas por conflitos e mis\u00e9ria&#8221;<\/span> Read More &raquo;<\/a><\/p>\n","protected":false},"author":3,"featured_media":31228,"comment_status":"open","ping_status":"open","sticky":false,"template":"","format":"standard","meta":{"site-sidebar-layout":"default","site-content-layout":"","ast-site-content-layout":"default","site-content-style":"default","site-sidebar-style":"default","ast-global-header-display":"","ast-banner-title-visibility":"","ast-main-header-display":"","ast-hfb-above-header-display":"","ast-hfb-below-header-display":"","ast-hfb-mobile-header-display":"","site-post-title":"","ast-breadcrumbs-content":"","ast-featured-img":"","footer-sml-layout":"","theme-transparent-header-meta":"default","adv-header-id-meta":"","stick-header-meta":"","header-above-stick-meta":"","header-main-stick-meta":"","header-below-stick-meta":"","astra-migrate-meta-layouts":"set","footnotes":""},"categories":[18,1,16,12],"tags":[2194],"yoast_head":"<!-- This site is optimized with the Yoast SEO plugin v21.4 - https:\/\/yoast.com\/wordpress\/plugins\/seo\/ -->\n<title>Papa pede paz entre na\u00e7\u00f5es \u201censanguentadas por conflitos e mis\u00e9ria&quot; -<\/title>\n<meta name=\"robots\" content=\"index, follow, max-snippet:-1, max-image-preview:large, max-video-preview:-1\" \/>\n<link rel=\"canonical\" href=\"https:\/\/sulsc.com\/index.php\/2026\/01\/02\/papa-pede-paz-entre-nacoes-ensanguentadas-por-conflitos-e-miseria\/\" \/>\n<meta property=\"og:locale\" content=\"en_US\" \/>\n<meta property=\"og:type\" content=\"article\" \/>\n<meta property=\"og:title\" content=\"Papa pede paz entre na\u00e7\u00f5es \u201censanguentadas por conflitos e mis\u00e9ria&quot; -\" \/>\n<meta property=\"og:description\" content=\"Ap\u00f3s celebrar sua primeira missa em 2026, o papa Le\u00e3o XIV fez um apelo \u00e0 paz no mundo, sobretudo entre \u201cna\u00e7\u00f5es ensanguentadas por conflitos e mis\u00e9ria\u201d. \u201c\u00c0 medida que o ritmo dos meses se repete, o Senhor convida-nos a renovar o nosso tempo, inaugurando por fim uma era de paz e amizade entre todos os &hellip; Papa pede paz entre na\u00e7\u00f5es \u201censanguentadas por conflitos e mis\u00e9ria&#8221; Read More &raquo;\" \/>\n<meta property=\"og:url\" content=\"https:\/\/sulsc.com\/index.php\/2026\/01\/02\/papa-pede-paz-entre-nacoes-ensanguentadas-por-conflitos-e-miseria\/\" \/>\n<meta property=\"article:author\" content=\"https:\/\/www.facebook.com\/profile.php?id=61559278119680\" \/>\n<meta property=\"article:published_time\" content=\"2026-01-02T12:28:21+00:00\" \/>\n<meta property=\"og:image\" content=\"http:\/\/sulsc.com\/wp-content\/uploads\/2026\/01\/f440b049-473a-47bd-b08b-e51ebd0f9b5b.jpeg\" \/>\n\t<meta property=\"og:image:width\" content=\"1200\" \/>\n\t<meta property=\"og:image:height\" content=\"750\" \/>\n\t<meta property=\"og:image:type\" content=\"image\/jpeg\" \/>\n<meta name=\"author\" content=\"Reda\u00e7\u00e3o Sul SC\" \/>\n<meta name=\"twitter:card\" content=\"summary_large_image\" \/>\n<meta name=\"twitter:creator\" content=\"@https:\/\/twitter.com\/PortalSulSC\" \/>\n<meta name=\"twitter:label1\" content=\"Written by\" \/>\n\t<meta name=\"twitter:data1\" content=\"Reda\u00e7\u00e3o Sul SC\" \/>\n\t<meta name=\"twitter:label2\" content=\"Est. reading time\" \/>\n\t<meta name=\"twitter:data2\" content=\"2 minutes\" \/>\n<script type=\"application\/ld+json\" class=\"yoast-schema-graph\">{\"@context\":\"https:\/\/schema.org\",\"@graph\":[{\"@type\":\"WebPage\",\"@id\":\"https:\/\/sulsc.com\/index.php\/2026\/01\/02\/papa-pede-paz-entre-nacoes-ensanguentadas-por-conflitos-e-miseria\/\",\"url\":\"https:\/\/sulsc.com\/index.php\/2026\/01\/02\/papa-pede-paz-entre-nacoes-ensanguentadas-por-conflitos-e-miseria\/\",\"name\":\"Papa pede paz entre na\u00e7\u00f5es \u201censanguentadas por conflitos e mis\u00e9ria\\\" -\",\"isPartOf\":{\"@id\":\"https:\/\/sulsc.com\/#website\"},\"datePublished\":\"2026-01-02T12:28:21+00:00\",\"dateModified\":\"2026-01-02T12:28:21+00:00\",\"author\":{\"@id\":\"https:\/\/sulsc.com\/#\/schema\/person\/84d2fc571684f6248ba83092f07750a3\"},\"breadcrumb\":{\"@id\":\"https:\/\/sulsc.com\/index.php\/2026\/01\/02\/papa-pede-paz-entre-nacoes-ensanguentadas-por-conflitos-e-miseria\/#breadcrumb\"},\"inLanguage\":\"en-US\",\"potentialAction\":[{\"@type\":\"ReadAction\",\"target\":[\"https:\/\/sulsc.com\/index.php\/2026\/01\/02\/papa-pede-paz-entre-nacoes-ensanguentadas-por-conflitos-e-miseria\/\"]}]},{\"@type\":\"BreadcrumbList\",\"@id\":\"https:\/\/sulsc.com\/index.php\/2026\/01\/02\/papa-pede-paz-entre-nacoes-ensanguentadas-por-conflitos-e-miseria\/#breadcrumb\",\"itemListElement\":[{\"@type\":\"ListItem\",\"position\":1,\"name\":\"In\u00edcio\",\"item\":\"https:\/\/sulsc.com\/\"},{\"@type\":\"ListItem\",\"position\":2,\"name\":\"Papa pede paz entre na\u00e7\u00f5es \u201censanguentadas por conflitos e mis\u00e9ria&#8221;\"}]},{\"@type\":\"WebSite\",\"@id\":\"https:\/\/sulsc.com\/#website\",\"url\":\"https:\/\/sulsc.com\/\",\"name\":\"\",\"description\":\"\",\"potentialAction\":[{\"@type\":\"SearchAction\",\"target\":{\"@type\":\"EntryPoint\",\"urlTemplate\":\"https:\/\/sulsc.com\/?s={search_term_string}\"},\"query-input\":\"required name=search_term_string\"}],\"inLanguage\":\"en-US\"},{\"@type\":\"Person\",\"@id\":\"https:\/\/sulsc.com\/#\/schema\/person\/84d2fc571684f6248ba83092f07750a3\",\"name\":\"Reda\u00e7\u00e3o Sul SC\",\"image\":{\"@type\":\"ImageObject\",\"inLanguage\":\"en-US\",\"@id\":\"https:\/\/sulsc.com\/#\/schema\/person\/image\/e08d7fe2cc4ed596372063bbe852b8d0\",\"url\":\"https:\/\/sulsc.com\/wp-content\/uploads\/2023\/09\/redacao.png\",\"contentUrl\":\"https:\/\/sulsc.com\/wp-content\/uploads\/2023\/09\/redacao.png\",\"caption\":\"Reda\u00e7\u00e3o Sul SC\"},\"description\":\"Foco em um jornalismo imparcial, voltado \u00e0 qualidade dos seus conte\u00fados e, assim, levar informa\u00e7\u00e3o de valor que agregue \u00e0 vida dos leitores. Esta \u00e9 grande miss\u00e3o do Portal de Not\u00edcias Sul SC. N\u00e3o \u00e9 quantidade que muda o mundo, sempre foi e seguir\u00e1 sendo qualidade!\",\"sameAs\":[\"https:\/\/sulsc.com\/\",\"https:\/\/www.facebook.com\/profile.php?id=61559278119680\",\"https:\/\/www.instagram.com\/sulscportal\/?hl=pt-br\",\"https:\/\/twitter.com\/https:\/\/twitter.com\/PortalSulSC\",\"https:\/\/www.youtube.com\/channel\/UCv_BE8GeySluDov2n8qhVmw\"],\"url\":\"https:\/\/sulsc.com\/index.php\/author\/redacao\/\"}]}<\/script>\n<!-- \/ Yoast SEO plugin. -->","yoast_head_json":{"title":"Papa pede paz entre na\u00e7\u00f5es \u201censanguentadas por conflitos e mis\u00e9ria\" -","robots":{"index":"index","follow":"follow","max-snippet":"max-snippet:-1","max-image-preview":"max-image-preview:large","max-video-preview":"max-video-preview:-1"},"canonical":"https:\/\/sulsc.com\/index.php\/2026\/01\/02\/papa-pede-paz-entre-nacoes-ensanguentadas-por-conflitos-e-miseria\/","og_locale":"en_US","og_type":"article","og_title":"Papa pede paz entre na\u00e7\u00f5es \u201censanguentadas por conflitos e mis\u00e9ria\" -","og_description":"Ap\u00f3s celebrar sua primeira missa em 2026, o papa Le\u00e3o XIV fez um apelo \u00e0 paz no mundo, sobretudo entre \u201cna\u00e7\u00f5es ensanguentadas por conflitos e mis\u00e9ria\u201d. \u201c\u00c0 medida que o ritmo dos meses se repete, o Senhor convida-nos a renovar o nosso tempo, inaugurando por fim uma era de paz e amizade entre todos os &hellip; Papa pede paz entre na\u00e7\u00f5es \u201censanguentadas por conflitos e mis\u00e9ria&#8221; Read More &raquo;","og_url":"https:\/\/sulsc.com\/index.php\/2026\/01\/02\/papa-pede-paz-entre-nacoes-ensanguentadas-por-conflitos-e-miseria\/","article_author":"https:\/\/www.facebook.com\/profile.php?id=61559278119680","article_published_time":"2026-01-02T12:28:21+00:00","og_image":[{"width":1200,"height":750,"url":"http:\/\/sulsc.com\/wp-content\/uploads\/2026\/01\/f440b049-473a-47bd-b08b-e51ebd0f9b5b.jpeg","type":"image\/jpeg"}],"author":"Reda\u00e7\u00e3o Sul SC","twitter_card":"summary_large_image","twitter_creator":"@https:\/\/twitter.com\/PortalSulSC","twitter_misc":{"Written by":"Reda\u00e7\u00e3o Sul SC","Est. reading time":"2 minutes"},"schema":{"@context":"https:\/\/schema.org","@graph":[{"@type":"WebPage","@id":"https:\/\/sulsc.com\/index.php\/2026\/01\/02\/papa-pede-paz-entre-nacoes-ensanguentadas-por-conflitos-e-miseria\/","url":"https:\/\/sulsc.com\/index.php\/2026\/01\/02\/papa-pede-paz-entre-nacoes-ensanguentadas-por-conflitos-e-miseria\/","name":"Papa pede paz entre na\u00e7\u00f5es \u201censanguentadas por conflitos e mis\u00e9ria\" -","isPartOf":{"@id":"https:\/\/sulsc.com\/#website"},"datePublished":"2026-01-02T12:28:21+00:00","dateModified":"2026-01-02T12:28:21+00:00","author":{"@id":"https:\/\/sulsc.com\/#\/schema\/person\/84d2fc571684f6248ba83092f07750a3"},"breadcrumb":{"@id":"https:\/\/sulsc.com\/index.php\/2026\/01\/02\/papa-pede-paz-entre-nacoes-ensanguentadas-por-conflitos-e-miseria\/#breadcrumb"},"inLanguage":"en-US","potentialAction":[{"@type":"ReadAction","target":["https:\/\/sulsc.com\/index.php\/2026\/01\/02\/papa-pede-paz-entre-nacoes-ensanguentadas-por-conflitos-e-miseria\/"]}]},{"@type":"BreadcrumbList","@id":"https:\/\/sulsc.com\/index.php\/2026\/01\/02\/papa-pede-paz-entre-nacoes-ensanguentadas-por-conflitos-e-miseria\/#breadcrumb","itemListElement":[{"@type":"ListItem","position":1,"name":"In\u00edcio","item":"https:\/\/sulsc.com\/"},{"@type":"ListItem","position":2,"name":"Papa pede paz entre na\u00e7\u00f5es \u201censanguentadas por conflitos e mis\u00e9ria&#8221;"}]},{"@type":"WebSite","@id":"https:\/\/sulsc.com\/#website","url":"https:\/\/sulsc.com\/","name":"","description":"","potentialAction":[{"@type":"SearchAction","target":{"@type":"EntryPoint","urlTemplate":"https:\/\/sulsc.com\/?s={search_term_string}"},"query-input":"required name=search_term_string"}],"inLanguage":"en-US"},{"@type":"Person","@id":"https:\/\/sulsc.com\/#\/schema\/person\/84d2fc571684f6248ba83092f07750a3","name":"Reda\u00e7\u00e3o Sul SC","image":{"@type":"ImageObject","inLanguage":"en-US","@id":"https:\/\/sulsc.com\/#\/schema\/person\/image\/e08d7fe2cc4ed596372063bbe852b8d0","url":"https:\/\/sulsc.com\/wp-content\/uploads\/2023\/09\/redacao.png","contentUrl":"https:\/\/sulsc.com\/wp-content\/uploads\/2023\/09\/redacao.png","caption":"Reda\u00e7\u00e3o Sul SC"},"description":"Foco em um jornalismo imparcial, voltado \u00e0 qualidade dos seus conte\u00fados e, assim, levar informa\u00e7\u00e3o de valor que agregue \u00e0 vida dos leitores. Esta \u00e9 grande miss\u00e3o do Portal de Not\u00edcias Sul SC. N\u00e3o \u00e9 quantidade que muda o mundo, sempre foi e seguir\u00e1 sendo qualidade!","sameAs":["https:\/\/sulsc.com\/","https:\/\/www.facebook.com\/profile.php?id=61559278119680","https:\/\/www.instagram.com\/sulscportal\/?hl=pt-br","https:\/\/twitter.com\/https:\/\/twitter.com\/PortalSulSC","https:\/\/www.youtube.com\/channel\/UCv_BE8GeySluDov2n8qhVmw"],"url":"https:\/\/sulsc.com\/index.php\/author\/redacao\/"}]}},"authors":[],"_links":{"self":[{"href":"https:\/\/sulsc.com\/index.php\/wp-json\/wp\/v2\/posts\/31227"}],"collection":[{"href":"https:\/\/sulsc.com\/index.php\/wp-json\/wp\/v2\/posts"}],"about":[{"href":"https:\/\/sulsc.com\/index.php\/wp-json\/wp\/v2\/types\/post"}],"author":[{"embeddable":true,"href":"https:\/\/sulsc.com\/index.php\/wp-json\/wp\/v2\/users\/3"}],"replies":[{"embeddable":true,"href":"https:\/\/sulsc.com\/index.php\/wp-json\/wp\/v2\/comments?post=31227"}],"version-history":[{"count":1,"href":"https:\/\/sulsc.com\/index.php\/wp-json\/wp\/v2\/posts\/31227\/revisions"}],"predecessor-version":[{"id":31229,"href":"https:\/\/sulsc.com\/index.php\/wp-json\/wp\/v2\/posts\/31227\/revisions\/31229"}],"wp:featuredmedia":[{"embeddable":true,"href":"https:\/\/sulsc.com\/index.php\/wp-json\/wp\/v2\/media\/31228"}],"wp:attachment":[{"href":"https:\/\/sulsc.com\/index.php\/wp-json\/wp\/v2\/media?parent=31227"}],"wp:term":[{"taxonomy":"category","embeddable":true,"href":"https:\/\/sulsc.com\/index.php\/wp-json\/wp\/v2\/categories?post=31227"},{"taxonomy":"post_tag","embeddable":true,"href":"https:\/\/sulsc.com\/index.php\/wp-json\/wp\/v2\/tags?post=31227"}],"curies":[{"name":"wp","href":"https:\/\/api.w.org\/{rel}","templated":true}]}}