{"id":3123,"date":"2023-10-31T08:30:07","date_gmt":"2023-10-31T11:30:07","guid":{"rendered":"https:\/\/sulsc.com\/?p=3123"},"modified":"2023-10-31T07:35:21","modified_gmt":"2023-10-31T10:35:21","slug":"cachorro-e-morto-a-tiro-apos-ter-matado-galinha-de-vizinho-em-sao-martinho","status":"publish","type":"post","link":"https:\/\/sulsc.com\/index.php\/2023\/10\/31\/cachorro-e-morto-a-tiro-apos-ter-matado-galinha-de-vizinho-em-sao-martinho\/","title":{"rendered":"Cachorro \u00e9 morto a tiro ap\u00f3s ter matado galinha de vizinho, em S\u00e3o Martinho"},"content":{"rendered":"<p>Um crime de porte ilegal de arma de fogo e maus-tratos contra c\u00e3o foi registrado nesta segunda-feira (30), em S\u00e3o Martinho. A Pol\u00edcia Militar foi acionada por volta das 20h40 para atender a ocorr\u00eancia de amea\u00e7a, cal\u00fania, porte ilegal de arma e maus-tratos<br \/>\ncontra c\u00e3o ou gato.<\/p>\n<p>Ao chegar no local, os policiais foram abordados pelo solicitante. Ele contou que discutiu e trocou xingamentos com seu cunhado, bem como foi amea\u00e7ado de morte por ele, pelo fato do seu cachorro ter matado as galinhas dele. Logo ap\u00f3s, a guarni\u00e7\u00e3o foi at\u00e9 a resid\u00eancia que de imediato autorizou a entrada da os policiais e confirmou a discuss\u00e3o e trocas de xingamentos entre os dois bem como confirmou que matou o cachorro pela manh\u00e3, devido ele ter matado as galinhas, dentro do seu galinheiro.<\/p>\n<p>Indagado sobre a arma que havia utilizado para a execu\u00e7\u00e3o do animal, ele apresentou espingarda calibre .22, com seis muni\u00e7\u00f5es. Ao verificar a arma, foi constatado que se trata de uma espingarda de press\u00e3o, por\u00e9m, foi modificada para o calibre 22. O acusao entregou tamb\u00e9m, uma pistola marca Rossi, airgun, cal 4,5mm.<\/p>\n<p>Diante dos fatos, foi dada voz de pris\u00e3o ao autor dos fatos pelos crimes de porte ilegal de arma de fogo e maus-tratos contra c\u00e3o ou gato. Na sequ\u00eancia os policiais os conduziram para a Delegacia de Tubar\u00e3o.<\/p>\n<p><img fetchpriority=\"high\" decoding=\"async\" class=\"alignnone size-large wp-image-3124\" src=\"http:\/\/sulsc.com\/wp-content\/uploads\/2023\/10\/galinhas-na-grama-1024x683.jpg\" alt=\"\" width=\"1024\" height=\"683\" srcset=\"https:\/\/sulsc.com\/wp-content\/uploads\/2023\/10\/galinhas-na-grama-1024x683.jpg 1024w, https:\/\/sulsc.com\/wp-content\/uploads\/2023\/10\/galinhas-na-grama-300x200.jpg 300w, https:\/\/sulsc.com\/wp-content\/uploads\/2023\/10\/galinhas-na-grama-768x512.jpg 768w, https:\/\/sulsc.com\/wp-content\/uploads\/2023\/10\/galinhas-na-grama-1536x1024.jpg 1536w, https:\/\/sulsc.com\/wp-content\/uploads\/2023\/10\/galinhas-na-grama-2048x1365.jpg 2048w\" sizes=\"(max-width: 1024px) 100vw, 1024px\" \/><\/p>\n","protected":false},"excerpt":{"rendered":"<p>Um crime de porte ilegal de arma de fogo e maus-tratos contra c\u00e3o foi registrado nesta segunda-feira (30), em S\u00e3o Martinho. A Pol\u00edcia Militar foi acionada por volta das 20h40 para atender a ocorr\u00eancia de amea\u00e7a, cal\u00fania, porte ilegal de arma e maus-tratos contra c\u00e3o ou gato. Ao chegar no local, os policiais foram abordados &hellip;<\/p>\n<p class=\"read-more\"> <a class=\"\" href=\"https:\/\/sulsc.com\/index.php\/2023\/10\/31\/cachorro-e-morto-a-tiro-apos-ter-matado-galinha-de-vizinho-em-sao-martinho\/\"> <span class=\"screen-reader-text\">Cachorro \u00e9 morto a tiro ap\u00f3s ter matado galinha de vizinho, em S\u00e3o Martinho<\/span> Read More &raquo;<\/a><\/p>\n","protected":false},"author":3,"featured_media":3124,"comment_status":"open","ping_status":"open","sticky":false,"template":"","format":"standard","meta":{"site-sidebar-layout":"default","site-content-layout":"","ast-site-content-layout":"default","site-content-style":"default","site-sidebar-style":"default","ast-global-header-display":"","ast-banner-title-visibility":"","ast-main-header-display":"","ast-hfb-above-header-display":"","ast-hfb-below-header-display":"","ast-hfb-mobile-header-display":"","site-post-title":"","ast-breadcrumbs-content":"","ast-featured-img":"","footer-sml-layout":"","theme-transparent-header-meta":"default","adv-header-id-meta":"","stick-header-meta":"","header-above-stick-meta":"","header-main-stick-meta":"","header-below-stick-meta":"","astra-migrate-meta-layouts":"set","footnotes":""},"categories":[8],"tags":[],"yoast_head":"<!-- This site is optimized with the Yoast SEO plugin v21.4 - https:\/\/yoast.com\/wordpress\/plugins\/seo\/ -->\n<title>Cachorro \u00e9 morto a tiro ap\u00f3s ter matado galinha de vizinho, em S\u00e3o Martinho -<\/title>\n<meta name=\"robots\" content=\"index, follow, max-snippet:-1, max-image-preview:large, max-video-preview:-1\" \/>\n<link rel=\"canonical\" href=\"https:\/\/sulsc.com\/index.php\/2023\/10\/31\/cachorro-e-morto-a-tiro-apos-ter-matado-galinha-de-vizinho-em-sao-martinho\/\" \/>\n<meta property=\"og:locale\" content=\"en_US\" \/>\n<meta property=\"og:type\" content=\"article\" \/>\n<meta property=\"og:title\" content=\"Cachorro \u00e9 morto a tiro ap\u00f3s ter matado galinha de vizinho, em S\u00e3o Martinho -\" \/>\n<meta property=\"og:description\" content=\"Um crime de porte ilegal de arma de fogo e maus-tratos contra c\u00e3o foi registrado nesta segunda-feira (30), em S\u00e3o Martinho. A Pol\u00edcia Militar foi acionada por volta das 20h40 para atender a ocorr\u00eancia de amea\u00e7a, cal\u00fania, porte ilegal de arma e maus-tratos contra c\u00e3o ou gato. Ao chegar no local, os policiais foram abordados &hellip; Cachorro \u00e9 morto a tiro ap\u00f3s ter matado galinha de vizinho, em S\u00e3o Martinho Read More &raquo;\" \/>\n<meta property=\"og:url\" content=\"https:\/\/sulsc.com\/index.php\/2023\/10\/31\/cachorro-e-morto-a-tiro-apos-ter-matado-galinha-de-vizinho-em-sao-martinho\/\" \/>\n<meta property=\"article:author\" content=\"https:\/\/www.facebook.com\/profile.php?id=61559278119680\" \/>\n<meta property=\"article:published_time\" content=\"2023-10-31T11:30:07+00:00\" \/>\n<meta property=\"article:modified_time\" content=\"2023-10-31T10:35:21+00:00\" \/>\n<meta property=\"og:image\" content=\"https:\/\/sulsc.com\/wp-content\/uploads\/2023\/10\/galinhas-na-grama-scaled.jpg\" \/>\n\t<meta property=\"og:image:width\" content=\"2560\" \/>\n\t<meta property=\"og:image:height\" content=\"1707\" \/>\n\t<meta property=\"og:image:type\" content=\"image\/jpeg\" \/>\n<meta name=\"author\" content=\"Reda\u00e7\u00e3o Sul SC\" \/>\n<meta name=\"twitter:card\" content=\"summary_large_image\" \/>\n<meta name=\"twitter:creator\" content=\"@https:\/\/twitter.com\/PortalSulSC\" \/>\n<meta name=\"twitter:label1\" content=\"Written by\" \/>\n\t<meta name=\"twitter:data1\" content=\"Reda\u00e7\u00e3o Sul SC\" \/>\n\t<meta name=\"twitter:label2\" content=\"Est. reading time\" \/>\n\t<meta name=\"twitter:data2\" content=\"2 minutes\" \/>\n<script type=\"application\/ld+json\" class=\"yoast-schema-graph\">{\"@context\":\"https:\/\/schema.org\",\"@graph\":[{\"@type\":\"WebPage\",\"@id\":\"https:\/\/sulsc.com\/index.php\/2023\/10\/31\/cachorro-e-morto-a-tiro-apos-ter-matado-galinha-de-vizinho-em-sao-martinho\/\",\"url\":\"https:\/\/sulsc.com\/index.php\/2023\/10\/31\/cachorro-e-morto-a-tiro-apos-ter-matado-galinha-de-vizinho-em-sao-martinho\/\",\"name\":\"Cachorro \u00e9 morto a tiro ap\u00f3s ter matado galinha de vizinho, em S\u00e3o Martinho -\",\"isPartOf\":{\"@id\":\"https:\/\/sulsc.com\/#website\"},\"datePublished\":\"2023-10-31T11:30:07+00:00\",\"dateModified\":\"2023-10-31T10:35:21+00:00\",\"author\":{\"@id\":\"https:\/\/sulsc.com\/#\/schema\/person\/84d2fc571684f6248ba83092f07750a3\"},\"breadcrumb\":{\"@id\":\"https:\/\/sulsc.com\/index.php\/2023\/10\/31\/cachorro-e-morto-a-tiro-apos-ter-matado-galinha-de-vizinho-em-sao-martinho\/#breadcrumb\"},\"inLanguage\":\"en-US\",\"potentialAction\":[{\"@type\":\"ReadAction\",\"target\":[\"https:\/\/sulsc.com\/index.php\/2023\/10\/31\/cachorro-e-morto-a-tiro-apos-ter-matado-galinha-de-vizinho-em-sao-martinho\/\"]}]},{\"@type\":\"BreadcrumbList\",\"@id\":\"https:\/\/sulsc.com\/index.php\/2023\/10\/31\/cachorro-e-morto-a-tiro-apos-ter-matado-galinha-de-vizinho-em-sao-martinho\/#breadcrumb\",\"itemListElement\":[{\"@type\":\"ListItem\",\"position\":1,\"name\":\"In\u00edcio\",\"item\":\"https:\/\/sulsc.com\/\"},{\"@type\":\"ListItem\",\"position\":2,\"name\":\"Cachorro \u00e9 morto a tiro ap\u00f3s ter matado galinha de vizinho, em S\u00e3o Martinho\"}]},{\"@type\":\"WebSite\",\"@id\":\"https:\/\/sulsc.com\/#website\",\"url\":\"https:\/\/sulsc.com\/\",\"name\":\"\",\"description\":\"\",\"potentialAction\":[{\"@type\":\"SearchAction\",\"target\":{\"@type\":\"EntryPoint\",\"urlTemplate\":\"https:\/\/sulsc.com\/?s={search_term_string}\"},\"query-input\":\"required name=search_term_string\"}],\"inLanguage\":\"en-US\"},{\"@type\":\"Person\",\"@id\":\"https:\/\/sulsc.com\/#\/schema\/person\/84d2fc571684f6248ba83092f07750a3\",\"name\":\"Reda\u00e7\u00e3o Sul SC\",\"image\":{\"@type\":\"ImageObject\",\"inLanguage\":\"en-US\",\"@id\":\"https:\/\/sulsc.com\/#\/schema\/person\/image\/e08d7fe2cc4ed596372063bbe852b8d0\",\"url\":\"https:\/\/sulsc.com\/wp-content\/uploads\/2023\/09\/redacao.png\",\"contentUrl\":\"https:\/\/sulsc.com\/wp-content\/uploads\/2023\/09\/redacao.png\",\"caption\":\"Reda\u00e7\u00e3o Sul SC\"},\"description\":\"Foco em um jornalismo imparcial, voltado \u00e0 qualidade dos seus conte\u00fados e, assim, levar informa\u00e7\u00e3o de valor que agregue \u00e0 vida dos leitores. Esta \u00e9 grande miss\u00e3o do Portal de Not\u00edcias Sul SC. N\u00e3o \u00e9 quantidade que muda o mundo, sempre foi e seguir\u00e1 sendo qualidade!\",\"sameAs\":[\"https:\/\/sulsc.com\/\",\"https:\/\/www.facebook.com\/profile.php?id=61559278119680\",\"https:\/\/www.instagram.com\/sulscportal\/?hl=pt-br\",\"https:\/\/twitter.com\/https:\/\/twitter.com\/PortalSulSC\",\"https:\/\/www.youtube.com\/channel\/UCv_BE8GeySluDov2n8qhVmw\"],\"url\":\"https:\/\/sulsc.com\/index.php\/author\/redacao\/\"}]}<\/script>\n<!-- \/ Yoast SEO plugin. -->","yoast_head_json":{"title":"Cachorro \u00e9 morto a tiro ap\u00f3s ter matado galinha de vizinho, em S\u00e3o Martinho -","robots":{"index":"index","follow":"follow","max-snippet":"max-snippet:-1","max-image-preview":"max-image-preview:large","max-video-preview":"max-video-preview:-1"},"canonical":"https:\/\/sulsc.com\/index.php\/2023\/10\/31\/cachorro-e-morto-a-tiro-apos-ter-matado-galinha-de-vizinho-em-sao-martinho\/","og_locale":"en_US","og_type":"article","og_title":"Cachorro \u00e9 morto a tiro ap\u00f3s ter matado galinha de vizinho, em S\u00e3o Martinho -","og_description":"Um crime de porte ilegal de arma de fogo e maus-tratos contra c\u00e3o foi registrado nesta segunda-feira (30), em S\u00e3o Martinho. A Pol\u00edcia Militar foi acionada por volta das 20h40 para atender a ocorr\u00eancia de amea\u00e7a, cal\u00fania, porte ilegal de arma e maus-tratos contra c\u00e3o ou gato. Ao chegar no local, os policiais foram abordados &hellip; Cachorro \u00e9 morto a tiro ap\u00f3s ter matado galinha de vizinho, em S\u00e3o Martinho Read More &raquo;","og_url":"https:\/\/sulsc.com\/index.php\/2023\/10\/31\/cachorro-e-morto-a-tiro-apos-ter-matado-galinha-de-vizinho-em-sao-martinho\/","article_author":"https:\/\/www.facebook.com\/profile.php?id=61559278119680","article_published_time":"2023-10-31T11:30:07+00:00","article_modified_time":"2023-10-31T10:35:21+00:00","og_image":[{"width":2560,"height":1707,"url":"https:\/\/sulsc.com\/wp-content\/uploads\/2023\/10\/galinhas-na-grama-scaled.jpg","type":"image\/jpeg"}],"author":"Reda\u00e7\u00e3o Sul SC","twitter_card":"summary_large_image","twitter_creator":"@https:\/\/twitter.com\/PortalSulSC","twitter_misc":{"Written by":"Reda\u00e7\u00e3o Sul SC","Est. reading time":"2 minutes"},"schema":{"@context":"https:\/\/schema.org","@graph":[{"@type":"WebPage","@id":"https:\/\/sulsc.com\/index.php\/2023\/10\/31\/cachorro-e-morto-a-tiro-apos-ter-matado-galinha-de-vizinho-em-sao-martinho\/","url":"https:\/\/sulsc.com\/index.php\/2023\/10\/31\/cachorro-e-morto-a-tiro-apos-ter-matado-galinha-de-vizinho-em-sao-martinho\/","name":"Cachorro \u00e9 morto a tiro ap\u00f3s ter matado galinha de vizinho, em S\u00e3o Martinho -","isPartOf":{"@id":"https:\/\/sulsc.com\/#website"},"datePublished":"2023-10-31T11:30:07+00:00","dateModified":"2023-10-31T10:35:21+00:00","author":{"@id":"https:\/\/sulsc.com\/#\/schema\/person\/84d2fc571684f6248ba83092f07750a3"},"breadcrumb":{"@id":"https:\/\/sulsc.com\/index.php\/2023\/10\/31\/cachorro-e-morto-a-tiro-apos-ter-matado-galinha-de-vizinho-em-sao-martinho\/#breadcrumb"},"inLanguage":"en-US","potentialAction":[{"@type":"ReadAction","target":["https:\/\/sulsc.com\/index.php\/2023\/10\/31\/cachorro-e-morto-a-tiro-apos-ter-matado-galinha-de-vizinho-em-sao-martinho\/"]}]},{"@type":"BreadcrumbList","@id":"https:\/\/sulsc.com\/index.php\/2023\/10\/31\/cachorro-e-morto-a-tiro-apos-ter-matado-galinha-de-vizinho-em-sao-martinho\/#breadcrumb","itemListElement":[{"@type":"ListItem","position":1,"name":"In\u00edcio","item":"https:\/\/sulsc.com\/"},{"@type":"ListItem","position":2,"name":"Cachorro \u00e9 morto a tiro ap\u00f3s ter matado galinha de vizinho, em S\u00e3o Martinho"}]},{"@type":"WebSite","@id":"https:\/\/sulsc.com\/#website","url":"https:\/\/sulsc.com\/","name":"","description":"","potentialAction":[{"@type":"SearchAction","target":{"@type":"EntryPoint","urlTemplate":"https:\/\/sulsc.com\/?s={search_term_string}"},"query-input":"required name=search_term_string"}],"inLanguage":"en-US"},{"@type":"Person","@id":"https:\/\/sulsc.com\/#\/schema\/person\/84d2fc571684f6248ba83092f07750a3","name":"Reda\u00e7\u00e3o Sul SC","image":{"@type":"ImageObject","inLanguage":"en-US","@id":"https:\/\/sulsc.com\/#\/schema\/person\/image\/e08d7fe2cc4ed596372063bbe852b8d0","url":"https:\/\/sulsc.com\/wp-content\/uploads\/2023\/09\/redacao.png","contentUrl":"https:\/\/sulsc.com\/wp-content\/uploads\/2023\/09\/redacao.png","caption":"Reda\u00e7\u00e3o Sul SC"},"description":"Foco em um jornalismo imparcial, voltado \u00e0 qualidade dos seus conte\u00fados e, assim, levar informa\u00e7\u00e3o de valor que agregue \u00e0 vida dos leitores. Esta \u00e9 grande miss\u00e3o do Portal de Not\u00edcias Sul SC. N\u00e3o \u00e9 quantidade que muda o mundo, sempre foi e seguir\u00e1 sendo qualidade!","sameAs":["https:\/\/sulsc.com\/","https:\/\/www.facebook.com\/profile.php?id=61559278119680","https:\/\/www.instagram.com\/sulscportal\/?hl=pt-br","https:\/\/twitter.com\/https:\/\/twitter.com\/PortalSulSC","https:\/\/www.youtube.com\/channel\/UCv_BE8GeySluDov2n8qhVmw"],"url":"https:\/\/sulsc.com\/index.php\/author\/redacao\/"}]}},"authors":[],"_links":{"self":[{"href":"https:\/\/sulsc.com\/index.php\/wp-json\/wp\/v2\/posts\/3123"}],"collection":[{"href":"https:\/\/sulsc.com\/index.php\/wp-json\/wp\/v2\/posts"}],"about":[{"href":"https:\/\/sulsc.com\/index.php\/wp-json\/wp\/v2\/types\/post"}],"author":[{"embeddable":true,"href":"https:\/\/sulsc.com\/index.php\/wp-json\/wp\/v2\/users\/3"}],"replies":[{"embeddable":true,"href":"https:\/\/sulsc.com\/index.php\/wp-json\/wp\/v2\/comments?post=3123"}],"version-history":[{"count":1,"href":"https:\/\/sulsc.com\/index.php\/wp-json\/wp\/v2\/posts\/3123\/revisions"}],"predecessor-version":[{"id":3125,"href":"https:\/\/sulsc.com\/index.php\/wp-json\/wp\/v2\/posts\/3123\/revisions\/3125"}],"wp:featuredmedia":[{"embeddable":true,"href":"https:\/\/sulsc.com\/index.php\/wp-json\/wp\/v2\/media\/3124"}],"wp:attachment":[{"href":"https:\/\/sulsc.com\/index.php\/wp-json\/wp\/v2\/media?parent=3123"}],"wp:term":[{"taxonomy":"category","embeddable":true,"href":"https:\/\/sulsc.com\/index.php\/wp-json\/wp\/v2\/categories?post=3123"},{"taxonomy":"post_tag","embeddable":true,"href":"https:\/\/sulsc.com\/index.php\/wp-json\/wp\/v2\/tags?post=3123"}],"curies":[{"name":"wp","href":"https:\/\/api.w.org\/{rel}","templated":true}]}}