{"id":31230,"date":"2026-01-03T18:38:39","date_gmt":"2026-01-03T21:38:39","guid":{"rendered":"https:\/\/sulsc.com\/?p=31230"},"modified":"2026-01-03T18:42:17","modified_gmt":"2026-01-03T21:42:17","slug":"eua-vao-administrar-venezuela-ate-transicao-segura-diz-trump","status":"publish","type":"post","link":"https:\/\/sulsc.com\/index.php\/2026\/01\/03\/eua-vao-administrar-venezuela-ate-transicao-segura-diz-trump\/","title":{"rendered":"EUA v\u00e3o administrar Venezuela at\u00e9 &#8220;transi\u00e7\u00e3o segura&#8221;, diz Trump"},"content":{"rendered":"<p><span dir=\"auto\" style=\"vertical-align: inherit;\"><span dir=\"auto\" style=\"vertical-align: inherit;\">O presidente dos Estados Unidos, Donald Trump, afirmou neste s\u00e1bado (3), na primeira manifesta\u00e7\u00e3o oficial ap\u00f3s a invas\u00e3o militar na Venezuela e captura de Nicol\u00e1s Maduro, que o governo norte-americano vai administrar o pa\u00eds latino-americano, a partir de agora, at\u00e9 que se consiga fazer uma transi\u00e7\u00e3o de poder.<\/span><\/span><\/p>\n<div id=\"metaslider-id-25573\" style=\"width: 100%;\" class=\"ml-slider-3-99-0 metaslider metaslider-flex metaslider-25573 ml-slider has-onhover-arrows ms-theme-default-base has-dots-nav\" role=\"region\" aria-label=\"Meio\" data-width=\"1200\">\n    <div id=\"metaslider_container_25573\">\n        <div id=\"metaslider_25573\">\n            <ul class='slides'>\n                <li style=\"display: block; width: 100%;\" class=\"slide-25684 ms-image \" aria-roledescription=\"slide\" data-date=\"2025-07-24 07:55:40\"><img src=\"https:\/\/sulsc.com\/wp-content\/uploads\/2025\/07\/Marr-2-1000x166.jpg\" height=\"200\" width=\"1200\" alt=\"\" class=\"slider-25573 slide-25684 msDefaultImage\" title=\"Marr 2\" \/><\/li>\n                <li style=\"display: none; width: 100%;\" class=\"slide-32412 ms-image \" aria-roledescription=\"slide\" data-date=\"2026-02-18 13:59:46\"><img src=\"https:\/\/sulsc.com\/wp-content\/uploads\/2026\/02\/40dc1580-cad5-4867-bc58-c4243821ad38-1000x166.jpeg\" height=\"200\" width=\"1200\" alt=\"\" class=\"slider-25573 slide-32412 msDefaultImage\" title=\"40dc1580-cad5-4867-bc58-c4243821ad38\" \/><\/li>\n                <li style=\"display: none; width: 100%;\" class=\"slide-32766 ms-image \" aria-roledescription=\"slide\" data-date=\"2026-03-03 17:22:59\"><img src=\"https:\/\/sulsc.com\/wp-content\/uploads\/2026\/03\/271ce739-f268-41c5-8051-3de1a1750359-1000x166.jpeg\" height=\"200\" width=\"1200\" alt=\"\" class=\"slider-25573 slide-32766 msDefaultImage\" title=\"271ce739-f268-41c5-8051-3de1a1750359\" \/><\/li>\n            <\/ul>\n        <\/div>\n        \n    <\/div>\n<\/div>\n<p><span dir=\"auto\" style=\"vertical-align: inherit;\"><span dir=\"auto\" style=\"vertical-align: inherit;\">\u201cVamos administrar o pa\u00eds at\u00e9 que possamos realizar uma transi\u00e7\u00e3o segura, adequada e criteriosa. N\u00e3o queremos nos envolver em colocar outra pessoa no poder e acabar na mesma situa\u00e7\u00e3o que tivemos por um longo per\u00edodo de anos\u201d, disse o norte-americano.<\/span><\/span><\/p>\n<p><span dir=\"auto\" style=\"vertical-align: inherit;\"><span dir=\"auto\" style=\"vertical-align: inherit;\">De acordo com Trump, os Estados Unidos &#8220;est\u00e3o l\u00e1 agora&#8221;.<\/span><\/span><\/p>\n<p><strong><span dir=\"auto\" style=\"vertical-align: inherit;\"><span dir=\"auto\" style=\"vertical-align: inherit;\">&#8220;<\/span><\/span><\/strong><span dir=\"auto\" style=\"vertical-align: inherit;\"><span dir=\"auto\" style=\"vertical-align: inherit;\"> O que as pessoas n\u00e3o entendem \u2014 mas passam a entender quando digo isto \u2014 \u00e9 que estamos l\u00e1 agora, e vamos permanecer at\u00e9 que a transi\u00e7\u00e3o adequada possa ocorrer. Portanto, vamos ficar e, essencialmente, administrar o pa\u00eds at\u00e9 que uma transi\u00e7\u00e3o correta seja poss\u00edvel <\/span><\/span><strong><span dir=\"auto\" style=\"vertical-align: inherit;\"><span dir=\"auto\" style=\"vertical-align: inherit;\">&#8220;<\/span><\/span><\/strong><span dir=\"auto\" style=\"vertical-align: inherit;\"><span dir=\"auto\" style=\"vertical-align: inherit;\"> , <\/span><\/span><strong><span dir=\"auto\" style=\"vertical-align: inherit;\"><span dir=\"auto\" style=\"vertical-align: inherit;\">disse em uma coletiva de imprensa transmitida de sua resid\u00eancia particular no resort de Mar-a-Lago, em Palm Beach, na Fl\u00f3rida.<\/span><\/span><\/strong><\/p>\n<p><img fetchpriority=\"high\" decoding=\"async\" class=\"aligncenter size-full wp-image-31231\" src=\"http:\/\/sulsc.com\/wp-content\/uploads\/2026\/01\/d9bcad59-2484-4e38-9935-49079023e302.jpeg\" alt=\"\" width=\"900\" height=\"506\" srcset=\"https:\/\/sulsc.com\/wp-content\/uploads\/2026\/01\/d9bcad59-2484-4e38-9935-49079023e302.jpeg 900w, https:\/\/sulsc.com\/wp-content\/uploads\/2026\/01\/d9bcad59-2484-4e38-9935-49079023e302-300x169.jpeg 300w, https:\/\/sulsc.com\/wp-content\/uploads\/2026\/01\/d9bcad59-2484-4e38-9935-49079023e302-768x432.jpeg 768w\" sizes=\"(max-width: 900px) 100vw, 900px\" \/><\/p>\n<p><span dir=\"auto\" style=\"vertical-align: inherit;\"><span dir=\"auto\" style=\"vertical-align: inherit;\">Imagem: Jonathan Ernst\/Reuters<\/span><\/span><\/p>\n<p><strong><span dir=\"auto\" style=\"vertical-align: inherit;\"><span dir=\"auto\" style=\"vertical-align: inherit;\">Trump destacou<\/span><\/span><\/strong><span dir=\"auto\" style=\"vertical-align: inherit;\"><span dir=\"auto\" style=\"vertical-align: inherit;\"> o que classificou como uma das <\/span><\/span><strong><span dir=\"auto\" style=\"vertical-align: inherit;\"><span dir=\"auto\" style=\"vertical-align: inherit;\">&#8220;<\/span><\/span><\/strong><span dir=\"auto\" style=\"vertical-align: inherit;\"><span dir=\"auto\" style=\"vertical-align: inherit;\"> proje\u00e7\u00f5es mais impressionantes, eficazes e poderosas da capacidade e da compet\u00eancia militar americana na hist\u00f3ria dos Estados Unidos <\/span><\/span><strong><span dir=\"auto\" style=\"vertical-align: inherit;\"><span dir=\"auto\" style=\"vertical-align: inherit;\">&#8220;<\/span><\/span><\/strong><span dir=\"auto\" style=\"vertical-align: inherit;\"><span dir=\"auto\" style=\"vertical-align: inherit;\"> , que teria sido neutralizada completamente pelas defesas venezuelanas. Disse tamb\u00e9m que nenhum equipamento militar estadunidense foi sequer atingido e nenhum homem morto ou ferido na opera\u00e7\u00e3o.<\/span><\/span><\/p>\n<p><strong><span dir=\"auto\" style=\"vertical-align: inherit;\"><span dir=\"auto\" style=\"vertical-align: inherit;\">&#8220;<\/span><\/span><\/strong><span dir=\"auto\" style=\"vertical-align: inherit;\"><span dir=\"auto\" style=\"vertical-align: inherit;\"> Todas as capacidades militares da Venezuela foram tornadas impotentes quando os homens e mulheres de nossas For\u00e7as Armadas, trabalhando em conjunto com as for\u00e7as de seguran\u00e7a dos Estados Unidos, capturando Maduro no meio da noite. Estavam escuros. As luzes de Caracas estavam em grande parte apagadas devido a uma certa expertise que possu\u00edmos. Estava escuro e foi letal. Mas ele foi capturado junto com sua esposa, Cilia Flores, ambos agora enfrentando a Justi\u00e7a americana. Maduro e Flores foram indiciados no Distrito Sul de Nova York, sob responsabilidade de Jay Clayton, por sua campanha de narcoterrorismo mortal contra os Estados Unidos e seus cidad\u00e3os <\/span><\/span><strong><span dir=\"auto\" style=\"vertical-align: inherit;\"><span dir=\"auto\" style=\"vertical-align: inherit;\">\u201d, afirmou.<\/span><\/span><\/strong><\/p>\n<p><span dir=\"auto\" style=\"vertical-align: inherit;\"><span dir=\"auto\" style=\"vertical-align: inherit;\">Pouco antes de iniciar a declara\u00e7\u00e3o \u00e0 imprensa, Trump publicou uma suposta foto de Nicol\u00e1s Maduro em que o venezuelano aparece com os olhos cobertos por \u00f3culos escuros. Uma foto foi postada por Trump em sua rede Truth Social, com a descri\u00e7\u00e3o de que Maduro estaria a bordo do USS Iwo Jima, em refer\u00eancia ao navio militar norte-americano para o qual teria sido transferido.<\/span><\/span><\/p>\n<p><strong><span dir=\"auto\" style=\"vertical-align: inherit;\"><span dir=\"auto\" style=\"vertical-align: inherit;\">Petr\u00f3leo<\/span><\/span><\/strong><br \/>\n<span dir=\"auto\" style=\"vertical-align: inherit;\"><span dir=\"auto\" style=\"vertical-align: inherit;\"> O presidente dos EUA, que justificou uma invas\u00e3o com acusa\u00e7\u00f5es de narcotr\u00e1fico por parte do governo Maduro, embora sem provas, tamb\u00e9m deixou claro que o setor petrol\u00edfero venezuelano, que possui as maiores reservas conhecidas do planeta, passou a ser controlado por empresas norte-americanas. E amea\u00e7ou com uma segunda onda de ataques caso haja resist\u00eancia do pa\u00eds.<\/span><\/span><\/p>\n<p><strong><span dir=\"auto\" style=\"vertical-align: inherit;\"><span dir=\"auto\" style=\"vertical-align: inherit;\">&#8220;<\/span><\/span><\/strong><span dir=\"auto\" style=\"vertical-align: inherit;\"><span dir=\"auto\" style=\"vertical-align: inherit;\"> Como sabemos, o setor de petr\u00f3leo na Venezuela foi um fracasso, um fracasso total por um longo per\u00edodo. Eles produziram quase nada em compara\u00e7\u00e3o com o que poderia estar produzindo e com o que poderia ter acontecido. Vamos levar nossas grandes empresas petrol\u00edferas dos Estados Unidos \u2014 as maiores do mundo \u2014 para investir todos os bilh\u00f5es de d\u00f3lares, destruir a infraestrutura gravemente, a infraestrutura de petr\u00f3leo, e come\u00e7ar a gerar dinheiro para o pa\u00eds. E estamos prontos para lan\u00e7ar um segundo ataque, muito maior, se for necess\u00e1rio. Est\u00e1vamos preparados para realizar uma segunda onda, se fosse preciso. Na verdade, presumir\u00edamos que uma segunda onda seria necess\u00e1ria, mas agora provavelmente n\u00e3o ser\u00e1 <\/span><\/span><strong><span dir=\"auto\" style=\"vertical-align: inherit;\"><span dir=\"auto\" style=\"vertical-align: inherit;\">&#8220;<\/span><\/span><\/strong><span dir=\"auto\" style=\"vertical-align: inherit;\"><span dir=\"auto\" style=\"vertical-align: inherit;\"> .<\/span><\/span><\/p>\n<p><span dir=\"auto\" style=\"vertical-align: inherit;\"><span dir=\"auto\" style=\"vertical-align: inherit;\">Fonte\/Ag\u00eancia Brasil<\/span><\/span><\/p>\n","protected":false},"excerpt":{"rendered":"<p>O presidente dos Estados Unidos, Donald Trump, afirmou neste s\u00e1bado (3), na primeira manifesta\u00e7\u00e3o oficial ap\u00f3s a invas\u00e3o militar na Venezuela e captura de Nicol\u00e1s Maduro, que o governo norte-americano vai administrar o pa\u00eds latino-americano, a partir de agora, at\u00e9 que se consiga fazer uma transi\u00e7\u00e3o de poder. \u201cVamos administrar o pa\u00eds at\u00e9 que possamos &hellip;<\/p>\n<p class=\"read-more\"> <a class=\"\" href=\"https:\/\/sulsc.com\/index.php\/2026\/01\/03\/eua-vao-administrar-venezuela-ate-transicao-segura-diz-trump\/\"> <span class=\"screen-reader-text\">EUA v\u00e3o administrar Venezuela at\u00e9 &#8220;transi\u00e7\u00e3o segura&#8221;, diz Trump<\/span> Read More &raquo;<\/a><\/p>\n","protected":false},"author":3,"featured_media":31233,"comment_status":"open","ping_status":"open","sticky":false,"template":"","format":"standard","meta":{"site-sidebar-layout":"default","site-content-layout":"","ast-site-content-layout":"default","site-content-style":"default","site-sidebar-style":"default","ast-global-header-display":"","ast-banner-title-visibility":"","ast-main-header-display":"","ast-hfb-above-header-display":"","ast-hfb-below-header-display":"","ast-hfb-mobile-header-display":"","site-post-title":"","ast-breadcrumbs-content":"","ast-featured-img":"","footer-sml-layout":"","theme-transparent-header-meta":"default","adv-header-id-meta":"","stick-header-meta":"","header-above-stick-meta":"","header-main-stick-meta":"","header-below-stick-meta":"","astra-migrate-meta-layouts":"set","footnotes":""},"categories":[1,16,12],"tags":[617],"yoast_head":"<!-- This site is optimized with the Yoast SEO plugin v21.4 - https:\/\/yoast.com\/wordpress\/plugins\/seo\/ -->\n<title>EUA v\u00e3o administrar Venezuela at\u00e9 &quot;transi\u00e7\u00e3o segura&quot;, diz Trump -<\/title>\n<meta name=\"robots\" content=\"index, follow, max-snippet:-1, max-image-preview:large, max-video-preview:-1\" \/>\n<link rel=\"canonical\" href=\"https:\/\/sulsc.com\/index.php\/2026\/01\/03\/eua-vao-administrar-venezuela-ate-transicao-segura-diz-trump\/\" \/>\n<meta property=\"og:locale\" content=\"en_US\" \/>\n<meta property=\"og:type\" content=\"article\" \/>\n<meta property=\"og:title\" content=\"EUA v\u00e3o administrar Venezuela at\u00e9 &quot;transi\u00e7\u00e3o segura&quot;, diz Trump -\" \/>\n<meta property=\"og:description\" content=\"O presidente dos Estados Unidos, Donald Trump, afirmou neste s\u00e1bado (3), na primeira manifesta\u00e7\u00e3o oficial ap\u00f3s a invas\u00e3o militar na Venezuela e captura de Nicol\u00e1s Maduro, que o governo norte-americano vai administrar o pa\u00eds latino-americano, a partir de agora, at\u00e9 que se consiga fazer uma transi\u00e7\u00e3o de poder. \u201cVamos administrar o pa\u00eds at\u00e9 que possamos &hellip; EUA v\u00e3o administrar Venezuela at\u00e9 &#8220;transi\u00e7\u00e3o segura&#8221;, diz Trump Read More &raquo;\" \/>\n<meta property=\"og:url\" content=\"https:\/\/sulsc.com\/index.php\/2026\/01\/03\/eua-vao-administrar-venezuela-ate-transicao-segura-diz-trump\/\" \/>\n<meta property=\"article:author\" content=\"https:\/\/www.facebook.com\/profile.php?id=61559278119680\" \/>\n<meta property=\"article:published_time\" content=\"2026-01-03T21:38:39+00:00\" \/>\n<meta property=\"article:modified_time\" content=\"2026-01-03T21:42:17+00:00\" \/>\n<meta property=\"og:image\" content=\"http:\/\/sulsc.com\/wp-content\/uploads\/2026\/01\/483b2129-4557-429d-a4d0-71faa330e8cf.jpeg\" \/>\n\t<meta property=\"og:image:width\" content=\"1080\" \/>\n\t<meta property=\"og:image:height\" content=\"756\" \/>\n\t<meta property=\"og:image:type\" content=\"image\/jpeg\" \/>\n<meta name=\"author\" content=\"Reda\u00e7\u00e3o Sul SC\" \/>\n<meta name=\"twitter:card\" content=\"summary_large_image\" \/>\n<meta name=\"twitter:creator\" content=\"@https:\/\/twitter.com\/PortalSulSC\" \/>\n<meta name=\"twitter:label1\" content=\"Written by\" \/>\n\t<meta name=\"twitter:data1\" content=\"Reda\u00e7\u00e3o Sul SC\" \/>\n\t<meta name=\"twitter:label2\" content=\"Est. reading time\" \/>\n\t<meta name=\"twitter:data2\" content=\"3 minutes\" \/>\n<script type=\"application\/ld+json\" class=\"yoast-schema-graph\">{\"@context\":\"https:\/\/schema.org\",\"@graph\":[{\"@type\":\"WebPage\",\"@id\":\"https:\/\/sulsc.com\/index.php\/2026\/01\/03\/eua-vao-administrar-venezuela-ate-transicao-segura-diz-trump\/\",\"url\":\"https:\/\/sulsc.com\/index.php\/2026\/01\/03\/eua-vao-administrar-venezuela-ate-transicao-segura-diz-trump\/\",\"name\":\"EUA v\u00e3o administrar Venezuela at\u00e9 \\\"transi\u00e7\u00e3o segura\\\", diz Trump -\",\"isPartOf\":{\"@id\":\"https:\/\/sulsc.com\/#website\"},\"datePublished\":\"2026-01-03T21:38:39+00:00\",\"dateModified\":\"2026-01-03T21:42:17+00:00\",\"author\":{\"@id\":\"https:\/\/sulsc.com\/#\/schema\/person\/84d2fc571684f6248ba83092f07750a3\"},\"breadcrumb\":{\"@id\":\"https:\/\/sulsc.com\/index.php\/2026\/01\/03\/eua-vao-administrar-venezuela-ate-transicao-segura-diz-trump\/#breadcrumb\"},\"inLanguage\":\"en-US\",\"potentialAction\":[{\"@type\":\"ReadAction\",\"target\":[\"https:\/\/sulsc.com\/index.php\/2026\/01\/03\/eua-vao-administrar-venezuela-ate-transicao-segura-diz-trump\/\"]}]},{\"@type\":\"BreadcrumbList\",\"@id\":\"https:\/\/sulsc.com\/index.php\/2026\/01\/03\/eua-vao-administrar-venezuela-ate-transicao-segura-diz-trump\/#breadcrumb\",\"itemListElement\":[{\"@type\":\"ListItem\",\"position\":1,\"name\":\"In\u00edcio\",\"item\":\"https:\/\/sulsc.com\/\"},{\"@type\":\"ListItem\",\"position\":2,\"name\":\"EUA v\u00e3o administrar Venezuela at\u00e9 &#8220;transi\u00e7\u00e3o segura&#8221;, diz Trump\"}]},{\"@type\":\"WebSite\",\"@id\":\"https:\/\/sulsc.com\/#website\",\"url\":\"https:\/\/sulsc.com\/\",\"name\":\"\",\"description\":\"\",\"potentialAction\":[{\"@type\":\"SearchAction\",\"target\":{\"@type\":\"EntryPoint\",\"urlTemplate\":\"https:\/\/sulsc.com\/?s={search_term_string}\"},\"query-input\":\"required name=search_term_string\"}],\"inLanguage\":\"en-US\"},{\"@type\":\"Person\",\"@id\":\"https:\/\/sulsc.com\/#\/schema\/person\/84d2fc571684f6248ba83092f07750a3\",\"name\":\"Reda\u00e7\u00e3o Sul SC\",\"image\":{\"@type\":\"ImageObject\",\"inLanguage\":\"en-US\",\"@id\":\"https:\/\/sulsc.com\/#\/schema\/person\/image\/e08d7fe2cc4ed596372063bbe852b8d0\",\"url\":\"https:\/\/sulsc.com\/wp-content\/uploads\/2023\/09\/redacao.png\",\"contentUrl\":\"https:\/\/sulsc.com\/wp-content\/uploads\/2023\/09\/redacao.png\",\"caption\":\"Reda\u00e7\u00e3o Sul SC\"},\"description\":\"Foco em um jornalismo imparcial, voltado \u00e0 qualidade dos seus conte\u00fados e, assim, levar informa\u00e7\u00e3o de valor que agregue \u00e0 vida dos leitores. Esta \u00e9 grande miss\u00e3o do Portal de Not\u00edcias Sul SC. N\u00e3o \u00e9 quantidade que muda o mundo, sempre foi e seguir\u00e1 sendo qualidade!\",\"sameAs\":[\"https:\/\/sulsc.com\/\",\"https:\/\/www.facebook.com\/profile.php?id=61559278119680\",\"https:\/\/www.instagram.com\/sulscportal\/?hl=pt-br\",\"https:\/\/twitter.com\/https:\/\/twitter.com\/PortalSulSC\",\"https:\/\/www.youtube.com\/channel\/UCv_BE8GeySluDov2n8qhVmw\"],\"url\":\"https:\/\/sulsc.com\/index.php\/author\/redacao\/\"}]}<\/script>\n<!-- \/ Yoast SEO plugin. -->","yoast_head_json":{"title":"EUA v\u00e3o administrar Venezuela at\u00e9 \"transi\u00e7\u00e3o segura\", diz Trump -","robots":{"index":"index","follow":"follow","max-snippet":"max-snippet:-1","max-image-preview":"max-image-preview:large","max-video-preview":"max-video-preview:-1"},"canonical":"https:\/\/sulsc.com\/index.php\/2026\/01\/03\/eua-vao-administrar-venezuela-ate-transicao-segura-diz-trump\/","og_locale":"en_US","og_type":"article","og_title":"EUA v\u00e3o administrar Venezuela at\u00e9 \"transi\u00e7\u00e3o segura\", diz Trump -","og_description":"O presidente dos Estados Unidos, Donald Trump, afirmou neste s\u00e1bado (3), na primeira manifesta\u00e7\u00e3o oficial ap\u00f3s a invas\u00e3o militar na Venezuela e captura de Nicol\u00e1s Maduro, que o governo norte-americano vai administrar o pa\u00eds latino-americano, a partir de agora, at\u00e9 que se consiga fazer uma transi\u00e7\u00e3o de poder. \u201cVamos administrar o pa\u00eds at\u00e9 que possamos &hellip; EUA v\u00e3o administrar Venezuela at\u00e9 &#8220;transi\u00e7\u00e3o segura&#8221;, diz Trump Read More &raquo;","og_url":"https:\/\/sulsc.com\/index.php\/2026\/01\/03\/eua-vao-administrar-venezuela-ate-transicao-segura-diz-trump\/","article_author":"https:\/\/www.facebook.com\/profile.php?id=61559278119680","article_published_time":"2026-01-03T21:38:39+00:00","article_modified_time":"2026-01-03T21:42:17+00:00","og_image":[{"width":1080,"height":756,"url":"http:\/\/sulsc.com\/wp-content\/uploads\/2026\/01\/483b2129-4557-429d-a4d0-71faa330e8cf.jpeg","type":"image\/jpeg"}],"author":"Reda\u00e7\u00e3o Sul SC","twitter_card":"summary_large_image","twitter_creator":"@https:\/\/twitter.com\/PortalSulSC","twitter_misc":{"Written by":"Reda\u00e7\u00e3o Sul SC","Est. reading time":"3 minutes"},"schema":{"@context":"https:\/\/schema.org","@graph":[{"@type":"WebPage","@id":"https:\/\/sulsc.com\/index.php\/2026\/01\/03\/eua-vao-administrar-venezuela-ate-transicao-segura-diz-trump\/","url":"https:\/\/sulsc.com\/index.php\/2026\/01\/03\/eua-vao-administrar-venezuela-ate-transicao-segura-diz-trump\/","name":"EUA v\u00e3o administrar Venezuela at\u00e9 \"transi\u00e7\u00e3o segura\", diz Trump -","isPartOf":{"@id":"https:\/\/sulsc.com\/#website"},"datePublished":"2026-01-03T21:38:39+00:00","dateModified":"2026-01-03T21:42:17+00:00","author":{"@id":"https:\/\/sulsc.com\/#\/schema\/person\/84d2fc571684f6248ba83092f07750a3"},"breadcrumb":{"@id":"https:\/\/sulsc.com\/index.php\/2026\/01\/03\/eua-vao-administrar-venezuela-ate-transicao-segura-diz-trump\/#breadcrumb"},"inLanguage":"en-US","potentialAction":[{"@type":"ReadAction","target":["https:\/\/sulsc.com\/index.php\/2026\/01\/03\/eua-vao-administrar-venezuela-ate-transicao-segura-diz-trump\/"]}]},{"@type":"BreadcrumbList","@id":"https:\/\/sulsc.com\/index.php\/2026\/01\/03\/eua-vao-administrar-venezuela-ate-transicao-segura-diz-trump\/#breadcrumb","itemListElement":[{"@type":"ListItem","position":1,"name":"In\u00edcio","item":"https:\/\/sulsc.com\/"},{"@type":"ListItem","position":2,"name":"EUA v\u00e3o administrar Venezuela at\u00e9 &#8220;transi\u00e7\u00e3o segura&#8221;, diz Trump"}]},{"@type":"WebSite","@id":"https:\/\/sulsc.com\/#website","url":"https:\/\/sulsc.com\/","name":"","description":"","potentialAction":[{"@type":"SearchAction","target":{"@type":"EntryPoint","urlTemplate":"https:\/\/sulsc.com\/?s={search_term_string}"},"query-input":"required name=search_term_string"}],"inLanguage":"en-US"},{"@type":"Person","@id":"https:\/\/sulsc.com\/#\/schema\/person\/84d2fc571684f6248ba83092f07750a3","name":"Reda\u00e7\u00e3o Sul SC","image":{"@type":"ImageObject","inLanguage":"en-US","@id":"https:\/\/sulsc.com\/#\/schema\/person\/image\/e08d7fe2cc4ed596372063bbe852b8d0","url":"https:\/\/sulsc.com\/wp-content\/uploads\/2023\/09\/redacao.png","contentUrl":"https:\/\/sulsc.com\/wp-content\/uploads\/2023\/09\/redacao.png","caption":"Reda\u00e7\u00e3o Sul SC"},"description":"Foco em um jornalismo imparcial, voltado \u00e0 qualidade dos seus conte\u00fados e, assim, levar informa\u00e7\u00e3o de valor que agregue \u00e0 vida dos leitores. Esta \u00e9 grande miss\u00e3o do Portal de Not\u00edcias Sul SC. N\u00e3o \u00e9 quantidade que muda o mundo, sempre foi e seguir\u00e1 sendo qualidade!","sameAs":["https:\/\/sulsc.com\/","https:\/\/www.facebook.com\/profile.php?id=61559278119680","https:\/\/www.instagram.com\/sulscportal\/?hl=pt-br","https:\/\/twitter.com\/https:\/\/twitter.com\/PortalSulSC","https:\/\/www.youtube.com\/channel\/UCv_BE8GeySluDov2n8qhVmw"],"url":"https:\/\/sulsc.com\/index.php\/author\/redacao\/"}]}},"authors":[],"_links":{"self":[{"href":"https:\/\/sulsc.com\/index.php\/wp-json\/wp\/v2\/posts\/31230"}],"collection":[{"href":"https:\/\/sulsc.com\/index.php\/wp-json\/wp\/v2\/posts"}],"about":[{"href":"https:\/\/sulsc.com\/index.php\/wp-json\/wp\/v2\/types\/post"}],"author":[{"embeddable":true,"href":"https:\/\/sulsc.com\/index.php\/wp-json\/wp\/v2\/users\/3"}],"replies":[{"embeddable":true,"href":"https:\/\/sulsc.com\/index.php\/wp-json\/wp\/v2\/comments?post=31230"}],"version-history":[{"count":3,"href":"https:\/\/sulsc.com\/index.php\/wp-json\/wp\/v2\/posts\/31230\/revisions"}],"predecessor-version":[{"id":31235,"href":"https:\/\/sulsc.com\/index.php\/wp-json\/wp\/v2\/posts\/31230\/revisions\/31235"}],"wp:featuredmedia":[{"embeddable":true,"href":"https:\/\/sulsc.com\/index.php\/wp-json\/wp\/v2\/media\/31233"}],"wp:attachment":[{"href":"https:\/\/sulsc.com\/index.php\/wp-json\/wp\/v2\/media?parent=31230"}],"wp:term":[{"taxonomy":"category","embeddable":true,"href":"https:\/\/sulsc.com\/index.php\/wp-json\/wp\/v2\/categories?post=31230"},{"taxonomy":"post_tag","embeddable":true,"href":"https:\/\/sulsc.com\/index.php\/wp-json\/wp\/v2\/tags?post=31230"}],"curies":[{"name":"wp","href":"https:\/\/api.w.org\/{rel}","templated":true}]}}