{"id":31240,"date":"2026-01-04T09:40:01","date_gmt":"2026-01-04T12:40:01","guid":{"rendered":"https:\/\/sulsc.com\/?p=31240"},"modified":"2026-01-04T09:40:57","modified_gmt":"2026-01-04T12:40:57","slug":"primeiro-domingo-de-2026-de-sol-mas-com-temperaturas-nao-passando-dos-26oc","status":"publish","type":"post","link":"https:\/\/sulsc.com\/index.php\/2026\/01\/04\/primeiro-domingo-de-2026-de-sol-mas-com-temperaturas-nao-passando-dos-26oc\/","title":{"rendered":"Primeiro domingo de 2026 de sol mas com temperaturas n\u00e3o passando dos 26\u00baC no litoral sul"},"content":{"rendered":"<p>Neste domingo (04\/01), a aproxima\u00e7\u00e3o de uma massa de ar seco associada a uma \u00e1rea de alta press\u00e3o atmosf\u00e9rica pela Argentina e Uruguai, deixa o tempo est\u00e1vel, com predom\u00ednio de sol e redu\u00e7\u00e3o das temperaturas em SC.<\/p>\n<div id=\"metaslider-id-25573\" style=\"width: 100%;\" class=\"ml-slider-3-99-0 metaslider metaslider-flex metaslider-25573 ml-slider has-onhover-arrows ms-theme-default-base has-dots-nav\" role=\"region\" aria-label=\"Meio\" data-width=\"1200\">\n    <div id=\"metaslider_container_25573\">\n        <div id=\"metaslider_25573\">\n            <ul class='slides'>\n                <li style=\"display: block; width: 100%;\" class=\"slide-25684 ms-image \" aria-roledescription=\"slide\" data-date=\"2025-07-24 07:55:40\"><img src=\"https:\/\/sulsc.com\/wp-content\/uploads\/2025\/07\/Marr-2-1000x166.jpg\" height=\"200\" width=\"1200\" alt=\"\" class=\"slider-25573 slide-25684 msDefaultImage\" title=\"Marr 2\" \/><\/li>\n                <li style=\"display: none; width: 100%;\" class=\"slide-32412 ms-image \" aria-roledescription=\"slide\" data-date=\"2026-02-18 13:59:46\"><img src=\"https:\/\/sulsc.com\/wp-content\/uploads\/2026\/02\/40dc1580-cad5-4867-bc58-c4243821ad38-1000x166.jpeg\" height=\"200\" width=\"1200\" alt=\"\" class=\"slider-25573 slide-32412 msDefaultImage\" title=\"40dc1580-cad5-4867-bc58-c4243821ad38\" \/><\/li>\n                <li style=\"display: none; width: 100%;\" class=\"slide-32766 ms-image \" aria-roledescription=\"slide\" data-date=\"2026-03-03 17:22:59\"><img src=\"https:\/\/sulsc.com\/wp-content\/uploads\/2026\/03\/271ce739-f268-41c5-8051-3de1a1750359-1000x166.jpeg\" height=\"200\" width=\"1200\" alt=\"\" class=\"slider-25573 slide-32766 msDefaultImage\" title=\"271ce739-f268-41c5-8051-3de1a1750359\" \/><\/li>\n            <\/ul>\n        <\/div>\n        \n    <\/div>\n<\/div>\n<p>A exce\u00e7\u00e3o \u00e0 essa condi\u00e7\u00e3o s\u00e3o as \u00e1reas entre o Vale do Itaja\u00ed, Litoral Norte e parte do Planalto Norte, onde a nebulosidade ao longo do dia deve ser maior e h\u00e1 condi\u00e7\u00f5es para chuvas fracas, r\u00e1pidas e isoladas.<\/p>\n<p><strong>Temperaturas<\/strong><\/p>\n<p>Variam entre 3\u00b0C e 9\u00b0C no Planalto Sul, 7\u00b0C a 11\u00b0C no Meio-Oeste e Gde. Florian\u00f3polis Serrana e de 13\u00b0C a 18\u00b0C entre o Litoral Sul e Gde. Florian\u00f3polis Litor\u00e2nea. No Litoral Norte, ficam pr\u00f3ximas dos 18\u00b0C\/20\u00b0C. Durante \u00e0 tarde, as temperaturas variam entre 24\u00b0C e 28\u00b0C no Litoral e Vale do Itaja\u00ed e de 20\u00b0C a 26\u00b0C nas demais regi\u00f5es, com valores menores nas \u00e1reas mais altas da serra. Em fun\u00e7\u00e3o do decl\u00ednio das temperaturas em rela\u00e7\u00e3o ao dia anterior.<\/p>\n<p><img fetchpriority=\"high\" decoding=\"async\" class=\"aligncenter size-full wp-image-31241\" src=\"http:\/\/sulsc.com\/wp-content\/uploads\/2026\/01\/image-94-1536x1049-1.png\" alt=\"\" width=\"1536\" height=\"1049\" srcset=\"https:\/\/sulsc.com\/wp-content\/uploads\/2026\/01\/image-94-1536x1049-1.png 1536w, https:\/\/sulsc.com\/wp-content\/uploads\/2026\/01\/image-94-1536x1049-1-300x205.png 300w, https:\/\/sulsc.com\/wp-content\/uploads\/2026\/01\/image-94-1536x1049-1-1024x699.png 1024w, https:\/\/sulsc.com\/wp-content\/uploads\/2026\/01\/image-94-1536x1049-1-768x525.png 768w\" sizes=\"(max-width: 1536px) 100vw, 1536px\" \/><\/p>\n<p><img decoding=\"async\" class=\"aligncenter size-full wp-image-22836\" src=\"http:\/\/sulsc.com\/wp-content\/uploads\/2025\/04\/Tempo-2.png\" alt=\"\" width=\"1024\" height=\"189\" srcset=\"https:\/\/sulsc.com\/wp-content\/uploads\/2025\/04\/Tempo-2.png 1024w, https:\/\/sulsc.com\/wp-content\/uploads\/2025\/04\/Tempo-2-300x55.png 300w, https:\/\/sulsc.com\/wp-content\/uploads\/2025\/04\/Tempo-2-768x142.png 768w\" sizes=\"(max-width: 1024px) 100vw, 1024px\" \/><\/p>\n<p><strong>O mar<\/strong> segue agitado, com risco moderado para ocorr\u00eancias associadas.<\/p>\n<p><strong>Ventos:<\/strong> sul passando a sudeste, fraco a moderado.<\/p>\n<p><strong>Sistema predominante:<\/strong> alta press\u00e3o no Uruguai e RS mantendo o ar seco em SC, e causando circula\u00e7\u00e3o mar\u00edtima (umidade que chega do mar) no Litoral.<\/p>\n<p><strong>Amanh\u00e3 segunda-feira (05\/01), <\/strong>o dia ser\u00e1 com predom\u00ednio de sol no oeste de SC, com mais nuvens do planalto ao Litoral e chuva \u00e0 noite, devido a uma massa de ar seco. As temperatura continuam mais baixa ao amanhecer nas \u00e1reas altas do Planalto Sul com m\u00ednimas de 3\u00b0C a 5\u00b0C e chance de geada fraca. \u00c0 tarde a temperatura ser\u00e1 agrad\u00e1vel, com m\u00e1ximas de 24\u00b0C a 27\u00b0C no estado.<\/p>\n<p><span dir=\"auto\" style=\"vertical-align: inherit;\"><span dir=\"auto\" style=\"vertical-align: inherit;\">Fontes: Defesa Civil-SC\/Epagri-Ciram<\/span><\/span><\/p>\n","protected":false},"excerpt":{"rendered":"<p>Neste domingo (04\/01), a aproxima\u00e7\u00e3o de uma massa de ar seco associada a uma \u00e1rea de alta press\u00e3o atmosf\u00e9rica pela Argentina e Uruguai, deixa o tempo est\u00e1vel, com predom\u00ednio de sol e redu\u00e7\u00e3o das temperaturas em SC. A exce\u00e7\u00e3o \u00e0 essa condi\u00e7\u00e3o s\u00e3o as \u00e1reas entre o Vale do Itaja\u00ed, Litoral Norte e parte do &hellip;<\/p>\n<p class=\"read-more\"> <a class=\"\" href=\"https:\/\/sulsc.com\/index.php\/2026\/01\/04\/primeiro-domingo-de-2026-de-sol-mas-com-temperaturas-nao-passando-dos-26oc\/\"> <span class=\"screen-reader-text\">Primeiro domingo de 2026 de sol mas com temperaturas n\u00e3o passando dos 26\u00baC no litoral sul<\/span> Read More &raquo;<\/a><\/p>\n","protected":false},"author":3,"featured_media":16524,"comment_status":"open","ping_status":"open","sticky":false,"template":"","format":"standard","meta":{"site-sidebar-layout":"default","site-content-layout":"","ast-site-content-layout":"default","site-content-style":"default","site-sidebar-style":"default","ast-global-header-display":"","ast-banner-title-visibility":"","ast-main-header-display":"","ast-hfb-above-header-display":"","ast-hfb-below-header-display":"","ast-hfb-mobile-header-display":"","site-post-title":"","ast-breadcrumbs-content":"","ast-featured-img":"","footer-sml-layout":"","theme-transparent-header-meta":"default","adv-header-id-meta":"","stick-header-meta":"","header-above-stick-meta":"","header-main-stick-meta":"","header-below-stick-meta":"","astra-migrate-meta-layouts":"set","footnotes":""},"categories":[2354,2231,1,14,38,12],"tags":[90,1013],"yoast_head":"<!-- This site is optimized with the Yoast SEO plugin v21.4 - https:\/\/yoast.com\/wordpress\/plugins\/seo\/ -->\n<title>Primeiro domingo de 2026 de sol mas com temperaturas n\u00e3o passando dos 26\u00baC no litoral sul -<\/title>\n<meta name=\"robots\" content=\"index, follow, max-snippet:-1, max-image-preview:large, max-video-preview:-1\" \/>\n<link rel=\"canonical\" href=\"https:\/\/sulsc.com\/index.php\/2026\/01\/04\/primeiro-domingo-de-2026-de-sol-mas-com-temperaturas-nao-passando-dos-26oc\/\" \/>\n<meta property=\"og:locale\" content=\"en_US\" \/>\n<meta property=\"og:type\" content=\"article\" \/>\n<meta property=\"og:title\" content=\"Primeiro domingo de 2026 de sol mas com temperaturas n\u00e3o passando dos 26\u00baC no litoral sul -\" \/>\n<meta property=\"og:description\" content=\"Neste domingo (04\/01), a aproxima\u00e7\u00e3o de uma massa de ar seco associada a uma \u00e1rea de alta press\u00e3o atmosf\u00e9rica pela Argentina e Uruguai, deixa o tempo est\u00e1vel, com predom\u00ednio de sol e redu\u00e7\u00e3o das temperaturas em SC. A exce\u00e7\u00e3o \u00e0 essa condi\u00e7\u00e3o s\u00e3o as \u00e1reas entre o Vale do Itaja\u00ed, Litoral Norte e parte do &hellip; Primeiro domingo de 2026 de sol mas com temperaturas n\u00e3o passando dos 26\u00baC no litoral sul Read More &raquo;\" \/>\n<meta property=\"og:url\" content=\"https:\/\/sulsc.com\/index.php\/2026\/01\/04\/primeiro-domingo-de-2026-de-sol-mas-com-temperaturas-nao-passando-dos-26oc\/\" \/>\n<meta property=\"article:author\" content=\"https:\/\/www.facebook.com\/profile.php?id=61559278119680\" \/>\n<meta property=\"article:published_time\" content=\"2026-01-04T12:40:01+00:00\" \/>\n<meta property=\"article:modified_time\" content=\"2026-01-04T12:40:57+00:00\" \/>\n<meta property=\"og:image\" content=\"http:\/\/sulsc.com\/wp-content\/uploads\/2024\/10\/Tempo-scaled.jpg\" \/>\n\t<meta property=\"og:image:width\" content=\"2560\" \/>\n\t<meta property=\"og:image:height\" content=\"1151\" \/>\n\t<meta property=\"og:image:type\" content=\"image\/jpeg\" \/>\n<meta name=\"author\" content=\"Reda\u00e7\u00e3o Sul SC\" \/>\n<meta name=\"twitter:card\" content=\"summary_large_image\" \/>\n<meta name=\"twitter:creator\" content=\"@https:\/\/twitter.com\/PortalSulSC\" \/>\n<meta name=\"twitter:label1\" content=\"Written by\" \/>\n\t<meta name=\"twitter:data1\" content=\"Reda\u00e7\u00e3o Sul SC\" \/>\n\t<meta name=\"twitter:label2\" content=\"Est. reading time\" \/>\n\t<meta name=\"twitter:data2\" content=\"2 minutes\" \/>\n<script type=\"application\/ld+json\" class=\"yoast-schema-graph\">{\"@context\":\"https:\/\/schema.org\",\"@graph\":[{\"@type\":\"WebPage\",\"@id\":\"https:\/\/sulsc.com\/index.php\/2026\/01\/04\/primeiro-domingo-de-2026-de-sol-mas-com-temperaturas-nao-passando-dos-26oc\/\",\"url\":\"https:\/\/sulsc.com\/index.php\/2026\/01\/04\/primeiro-domingo-de-2026-de-sol-mas-com-temperaturas-nao-passando-dos-26oc\/\",\"name\":\"Primeiro domingo de 2026 de sol mas com temperaturas n\u00e3o passando dos 26\u00baC no litoral sul -\",\"isPartOf\":{\"@id\":\"https:\/\/sulsc.com\/#website\"},\"datePublished\":\"2026-01-04T12:40:01+00:00\",\"dateModified\":\"2026-01-04T12:40:57+00:00\",\"author\":{\"@id\":\"https:\/\/sulsc.com\/#\/schema\/person\/84d2fc571684f6248ba83092f07750a3\"},\"breadcrumb\":{\"@id\":\"https:\/\/sulsc.com\/index.php\/2026\/01\/04\/primeiro-domingo-de-2026-de-sol-mas-com-temperaturas-nao-passando-dos-26oc\/#breadcrumb\"},\"inLanguage\":\"en-US\",\"potentialAction\":[{\"@type\":\"ReadAction\",\"target\":[\"https:\/\/sulsc.com\/index.php\/2026\/01\/04\/primeiro-domingo-de-2026-de-sol-mas-com-temperaturas-nao-passando-dos-26oc\/\"]}]},{\"@type\":\"BreadcrumbList\",\"@id\":\"https:\/\/sulsc.com\/index.php\/2026\/01\/04\/primeiro-domingo-de-2026-de-sol-mas-com-temperaturas-nao-passando-dos-26oc\/#breadcrumb\",\"itemListElement\":[{\"@type\":\"ListItem\",\"position\":1,\"name\":\"In\u00edcio\",\"item\":\"https:\/\/sulsc.com\/\"},{\"@type\":\"ListItem\",\"position\":2,\"name\":\"Primeiro domingo de 2026 de sol mas com temperaturas n\u00e3o passando dos 26\u00baC no litoral sul\"}]},{\"@type\":\"WebSite\",\"@id\":\"https:\/\/sulsc.com\/#website\",\"url\":\"https:\/\/sulsc.com\/\",\"name\":\"\",\"description\":\"\",\"potentialAction\":[{\"@type\":\"SearchAction\",\"target\":{\"@type\":\"EntryPoint\",\"urlTemplate\":\"https:\/\/sulsc.com\/?s={search_term_string}\"},\"query-input\":\"required name=search_term_string\"}],\"inLanguage\":\"en-US\"},{\"@type\":\"Person\",\"@id\":\"https:\/\/sulsc.com\/#\/schema\/person\/84d2fc571684f6248ba83092f07750a3\",\"name\":\"Reda\u00e7\u00e3o Sul SC\",\"image\":{\"@type\":\"ImageObject\",\"inLanguage\":\"en-US\",\"@id\":\"https:\/\/sulsc.com\/#\/schema\/person\/image\/e08d7fe2cc4ed596372063bbe852b8d0\",\"url\":\"https:\/\/sulsc.com\/wp-content\/uploads\/2023\/09\/redacao.png\",\"contentUrl\":\"https:\/\/sulsc.com\/wp-content\/uploads\/2023\/09\/redacao.png\",\"caption\":\"Reda\u00e7\u00e3o Sul SC\"},\"description\":\"Foco em um jornalismo imparcial, voltado \u00e0 qualidade dos seus conte\u00fados e, assim, levar informa\u00e7\u00e3o de valor que agregue \u00e0 vida dos leitores. Esta \u00e9 grande miss\u00e3o do Portal de Not\u00edcias Sul SC. N\u00e3o \u00e9 quantidade que muda o mundo, sempre foi e seguir\u00e1 sendo qualidade!\",\"sameAs\":[\"https:\/\/sulsc.com\/\",\"https:\/\/www.facebook.com\/profile.php?id=61559278119680\",\"https:\/\/www.instagram.com\/sulscportal\/?hl=pt-br\",\"https:\/\/twitter.com\/https:\/\/twitter.com\/PortalSulSC\",\"https:\/\/www.youtube.com\/channel\/UCv_BE8GeySluDov2n8qhVmw\"],\"url\":\"https:\/\/sulsc.com\/index.php\/author\/redacao\/\"}]}<\/script>\n<!-- \/ Yoast SEO plugin. -->","yoast_head_json":{"title":"Primeiro domingo de 2026 de sol mas com temperaturas n\u00e3o passando dos 26\u00baC no litoral sul -","robots":{"index":"index","follow":"follow","max-snippet":"max-snippet:-1","max-image-preview":"max-image-preview:large","max-video-preview":"max-video-preview:-1"},"canonical":"https:\/\/sulsc.com\/index.php\/2026\/01\/04\/primeiro-domingo-de-2026-de-sol-mas-com-temperaturas-nao-passando-dos-26oc\/","og_locale":"en_US","og_type":"article","og_title":"Primeiro domingo de 2026 de sol mas com temperaturas n\u00e3o passando dos 26\u00baC no litoral sul -","og_description":"Neste domingo (04\/01), a aproxima\u00e7\u00e3o de uma massa de ar seco associada a uma \u00e1rea de alta press\u00e3o atmosf\u00e9rica pela Argentina e Uruguai, deixa o tempo est\u00e1vel, com predom\u00ednio de sol e redu\u00e7\u00e3o das temperaturas em SC. A exce\u00e7\u00e3o \u00e0 essa condi\u00e7\u00e3o s\u00e3o as \u00e1reas entre o Vale do Itaja\u00ed, Litoral Norte e parte do &hellip; Primeiro domingo de 2026 de sol mas com temperaturas n\u00e3o passando dos 26\u00baC no litoral sul Read More &raquo;","og_url":"https:\/\/sulsc.com\/index.php\/2026\/01\/04\/primeiro-domingo-de-2026-de-sol-mas-com-temperaturas-nao-passando-dos-26oc\/","article_author":"https:\/\/www.facebook.com\/profile.php?id=61559278119680","article_published_time":"2026-01-04T12:40:01+00:00","article_modified_time":"2026-01-04T12:40:57+00:00","og_image":[{"width":2560,"height":1151,"url":"http:\/\/sulsc.com\/wp-content\/uploads\/2024\/10\/Tempo-scaled.jpg","type":"image\/jpeg"}],"author":"Reda\u00e7\u00e3o Sul SC","twitter_card":"summary_large_image","twitter_creator":"@https:\/\/twitter.com\/PortalSulSC","twitter_misc":{"Written by":"Reda\u00e7\u00e3o Sul SC","Est. reading time":"2 minutes"},"schema":{"@context":"https:\/\/schema.org","@graph":[{"@type":"WebPage","@id":"https:\/\/sulsc.com\/index.php\/2026\/01\/04\/primeiro-domingo-de-2026-de-sol-mas-com-temperaturas-nao-passando-dos-26oc\/","url":"https:\/\/sulsc.com\/index.php\/2026\/01\/04\/primeiro-domingo-de-2026-de-sol-mas-com-temperaturas-nao-passando-dos-26oc\/","name":"Primeiro domingo de 2026 de sol mas com temperaturas n\u00e3o passando dos 26\u00baC no litoral sul -","isPartOf":{"@id":"https:\/\/sulsc.com\/#website"},"datePublished":"2026-01-04T12:40:01+00:00","dateModified":"2026-01-04T12:40:57+00:00","author":{"@id":"https:\/\/sulsc.com\/#\/schema\/person\/84d2fc571684f6248ba83092f07750a3"},"breadcrumb":{"@id":"https:\/\/sulsc.com\/index.php\/2026\/01\/04\/primeiro-domingo-de-2026-de-sol-mas-com-temperaturas-nao-passando-dos-26oc\/#breadcrumb"},"inLanguage":"en-US","potentialAction":[{"@type":"ReadAction","target":["https:\/\/sulsc.com\/index.php\/2026\/01\/04\/primeiro-domingo-de-2026-de-sol-mas-com-temperaturas-nao-passando-dos-26oc\/"]}]},{"@type":"BreadcrumbList","@id":"https:\/\/sulsc.com\/index.php\/2026\/01\/04\/primeiro-domingo-de-2026-de-sol-mas-com-temperaturas-nao-passando-dos-26oc\/#breadcrumb","itemListElement":[{"@type":"ListItem","position":1,"name":"In\u00edcio","item":"https:\/\/sulsc.com\/"},{"@type":"ListItem","position":2,"name":"Primeiro domingo de 2026 de sol mas com temperaturas n\u00e3o passando dos 26\u00baC no litoral sul"}]},{"@type":"WebSite","@id":"https:\/\/sulsc.com\/#website","url":"https:\/\/sulsc.com\/","name":"","description":"","potentialAction":[{"@type":"SearchAction","target":{"@type":"EntryPoint","urlTemplate":"https:\/\/sulsc.com\/?s={search_term_string}"},"query-input":"required name=search_term_string"}],"inLanguage":"en-US"},{"@type":"Person","@id":"https:\/\/sulsc.com\/#\/schema\/person\/84d2fc571684f6248ba83092f07750a3","name":"Reda\u00e7\u00e3o Sul SC","image":{"@type":"ImageObject","inLanguage":"en-US","@id":"https:\/\/sulsc.com\/#\/schema\/person\/image\/e08d7fe2cc4ed596372063bbe852b8d0","url":"https:\/\/sulsc.com\/wp-content\/uploads\/2023\/09\/redacao.png","contentUrl":"https:\/\/sulsc.com\/wp-content\/uploads\/2023\/09\/redacao.png","caption":"Reda\u00e7\u00e3o Sul SC"},"description":"Foco em um jornalismo imparcial, voltado \u00e0 qualidade dos seus conte\u00fados e, assim, levar informa\u00e7\u00e3o de valor que agregue \u00e0 vida dos leitores. Esta \u00e9 grande miss\u00e3o do Portal de Not\u00edcias Sul SC. N\u00e3o \u00e9 quantidade que muda o mundo, sempre foi e seguir\u00e1 sendo qualidade!","sameAs":["https:\/\/sulsc.com\/","https:\/\/www.facebook.com\/profile.php?id=61559278119680","https:\/\/www.instagram.com\/sulscportal\/?hl=pt-br","https:\/\/twitter.com\/https:\/\/twitter.com\/PortalSulSC","https:\/\/www.youtube.com\/channel\/UCv_BE8GeySluDov2n8qhVmw"],"url":"https:\/\/sulsc.com\/index.php\/author\/redacao\/"}]}},"authors":[],"_links":{"self":[{"href":"https:\/\/sulsc.com\/index.php\/wp-json\/wp\/v2\/posts\/31240"}],"collection":[{"href":"https:\/\/sulsc.com\/index.php\/wp-json\/wp\/v2\/posts"}],"about":[{"href":"https:\/\/sulsc.com\/index.php\/wp-json\/wp\/v2\/types\/post"}],"author":[{"embeddable":true,"href":"https:\/\/sulsc.com\/index.php\/wp-json\/wp\/v2\/users\/3"}],"replies":[{"embeddable":true,"href":"https:\/\/sulsc.com\/index.php\/wp-json\/wp\/v2\/comments?post=31240"}],"version-history":[{"count":2,"href":"https:\/\/sulsc.com\/index.php\/wp-json\/wp\/v2\/posts\/31240\/revisions"}],"predecessor-version":[{"id":31243,"href":"https:\/\/sulsc.com\/index.php\/wp-json\/wp\/v2\/posts\/31240\/revisions\/31243"}],"wp:featuredmedia":[{"embeddable":true,"href":"https:\/\/sulsc.com\/index.php\/wp-json\/wp\/v2\/media\/16524"}],"wp:attachment":[{"href":"https:\/\/sulsc.com\/index.php\/wp-json\/wp\/v2\/media?parent=31240"}],"wp:term":[{"taxonomy":"category","embeddable":true,"href":"https:\/\/sulsc.com\/index.php\/wp-json\/wp\/v2\/categories?post=31240"},{"taxonomy":"post_tag","embeddable":true,"href":"https:\/\/sulsc.com\/index.php\/wp-json\/wp\/v2\/tags?post=31240"}],"curies":[{"name":"wp","href":"https:\/\/api.w.org\/{rel}","templated":true}]}}