{"id":31261,"date":"2026-01-05T07:38:38","date_gmt":"2026-01-05T10:38:38","guid":{"rendered":"https:\/\/sulsc.com\/?p=31261"},"modified":"2026-01-05T07:38:38","modified_gmt":"2026-01-05T10:38:38","slug":"corpo-de-um-homem-e-encontrado-nas-aguas-do-rio-tubarao-neste-domingo-04","status":"publish","type":"post","link":"https:\/\/sulsc.com\/index.php\/2026\/01\/05\/corpo-de-um-homem-e-encontrado-nas-aguas-do-rio-tubarao-neste-domingo-04\/","title":{"rendered":"Corpo de um homem \u00e9 encontrado nas \u00e1guas do Rio Tubar\u00e3o neste domingo (04)"},"content":{"rendered":"<p>O Corpo de Bombeiros Militar de Santa Catarina (CBMSC) foi acionado no inicio da tarde deste domingo (04).\u00a0 para atender a uma ocorr\u00eancia de recupera\u00e7\u00e3o de cad\u00e1ver no Rio Tubar\u00e3o, nas proximidades da Ponte Orlando Francalaci, popularmente conhecida como Ponte do Ex\u00e9rcito.\u00a0As equipes de resgate chegaram ao local ap\u00f3s receberem o chamado e iniciaram os procedimentos necess\u00e1rios para a remo\u00e7\u00e3o do corpo.<\/p>\n<div id=\"metaslider-id-25573\" style=\"width: 100%;\" class=\"ml-slider-3-99-0 metaslider metaslider-flex metaslider-25573 ml-slider has-onhover-arrows ms-theme-default-base has-dots-nav\" role=\"region\" aria-label=\"Meio\" data-width=\"1200\">\n    <div id=\"metaslider_container_25573\">\n        <div id=\"metaslider_25573\">\n            <ul class='slides'>\n                <li style=\"display: block; width: 100%;\" class=\"slide-25684 ms-image \" aria-roledescription=\"slide\" data-date=\"2025-07-24 07:55:40\"><img src=\"https:\/\/sulsc.com\/wp-content\/uploads\/2025\/07\/Marr-2-1000x166.jpg\" height=\"200\" width=\"1200\" alt=\"\" class=\"slider-25573 slide-25684 msDefaultImage\" title=\"Marr 2\" \/><\/li>\n                <li style=\"display: none; width: 100%;\" class=\"slide-32412 ms-image \" aria-roledescription=\"slide\" data-date=\"2026-02-18 13:59:46\"><img src=\"https:\/\/sulsc.com\/wp-content\/uploads\/2026\/02\/40dc1580-cad5-4867-bc58-c4243821ad38-1000x166.jpeg\" height=\"200\" width=\"1200\" alt=\"\" class=\"slider-25573 slide-32412 msDefaultImage\" title=\"40dc1580-cad5-4867-bc58-c4243821ad38\" \/><\/li>\n                <li style=\"display: none; width: 100%;\" class=\"slide-32766 ms-image \" aria-roledescription=\"slide\" data-date=\"2026-03-03 17:22:59\"><img src=\"https:\/\/sulsc.com\/wp-content\/uploads\/2026\/03\/271ce739-f268-41c5-8051-3de1a1750359-1000x166.jpeg\" height=\"200\" width=\"1200\" alt=\"\" class=\"slider-25573 slide-32766 msDefaultImage\" title=\"271ce739-f268-41c5-8051-3de1a1750359\" \/><\/li>\n            <\/ul>\n        <\/div>\n        \n    <\/div>\n<\/div>\n<p>At\u00e9 o momento, n\u00e3o foram divulgadas informa\u00e7\u00f5es sobre a identidade da v\u00edtima, que \u00e9 do sexo masculino, nem detalhes sobre sua idade ou naturalidade.<\/p>\n<p>As autoridades competentes est\u00e3o investigando o caso. Mais informa\u00e7\u00f5es ser\u00e3o divulgadas \u00e0 medida que a investiga\u00e7\u00e3o avan\u00e7a.<\/p>\n<p><img fetchpriority=\"high\" decoding=\"async\" class=\"aligncenter size-full wp-image-31262\" src=\"http:\/\/sulsc.com\/wp-content\/uploads\/2026\/01\/f6e98ae9-10e4-424d-a9a5-f70eeb7a1eb3.jpeg\" alt=\"\" width=\"844\" height=\"1585\" \/><\/p>\n<p>CBMSC 8\u00baBBM\/Divulga\u00e7\u00e3o\/SulSC<\/p>\n","protected":false},"excerpt":{"rendered":"<p>O Corpo de Bombeiros Militar de Santa Catarina (CBMSC) foi acionado no inicio da tarde deste domingo (04).\u00a0 para atender a uma ocorr\u00eancia de recupera\u00e7\u00e3o de cad\u00e1ver no Rio Tubar\u00e3o, nas proximidades da Ponte Orlando Francalaci, popularmente conhecida como Ponte do Ex\u00e9rcito.\u00a0As equipes de resgate chegaram ao local ap\u00f3s receberem o chamado e iniciaram os &hellip;<\/p>\n<p class=\"read-more\"> <a class=\"\" href=\"https:\/\/sulsc.com\/index.php\/2026\/01\/05\/corpo-de-um-homem-e-encontrado-nas-aguas-do-rio-tubarao-neste-domingo-04\/\"> <span class=\"screen-reader-text\">Corpo de um homem \u00e9 encontrado nas \u00e1guas do Rio Tubar\u00e3o neste domingo (04)<\/span> Read More &raquo;<\/a><\/p>\n","protected":false},"author":3,"featured_media":31262,"comment_status":"open","ping_status":"open","sticky":false,"template":"","format":"standard","meta":{"site-sidebar-layout":"default","site-content-layout":"","ast-site-content-layout":"default","site-content-style":"default","site-sidebar-style":"default","ast-global-header-display":"","ast-banner-title-visibility":"","ast-main-header-display":"","ast-hfb-above-header-display":"","ast-hfb-below-header-display":"","ast-hfb-mobile-header-display":"","site-post-title":"","ast-breadcrumbs-content":"","ast-featured-img":"","footer-sml-layout":"","theme-transparent-header-meta":"default","adv-header-id-meta":"","stick-header-meta":"","header-above-stick-meta":"","header-main-stick-meta":"","header-below-stick-meta":"","astra-migrate-meta-layouts":"set","footnotes":""},"categories":[2231,1,14,2781,21,12],"tags":[2796],"yoast_head":"<!-- This site is optimized with the Yoast SEO plugin v21.4 - https:\/\/yoast.com\/wordpress\/plugins\/seo\/ -->\n<title>Corpo de um homem \u00e9 encontrado nas \u00e1guas do Rio Tubar\u00e3o neste domingo (04) -<\/title>\n<meta name=\"robots\" content=\"index, follow, max-snippet:-1, max-image-preview:large, max-video-preview:-1\" \/>\n<link rel=\"canonical\" href=\"https:\/\/sulsc.com\/index.php\/2026\/01\/05\/corpo-de-um-homem-e-encontrado-nas-aguas-do-rio-tubarao-neste-domingo-04\/\" \/>\n<meta property=\"og:locale\" content=\"en_US\" \/>\n<meta property=\"og:type\" content=\"article\" \/>\n<meta property=\"og:title\" content=\"Corpo de um homem \u00e9 encontrado nas \u00e1guas do Rio Tubar\u00e3o neste domingo (04) -\" \/>\n<meta property=\"og:description\" content=\"O Corpo de Bombeiros Militar de Santa Catarina (CBMSC) foi acionado no inicio da tarde deste domingo (04).\u00a0 para atender a uma ocorr\u00eancia de recupera\u00e7\u00e3o de cad\u00e1ver no Rio Tubar\u00e3o, nas proximidades da Ponte Orlando Francalaci, popularmente conhecida como Ponte do Ex\u00e9rcito.\u00a0As equipes de resgate chegaram ao local ap\u00f3s receberem o chamado e iniciaram os &hellip; Corpo de um homem \u00e9 encontrado nas \u00e1guas do Rio Tubar\u00e3o neste domingo (04) Read More &raquo;\" \/>\n<meta property=\"og:url\" content=\"https:\/\/sulsc.com\/index.php\/2026\/01\/05\/corpo-de-um-homem-e-encontrado-nas-aguas-do-rio-tubarao-neste-domingo-04\/\" \/>\n<meta property=\"article:author\" content=\"https:\/\/www.facebook.com\/profile.php?id=61559278119680\" \/>\n<meta property=\"article:published_time\" content=\"2026-01-05T10:38:38+00:00\" \/>\n<meta property=\"og:image\" content=\"http:\/\/sulsc.com\/wp-content\/uploads\/2026\/01\/f6e98ae9-10e4-424d-a9a5-f70eeb7a1eb3-e1767609510585.jpeg\" \/>\n\t<meta property=\"og:image:width\" content=\"834\" \/>\n\t<meta property=\"og:image:height\" content=\"715\" \/>\n\t<meta property=\"og:image:type\" content=\"image\/jpeg\" \/>\n<meta name=\"author\" content=\"Reda\u00e7\u00e3o Sul SC\" \/>\n<meta name=\"twitter:card\" content=\"summary_large_image\" \/>\n<meta name=\"twitter:creator\" content=\"@https:\/\/twitter.com\/PortalSulSC\" \/>\n<meta name=\"twitter:label1\" content=\"Written by\" \/>\n\t<meta name=\"twitter:data1\" content=\"Reda\u00e7\u00e3o Sul SC\" \/>\n\t<meta name=\"twitter:label2\" content=\"Est. reading time\" \/>\n\t<meta name=\"twitter:data2\" content=\"1 minute\" \/>\n<script type=\"application\/ld+json\" class=\"yoast-schema-graph\">{\"@context\":\"https:\/\/schema.org\",\"@graph\":[{\"@type\":\"WebPage\",\"@id\":\"https:\/\/sulsc.com\/index.php\/2026\/01\/05\/corpo-de-um-homem-e-encontrado-nas-aguas-do-rio-tubarao-neste-domingo-04\/\",\"url\":\"https:\/\/sulsc.com\/index.php\/2026\/01\/05\/corpo-de-um-homem-e-encontrado-nas-aguas-do-rio-tubarao-neste-domingo-04\/\",\"name\":\"Corpo de um homem \u00e9 encontrado nas \u00e1guas do Rio Tubar\u00e3o neste domingo (04) -\",\"isPartOf\":{\"@id\":\"https:\/\/sulsc.com\/#website\"},\"datePublished\":\"2026-01-05T10:38:38+00:00\",\"dateModified\":\"2026-01-05T10:38:38+00:00\",\"author\":{\"@id\":\"https:\/\/sulsc.com\/#\/schema\/person\/84d2fc571684f6248ba83092f07750a3\"},\"breadcrumb\":{\"@id\":\"https:\/\/sulsc.com\/index.php\/2026\/01\/05\/corpo-de-um-homem-e-encontrado-nas-aguas-do-rio-tubarao-neste-domingo-04\/#breadcrumb\"},\"inLanguage\":\"en-US\",\"potentialAction\":[{\"@type\":\"ReadAction\",\"target\":[\"https:\/\/sulsc.com\/index.php\/2026\/01\/05\/corpo-de-um-homem-e-encontrado-nas-aguas-do-rio-tubarao-neste-domingo-04\/\"]}]},{\"@type\":\"BreadcrumbList\",\"@id\":\"https:\/\/sulsc.com\/index.php\/2026\/01\/05\/corpo-de-um-homem-e-encontrado-nas-aguas-do-rio-tubarao-neste-domingo-04\/#breadcrumb\",\"itemListElement\":[{\"@type\":\"ListItem\",\"position\":1,\"name\":\"In\u00edcio\",\"item\":\"https:\/\/sulsc.com\/\"},{\"@type\":\"ListItem\",\"position\":2,\"name\":\"Corpo de um homem \u00e9 encontrado nas \u00e1guas do Rio Tubar\u00e3o neste domingo (04)\"}]},{\"@type\":\"WebSite\",\"@id\":\"https:\/\/sulsc.com\/#website\",\"url\":\"https:\/\/sulsc.com\/\",\"name\":\"\",\"description\":\"\",\"potentialAction\":[{\"@type\":\"SearchAction\",\"target\":{\"@type\":\"EntryPoint\",\"urlTemplate\":\"https:\/\/sulsc.com\/?s={search_term_string}\"},\"query-input\":\"required name=search_term_string\"}],\"inLanguage\":\"en-US\"},{\"@type\":\"Person\",\"@id\":\"https:\/\/sulsc.com\/#\/schema\/person\/84d2fc571684f6248ba83092f07750a3\",\"name\":\"Reda\u00e7\u00e3o Sul SC\",\"image\":{\"@type\":\"ImageObject\",\"inLanguage\":\"en-US\",\"@id\":\"https:\/\/sulsc.com\/#\/schema\/person\/image\/e08d7fe2cc4ed596372063bbe852b8d0\",\"url\":\"https:\/\/sulsc.com\/wp-content\/uploads\/2023\/09\/redacao.png\",\"contentUrl\":\"https:\/\/sulsc.com\/wp-content\/uploads\/2023\/09\/redacao.png\",\"caption\":\"Reda\u00e7\u00e3o Sul SC\"},\"description\":\"Foco em um jornalismo imparcial, voltado \u00e0 qualidade dos seus conte\u00fados e, assim, levar informa\u00e7\u00e3o de valor que agregue \u00e0 vida dos leitores. Esta \u00e9 grande miss\u00e3o do Portal de Not\u00edcias Sul SC. N\u00e3o \u00e9 quantidade que muda o mundo, sempre foi e seguir\u00e1 sendo qualidade!\",\"sameAs\":[\"https:\/\/sulsc.com\/\",\"https:\/\/www.facebook.com\/profile.php?id=61559278119680\",\"https:\/\/www.instagram.com\/sulscportal\/?hl=pt-br\",\"https:\/\/twitter.com\/https:\/\/twitter.com\/PortalSulSC\",\"https:\/\/www.youtube.com\/channel\/UCv_BE8GeySluDov2n8qhVmw\"],\"url\":\"https:\/\/sulsc.com\/index.php\/author\/redacao\/\"}]}<\/script>\n<!-- \/ Yoast SEO plugin. -->","yoast_head_json":{"title":"Corpo de um homem \u00e9 encontrado nas \u00e1guas do Rio Tubar\u00e3o neste domingo (04) -","robots":{"index":"index","follow":"follow","max-snippet":"max-snippet:-1","max-image-preview":"max-image-preview:large","max-video-preview":"max-video-preview:-1"},"canonical":"https:\/\/sulsc.com\/index.php\/2026\/01\/05\/corpo-de-um-homem-e-encontrado-nas-aguas-do-rio-tubarao-neste-domingo-04\/","og_locale":"en_US","og_type":"article","og_title":"Corpo de um homem \u00e9 encontrado nas \u00e1guas do Rio Tubar\u00e3o neste domingo (04) -","og_description":"O Corpo de Bombeiros Militar de Santa Catarina (CBMSC) foi acionado no inicio da tarde deste domingo (04).\u00a0 para atender a uma ocorr\u00eancia de recupera\u00e7\u00e3o de cad\u00e1ver no Rio Tubar\u00e3o, nas proximidades da Ponte Orlando Francalaci, popularmente conhecida como Ponte do Ex\u00e9rcito.\u00a0As equipes de resgate chegaram ao local ap\u00f3s receberem o chamado e iniciaram os &hellip; Corpo de um homem \u00e9 encontrado nas \u00e1guas do Rio Tubar\u00e3o neste domingo (04) Read More &raquo;","og_url":"https:\/\/sulsc.com\/index.php\/2026\/01\/05\/corpo-de-um-homem-e-encontrado-nas-aguas-do-rio-tubarao-neste-domingo-04\/","article_author":"https:\/\/www.facebook.com\/profile.php?id=61559278119680","article_published_time":"2026-01-05T10:38:38+00:00","og_image":[{"width":834,"height":715,"url":"http:\/\/sulsc.com\/wp-content\/uploads\/2026\/01\/f6e98ae9-10e4-424d-a9a5-f70eeb7a1eb3-e1767609510585.jpeg","type":"image\/jpeg"}],"author":"Reda\u00e7\u00e3o Sul SC","twitter_card":"summary_large_image","twitter_creator":"@https:\/\/twitter.com\/PortalSulSC","twitter_misc":{"Written by":"Reda\u00e7\u00e3o Sul SC","Est. reading time":"1 minute"},"schema":{"@context":"https:\/\/schema.org","@graph":[{"@type":"WebPage","@id":"https:\/\/sulsc.com\/index.php\/2026\/01\/05\/corpo-de-um-homem-e-encontrado-nas-aguas-do-rio-tubarao-neste-domingo-04\/","url":"https:\/\/sulsc.com\/index.php\/2026\/01\/05\/corpo-de-um-homem-e-encontrado-nas-aguas-do-rio-tubarao-neste-domingo-04\/","name":"Corpo de um homem \u00e9 encontrado nas \u00e1guas do Rio Tubar\u00e3o neste domingo (04) -","isPartOf":{"@id":"https:\/\/sulsc.com\/#website"},"datePublished":"2026-01-05T10:38:38+00:00","dateModified":"2026-01-05T10:38:38+00:00","author":{"@id":"https:\/\/sulsc.com\/#\/schema\/person\/84d2fc571684f6248ba83092f07750a3"},"breadcrumb":{"@id":"https:\/\/sulsc.com\/index.php\/2026\/01\/05\/corpo-de-um-homem-e-encontrado-nas-aguas-do-rio-tubarao-neste-domingo-04\/#breadcrumb"},"inLanguage":"en-US","potentialAction":[{"@type":"ReadAction","target":["https:\/\/sulsc.com\/index.php\/2026\/01\/05\/corpo-de-um-homem-e-encontrado-nas-aguas-do-rio-tubarao-neste-domingo-04\/"]}]},{"@type":"BreadcrumbList","@id":"https:\/\/sulsc.com\/index.php\/2026\/01\/05\/corpo-de-um-homem-e-encontrado-nas-aguas-do-rio-tubarao-neste-domingo-04\/#breadcrumb","itemListElement":[{"@type":"ListItem","position":1,"name":"In\u00edcio","item":"https:\/\/sulsc.com\/"},{"@type":"ListItem","position":2,"name":"Corpo de um homem \u00e9 encontrado nas \u00e1guas do Rio Tubar\u00e3o neste domingo (04)"}]},{"@type":"WebSite","@id":"https:\/\/sulsc.com\/#website","url":"https:\/\/sulsc.com\/","name":"","description":"","potentialAction":[{"@type":"SearchAction","target":{"@type":"EntryPoint","urlTemplate":"https:\/\/sulsc.com\/?s={search_term_string}"},"query-input":"required name=search_term_string"}],"inLanguage":"en-US"},{"@type":"Person","@id":"https:\/\/sulsc.com\/#\/schema\/person\/84d2fc571684f6248ba83092f07750a3","name":"Reda\u00e7\u00e3o Sul SC","image":{"@type":"ImageObject","inLanguage":"en-US","@id":"https:\/\/sulsc.com\/#\/schema\/person\/image\/e08d7fe2cc4ed596372063bbe852b8d0","url":"https:\/\/sulsc.com\/wp-content\/uploads\/2023\/09\/redacao.png","contentUrl":"https:\/\/sulsc.com\/wp-content\/uploads\/2023\/09\/redacao.png","caption":"Reda\u00e7\u00e3o Sul SC"},"description":"Foco em um jornalismo imparcial, voltado \u00e0 qualidade dos seus conte\u00fados e, assim, levar informa\u00e7\u00e3o de valor que agregue \u00e0 vida dos leitores. Esta \u00e9 grande miss\u00e3o do Portal de Not\u00edcias Sul SC. N\u00e3o \u00e9 quantidade que muda o mundo, sempre foi e seguir\u00e1 sendo qualidade!","sameAs":["https:\/\/sulsc.com\/","https:\/\/www.facebook.com\/profile.php?id=61559278119680","https:\/\/www.instagram.com\/sulscportal\/?hl=pt-br","https:\/\/twitter.com\/https:\/\/twitter.com\/PortalSulSC","https:\/\/www.youtube.com\/channel\/UCv_BE8GeySluDov2n8qhVmw"],"url":"https:\/\/sulsc.com\/index.php\/author\/redacao\/"}]}},"authors":[],"_links":{"self":[{"href":"https:\/\/sulsc.com\/index.php\/wp-json\/wp\/v2\/posts\/31261"}],"collection":[{"href":"https:\/\/sulsc.com\/index.php\/wp-json\/wp\/v2\/posts"}],"about":[{"href":"https:\/\/sulsc.com\/index.php\/wp-json\/wp\/v2\/types\/post"}],"author":[{"embeddable":true,"href":"https:\/\/sulsc.com\/index.php\/wp-json\/wp\/v2\/users\/3"}],"replies":[{"embeddable":true,"href":"https:\/\/sulsc.com\/index.php\/wp-json\/wp\/v2\/comments?post=31261"}],"version-history":[{"count":1,"href":"https:\/\/sulsc.com\/index.php\/wp-json\/wp\/v2\/posts\/31261\/revisions"}],"predecessor-version":[{"id":31263,"href":"https:\/\/sulsc.com\/index.php\/wp-json\/wp\/v2\/posts\/31261\/revisions\/31263"}],"wp:featuredmedia":[{"embeddable":true,"href":"https:\/\/sulsc.com\/index.php\/wp-json\/wp\/v2\/media\/31262"}],"wp:attachment":[{"href":"https:\/\/sulsc.com\/index.php\/wp-json\/wp\/v2\/media?parent=31261"}],"wp:term":[{"taxonomy":"category","embeddable":true,"href":"https:\/\/sulsc.com\/index.php\/wp-json\/wp\/v2\/categories?post=31261"},{"taxonomy":"post_tag","embeddable":true,"href":"https:\/\/sulsc.com\/index.php\/wp-json\/wp\/v2\/tags?post=31261"}],"curies":[{"name":"wp","href":"https:\/\/api.w.org\/{rel}","templated":true}]}}