{"id":31264,"date":"2026-01-05T08:17:13","date_gmt":"2026-01-05T11:17:13","guid":{"rendered":"https:\/\/sulsc.com\/?p=31264"},"modified":"2026-01-05T08:17:13","modified_gmt":"2026-01-05T11:17:13","slug":"prefeitura-de-jaguaruna-atualiza-itinerario-da-coleta-de-lixo-para-alta-temporada-2026","status":"publish","type":"post","link":"https:\/\/sulsc.com\/index.php\/2026\/01\/05\/prefeitura-de-jaguaruna-atualiza-itinerario-da-coleta-de-lixo-para-alta-temporada-2026\/","title":{"rendered":"Prefeitura de Jaguaruna atualiza itiner\u00e1rio da coleta de lixo para Alta Temporada 2026"},"content":{"rendered":"<p>A Prefeitura de Jaguaruna informa aos moradores e veranistas sobre a atualiza\u00e7\u00e3o do itiner\u00e1rio da Coleta de Lixo para a alta temporada 2026.<\/p>\n<p>A administra\u00e7\u00e3o municipal orienta aos mun\u00edcipes e veranistas\u00a0 \u00a0que os res\u00edduos sejam colocados em frente aos im\u00f3veis apenas nos dias programados para a coleta. Essa pr\u00e1tica \u00e9 essencial para evitar que c\u00e3es rasguem os sacos de lixo, resultando em derramamento nas vias p\u00fablicas e nas praias.<\/p>\n<div id=\"metaslider-id-25573\" style=\"width: 100%;\" class=\"ml-slider-3-99-0 metaslider metaslider-flex metaslider-25573 ml-slider has-onhover-arrows ms-theme-default-base has-dots-nav\" role=\"region\" aria-label=\"Meio\" data-width=\"1200\">\n    <div id=\"metaslider_container_25573\">\n        <div id=\"metaslider_25573\">\n            <ul class='slides'>\n                <li style=\"display: block; width: 100%;\" class=\"slide-25684 ms-image \" aria-roledescription=\"slide\" data-date=\"2025-07-24 07:55:40\"><img src=\"https:\/\/sulsc.com\/wp-content\/uploads\/2025\/07\/Marr-2-1000x166.jpg\" height=\"200\" width=\"1200\" alt=\"\" class=\"slider-25573 slide-25684 msDefaultImage\" title=\"Marr 2\" \/><\/li>\n                <li style=\"display: none; width: 100%;\" class=\"slide-32412 ms-image \" aria-roledescription=\"slide\" data-date=\"2026-02-18 13:59:46\"><img src=\"https:\/\/sulsc.com\/wp-content\/uploads\/2026\/02\/40dc1580-cad5-4867-bc58-c4243821ad38-1000x166.jpeg\" height=\"200\" width=\"1200\" alt=\"\" class=\"slider-25573 slide-32412 msDefaultImage\" title=\"40dc1580-cad5-4867-bc58-c4243821ad38\" \/><\/li>\n                <li style=\"display: none; width: 100%;\" class=\"slide-32766 ms-image \" aria-roledescription=\"slide\" data-date=\"2026-03-03 17:22:59\"><img src=\"https:\/\/sulsc.com\/wp-content\/uploads\/2026\/03\/271ce739-f268-41c5-8051-3de1a1750359-1000x166.jpeg\" height=\"200\" width=\"1200\" alt=\"\" class=\"slider-25573 slide-32766 msDefaultImage\" title=\"271ce739-f268-41c5-8051-3de1a1750359\" \/><\/li>\n            <\/ul>\n        <\/div>\n        \n    <\/div>\n<\/div>\n<p>A empresa Racli Limpeza Urbana, concession\u00e1ria do Governo Municipal, \u00e9 respons\u00e1vel pela coleta de lixo na cidade. Para garantir um ambiente limpo e organizado, a prefeitura recomenda que todos verifiquem o itiner\u00e1rio atualizado e realizem o descarte correto de seus res\u00edduos.<\/p>\n<p><strong>Itiner\u00e1rio Atualizado<\/strong><\/p>\n<p><img fetchpriority=\"high\" decoding=\"async\" class=\"aligncenter size-full wp-image-31265\" src=\"http:\/\/sulsc.com\/wp-content\/uploads\/2026\/01\/da579b98-dd91-4695-99bc-8039093ea30b.jpeg\" alt=\"\" width=\"1080\" height=\"969\" srcset=\"https:\/\/sulsc.com\/wp-content\/uploads\/2026\/01\/da579b98-dd91-4695-99bc-8039093ea30b.jpeg 1080w, https:\/\/sulsc.com\/wp-content\/uploads\/2026\/01\/da579b98-dd91-4695-99bc-8039093ea30b-300x269.jpeg 300w, https:\/\/sulsc.com\/wp-content\/uploads\/2026\/01\/da579b98-dd91-4695-99bc-8039093ea30b-1024x919.jpeg 1024w, https:\/\/sulsc.com\/wp-content\/uploads\/2026\/01\/da579b98-dd91-4695-99bc-8039093ea30b-768x689.jpeg 768w\" sizes=\"(max-width: 1080px) 100vw, 1080px\" \/><\/p>\n<p><img decoding=\"async\" class=\"aligncenter size-full wp-image-31266\" src=\"http:\/\/sulsc.com\/wp-content\/uploads\/2026\/01\/2.jpeg\" alt=\"\" width=\"1063\" height=\"967\" srcset=\"https:\/\/sulsc.com\/wp-content\/uploads\/2026\/01\/2.jpeg 1063w, https:\/\/sulsc.com\/wp-content\/uploads\/2026\/01\/2-300x273.jpeg 300w, https:\/\/sulsc.com\/wp-content\/uploads\/2026\/01\/2-1024x932.jpeg 1024w, https:\/\/sulsc.com\/wp-content\/uploads\/2026\/01\/2-768x699.jpeg 768w\" sizes=\"(max-width: 1063px) 100vw, 1063px\" \/><\/p>\n<p><img decoding=\"async\" class=\"aligncenter size-full wp-image-31267\" src=\"http:\/\/sulsc.com\/wp-content\/uploads\/2026\/01\/3.jpeg\" alt=\"\" width=\"1080\" height=\"977\" srcset=\"https:\/\/sulsc.com\/wp-content\/uploads\/2026\/01\/3.jpeg 1080w, https:\/\/sulsc.com\/wp-content\/uploads\/2026\/01\/3-300x271.jpeg 300w, https:\/\/sulsc.com\/wp-content\/uploads\/2026\/01\/3-1024x926.jpeg 1024w, https:\/\/sulsc.com\/wp-content\/uploads\/2026\/01\/3-768x695.jpeg 768w\" sizes=\"(max-width: 1080px) 100vw, 1080px\" \/><\/p>\n","protected":false},"excerpt":{"rendered":"<p>A Prefeitura de Jaguaruna informa aos moradores e veranistas sobre a atualiza\u00e7\u00e3o do itiner\u00e1rio da Coleta de Lixo para a alta temporada 2026. A administra\u00e7\u00e3o municipal orienta aos mun\u00edcipes e veranistas\u00a0 \u00a0que os res\u00edduos sejam colocados em frente aos im\u00f3veis apenas nos dias programados para a coleta. Essa pr\u00e1tica \u00e9 essencial para evitar que c\u00e3es &hellip;<\/p>\n<p class=\"read-more\"> <a class=\"\" href=\"https:\/\/sulsc.com\/index.php\/2026\/01\/05\/prefeitura-de-jaguaruna-atualiza-itinerario-da-coleta-de-lixo-para-alta-temporada-2026\/\"> <span class=\"screen-reader-text\">Prefeitura de Jaguaruna atualiza itiner\u00e1rio da coleta de lixo para Alta Temporada 2026<\/span> Read More &raquo;<\/a><\/p>\n","protected":false},"author":3,"featured_media":31268,"comment_status":"open","ping_status":"open","sticky":false,"template":"","format":"standard","meta":{"site-sidebar-layout":"default","site-content-layout":"","ast-site-content-layout":"default","site-content-style":"default","site-sidebar-style":"default","ast-global-header-display":"","ast-banner-title-visibility":"","ast-main-header-display":"","ast-hfb-above-header-display":"","ast-hfb-below-header-display":"","ast-hfb-mobile-header-display":"","site-post-title":"","ast-breadcrumbs-content":"","ast-featured-img":"","footer-sml-layout":"","theme-transparent-header-meta":"default","adv-header-id-meta":"","stick-header-meta":"","header-above-stick-meta":"","header-main-stick-meta":"","header-below-stick-meta":"","astra-migrate-meta-layouts":"set","footnotes":""},"categories":[2231,1,2105,14,12],"tags":[2224],"yoast_head":"<!-- This site is optimized with the Yoast SEO plugin v21.4 - https:\/\/yoast.com\/wordpress\/plugins\/seo\/ -->\n<title>Prefeitura de Jaguaruna atualiza itiner\u00e1rio da coleta de lixo para Alta Temporada 2026 -<\/title>\n<meta name=\"robots\" content=\"index, follow, max-snippet:-1, max-image-preview:large, max-video-preview:-1\" \/>\n<link rel=\"canonical\" href=\"https:\/\/sulsc.com\/index.php\/2026\/01\/05\/prefeitura-de-jaguaruna-atualiza-itinerario-da-coleta-de-lixo-para-alta-temporada-2026\/\" \/>\n<meta property=\"og:locale\" content=\"en_US\" \/>\n<meta property=\"og:type\" content=\"article\" \/>\n<meta property=\"og:title\" content=\"Prefeitura de Jaguaruna atualiza itiner\u00e1rio da coleta de lixo para Alta Temporada 2026 -\" \/>\n<meta property=\"og:description\" content=\"A Prefeitura de Jaguaruna informa aos moradores e veranistas sobre a atualiza\u00e7\u00e3o do itiner\u00e1rio da Coleta de Lixo para a alta temporada 2026. A administra\u00e7\u00e3o municipal orienta aos mun\u00edcipes e veranistas\u00a0 \u00a0que os res\u00edduos sejam colocados em frente aos im\u00f3veis apenas nos dias programados para a coleta. Essa pr\u00e1tica \u00e9 essencial para evitar que c\u00e3es &hellip; Prefeitura de Jaguaruna atualiza itiner\u00e1rio da coleta de lixo para Alta Temporada 2026 Read More &raquo;\" \/>\n<meta property=\"og:url\" content=\"https:\/\/sulsc.com\/index.php\/2026\/01\/05\/prefeitura-de-jaguaruna-atualiza-itinerario-da-coleta-de-lixo-para-alta-temporada-2026\/\" \/>\n<meta property=\"article:author\" content=\"https:\/\/www.facebook.com\/profile.php?id=61559278119680\" \/>\n<meta property=\"article:published_time\" content=\"2026-01-05T11:17:13+00:00\" \/>\n<meta property=\"og:image\" content=\"http:\/\/sulsc.com\/wp-content\/uploads\/2026\/01\/1b512a09-0e6c-4cb3-98a1-acc018d81f79.jpeg\" \/>\n\t<meta property=\"og:image:width\" content=\"1200\" \/>\n\t<meta property=\"og:image:height\" content=\"755\" \/>\n\t<meta property=\"og:image:type\" content=\"image\/jpeg\" \/>\n<meta name=\"author\" content=\"Reda\u00e7\u00e3o Sul SC\" \/>\n<meta name=\"twitter:card\" content=\"summary_large_image\" \/>\n<meta name=\"twitter:creator\" content=\"@https:\/\/twitter.com\/PortalSulSC\" \/>\n<meta name=\"twitter:label1\" content=\"Written by\" \/>\n\t<meta name=\"twitter:data1\" content=\"Reda\u00e7\u00e3o Sul SC\" \/>\n\t<meta name=\"twitter:label2\" content=\"Est. reading time\" \/>\n\t<meta name=\"twitter:data2\" content=\"2 minutes\" \/>\n<script type=\"application\/ld+json\" class=\"yoast-schema-graph\">{\"@context\":\"https:\/\/schema.org\",\"@graph\":[{\"@type\":\"WebPage\",\"@id\":\"https:\/\/sulsc.com\/index.php\/2026\/01\/05\/prefeitura-de-jaguaruna-atualiza-itinerario-da-coleta-de-lixo-para-alta-temporada-2026\/\",\"url\":\"https:\/\/sulsc.com\/index.php\/2026\/01\/05\/prefeitura-de-jaguaruna-atualiza-itinerario-da-coleta-de-lixo-para-alta-temporada-2026\/\",\"name\":\"Prefeitura de Jaguaruna atualiza itiner\u00e1rio da coleta de lixo para Alta Temporada 2026 -\",\"isPartOf\":{\"@id\":\"https:\/\/sulsc.com\/#website\"},\"datePublished\":\"2026-01-05T11:17:13+00:00\",\"dateModified\":\"2026-01-05T11:17:13+00:00\",\"author\":{\"@id\":\"https:\/\/sulsc.com\/#\/schema\/person\/84d2fc571684f6248ba83092f07750a3\"},\"breadcrumb\":{\"@id\":\"https:\/\/sulsc.com\/index.php\/2026\/01\/05\/prefeitura-de-jaguaruna-atualiza-itinerario-da-coleta-de-lixo-para-alta-temporada-2026\/#breadcrumb\"},\"inLanguage\":\"en-US\",\"potentialAction\":[{\"@type\":\"ReadAction\",\"target\":[\"https:\/\/sulsc.com\/index.php\/2026\/01\/05\/prefeitura-de-jaguaruna-atualiza-itinerario-da-coleta-de-lixo-para-alta-temporada-2026\/\"]}]},{\"@type\":\"BreadcrumbList\",\"@id\":\"https:\/\/sulsc.com\/index.php\/2026\/01\/05\/prefeitura-de-jaguaruna-atualiza-itinerario-da-coleta-de-lixo-para-alta-temporada-2026\/#breadcrumb\",\"itemListElement\":[{\"@type\":\"ListItem\",\"position\":1,\"name\":\"In\u00edcio\",\"item\":\"https:\/\/sulsc.com\/\"},{\"@type\":\"ListItem\",\"position\":2,\"name\":\"Prefeitura de Jaguaruna atualiza itiner\u00e1rio da coleta de lixo para Alta Temporada 2026\"}]},{\"@type\":\"WebSite\",\"@id\":\"https:\/\/sulsc.com\/#website\",\"url\":\"https:\/\/sulsc.com\/\",\"name\":\"\",\"description\":\"\",\"potentialAction\":[{\"@type\":\"SearchAction\",\"target\":{\"@type\":\"EntryPoint\",\"urlTemplate\":\"https:\/\/sulsc.com\/?s={search_term_string}\"},\"query-input\":\"required name=search_term_string\"}],\"inLanguage\":\"en-US\"},{\"@type\":\"Person\",\"@id\":\"https:\/\/sulsc.com\/#\/schema\/person\/84d2fc571684f6248ba83092f07750a3\",\"name\":\"Reda\u00e7\u00e3o Sul SC\",\"image\":{\"@type\":\"ImageObject\",\"inLanguage\":\"en-US\",\"@id\":\"https:\/\/sulsc.com\/#\/schema\/person\/image\/e08d7fe2cc4ed596372063bbe852b8d0\",\"url\":\"https:\/\/sulsc.com\/wp-content\/uploads\/2023\/09\/redacao.png\",\"contentUrl\":\"https:\/\/sulsc.com\/wp-content\/uploads\/2023\/09\/redacao.png\",\"caption\":\"Reda\u00e7\u00e3o Sul SC\"},\"description\":\"Foco em um jornalismo imparcial, voltado \u00e0 qualidade dos seus conte\u00fados e, assim, levar informa\u00e7\u00e3o de valor que agregue \u00e0 vida dos leitores. Esta \u00e9 grande miss\u00e3o do Portal de Not\u00edcias Sul SC. N\u00e3o \u00e9 quantidade que muda o mundo, sempre foi e seguir\u00e1 sendo qualidade!\",\"sameAs\":[\"https:\/\/sulsc.com\/\",\"https:\/\/www.facebook.com\/profile.php?id=61559278119680\",\"https:\/\/www.instagram.com\/sulscportal\/?hl=pt-br\",\"https:\/\/twitter.com\/https:\/\/twitter.com\/PortalSulSC\",\"https:\/\/www.youtube.com\/channel\/UCv_BE8GeySluDov2n8qhVmw\"],\"url\":\"https:\/\/sulsc.com\/index.php\/author\/redacao\/\"}]}<\/script>\n<!-- \/ Yoast SEO plugin. -->","yoast_head_json":{"title":"Prefeitura de Jaguaruna atualiza itiner\u00e1rio da coleta de lixo para Alta Temporada 2026 -","robots":{"index":"index","follow":"follow","max-snippet":"max-snippet:-1","max-image-preview":"max-image-preview:large","max-video-preview":"max-video-preview:-1"},"canonical":"https:\/\/sulsc.com\/index.php\/2026\/01\/05\/prefeitura-de-jaguaruna-atualiza-itinerario-da-coleta-de-lixo-para-alta-temporada-2026\/","og_locale":"en_US","og_type":"article","og_title":"Prefeitura de Jaguaruna atualiza itiner\u00e1rio da coleta de lixo para Alta Temporada 2026 -","og_description":"A Prefeitura de Jaguaruna informa aos moradores e veranistas sobre a atualiza\u00e7\u00e3o do itiner\u00e1rio da Coleta de Lixo para a alta temporada 2026. A administra\u00e7\u00e3o municipal orienta aos mun\u00edcipes e veranistas\u00a0 \u00a0que os res\u00edduos sejam colocados em frente aos im\u00f3veis apenas nos dias programados para a coleta. Essa pr\u00e1tica \u00e9 essencial para evitar que c\u00e3es &hellip; Prefeitura de Jaguaruna atualiza itiner\u00e1rio da coleta de lixo para Alta Temporada 2026 Read More &raquo;","og_url":"https:\/\/sulsc.com\/index.php\/2026\/01\/05\/prefeitura-de-jaguaruna-atualiza-itinerario-da-coleta-de-lixo-para-alta-temporada-2026\/","article_author":"https:\/\/www.facebook.com\/profile.php?id=61559278119680","article_published_time":"2026-01-05T11:17:13+00:00","og_image":[{"width":1200,"height":755,"url":"http:\/\/sulsc.com\/wp-content\/uploads\/2026\/01\/1b512a09-0e6c-4cb3-98a1-acc018d81f79.jpeg","type":"image\/jpeg"}],"author":"Reda\u00e7\u00e3o Sul SC","twitter_card":"summary_large_image","twitter_creator":"@https:\/\/twitter.com\/PortalSulSC","twitter_misc":{"Written by":"Reda\u00e7\u00e3o Sul SC","Est. reading time":"2 minutes"},"schema":{"@context":"https:\/\/schema.org","@graph":[{"@type":"WebPage","@id":"https:\/\/sulsc.com\/index.php\/2026\/01\/05\/prefeitura-de-jaguaruna-atualiza-itinerario-da-coleta-de-lixo-para-alta-temporada-2026\/","url":"https:\/\/sulsc.com\/index.php\/2026\/01\/05\/prefeitura-de-jaguaruna-atualiza-itinerario-da-coleta-de-lixo-para-alta-temporada-2026\/","name":"Prefeitura de Jaguaruna atualiza itiner\u00e1rio da coleta de lixo para Alta Temporada 2026 -","isPartOf":{"@id":"https:\/\/sulsc.com\/#website"},"datePublished":"2026-01-05T11:17:13+00:00","dateModified":"2026-01-05T11:17:13+00:00","author":{"@id":"https:\/\/sulsc.com\/#\/schema\/person\/84d2fc571684f6248ba83092f07750a3"},"breadcrumb":{"@id":"https:\/\/sulsc.com\/index.php\/2026\/01\/05\/prefeitura-de-jaguaruna-atualiza-itinerario-da-coleta-de-lixo-para-alta-temporada-2026\/#breadcrumb"},"inLanguage":"en-US","potentialAction":[{"@type":"ReadAction","target":["https:\/\/sulsc.com\/index.php\/2026\/01\/05\/prefeitura-de-jaguaruna-atualiza-itinerario-da-coleta-de-lixo-para-alta-temporada-2026\/"]}]},{"@type":"BreadcrumbList","@id":"https:\/\/sulsc.com\/index.php\/2026\/01\/05\/prefeitura-de-jaguaruna-atualiza-itinerario-da-coleta-de-lixo-para-alta-temporada-2026\/#breadcrumb","itemListElement":[{"@type":"ListItem","position":1,"name":"In\u00edcio","item":"https:\/\/sulsc.com\/"},{"@type":"ListItem","position":2,"name":"Prefeitura de Jaguaruna atualiza itiner\u00e1rio da coleta de lixo para Alta Temporada 2026"}]},{"@type":"WebSite","@id":"https:\/\/sulsc.com\/#website","url":"https:\/\/sulsc.com\/","name":"","description":"","potentialAction":[{"@type":"SearchAction","target":{"@type":"EntryPoint","urlTemplate":"https:\/\/sulsc.com\/?s={search_term_string}"},"query-input":"required name=search_term_string"}],"inLanguage":"en-US"},{"@type":"Person","@id":"https:\/\/sulsc.com\/#\/schema\/person\/84d2fc571684f6248ba83092f07750a3","name":"Reda\u00e7\u00e3o Sul SC","image":{"@type":"ImageObject","inLanguage":"en-US","@id":"https:\/\/sulsc.com\/#\/schema\/person\/image\/e08d7fe2cc4ed596372063bbe852b8d0","url":"https:\/\/sulsc.com\/wp-content\/uploads\/2023\/09\/redacao.png","contentUrl":"https:\/\/sulsc.com\/wp-content\/uploads\/2023\/09\/redacao.png","caption":"Reda\u00e7\u00e3o Sul SC"},"description":"Foco em um jornalismo imparcial, voltado \u00e0 qualidade dos seus conte\u00fados e, assim, levar informa\u00e7\u00e3o de valor que agregue \u00e0 vida dos leitores. Esta \u00e9 grande miss\u00e3o do Portal de Not\u00edcias Sul SC. N\u00e3o \u00e9 quantidade que muda o mundo, sempre foi e seguir\u00e1 sendo qualidade!","sameAs":["https:\/\/sulsc.com\/","https:\/\/www.facebook.com\/profile.php?id=61559278119680","https:\/\/www.instagram.com\/sulscportal\/?hl=pt-br","https:\/\/twitter.com\/https:\/\/twitter.com\/PortalSulSC","https:\/\/www.youtube.com\/channel\/UCv_BE8GeySluDov2n8qhVmw"],"url":"https:\/\/sulsc.com\/index.php\/author\/redacao\/"}]}},"authors":[],"_links":{"self":[{"href":"https:\/\/sulsc.com\/index.php\/wp-json\/wp\/v2\/posts\/31264"}],"collection":[{"href":"https:\/\/sulsc.com\/index.php\/wp-json\/wp\/v2\/posts"}],"about":[{"href":"https:\/\/sulsc.com\/index.php\/wp-json\/wp\/v2\/types\/post"}],"author":[{"embeddable":true,"href":"https:\/\/sulsc.com\/index.php\/wp-json\/wp\/v2\/users\/3"}],"replies":[{"embeddable":true,"href":"https:\/\/sulsc.com\/index.php\/wp-json\/wp\/v2\/comments?post=31264"}],"version-history":[{"count":1,"href":"https:\/\/sulsc.com\/index.php\/wp-json\/wp\/v2\/posts\/31264\/revisions"}],"predecessor-version":[{"id":31269,"href":"https:\/\/sulsc.com\/index.php\/wp-json\/wp\/v2\/posts\/31264\/revisions\/31269"}],"wp:featuredmedia":[{"embeddable":true,"href":"https:\/\/sulsc.com\/index.php\/wp-json\/wp\/v2\/media\/31268"}],"wp:attachment":[{"href":"https:\/\/sulsc.com\/index.php\/wp-json\/wp\/v2\/media?parent=31264"}],"wp:term":[{"taxonomy":"category","embeddable":true,"href":"https:\/\/sulsc.com\/index.php\/wp-json\/wp\/v2\/categories?post=31264"},{"taxonomy":"post_tag","embeddable":true,"href":"https:\/\/sulsc.com\/index.php\/wp-json\/wp\/v2\/tags?post=31264"}],"curies":[{"name":"wp","href":"https:\/\/api.w.org\/{rel}","templated":true}]}}