{"id":31281,"date":"2026-01-05T15:47:27","date_gmt":"2026-01-05T18:47:27","guid":{"rendered":"https:\/\/sulsc.com\/?p=31281"},"modified":"2026-01-05T15:47:27","modified_gmt":"2026-01-05T18:47:27","slug":"baleia-jubarte-em-decomposicao-e-achada-na-faixa-de-areia-em-balneario-arroio-do-silva","status":"publish","type":"post","link":"https:\/\/sulsc.com\/index.php\/2026\/01\/05\/baleia-jubarte-em-decomposicao-e-achada-na-faixa-de-areia-em-balneario-arroio-do-silva\/","title":{"rendered":"Baleia-Jubarte em decomposi\u00e7\u00e3o \u00e9 achada na faixa de areia em Balne\u00e1rio Arroio do Silva"},"content":{"rendered":"<p><span dir=\"auto\" style=\"vertical-align: inherit;\"><span dir=\"auto\" style=\"vertical-align: inherit;\">Na manh\u00e3 deste domingo (04), uma carca\u00e7a de cet\u00e1ceo foi encontrada na faixa de areia de Balne\u00e1rio Arroio do Silva. A ocorr\u00eancia foi atendida pela equipe da Educamar, por meio do Projeto de Monitoramento de Praias da Bacia de Pelotas (PMP-BP).<\/span><\/span><\/p>\n<p><span dir=\"auto\" style=\"vertical-align: inherit;\"><span dir=\"auto\" style=\"vertical-align: inherit;\"><div id=\"metaslider-id-25573\" style=\"width: 100%;\" class=\"ml-slider-3-99-0 metaslider metaslider-flex metaslider-25573 ml-slider has-onhover-arrows ms-theme-default-base has-dots-nav\" role=\"region\" aria-label=\"Meio\" data-width=\"1200\">\n    <div id=\"metaslider_container_25573\">\n        <div id=\"metaslider_25573\">\n            <ul class='slides'>\n                <li style=\"display: block; width: 100%;\" class=\"slide-25684 ms-image \" aria-roledescription=\"slide\" data-date=\"2025-07-24 07:55:40\"><img src=\"https:\/\/sulsc.com\/wp-content\/uploads\/2025\/07\/Marr-2-1000x166.jpg\" height=\"200\" width=\"1200\" alt=\"\" class=\"slider-25573 slide-25684 msDefaultImage\" title=\"Marr 2\" \/><\/li>\n                <li style=\"display: none; width: 100%;\" class=\"slide-32412 ms-image \" aria-roledescription=\"slide\" data-date=\"2026-02-18 13:59:46\"><img src=\"https:\/\/sulsc.com\/wp-content\/uploads\/2026\/02\/40dc1580-cad5-4867-bc58-c4243821ad38-1000x166.jpeg\" height=\"200\" width=\"1200\" alt=\"\" class=\"slider-25573 slide-32412 msDefaultImage\" title=\"40dc1580-cad5-4867-bc58-c4243821ad38\" \/><\/li>\n                <li style=\"display: none; width: 100%;\" class=\"slide-32766 ms-image \" aria-roledescription=\"slide\" data-date=\"2026-03-03 17:22:59\"><img src=\"https:\/\/sulsc.com\/wp-content\/uploads\/2026\/03\/271ce739-f268-41c5-8051-3de1a1750359-1000x166.jpeg\" height=\"200\" width=\"1200\" alt=\"\" class=\"slider-25573 slide-32766 msDefaultImage\" title=\"271ce739-f268-41c5-8051-3de1a1750359\" \/><\/li>\n            <\/ul>\n        <\/div>\n        \n    <\/div>\n<\/div><\/span><\/span><\/p>\n<p><span dir=\"auto\" style=\"vertical-align: inherit;\"><span dir=\"auto\" style=\"vertical-align: inherit;\">De acordo com a equipe t\u00e9cnica, o animal, que mede aproximadamente 5,80 metros de comprimento, localiza-se em estado avan\u00e7ado de precipita\u00e7\u00e3o. As caracter\u00edsticas observadas na nadadeira caudal indicam, de forma preliminar, que se trata de uma baleia-jubarte (Megaptera novaeangliae).<\/span><\/span><\/p>\n<p><img fetchpriority=\"high\" decoding=\"async\" class=\"aligncenter size-full wp-image-31282\" src=\"http:\/\/sulsc.com\/wp-content\/uploads\/2026\/01\/ed2998e0-777c-40f5-967f-d532e9dbf5b6.jpeg\" alt=\"\" width=\"1080\" height=\"1333\" srcset=\"https:\/\/sulsc.com\/wp-content\/uploads\/2026\/01\/ed2998e0-777c-40f5-967f-d532e9dbf5b6.jpeg 1080w, https:\/\/sulsc.com\/wp-content\/uploads\/2026\/01\/ed2998e0-777c-40f5-967f-d532e9dbf5b6-243x300.jpeg 243w, https:\/\/sulsc.com\/wp-content\/uploads\/2026\/01\/ed2998e0-777c-40f5-967f-d532e9dbf5b6-830x1024.jpeg 830w, https:\/\/sulsc.com\/wp-content\/uploads\/2026\/01\/ed2998e0-777c-40f5-967f-d532e9dbf5b6-768x948.jpeg 768w\" sizes=\"(max-width: 1080px) 100vw, 1080px\" \/><\/p>\n<p><span dir=\"auto\" style=\"vertical-align: inherit;\"><span dir=\"auto\" style=\"vertical-align: inherit;\">Por quest\u00f5es de seguran\u00e7a, a \u00e1rea foi isolada e a carca\u00e7a ficou sob responsabilidade do Departamento de Meio Ambiente do munic\u00edpio. O enterro ser\u00e1 realizado no pr\u00f3prio local, de acordo com os protocolos ambientais estabelecidos.<\/span><\/span><\/p>\n<p><strong><span dir=\"auto\" style=\"vertical-align: inherit;\"><span dir=\"auto\" style=\"vertical-align: inherit;\">A Educamar<\/span><\/span><\/strong><span dir=\"auto\" style=\"vertical-align: inherit;\"><span dir=\"auto\" style=\"vertical-align: inherit;\"> refor\u00e7a que, ao encontrar um animal marinho, vivo ou morto, a popula\u00e7\u00e3o deve acionar o servi\u00e7o pelo <\/span><\/span><strong><span dir=\"auto\" style=\"vertical-align: inherit;\"><span dir=\"auto\" style=\"vertical-align: inherit;\">telefone 0800 641 5665.<\/span><\/span><\/strong><\/p>\n<p><span dir=\"auto\" style=\"vertical-align: inherit;\"><span dir=\"auto\" style=\"vertical-align: inherit;\">Fonte\/Portal Engeplus<\/span><\/span><\/p>\n","protected":false},"excerpt":{"rendered":"<p>Na manh\u00e3 deste domingo (04), uma carca\u00e7a de cet\u00e1ceo foi encontrada na faixa de areia de Balne\u00e1rio Arroio do Silva. A ocorr\u00eancia foi atendida pela equipe da Educamar, por meio do Projeto de Monitoramento de Praias da Bacia de Pelotas (PMP-BP). De acordo com a equipe t\u00e9cnica, o animal, que mede aproximadamente 5,80 metros de &hellip;<\/p>\n<p class=\"read-more\"> <a class=\"\" href=\"https:\/\/sulsc.com\/index.php\/2026\/01\/05\/baleia-jubarte-em-decomposicao-e-achada-na-faixa-de-areia-em-balneario-arroio-do-silva\/\"> <span class=\"screen-reader-text\">Baleia-Jubarte em decomposi\u00e7\u00e3o \u00e9 achada na faixa de areia em Balne\u00e1rio Arroio do Silva<\/span> Read More &raquo;<\/a><\/p>\n","protected":false},"author":3,"featured_media":31283,"comment_status":"open","ping_status":"open","sticky":false,"template":"","format":"standard","meta":{"site-sidebar-layout":"default","site-content-layout":"","ast-site-content-layout":"default","site-content-style":"default","site-sidebar-style":"default","ast-global-header-display":"","ast-banner-title-visibility":"","ast-main-header-display":"","ast-hfb-above-header-display":"","ast-hfb-below-header-display":"","ast-hfb-mobile-header-display":"","site-post-title":"","ast-breadcrumbs-content":"","ast-featured-img":"","footer-sml-layout":"","theme-transparent-header-meta":"default","adv-header-id-meta":"","stick-header-meta":"","header-above-stick-meta":"","header-main-stick-meta":"","header-below-stick-meta":"","astra-migrate-meta-layouts":"set","footnotes":""},"categories":[2354,23,1,12],"tags":[2797],"yoast_head":"<!-- This site is optimized with the Yoast SEO plugin v21.4 - https:\/\/yoast.com\/wordpress\/plugins\/seo\/ -->\n<title>Baleia-Jubarte em decomposi\u00e7\u00e3o \u00e9 achada na faixa de areia em Balne\u00e1rio Arroio do Silva -<\/title>\n<meta name=\"robots\" content=\"index, follow, max-snippet:-1, max-image-preview:large, max-video-preview:-1\" \/>\n<link rel=\"canonical\" href=\"https:\/\/sulsc.com\/index.php\/2026\/01\/05\/baleia-jubarte-em-decomposicao-e-achada-na-faixa-de-areia-em-balneario-arroio-do-silva\/\" \/>\n<meta property=\"og:locale\" content=\"en_US\" \/>\n<meta property=\"og:type\" content=\"article\" \/>\n<meta property=\"og:title\" content=\"Baleia-Jubarte em decomposi\u00e7\u00e3o \u00e9 achada na faixa de areia em Balne\u00e1rio Arroio do Silva -\" \/>\n<meta property=\"og:description\" content=\"Na manh\u00e3 deste domingo (04), uma carca\u00e7a de cet\u00e1ceo foi encontrada na faixa de areia de Balne\u00e1rio Arroio do Silva. A ocorr\u00eancia foi atendida pela equipe da Educamar, por meio do Projeto de Monitoramento de Praias da Bacia de Pelotas (PMP-BP). De acordo com a equipe t\u00e9cnica, o animal, que mede aproximadamente 5,80 metros de &hellip; Baleia-Jubarte em decomposi\u00e7\u00e3o \u00e9 achada na faixa de areia em Balne\u00e1rio Arroio do Silva Read More &raquo;\" \/>\n<meta property=\"og:url\" content=\"https:\/\/sulsc.com\/index.php\/2026\/01\/05\/baleia-jubarte-em-decomposicao-e-achada-na-faixa-de-areia-em-balneario-arroio-do-silva\/\" \/>\n<meta property=\"article:author\" content=\"https:\/\/www.facebook.com\/profile.php?id=61559278119680\" \/>\n<meta property=\"article:published_time\" content=\"2026-01-05T18:47:27+00:00\" \/>\n<meta property=\"og:image\" content=\"http:\/\/sulsc.com\/wp-content\/uploads\/2026\/01\/a9fbaf94-da23-4054-89f6-d43dfe6951de.jpeg\" \/>\n\t<meta property=\"og:image:width\" content=\"1080\" \/>\n\t<meta property=\"og:image:height\" content=\"1115\" \/>\n\t<meta property=\"og:image:type\" content=\"image\/jpeg\" \/>\n<meta name=\"author\" content=\"Reda\u00e7\u00e3o Sul SC\" \/>\n<meta name=\"twitter:card\" content=\"summary_large_image\" \/>\n<meta name=\"twitter:creator\" content=\"@https:\/\/twitter.com\/PortalSulSC\" \/>\n<meta name=\"twitter:label1\" content=\"Written by\" \/>\n\t<meta name=\"twitter:data1\" content=\"Reda\u00e7\u00e3o Sul SC\" \/>\n\t<meta name=\"twitter:label2\" content=\"Est. reading time\" \/>\n\t<meta name=\"twitter:data2\" content=\"1 minute\" \/>\n<script type=\"application\/ld+json\" class=\"yoast-schema-graph\">{\"@context\":\"https:\/\/schema.org\",\"@graph\":[{\"@type\":\"WebPage\",\"@id\":\"https:\/\/sulsc.com\/index.php\/2026\/01\/05\/baleia-jubarte-em-decomposicao-e-achada-na-faixa-de-areia-em-balneario-arroio-do-silva\/\",\"url\":\"https:\/\/sulsc.com\/index.php\/2026\/01\/05\/baleia-jubarte-em-decomposicao-e-achada-na-faixa-de-areia-em-balneario-arroio-do-silva\/\",\"name\":\"Baleia-Jubarte em decomposi\u00e7\u00e3o \u00e9 achada na faixa de areia em Balne\u00e1rio Arroio do Silva -\",\"isPartOf\":{\"@id\":\"https:\/\/sulsc.com\/#website\"},\"datePublished\":\"2026-01-05T18:47:27+00:00\",\"dateModified\":\"2026-01-05T18:47:27+00:00\",\"author\":{\"@id\":\"https:\/\/sulsc.com\/#\/schema\/person\/84d2fc571684f6248ba83092f07750a3\"},\"breadcrumb\":{\"@id\":\"https:\/\/sulsc.com\/index.php\/2026\/01\/05\/baleia-jubarte-em-decomposicao-e-achada-na-faixa-de-areia-em-balneario-arroio-do-silva\/#breadcrumb\"},\"inLanguage\":\"en-US\",\"potentialAction\":[{\"@type\":\"ReadAction\",\"target\":[\"https:\/\/sulsc.com\/index.php\/2026\/01\/05\/baleia-jubarte-em-decomposicao-e-achada-na-faixa-de-areia-em-balneario-arroio-do-silva\/\"]}]},{\"@type\":\"BreadcrumbList\",\"@id\":\"https:\/\/sulsc.com\/index.php\/2026\/01\/05\/baleia-jubarte-em-decomposicao-e-achada-na-faixa-de-areia-em-balneario-arroio-do-silva\/#breadcrumb\",\"itemListElement\":[{\"@type\":\"ListItem\",\"position\":1,\"name\":\"In\u00edcio\",\"item\":\"https:\/\/sulsc.com\/\"},{\"@type\":\"ListItem\",\"position\":2,\"name\":\"Baleia-Jubarte em decomposi\u00e7\u00e3o \u00e9 achada na faixa de areia em Balne\u00e1rio Arroio do Silva\"}]},{\"@type\":\"WebSite\",\"@id\":\"https:\/\/sulsc.com\/#website\",\"url\":\"https:\/\/sulsc.com\/\",\"name\":\"\",\"description\":\"\",\"potentialAction\":[{\"@type\":\"SearchAction\",\"target\":{\"@type\":\"EntryPoint\",\"urlTemplate\":\"https:\/\/sulsc.com\/?s={search_term_string}\"},\"query-input\":\"required name=search_term_string\"}],\"inLanguage\":\"en-US\"},{\"@type\":\"Person\",\"@id\":\"https:\/\/sulsc.com\/#\/schema\/person\/84d2fc571684f6248ba83092f07750a3\",\"name\":\"Reda\u00e7\u00e3o Sul SC\",\"image\":{\"@type\":\"ImageObject\",\"inLanguage\":\"en-US\",\"@id\":\"https:\/\/sulsc.com\/#\/schema\/person\/image\/e08d7fe2cc4ed596372063bbe852b8d0\",\"url\":\"https:\/\/sulsc.com\/wp-content\/uploads\/2023\/09\/redacao.png\",\"contentUrl\":\"https:\/\/sulsc.com\/wp-content\/uploads\/2023\/09\/redacao.png\",\"caption\":\"Reda\u00e7\u00e3o Sul SC\"},\"description\":\"Foco em um jornalismo imparcial, voltado \u00e0 qualidade dos seus conte\u00fados e, assim, levar informa\u00e7\u00e3o de valor que agregue \u00e0 vida dos leitores. Esta \u00e9 grande miss\u00e3o do Portal de Not\u00edcias Sul SC. N\u00e3o \u00e9 quantidade que muda o mundo, sempre foi e seguir\u00e1 sendo qualidade!\",\"sameAs\":[\"https:\/\/sulsc.com\/\",\"https:\/\/www.facebook.com\/profile.php?id=61559278119680\",\"https:\/\/www.instagram.com\/sulscportal\/?hl=pt-br\",\"https:\/\/twitter.com\/https:\/\/twitter.com\/PortalSulSC\",\"https:\/\/www.youtube.com\/channel\/UCv_BE8GeySluDov2n8qhVmw\"],\"url\":\"https:\/\/sulsc.com\/index.php\/author\/redacao\/\"}]}<\/script>\n<!-- \/ Yoast SEO plugin. -->","yoast_head_json":{"title":"Baleia-Jubarte em decomposi\u00e7\u00e3o \u00e9 achada na faixa de areia em Balne\u00e1rio Arroio do Silva -","robots":{"index":"index","follow":"follow","max-snippet":"max-snippet:-1","max-image-preview":"max-image-preview:large","max-video-preview":"max-video-preview:-1"},"canonical":"https:\/\/sulsc.com\/index.php\/2026\/01\/05\/baleia-jubarte-em-decomposicao-e-achada-na-faixa-de-areia-em-balneario-arroio-do-silva\/","og_locale":"en_US","og_type":"article","og_title":"Baleia-Jubarte em decomposi\u00e7\u00e3o \u00e9 achada na faixa de areia em Balne\u00e1rio Arroio do Silva -","og_description":"Na manh\u00e3 deste domingo (04), uma carca\u00e7a de cet\u00e1ceo foi encontrada na faixa de areia de Balne\u00e1rio Arroio do Silva. A ocorr\u00eancia foi atendida pela equipe da Educamar, por meio do Projeto de Monitoramento de Praias da Bacia de Pelotas (PMP-BP). De acordo com a equipe t\u00e9cnica, o animal, que mede aproximadamente 5,80 metros de &hellip; Baleia-Jubarte em decomposi\u00e7\u00e3o \u00e9 achada na faixa de areia em Balne\u00e1rio Arroio do Silva Read More &raquo;","og_url":"https:\/\/sulsc.com\/index.php\/2026\/01\/05\/baleia-jubarte-em-decomposicao-e-achada-na-faixa-de-areia-em-balneario-arroio-do-silva\/","article_author":"https:\/\/www.facebook.com\/profile.php?id=61559278119680","article_published_time":"2026-01-05T18:47:27+00:00","og_image":[{"width":1080,"height":1115,"url":"http:\/\/sulsc.com\/wp-content\/uploads\/2026\/01\/a9fbaf94-da23-4054-89f6-d43dfe6951de.jpeg","type":"image\/jpeg"}],"author":"Reda\u00e7\u00e3o Sul SC","twitter_card":"summary_large_image","twitter_creator":"@https:\/\/twitter.com\/PortalSulSC","twitter_misc":{"Written by":"Reda\u00e7\u00e3o Sul SC","Est. reading time":"1 minute"},"schema":{"@context":"https:\/\/schema.org","@graph":[{"@type":"WebPage","@id":"https:\/\/sulsc.com\/index.php\/2026\/01\/05\/baleia-jubarte-em-decomposicao-e-achada-na-faixa-de-areia-em-balneario-arroio-do-silva\/","url":"https:\/\/sulsc.com\/index.php\/2026\/01\/05\/baleia-jubarte-em-decomposicao-e-achada-na-faixa-de-areia-em-balneario-arroio-do-silva\/","name":"Baleia-Jubarte em decomposi\u00e7\u00e3o \u00e9 achada na faixa de areia em Balne\u00e1rio Arroio do Silva -","isPartOf":{"@id":"https:\/\/sulsc.com\/#website"},"datePublished":"2026-01-05T18:47:27+00:00","dateModified":"2026-01-05T18:47:27+00:00","author":{"@id":"https:\/\/sulsc.com\/#\/schema\/person\/84d2fc571684f6248ba83092f07750a3"},"breadcrumb":{"@id":"https:\/\/sulsc.com\/index.php\/2026\/01\/05\/baleia-jubarte-em-decomposicao-e-achada-na-faixa-de-areia-em-balneario-arroio-do-silva\/#breadcrumb"},"inLanguage":"en-US","potentialAction":[{"@type":"ReadAction","target":["https:\/\/sulsc.com\/index.php\/2026\/01\/05\/baleia-jubarte-em-decomposicao-e-achada-na-faixa-de-areia-em-balneario-arroio-do-silva\/"]}]},{"@type":"BreadcrumbList","@id":"https:\/\/sulsc.com\/index.php\/2026\/01\/05\/baleia-jubarte-em-decomposicao-e-achada-na-faixa-de-areia-em-balneario-arroio-do-silva\/#breadcrumb","itemListElement":[{"@type":"ListItem","position":1,"name":"In\u00edcio","item":"https:\/\/sulsc.com\/"},{"@type":"ListItem","position":2,"name":"Baleia-Jubarte em decomposi\u00e7\u00e3o \u00e9 achada na faixa de areia em Balne\u00e1rio Arroio do Silva"}]},{"@type":"WebSite","@id":"https:\/\/sulsc.com\/#website","url":"https:\/\/sulsc.com\/","name":"","description":"","potentialAction":[{"@type":"SearchAction","target":{"@type":"EntryPoint","urlTemplate":"https:\/\/sulsc.com\/?s={search_term_string}"},"query-input":"required name=search_term_string"}],"inLanguage":"en-US"},{"@type":"Person","@id":"https:\/\/sulsc.com\/#\/schema\/person\/84d2fc571684f6248ba83092f07750a3","name":"Reda\u00e7\u00e3o Sul SC","image":{"@type":"ImageObject","inLanguage":"en-US","@id":"https:\/\/sulsc.com\/#\/schema\/person\/image\/e08d7fe2cc4ed596372063bbe852b8d0","url":"https:\/\/sulsc.com\/wp-content\/uploads\/2023\/09\/redacao.png","contentUrl":"https:\/\/sulsc.com\/wp-content\/uploads\/2023\/09\/redacao.png","caption":"Reda\u00e7\u00e3o Sul SC"},"description":"Foco em um jornalismo imparcial, voltado \u00e0 qualidade dos seus conte\u00fados e, assim, levar informa\u00e7\u00e3o de valor que agregue \u00e0 vida dos leitores. Esta \u00e9 grande miss\u00e3o do Portal de Not\u00edcias Sul SC. N\u00e3o \u00e9 quantidade que muda o mundo, sempre foi e seguir\u00e1 sendo qualidade!","sameAs":["https:\/\/sulsc.com\/","https:\/\/www.facebook.com\/profile.php?id=61559278119680","https:\/\/www.instagram.com\/sulscportal\/?hl=pt-br","https:\/\/twitter.com\/https:\/\/twitter.com\/PortalSulSC","https:\/\/www.youtube.com\/channel\/UCv_BE8GeySluDov2n8qhVmw"],"url":"https:\/\/sulsc.com\/index.php\/author\/redacao\/"}]}},"authors":[],"_links":{"self":[{"href":"https:\/\/sulsc.com\/index.php\/wp-json\/wp\/v2\/posts\/31281"}],"collection":[{"href":"https:\/\/sulsc.com\/index.php\/wp-json\/wp\/v2\/posts"}],"about":[{"href":"https:\/\/sulsc.com\/index.php\/wp-json\/wp\/v2\/types\/post"}],"author":[{"embeddable":true,"href":"https:\/\/sulsc.com\/index.php\/wp-json\/wp\/v2\/users\/3"}],"replies":[{"embeddable":true,"href":"https:\/\/sulsc.com\/index.php\/wp-json\/wp\/v2\/comments?post=31281"}],"version-history":[{"count":2,"href":"https:\/\/sulsc.com\/index.php\/wp-json\/wp\/v2\/posts\/31281\/revisions"}],"predecessor-version":[{"id":31285,"href":"https:\/\/sulsc.com\/index.php\/wp-json\/wp\/v2\/posts\/31281\/revisions\/31285"}],"wp:featuredmedia":[{"embeddable":true,"href":"https:\/\/sulsc.com\/index.php\/wp-json\/wp\/v2\/media\/31283"}],"wp:attachment":[{"href":"https:\/\/sulsc.com\/index.php\/wp-json\/wp\/v2\/media?parent=31281"}],"wp:term":[{"taxonomy":"category","embeddable":true,"href":"https:\/\/sulsc.com\/index.php\/wp-json\/wp\/v2\/categories?post=31281"},{"taxonomy":"post_tag","embeddable":true,"href":"https:\/\/sulsc.com\/index.php\/wp-json\/wp\/v2\/tags?post=31281"}],"curies":[{"name":"wp","href":"https:\/\/api.w.org\/{rel}","templated":true}]}}